{"id":229271,"date":"2026-04-25T02:00:00","date_gmt":"2026-04-25T00:00:00","guid":{"rendered":"https:\/\/fundacioncarf.org\/?p=229271"},"modified":"2026-04-17T13:24:08","modified_gmt":"2026-04-17T11:24:08","slug":"san-marcos-evangelista-festividad-25-abril","status":"publish","type":"post","link":"https:\/\/fundacioncarf.org\/pt\/san-marcos-evangelista-festividad-25-abril\/","title":{"rendered":"25 de abril, S\u00e3o Marcos Evangelista: vida e evangelho"},"content":{"rendered":"<p>Cada <strong>25 de Abril<\/strong>, a Igreja Cat\u00f3lica veste-se a rigor para celebrar a festa de <strong>S\u00e3o Marcos<\/strong>, um dos quatro evangelistas que, inspirados pelo Esp\u00edrito Santo, escreveram a vida, a paix\u00e3o, a morte e a ressurrei\u00e7\u00e3o de Nosso Senhor Jesus Cristo. <\/p>\n\n\n\n<p>A figura de S. Marcos \u00e9 fundamental para compreender a ess\u00eancia da nossa f\u00e9. O seu Evangelho, considerado pelos estudiosos como o mais antigo dos quatro Evangelhos, \u00e9 um relato vibrante, direto e cheio de a\u00e7\u00e3o que nos convida a descobrir a identidade de Jesus como Filho de Deus.<\/p>\n\n\n\n<p>Neste artigo, pretendemos abordar a vida deste santo primitivo; explorar as carater\u00edsticas do seu texto sagrado \u00e0 luz da <a href=\"https:\/\/www.vatican.va\/content\/vatican\/es.html\" data-type=\"link\" data-id=\"https:\/\/www.vatican.va\/content\/vatican\/es.html\" target=\"_blank\" rel=\"noreferrer noopener\">Magist\u00e9rio da Igreja<\/a> e os ensinamentos de <a href=\"https:\/\/fundacioncarf.org\/san-josemaria-escriva-fiesta-liturgica\/\" data-type=\"link\" data-id=\"https:\/\/fundacioncarf.org\/san-josemaria-escriva-fiesta-liturgica\/\">S\u00e3o Josemar\u00eda<\/a>. Reflectiremos sobre a forma como a sua figura hoje impulsiona a <a href=\"https:\/\/fundacioncarf.org\/sacerdocio\/formacion-de-sacerdotes\/\" data-type=\"link\" data-id=\"https:\/\/fundacioncarf.org\/sacerdocio\/formacion-de-sacerdotes\/\" target=\"_blank\" rel=\"noreferrer noopener\">forma\u00e7\u00e3o de sacerdotes<\/a> em todo o mundo.<\/p>\n\n\n\n<figure class=\"wp-block-embed is-type-video is-provider-youtube wp-block-embed-youtube wp-embed-aspect-16-9 wp-has-aspect-ratio\"><div class=\"wp-block-embed__wrapper\">\n<iframe loading=\"lazy\" title=\"Quem foi S\u00e3o Marcos? Autor, data\u00e7\u00e3o e destinat\u00e1rios do segundo Evangelho\" width=\"500\" height=\"281\" src=\"https:\/\/www.youtube.com\/embed\/H5ZmQE4Ywks?feature=oembed\" frameborder=\"0\" allow=\"accelerometer; autoplay; clipboard-write; encrypted-media; gyroscope; picture-in-picture; web-share\" referrerpolicy=\"strict-origin-when-cross-origin\" allowfullscreen><\/iframe>\n<\/div><\/figure>\n\n\n\n<h2 class=\"wp-block-heading\" id=\"quien-fue-verdaderamente-san-marcos\">Quem era S\u00e3o Marcos?<\/h2>\n\n\n\n<p>Para se encontrar <strong>S\u00e3o Marcos<\/strong>, temos de mergulhar nas primeiras fases da <a href=\"https:\/\/fundacioncarf.org\/san-gregorio-magno-papa-santo-historia-legado\/\" data-type=\"link\" data-id=\"https:\/\/fundacioncarf.org\/san-gregorio-magno-papa-santo-historia-legado\/\" target=\"_blank\" rel=\"noreferrer noopener\">Hist\u00f3ria da Igreja<\/a>, como est\u00e1 registado nos Actos dos Ap\u00f3stolos e em algumas cartas do Novo Testamento. Tamb\u00e9m conhecido como Jo\u00e3o Marcos, n\u00e3o fazia parte do grupo dos doze Ap\u00f3stolos, mas a sua vida esteve ligada aos dois pilares da Igreja: S\u00e3o Pedro e S\u00e3o Paulo.<\/p>\n\n\n\n<p>A tradi\u00e7\u00e3o da Igreja coloca-nos em <a href=\"https:\/\/fundacioncarf.org\/peregrinaciones-fundacion-carf\/tierra-santa-peregrina\/\" data-type=\"page\" data-id=\"170107\" target=\"_blank\" rel=\"noreferrer noopener\">Jerusal\u00e9m<\/a>. A m\u00e3e de Marcos, Maria, era uma mulher abastada da comunidade crist\u00e3 primitiva, e a sua casa servia de ponto de encontro para os primeiros fi\u00e9is. \u00c9 muito prov\u00e1vel que a \u00daltima Ceia tenha tido lugar nesta mesma casa e que tenha sido o lugar onde os disc\u00edpulos se refugiaram com medo depois do <a href=\"https:\/\/fundacioncarf.org\/jesucristo-esperanza-catequesis-papa-leon-xiv\/\" data-type=\"link\" data-id=\"https:\/\/fundacioncarf.org\/jesucristo-esperanza-catequesis-papa-leon-xiv\/\" target=\"_blank\" rel=\"noreferrer noopener\">crucifica\u00e7\u00e3o<\/a>. E depois reunir-se-iam em unidade para esperar a vinda do Esp\u00edrito Santo em <a href=\"https:\/\/fundacioncarf.org\/pentecostes-llegada-de-un-amigo\/\" data-type=\"link\" data-id=\"https:\/\/fundacioncarf.org\/pentecostes-llegada-de-un-amigo\/\" target=\"_blank\" rel=\"noreferrer noopener\">Pentecostes<\/a>.<\/p>\n\n\n\n<p><strong>Companheiro de viagem de Paulo e Barnab\u00e9<\/strong><\/p>\n\n\n\n<p>Nos primeiros tempos da difus\u00e3o do cristianismo, <strong>S\u00e3o Marcos<\/strong> acompanhou o seu primo Barnab\u00e9 e S\u00e3o Paulo na primeira viagem mission\u00e1ria a Chipre. Apesar de Marcos ter decidido regressar a Jerusal\u00e9m - epis\u00f3dio que provocou alguns atritos e zangas por parte de S. Paulo - a gra\u00e7a de Deus permitiu a reconcilia\u00e7\u00e3o. E, anos mais tarde, vemos novamente um Marcos maduro a acompanhar Paulo durante o seu cativeiro em Roma.<\/p>\n\n\n\n<p><strong>O \"int\u00e9rprete\" de S\u00e3o Pedro<\/strong><\/p>\n\n\n\n<p>Mas o elo mais profundo da <strong>S\u00e3o Marcos<\/strong> esteve com o ap\u00f3stolo Pedro. O primeiro Papa chama-lhe carinhosamente \"meu filho Marcos\" na sua primeira carta (1 Pedro 5, 13). A tradi\u00e7\u00e3o un\u00e2nime da Igreja, que est\u00e1 registada nos documentos do <a href=\"https:\/\/fundacioncarf.org\/la-basilica-de-san-pedro-cumple-400-anos-de-vida\/\" data-type=\"link\" data-id=\"https:\/\/fundacioncarf.org\/la-basilica-de-san-pedro-cumple-400-anos-de-vida\/\" target=\"_blank\" rel=\"noreferrer noopener\">Santa S\u00e9<\/a> e nos escritos dos Padres da Igreja, como Papias de Hier\u00e1polis e Santo Ireneu, confirma que Marcos foi o int\u00e9rprete de Pedro. O seu Evangelho n\u00e3o \u00e9 mais do que o relato escrito do <a href=\"https:\/\/fundacioncarf.org\/jesucristo-esperanza-catequesis-papa-leon-xiv\/\" data-type=\"link\" data-id=\"https:\/\/fundacioncarf.org\/jesucristo-esperanza-catequesis-papa-leon-xiv\/\" target=\"_blank\" rel=\"noreferrer noopener\">catequese oral<\/a> e a prega\u00e7\u00e3o de <a href=\"https:\/\/fundacioncarf.org\/solemnidad-san-pedro-y-san-pablo-29-de-junio\/\" data-type=\"link\" data-id=\"https:\/\/fundacioncarf.org\/solemnidad-san-pedro-y-san-pablo-29-de-junio\/\">S\u00e3o Pedro<\/a> aos crist\u00e3os de <a href=\"https:\/\/fundacioncarf.org\/peregrinaciones-fundacion-carf\/peregrina-carf-roma\/\" data-type=\"link\" data-id=\"https:\/\/fundacioncarf.org\/peregrinaciones-fundacion-carf\/peregrina-carf-roma\/\" target=\"_blank\" rel=\"noreferrer noopener\">Roma<\/a>.<\/p>\n\n\n\n<p>Esta proximidade com a fonte original e prim\u00e1ria significa que ler S. Marcos \u00e9, no fundo, ouvir a voz viva de S. Pedro, recordando os gestos, os olhares e os milagres de S. Pedro. <a href=\"https:\/\/fundacioncarf.org\/libro-jesus-de-nazaret-historia-gerardo-ferrara\/\" data-type=\"link\" data-id=\"https:\/\/fundacioncarf.org\/libro-jesus-de-nazaret-historia-gerardo-ferrara\/\" target=\"_blank\" rel=\"noreferrer noopener\">Jesus de Nazar\u00e9<\/a>.<\/p>\n\n\n\n<h2 class=\"wp-block-heading\" id=\"el-evangelio-segun-san-marcos-caracteristicas-y-mensaje\">Quais s\u00e3o as carater\u00edsticas do Evangelho segundo Marcos?<\/h2>\n\n\n\n<p>A hist\u00f3ria que nos conta <strong>S\u00e3o Marcos<\/strong> \u00e9 o mais curto dos quatro Evangelhos (16 cap\u00edtulos), mas o que lhe falta em extens\u00e3o \u00e9 compensado em intensidade. \u00c9 um <a href=\"https:\/\/fundacioncarf.org\/sacerdote-ecuador-franscisco-sojos\/\" data-type=\"link\" data-id=\"https:\/\/fundacioncarf.org\/sacerdote-ecuador-franscisco-sojos\/\" target=\"_blank\" rel=\"noreferrer noopener\">Evangelho<\/a> escrito principalmente para crist\u00e3os vindos do paganismo, especificamente de Roma. Como tal, omite longas genealogias ou explica\u00e7\u00f5es exaustivas das leis judaicas, concentrando-se mais na a\u00e7\u00e3o.<\/p>\n\n\n\n<p id=\"un-relato-vivo-directo-y-urgente\"><strong>Um relato vivo, direto e urgente<\/strong><\/p>\n\n\n\n<p>Uma das palavras mais frequentemente repetidas no texto original grego \u00e9 <em>euthys<\/em>, que significa \"imediatamente\" ou \"de imediato\". O Evangelho avan\u00e7a a um ritmo acelerado. <a href=\"https:\/\/fundacioncarf.org\/la-figura-historica-de-jesus-de-nazaret\/\" target=\"_blank\" data-type=\"link\" data-id=\"https:\/\/fundacioncarf.org\/la-figura-historica-de-jesus-de-nazaret\/\" rel=\"noreferrer noopener\">Jesus Cristo<\/a> Cura, prega, expulsa os dem\u00f3nios, caminha sobre as \u00e1guas e dirige-se resolutamente para Jerusal\u00e9m para consumar o seu sacrif\u00edcio em <a href=\"https:\/\/fundacioncarf.org\/la-cruz-el-espiritu-santo-y-la-iglesia\/\" target=\"_blank\" data-type=\"link\" data-id=\"https:\/\/fundacioncarf.org\/la-cruz-el-espiritu-santo-y-la-iglesia\/\" rel=\"noreferrer noopener\">a Cruz<\/a>.<\/p>\n\n\n\n<p><strong>S\u00e3o Marcos<\/strong> quer que o leitor fa\u00e7a uma pergunta fundamental logo no primeiro verso: <em>\"Quem \u00e9 este homem?\"<\/em>. Atrav\u00e9s daquilo a que os te\u00f3logos chamaram o segredo messi\u00e2nico, Jesus pede muitas vezes \u00e0queles que cura ou aos pr\u00f3prios dem\u00f3nios que n\u00e3o revelem a sua identidade. Porqu\u00ea? Porque Jesus n\u00e3o quer ser confundido com um l\u00edder pol\u00edtico ou um messias terreno. A sua verdadeira identidade de Filho de Deus s\u00f3 \u00e9 plenamente compreendida ao p\u00e9 da Cruz. De facto, \u00e9 um centuri\u00e3o romano (um pag\u00e3o) o primeiro a confess\u00e1-la depois da sua morte: <em>\"verdadeiramente este homem era o Filho de Deus\".\"<\/em> (Mc 15, 39).<\/p>\n\n\n\n<figure class=\"wp-block-image size-full is-resized\"><img decoding=\"async\" width=\"1000\" height=\"667\" src=\"https:\/\/fundacioncarf.org\/wp-content\/uploads\/2026\/04\/evangelio_san_marcos.webp\" alt=\"san marcos evangelista evangelio\" class=\"wp-image-229275\" style=\"aspect-ratio:1.4992888417882142;width:793px;height:auto\" srcset=\"https:\/\/fundacioncarf.org\/wp-content\/uploads\/2026\/04\/evangelio_san_marcos.webp 1000w, https:\/\/fundacioncarf.org\/wp-content\/uploads\/2026\/04\/evangelio_san_marcos-300x200.webp 300w, https:\/\/fundacioncarf.org\/wp-content\/uploads\/2026\/04\/evangelio_san_marcos-150x100.webp 150w, https:\/\/fundacioncarf.org\/wp-content\/uploads\/2026\/04\/evangelio_san_marcos-768x512.webp 768w, https:\/\/fundacioncarf.org\/wp-content\/uploads\/2026\/04\/evangelio_san_marcos-18x12.webp 18w\" sizes=\"(max-width: 1000px) 100vw, 1000px\" \/><\/figure>\n\n\n\n<p id=\"la-humanidad-de-cristo\"><strong>A humanidade de Cristo<\/strong><\/p>\n\n\n\n<p>Outro aspeto pungente do trabalho de <strong>S\u00e3o Marcos<\/strong> \u00e9 a forma como descreve a humanidade de Jesus. Descreve um Cristo que se compadece da multid\u00e3o (Mc 6,34), que se indigna com a dureza de cora\u00e7\u00e3o (Mc 3,5), que abra\u00e7a e aben\u00e7oa as crian\u00e7as (Mc 10,16), que se sente admirado e angustiado no jardim do Gets\u00e9mani (Mc 14,33). Esta abordagem t\u00e3o humana e t\u00e3o divina \u00e9 uma fonte inesgot\u00e1vel de <a href=\"https:\/\/fundacioncarf.org\/la-oracion-escuela-de-misericordia\/\" data-type=\"link\" data-id=\"https:\/\/fundacioncarf.org\/la-oracion-escuela-de-misericordia\/\" target=\"_blank\" rel=\"noreferrer noopener\">a ora\u00e7\u00e3o<\/a> pessoal.<\/p>\n\n\n\n<p id=\"la-ensenanza-de-san-josemaria-y-la-vida-en-el-evangelio\"><strong>O ensinamento de S\u00e3o Josemaria: viver o Evangelho<\/strong><\/p>\n\n\n\n<p>A sensibilidade proposta pelo <strong>Funda\u00e7\u00e3o CARF<\/strong>, inspirado na forma\u00e7\u00e3o sacerdotal e nos ensinamentos de <a href=\"https:\/\/fundacioncarf.org\/san-josemaria-escriva-de-balaguer\/\" data-type=\"link\" data-id=\"https:\/\/fundacioncarf.org\/san-josemaria-escriva-de-balaguer\/\" target=\"_blank\" rel=\"noreferrer noopener\">S\u00e3o Josemar\u00eda Escriv\u00e1<\/a> (fundador do Opus Dei), conhecer e viver a Palavra de Deus \u00e9 vital.<\/p>\n\n\n\n<p>S\u00e3o Josemaria recomendava insistentemente a <a href=\"https:\/\/fundacioncarf.org\/oracion-en-familia-como-aprender-a-orar\/\" data-type=\"link\" data-id=\"https:\/\/fundacioncarf.org\/oracion-en-familia-como-aprender-a-orar\/\" target=\"_blank\" rel=\"noreferrer noopener\">leitura e medita\u00e7\u00e3o<\/a> do Santo Evangelho. Na sua obra, somos convidados n\u00e3o s\u00f3 a ler as p\u00e1ginas sagradas como se l\u00ea um livro de hist\u00f3ria antiga, mas a viv\u00ea-las. Como ele ensinou muitas vezes: \u00abAconselho-o, na sua ora\u00e7\u00e3o, a intervir nas passagens do Evangelho, como uma das personagens (Amigos de Deus, ponto 253)\u00bb.<\/p>\n\n\n\n<p>Leia o Evangelho de <strong>S\u00e3o Marcos<\/strong> Nesta luz, a nossa perspetiva muda completamente. Passamos a fazer parte da multid\u00e3o que pressiona Jesus junto ao lago de Genesar\u00e9; somos o cego Bartimeu que grita \u00e0 beira do caminho pedindo miseric\u00f3rdia; ou aqueles ap\u00f3stolos que, no meio da tempestade no mar, despertam o Mestre com grande temor e f\u00e9 vacilante. Atrav\u00e9s dos escritos de S\u00e3o Josemaria, vemos como esta familiaridade com a vida de Cristo \u00e9 um apoio para compreender e viver a <a href=\"https:\/\/fundacioncarf.org\/padre-pio-sacerdote-ejemplo-profundo-de-santidad\/\" data-type=\"link\" data-id=\"https:\/\/fundacioncarf.org\/padre-pio-sacerdote-ejemplo-profundo-de-santidad\/\" target=\"_blank\" rel=\"noreferrer noopener\">a santidade no meio do mundo<\/a>. <\/p>\n\n\n\n<p>S\u00e3o Marcos, ao retomar a catequese de Pedro, deu-nos um manual pr\u00e1tico para encontrarmos Jesus Cristo na nossa vida quotidiana, nas nossas ocupa\u00e7\u00f5es di\u00e1rias, convidando-nos a sermos portadores da sua mensagem nas nossas fam\u00edlias e nos nossos locais de trabalho.<\/p>\n\n\n\n<h3 class=\"wp-block-heading\" id=\"la-celebracion-del-25-de-abril-y-la-tradicion-eclesial\">Celebra\u00e7\u00e3o do 25 de abril e tradi\u00e7\u00e3o <\/h3>\n\n\n\n<p>O <strong>25 de Abril<\/strong>, a liturgia do <a href=\"https:\/\/fundacioncarf.org\/herencias-y-legados-solidarios-que-construyen-fe\/\" data-type=\"link\" data-id=\"https:\/\/fundacioncarf.org\/herencias-y-legados-solidarios-que-construyen-fe\/\" target=\"_blank\" rel=\"noreferrer noopener\">Igreja Universal<\/a> convida-nos a celebrar a festa de <strong>S\u00e3o Marcos<\/strong>. \u00c9 um dia de alegria que, para al\u00e9m de prestar homenagem aos <a href=\"https:\/\/fundacioncarf.org\/san-mateo-apostol-como-evangelizar-siglo-xxi\/\" data-type=\"link\" data-id=\"https:\/\/fundacioncarf.org\/san-mateo-apostol-como-evangelizar-siglo-xxi\/\" target=\"_blank\" rel=\"noreferrer noopener\">evangelista<\/a>, Os textos lit\u00fargicos aprovados pela Santa S\u00e9 e promovidos pela Confer\u00eancia Episcopal Espanhola para este dia sublinham a import\u00e2ncia da transmiss\u00e3o da f\u00e9. Os textos lit\u00fargicos aprovados pela Santa S\u00e9 e promovidos pela Confer\u00eancia Episcopal Espanhola para este dia sublinham a responsabilidade apost\u00f3lica que todos os baptizados partilham.<\/p>\n\n\n\n<p>Na Liturgia das Horas, a Igreja reza pedindo a Deus que, assim como deu a S\u00e3o Marcos a gra\u00e7a de pregar o Evangelho, tamb\u00e9m n\u00f3s possamos aproveitar os seus ensinamentos para seguir fielmente os passos de Cristo. \u00c9 um dia auspicioso para <a href=\"https:\/\/fundacioncarf.org\/cuaresma-perdon-dios-conversion-cristiana\/\" data-type=\"link\" data-id=\"https:\/\/fundacioncarf.org\/cuaresma-perdon-dios-conversion-cristiana\/\" target=\"_blank\" rel=\"noreferrer noopener\">renovar o nosso amor<\/a> pelas Sagradas Escrituras. Como nos recordou o Papa Francisco, levar um pequeno Evangelho no bolso e ler um excerto todos os dias \u00e9 uma pr\u00e1tica espiritual altamente recomend\u00e1vel para nos deixarmos transformar pelo olhar de Cristo.<\/p>\n\n\n\n<p id=\"el-leon-alado-simbolo-de-san-marcos\"><strong>O le\u00e3o alado: s\u00edmbolo de S\u00e3o Marcos<\/strong><\/p>\n\n\n\n<p>Ao falar deste santo, n\u00e3o podemos deixar de mencionar a sua representa\u00e7\u00e3o iconogr\u00e1fica: a <strong>le\u00e3o alado<\/strong>. Esta imagem, profundamente enraizada na hist\u00f3ria da arte crist\u00e3 e inspirada nas vis\u00f5es do profeta Ezequiel e no livro do Apocalipse, tem um precioso significado teol\u00f3gico.<\/p>\n\n\n\n<p>A tradi\u00e7\u00e3o crist\u00e3, sobretudo a partir de <strong>S\u00e3o Jer\u00f3nimo<\/strong> (s\u00e9c. IV), atribuiu o le\u00e3o a S. Marcos, porque o seu Evangelho come\u00e7a com a figura de S. Jo\u00e3o Batista a gritar no deserto. \u00abVoz do que clama no deserto: preparai o caminho do Senhor, endireitai as suas veredas\u00bb (Mc 1,3). Os antigos exegetas associavam aquela voz poderosa e solit\u00e1ria na estepe ao rugido do le\u00e3o, o rei da floresta e do deserto.<\/p>\n\n\n\n<p>Nos besti\u00e1rios medievais e na exegese patr\u00edstica, acreditava-se que as crias de le\u00e3o nasciam mortas e que o seu pai as ressuscitava ao terceiro dia. Isto tornou-se um s\u00edmbolo perfeito para o Evangelho de Marcos, que sublinha fortemente a majestade e a vit\u00f3ria de Cristo (o Le\u00e3o de Jud\u00e1) sobre a morte com a sua gloriosa Ressurrei\u00e7\u00e3o.<\/p>\n\n\n\n<p>As asas que acompanham o le\u00e3o representam o <strong>natureza divina e inspira\u00e7\u00e3o celeste<\/strong> dos escritos sagrados. Elas indicam que a mensagem do evangelista n\u00e3o \u00e9 puramente humana, mas voa do alto, ligando a terra \u00e0 divindade.<\/p>\n\n\n\n<p>Esta iconografia adorna milhares de igrejas em todo o mundo, sendo a mais famosa a Bas\u00edlica de S\u00e3o Marcos em Veneza, a cidade de que \u00e9 o padroeiro indiscut\u00edvel e onde repousam as suas rel\u00edquias.<\/p>\n\n\n\n<figure class=\"wp-block-image size-large\"><img decoding=\"async\" width=\"1024\" height=\"402\" src=\"https:\/\/fundacioncarf.org\/wp-content\/uploads\/2026\/01\/sacerdotes-vaticano-fundacion-carf-1024x402.webp\" alt=\"\" class=\"wp-image-227587\" srcset=\"https:\/\/fundacioncarf.org\/wp-content\/uploads\/2026\/01\/sacerdotes-vaticano-fundacion-carf-1024x402.webp 1024w, https:\/\/fundacioncarf.org\/wp-content\/uploads\/2026\/01\/sacerdotes-vaticano-fundacion-carf-300x118.webp 300w, https:\/\/fundacioncarf.org\/wp-content\/uploads\/2026\/01\/sacerdotes-vaticano-fundacion-carf-150x59.webp 150w, https:\/\/fundacioncarf.org\/wp-content\/uploads\/2026\/01\/sacerdotes-vaticano-fundacion-carf-768x302.webp 768w, https:\/\/fundacioncarf.org\/wp-content\/uploads\/2026\/01\/sacerdotes-vaticano-fundacion-carf-18x7.webp 18w, https:\/\/fundacioncarf.org\/wp-content\/uploads\/2026\/01\/sacerdotes-vaticano-fundacion-carf.webp 1400w\" sizes=\"(max-width: 1024px) 100vw, 1024px\" \/><\/figure>\n\n\n\n<p id=\"la-mision-de-la-fundacion-carf-llevar-el-evangelio-al-mundo-entero\"><strong>Objetivo da Funda\u00e7\u00e3o CARF: levar o Evangelho a todo o mundo<\/strong><\/p>\n\n\n\n<p>A obra escrita por <strong>S\u00e3o Marcos<\/strong> conclui com o grande mandato mission\u00e1rio de Jesus: \u00abIde por todo o mundo e proclamai o Evangelho a toda a criatura\u00bb (Mc 16,15). Este vers\u00edculo n\u00e3o \u00e9 apenas um fecho brilhante para o seu livro; \u00e9 o pulsar cont\u00ednuo do cora\u00e7\u00e3o da Igreja e \u00e9, de uma forma muito direta, uma das raz\u00f5es de ser da <strong><a href=\"https:\/\/fundacioncarf.org\/conoce-fundacion-carf\/\" data-type=\"link\" data-id=\"https:\/\/fundacioncarf.org\/conoce-fundacion-carf\/\" target=\"_blank\" rel=\"noreferrer noopener\">Funda\u00e7\u00e3o CARF<\/a><\/strong> (Centro Acad\u00e9mico Romano Fundaci\u00f3n).<\/p>\n\n\n\n<p>Para que o Evangelho escrito por S\u00e3o Marcos continue a ressoar fortemente hoje, para que continue a tocar os cora\u00e7\u00f5es nas grandes cidades descristianizadas e nas miss\u00f5es mais remotas e nos pa\u00edses mais abandonados e mais pobres, a Igreja precisa de <a href=\"https:\/\/fundacioncarf.org\/sacerdocio\/\" data-type=\"link\" data-id=\"https:\/\/fundacioncarf.org\/sacerdocio\/\" target=\"_blank\" rel=\"noreferrer noopener\">santos padres<\/a>, Precisa de pastores bem formados, s\u00e1bios e com \"cheiro de ovelha\". Precisa de homens que, como o pr\u00f3prio Marcos fez com S\u00e3o Pedro, se sentem aos p\u00e9s da sabedoria da Igreja e depois levem essa verdade de uma forma acess\u00edvel e apaixonada a todos os cantos do mundo.<\/p>\n\n\n\n<p>Na Funda\u00e7\u00e3o CARF, trabalhamos incansavelmente para apoiar a forma\u00e7\u00e3o s\u00f3lida e integral dos seminaristas, <a href=\"https:\/\/fundacioncarf.org\/sacerdocio\/vocacion-sacerdotal\/\" data-type=\"link\" data-id=\"https:\/\/fundacioncarf.org\/sacerdocio\/vocacion-sacerdotal\/\" target=\"_blank\" rel=\"noreferrer noopener\">padres diocesanos<\/a>, Estamos tamb\u00e9m a ajudar a reunir religiosos e religiosas de todo o mundo, especialmente daqueles lugares onde a Igreja sofre persegui\u00e7\u00f5es ou tem falta de recursos. Ao permitir-lhes estudar na Pontif\u00edcia Universidade da Santa Cruz em Roma ou nas Faculdades Eclesi\u00e1sticas da Universidade de Navarra em Pamplona, estamos a investir diretamente na difus\u00e3o da Palavra de Deus.<\/p>\n\n\n\n<p>Um sacerdote bem formado em teologia b\u00edblica, que compreenda a profundidade liter\u00e1ria, hist\u00f3rica e espiritual do Evangelho de Jesus Cristo, e que tenha uma boa compreens\u00e3o do Evangelho de Cristo. <strong>S\u00e3o Marcos<\/strong>, \u00c9 um sacerdote capaz de sustentar a f\u00e9 de milhares de almas. Como a m\u00e3e de Marcos, p\u00f5e a sua casa \u00e0 disposi\u00e7\u00e3o dos Ap\u00f3stolos, <a href=\"https:\/\/fundacioncarf.org\/donar\/\" data-type=\"page\" data-id=\"170000\" target=\"_blank\" rel=\"noreferrer noopener\">os benfeitores da Funda\u00e7\u00e3o CARF colocam os seus recursos<\/a> \u00e0 disposi\u00e7\u00e3o dos futuros pastores da Igreja diocesana.<\/p>\n\n\n\n<p id=\"la-vigencia-de-un-mensaje-eterno\"><strong>A validade de uma mensagem intemporal<\/strong><\/p>\n\n\n\n<p>Ao celebrarmos o 25 de abril, n\u00e3o nos limitamos a recordar um santo do passado. Celebramos o facto de a sua obra, inspirada pelo Esp\u00edrito Santo, continuar a viver. O le\u00e3o de S\u00e3o Marcos continua a rugir. Continua a despertar consci\u00eancias, continua a confortar os doentes, continua a dar esperan\u00e7a aos desesperados.<\/p>\n\n\n\n<p>O desafio que a festa deste evangelista nos deixa \u00e9 duplo. Por um lado, a n\u00edvel pessoal, somos chamados a redescobrir o seu Evangelho. Convidamo-lo hoje a pegar na sua B\u00edblia e a ler, mesmo que seja apenas o primeiro cap\u00edtulo de <strong>S\u00e3o Marcos<\/strong>. Tome a resolu\u00e7\u00e3o de acompanhar Jesus, de se deixar desafiar pela sua autoridade e pelo seu amor compassivo.<\/p>\n\n\n\n<p>Por outro lado, a n\u00edvel comunit\u00e1rio e eclesial, somos chamados a apoiar a tarefa da evangeliza\u00e7\u00e3o. Ningu\u00e9m evangeliza sozinho. Tal como Marcos precisou de Barnab\u00e9, de Paulo e de Pedro, tamb\u00e9m n\u00f3s somos chamados a apoi\u00e1-los. <a href=\"https:\/\/fundacioncarf.org\/historias\/\" target=\"_blank\" data-type=\"link\" data-id=\"https:\/\/fundacioncarf.org\/historias\/\" rel=\"noreferrer noopener\">os padres de hoje<\/a> eles precisam de si.<\/p>\n\n\n\n<p><strong>O seu apoio \u00e9 o motor do Evangelho hoje<\/strong><\/p>\n\n\n\n<p>A melhor homenagem que podemos prestar a <strong>S\u00e3o Marcos<\/strong> A sua festa \u00e9 para garantir que a hist\u00f3ria de Jesus, que ele escreveu t\u00e3o fielmente, nunca deixe de ser contada. Como pode tornar isto poss\u00edvel? <a href=\"https:\/\/fundacioncarf.org\/sacerdocio\/vocacion-sacerdotal\/\" target=\"_blank\" data-type=\"link\" data-id=\"https:\/\/fundacioncarf.org\/sacerdocio\/vocacion-sacerdotal\/\" rel=\"noreferrer noopener\">Apoiar a forma\u00e7\u00e3o daqueles que dedicam a sua vida \u00e0 prega\u00e7\u00e3o desta Palavra<\/a>.<\/p>\n\n\n\n<p>Do <strong>Funda\u00e7\u00e3o CARF<\/strong>, Incentivamo-lo a juntar-se \u00e0 nossa grande fam\u00edlia de parceiros, benfeitores e amigos. <a href=\"https:\/\/fundacioncarf.org\/preguntas-frecuentes-habituales-fundacion-carf\/\" data-type=\"link\" data-id=\"https:\/\/fundacioncarf.org\/preguntas-frecuentes-habituales-fundacion-carf\/\" target=\"_blank\" rel=\"noreferrer noopener\">Cada donativo<\/a>, O dinheiro, por mais pequeno que seja, transforma-se em horas de estudo, em livros, em alimento para um seminarista ou padre que amanh\u00e3 vai celebrar a Eucaristia e ler o Evangelho na sua par\u00f3quia. <a href=\"https:\/\/fundacioncarf.org\/boletines-fundacion-carf\/\" data-type=\"link\" data-id=\"https:\/\/fundacioncarf.org\/boletines-fundacion-carf\/\" target=\"_blank\" rel=\"noreferrer noopener\">Navegue no nosso s\u00edtio Web<\/a> e descubra como a sua generosidade pode ter um impacto eterno na forma\u00e7\u00e3o dos pastores de amanh\u00e3. E siga as nossas redes sociais em <code>@fundacioncarf<\/code> para conhecer os rostos daqueles que est\u00e1 a ajudar a preparar para \u00abir por todo o mundo e anunciar o Evangelho\u00bb.<\/p>\n\n\n\n<p>Que S\u00e3o Marcos interceda pela Igreja, pelo Papa, por todos os sacerdotes e religiosos, e por todos n\u00f3s que fazemos parte do carisma promovido pela Funda\u00e7\u00e3o CARF, para que o rugido da f\u00e9 nunca se apague nos nossos cora\u00e7\u00f5es.<\/p>\n\n\n\n<hr class=\"wp-block-separator has-alpha-channel-opacity\"\/>\n\n\n\n<div class=\"wp-block-rank-math-toc-block\" id=\"rank-math-toc\"><p><strong>\u00cdndice<\/strong><\/p><nav><ul><li class=\"\"><a href=\"#quien-fue-verdaderamente-san-marcos\">Quem era S\u00e3o Marcos?<\/a><\/li><li class=\"\"><a href=\"#el-evangelio-segun-san-marcos-caracteristicas-y-mensaje\">Quais s\u00e3o as carater\u00edsticas do Evangelho segundo Marcos?<\/a><ul><li class=\"\"><a href=\"#la-celebracion-del-25-de-abril-y-la-tradicion-eclesial\">Celebra\u00e7\u00e3o do 25 de abril e tradi\u00e7\u00e3o <\/a><\/li><\/ul><\/li><\/ul><\/nav><\/div>\n\n\n\n<hr class=\"wp-block-separator has-alpha-channel-opacity\"\/>\n\n\n\n<figure class=\"wp-block-embed is-type-video is-provider-youtube wp-block-embed-youtube wp-embed-aspect-16-9 wp-has-aspect-ratio\"><div class=\"wp-block-embed__wrapper\">\n<iframe loading=\"lazy\" title=\"WITNESSES : Hist\u00f3rias de sacerdotes\" width=\"500\" height=\"281\" src=\"https:\/\/www.youtube.com\/embed\/AI3Ibzei3_A?feature=oembed\" frameborder=\"0\" allow=\"accelerometer; autoplay; clipboard-write; encrypted-media; gyroscope; picture-in-picture; web-share\" referrerpolicy=\"strict-origin-when-cross-origin\" allowfullscreen><\/iframe>\n<\/div><\/figure>","protected":false},"excerpt":{"rendered":"<p>A festa de S\u00e3o Marcos, que se celebra todos os anos a 25 de abril, convida-nos a redescobrir o Evangelho mais antigo da Igreja. Neste artigo, exploramos a vida do int\u00e9rprete de S\u00e3o Pedro, a riqueza espiritual da sua hist\u00f3ria e a atualidade do seu mandato mission\u00e1rio. <\/p>","protected":false},"author":4,"featured_media":229273,"comment_status":"closed","ping_status":"closed","sticky":false,"template":"","format":"standard","meta":{"_acf_changed":false,"give_campaign_id":0,"footnotes":""},"categories":[13],"tags":[398,395,397,389,394],"class_list":["post-229271","post","type-post","status-publish","format-standard","has-post-thumbnail","hentry","category-blog","tag-apostoles","tag-evangelios","tag-palabra-de-dios","tag-sagrada-escritura","tag-san-marcos"],"acf":[],"_links":{"self":[{"href":"https:\/\/fundacioncarf.org\/pt\/wp-json\/wp\/v2\/posts\/229271","targetHints":{"allow":["GET"]}}],"collection":[{"href":"https:\/\/fundacioncarf.org\/pt\/wp-json\/wp\/v2\/posts"}],"about":[{"href":"https:\/\/fundacioncarf.org\/pt\/wp-json\/wp\/v2\/types\/post"}],"author":[{"embeddable":true,"href":"https:\/\/fundacioncarf.org\/pt\/wp-json\/wp\/v2\/users\/4"}],"replies":[{"embeddable":true,"href":"https:\/\/fundacioncarf.org\/pt\/wp-json\/wp\/v2\/comments?post=229271"}],"version-history":[{"count":17,"href":"https:\/\/fundacioncarf.org\/pt\/wp-json\/wp\/v2\/posts\/229271\/revisions"}],"predecessor-version":[{"id":229372,"href":"https:\/\/fundacioncarf.org\/pt\/wp-json\/wp\/v2\/posts\/229271\/revisions\/229372"}],"wp:featuredmedia":[{"embeddable":true,"href":"https:\/\/fundacioncarf.org\/pt\/wp-json\/wp\/v2\/media\/229273"}],"wp:attachment":[{"href":"https:\/\/fundacioncarf.org\/pt\/wp-json\/wp\/v2\/media?parent=229271"}],"wp:term":[{"taxonomy":"category","embeddable":true,"href":"https:\/\/fundacioncarf.org\/pt\/wp-json\/wp\/v2\/categories?post=229271"},{"taxonomy":"post_tag","embeddable":true,"href":"https:\/\/fundacioncarf.org\/pt\/wp-json\/wp\/v2\/tags?post=229271"}],"curies":[{"name":"wp","href":"https:\/\/api.w.org\/{rel}","templated":true}]}}