{"id":225357,"date":"2025-11-03T06:00:00","date_gmt":"2025-11-03T05:00:00","guid":{"rendered":"https:\/\/fundacioncarf.org\/?p=225357"},"modified":"2025-11-12T09:50:39","modified_gmt":"2025-11-12T08:50:39","slug":"san-carlos-borromeo-patron-de-seminaristas","status":"publish","type":"post","link":"https:\/\/fundacioncarf.org\/pt\/san-carlos-borromeo-patron-de-seminaristas\/","title":{"rendered":"S\u00e3o Carlos Borromeu, padroeiro dos seminaristas"},"content":{"rendered":"<p>S\u00e3o Carlos Borromeu foi uma das pessoas mais importantes da Reforma Cat\u00f3lica, tamb\u00e9m conhecida como Contra-Reforma, no s\u00e9culo XVI. Um homem que nasceu na opul\u00eancia da nobreza e escolheu o servi\u00e7o e a austeridade.<\/p>\n\n\n\n<p>A sua vida mostra como um <strong>padre<\/strong>, Armado de uma vontade f\u00e9rrea e de f\u00e9, pode ajudar a transformar a Igreja. \u00c9 recordado como um pastor exemplar pelo seu amor \u00e0 Igreja. <a href=\"https:\/\/fundacioncarf.org\/formacion-de-sacerdotes\/\" data-type=\"link\" data-id=\"https:\/\/fundacioncarf.org\/formacion-de-sacerdotes\/\">forma\u00e7\u00e3o de seminaristas<\/a> e catequistas.<\/p>\n\n\n\n<h2 class=\"wp-block-heading\" id=\"la-familia-borromeo\">A fam\u00edlia Borromeu<\/h2>\n\n\n\n<p>Carlos Borromeu nasceu a 2 de outubro de 1538 no castelo de Arona, no Lago Maggiore (It\u00e1lia). A sua fam\u00edlia, a fam\u00edlia Borromeo, era uma das mais antigas e influentes da nobreza lombarda. O seu pai era o Conde Gilberto II Borromeo e a sua m\u00e3e Margarida de M\u00e9dicis.<\/p>\n\n\n\n<p>Esta rela\u00e7\u00e3o maternal ter\u00e1 uma influ\u00eancia decisiva no seu destino. O seu tio materno, Giovanni Angelo Medici, viria a ser o Papa Pio IV. Desde muito jovem, Carlos revela uma piedade not\u00e1vel e uma s\u00e9ria inclina\u00e7\u00e3o para os estudos, apesar de sofrer de uma ligeira dificuldade de fala.<\/p>\n\n\n\n<p>Aos doze anos, a sua fam\u00edlia j\u00e1 o tinha destinado \u00e0 carreira eclesi\u00e1stica, tendo recebido a tonsura e o t\u00edtulo de abade comendat\u00e1rio. Estudou <a href=\"https:\/\/fundacioncarf.org\/estudio-derecho-canonico-formacion-cristiana\/\" data-type=\"link\" data-id=\"https:\/\/fundacioncarf.org\/estudio-derecho-canonico-formacion-cristiana\/\">Direito Can\u00f3nico<\/a> e Engenharia Civil na Universidade de Pavia.<\/p>\n\n\n\n<h2 class=\"wp-block-heading\" id=\"un-cardenal-laico-a-los-22-anos\">Um cardeal leigo aos 22 anos de idade<\/h2>\n\n\n\n<p>A vida de <strong>S\u00e3o Carlos Borromeu<\/strong> mudou em 1559. Ap\u00f3s a morte do Papa Paulo IV, o seu tio materno foi eleito Papa, adoptando o nome de Pio IV. Quase imediatamente, o novo Papa chamou o seu sobrinho a Roma.<\/p>\n\n\n\n<p>Em 1560, com apenas 22 anos de idade e sem ter sido ordenado <strong>padre<\/strong> Carlos foi ainda nomeado cardeal di\u00e1cono. \u00c9 essencial compreender que, nessa altura, o cardinalato era frequentemente um cargo pol\u00edtico e administrativo. Pio IV nomeou-o tamb\u00e9m secret\u00e1rio de Estado junto da Santa S\u00e9.<\/p>\n\n\n\n<p>Tornou-se, <em>de facto<\/em>, o homem mais poderoso do mundo. <a href=\"https:\/\/fundacioncarf.org\/peregrinaciones-roma-tierra-santa-fundacion-carf\/peregrina-carf-roma\/\" data-type=\"link\" data-id=\"https:\/\/fundacioncarf.org\/peregrinaciones-roma-tierra-santa-fundacion-carf\/peregrina-carf-roma\/\">Roma<\/a> depois do Papa. Administrou os assuntos dos Estados Pontif\u00edcios, geriu a diplomacia do Vaticano e supervisionou in\u00fameros projectos. Viveu como um pr\u00edncipe da Renascen\u00e7a, rodeado de luxo, embora pessoalmente mantivesse a sua piedade.<\/p>\n\n\n\n<figure class=\"wp-block-image size-large is-resized\"><img decoding=\"async\" width=\"823\" height=\"1024\" src=\"https:\/\/fundacioncarf.org\/wp-content\/uploads\/2025\/10\/Orazio_Borgianni_-_St_Carlo_Borromeo_-_WGA2468-823x1024.webp\" alt=\"San Carlos Borromeo de Orazio Borgianni\" class=\"wp-image-225361\" style=\"width:792px;height:auto\" srcset=\"https:\/\/fundacioncarf.org\/wp-content\/uploads\/2025\/10\/Orazio_Borgianni_-_St_Carlo_Borromeo_-_WGA2468-823x1024.webp 823w, https:\/\/fundacioncarf.org\/wp-content\/uploads\/2025\/10\/Orazio_Borgianni_-_St_Carlo_Borromeo_-_WGA2468-241x300.webp 241w, https:\/\/fundacioncarf.org\/wp-content\/uploads\/2025\/10\/Orazio_Borgianni_-_St_Carlo_Borromeo_-_WGA2468-121x150.webp 121w, https:\/\/fundacioncarf.org\/wp-content\/uploads\/2025\/10\/Orazio_Borgianni_-_St_Carlo_Borromeo_-_WGA2468-768x955.webp 768w, https:\/\/fundacioncarf.org\/wp-content\/uploads\/2025\/10\/Orazio_Borgianni_-_St_Carlo_Borromeo_-_WGA2468-10x12.webp 10w, https:\/\/fundacioncarf.org\/wp-content\/uploads\/2025\/10\/Orazio_Borgianni_-_St_Carlo_Borromeo_-_WGA2468.webp 1000w\" sizes=\"(max-width: 823px) 100vw, 823px\" \/><figcaption class=\"wp-element-caption\"><em>S\u00e3o Carlos Borromeo<\/em>&nbsp;a partir de&nbsp;<a href=\"https:\/\/es.wikipedia.org\/wiki\/Orazio_Borgianni\" target=\"_blank\" rel=\"noopener\">Orazio Borgianni<\/a>.<\/figcaption><\/figure>\n\n\n\n<h3 class=\"wp-block-heading\" id=\"la-conversion-de-san-carlos-borromeo-y-su-llamada-al-sacerdocio\">A convers\u00e3o e o seu chamamento ao sacerd\u00f3cio<\/h3>\n\n\n\n<p>A vida de <strong>S\u00e3o Carlos Borromeu<\/strong> Em Roma, a sua vida, embora administrativamente eficiente, foi mundana. No entanto, um acontecimento tr\u00e1gico abala-lhe a consci\u00eancia: a morte s\u00fabita do seu irm\u00e3o mais velho, Frederico, em 1562.<\/p>\n\n\n\n<p>Esta perda levou-o a refletir profundamente sobre a vaidade da <a href=\"https:\/\/fundacioncarf.org\/thiago-santana-fe-y-esperanza-en-su-camino\/\" data-type=\"link\" data-id=\"https:\/\/fundacioncarf.org\/thiago-santana-fe-y-esperanza-en-su-camino\/\">vida terrena<\/a> e a urg\u00eancia da salva\u00e7\u00e3o eterna. Frederico era o herdeiro da fam\u00edlia, e a sua morte pressionou Carlos a deixar a vida eclesi\u00e1stica para garantir a descend\u00eancia.<\/p>\n\n\n\n<p>Carlos rejeitou esta ideia. Sofreu uma profunda convers\u00e3o espiritual. Decidiu que n\u00e3o seria mais um administrador leigo com t\u00edtulo cardinal\u00edcio, mas um verdadeiro <a href=\"https:\/\/fundacioncarf.org\/san-juan-pablo-ii-y-su-fe-infinita\/\" data-type=\"link\" data-id=\"https:\/\/fundacioncarf.org\/san-juan-pablo-ii-y-su-fe-infinita\/\">homem de Deus<\/a>. Em 1563, pediu a ordena\u00e7\u00e3o e <a href=\"https:\/\/fundacioncarf.org\/cura-de-ars-san-juan-maria-vianney-sacerdotes\/\" data-type=\"link\" data-id=\"https:\/\/fundacioncarf.org\/cura-de-ars-san-juan-maria-vianney-sacerdotes\/\">foi consagrado <strong>padre<\/strong><\/a>, e, pouco tempo depois, bispo. A sua vida mudou radicalmente: adoptou um estilo de vida de extrema austeridade, jejum e ora\u00e7\u00e3o.<\/p>\n\n\n\n<h3 class=\"wp-block-heading\" id=\"el-motor-del-concilio-de-trento\">A for\u00e7a motriz do Conc\u00edlio de Trento<\/h3>\n\n\n\n<p>A grande obra do pontificado de Pio IV foi a retoma e a conclus\u00e3o da <a href=\"https:\/\/ec.aciprensa.com\/wiki\/Concilio_de_Trento\" data-type=\"link\" data-id=\"https:\/\/ec.aciprensa.com\/wiki\/Concilio_de_Trento\" target=\"_blank\" rel=\"noopener\">Conselho de Trento<\/a> (1545-1563), que esteve bloqueado durante anos. <strong>S\u00e3o Carlos Borromeo<\/strong>, No seu cargo na Secretaria de Estado, foi a for\u00e7a motriz diplom\u00e1tica e organizativa que levou o Conselho a uma conclus\u00e3o bem sucedida na sua fase final.<\/p>\n\n\n\n<p>Foi ele que geriu as tensas negocia\u00e7\u00f5es entre as pot\u00eancias europeias (Espanha e Fran\u00e7a), os legados papais e os bispos. A sua tenacidade foi fundamental para que o conc\u00edlio definisse a doutrina cat\u00f3lica face \u00e0 reforma protestante e, de forma crucial, estabelecesse os decretos para a reforma interna da Igreja.<\/p>\n\n\n\n<p>O Conselho terminou, <strong>S\u00e3o Carlos Borromeu<\/strong> N\u00e3o descansou. Dedicou-se de corpo e alma \u00e0 aplica\u00e7\u00e3o dos seus decretos. Presidiu \u00e0 comiss\u00e3o que redigiu o Catecismo Romano (ou Catecismo de Trento), instrumento fundamental para a instru\u00e7\u00e3o dos fi\u00e9is e para a unifica\u00e7\u00e3o do ensino.<\/p>\n\n\n\n<figure class=\"wp-block-image size-full is-resized\"><img decoding=\"async\" width=\"1000\" height=\"677\" src=\"https:\/\/fundacioncarf.org\/wp-content\/uploads\/2025\/10\/san-carlo-borromeo-regreso-a-milan.webp\" alt=\"\" class=\"wp-image-225362\" style=\"width:792px;height:auto\" srcset=\"https:\/\/fundacioncarf.org\/wp-content\/uploads\/2025\/10\/san-carlo-borromeo-regreso-a-milan.webp 1000w, https:\/\/fundacioncarf.org\/wp-content\/uploads\/2025\/10\/san-carlo-borromeo-regreso-a-milan-300x203.webp 300w, https:\/\/fundacioncarf.org\/wp-content\/uploads\/2025\/10\/san-carlo-borromeo-regreso-a-milan-150x102.webp 150w, https:\/\/fundacioncarf.org\/wp-content\/uploads\/2025\/10\/san-carlo-borromeo-regreso-a-milan-768x520.webp 768w, https:\/\/fundacioncarf.org\/wp-content\/uploads\/2025\/10\/san-carlo-borromeo-regreso-a-milan-18x12.webp 18w\" sizes=\"(max-width: 1000px) 100vw, 1000px\" \/><figcaption class=\"wp-element-caption\"><em>A entrada triunfal de S\u00e3o Carlos Borromeu em Mil\u00e3o<\/em>&nbsp;por Filippo Abbiati, Catedral de Mil\u00e3o.<\/figcaption><\/figure>\n\n\n\n<h3 class=\"wp-block-heading\" id=\"san-carlos-borromeo-arzobispo-residente-de-milan\">S\u00e3o Carlos Borromeu: Arcebispo residente de Mil\u00e3o<\/h3>\n\n\n\n<p>Enquanto estiver em Roma, <strong>S\u00e3o Carlos Borromeu<\/strong> Em 1560, foi nomeado arcebispo de Mil\u00e3o. No entanto, como era costume na \u00e9poca, governa a sua diocese \"in absentia\", atrav\u00e9s de vig\u00e1rios. Era um \"pastor sem rebanho\".<\/p>\n\n\n\n<p>O pr\u00f3prio Conc\u00edlio de Trento, que ele ajudou a concluir, proibiu esta pr\u00e1tica e exigiu que os bispos residissem nas suas dioceses. Fiel aos seus princ\u00edpios, Carlos implorou ao seu tio, o Papa, que lhe permitisse deixar a gl\u00f3ria de Roma pela dif\u00edcil Mil\u00e3o.<\/p>\n\n\n\n<p>Em 1565, Pio IV concordou. A entrada de <strong>S\u00e3o Carlos Borromeu<\/strong> em Mil\u00e3o marcou o in\u00edcio de uma nova era. Pela primeira vez em quase 80 anos, Mil\u00e3o tinha um arcebispo residente.<\/p>\n\n\n\n<p><strong>O desafio de Mil\u00e3o: uma diocese em ru\u00ednas<\/strong><\/p>\n\n\n\n<p>A arquidiocese de Mil\u00e3o que encontrou <strong>Carlos Borromeu<\/strong> era um reflexo dos males da Igreja pr\u00e9-Tridentina. Era uma das maiores e mais ricas dioceses da Europa, mas espiritualmente estava em anarquia.<\/p>\n\n\n\n<p>O clero estava profundamente relaxado e mal formado. Muitos <a href=\"https:\/\/fundacioncarf.org\/historias\/\" data-type=\"link\" data-id=\"https:\/\/fundacioncarf.org\/historias\/\">sacerdotes<\/a> N\u00e3o mantinham o celibato, viviam de forma luxuosa ou simplesmente ignoravam a doutrina b\u00e1sica. A ignor\u00e2ncia religiosa do povo era vasta. Os mosteiros, tanto masculinos como femininos, tinham perdido a sua disciplina e tinham-se tornado centros de vida social.<\/p>\n\n\n\n<p><strong>A reforma incans\u00e1vel de S\u00e3o Carlos Borromeu<\/strong><\/p>\n\n\n\n<p><strong>S\u00e3o Carlos Borromeo<\/strong> Aplicou os decretos de Trento com uma energia sobre-humana. O seu m\u00e9todo era claro: visitar, regulamentar, formar e <a href=\"https:\/\/fundacioncarf.org\/san-bartolome-apostol-martir-testigo-24-agosto\/\" data-type=\"link\" data-id=\"https:\/\/fundacioncarf.org\/san-bartolome-apostol-martir-testigo-24-agosto\/\">d\u00ea o exemplo<\/a>.<\/p>\n\n\n\n<p>Come\u00e7ou por reformar a sua pr\u00f3pria casa arquiepiscopal. Vendeu o mobili\u00e1rio luxuoso, reduziu drasticamente o n\u00famero de criados e adoptou um regime de vida quase mon\u00e1stico. O seu exemplo de <a href=\"https:\/\/fundacioncarf.org\/santa-teresa-de-jesus-diez-mensajes-sacerdotes\/\" data-type=\"link\" data-id=\"https:\/\/fundacioncarf.org\/santa-teresa-de-jesus-diez-mensajes-sacerdotes\/\"><strong>padre<\/strong> austero<\/a> foi o seu primeiro instrumento de reforma.<\/p>\n\n\n\n<p>Come\u00e7ou a fazer visitas pastorais, percorrendo incansavelmente cada uma das mais de 800 par\u00f3quias da sua diocese, muitas delas em zonas montanhosas de dif\u00edcil acesso nos Alpes. Inspeccionou as igrejas, examinou o clero e pregou \u00e0s pessoas.<\/p>\n\n\n\n<p>Para implementar a reforma, convocou numerosos s\u00ednodos diocesanos e conselhos provinciais, onde promulgou leis rigorosas para corrigir os abusos do clero e dos leigos. N\u00e3o teve medo de enfrentar os nobres e os governadores espanh\u00f3is, que viam a sua autoridade como uma intrus\u00e3o.<\/p>\n\n\n\n<p><strong>A cria\u00e7\u00e3o do semin\u00e1rio<\/strong><\/p>\n\n\n\n<p><strong>S\u00e3o Carlos Borromeo<\/strong> compreendeu perfeitamente que a reforma do <a href=\"https:\/\/fundacioncarf.org\/servir-a-la-iglesia\/\" data-type=\"link\" data-id=\"https:\/\/fundacioncarf.org\/servir-a-la-iglesia\/\">Igreja<\/a> era imposs\u00edvel sem um clero bem formado. O <a href=\"https:\/\/fundacioncarf.org\/san-jeronimo-biblia-vulgata-amor-palabra-de-dios\/\" data-type=\"link\" data-id=\"https:\/\/fundacioncarf.org\/san-jeronimo-biblia-vulgata-amor-palabra-de-dios\/\">Conselho de Trento<\/a> tinha ordenado a cria\u00e7\u00e3o de <a href=\"https:\/\/fundacioncarf.org\/formacion-de-seminaristas-que-estudian\/\" data-type=\"link\" data-id=\"https:\/\/fundacioncarf.org\/formacion-de-seminaristas-que-estudian\/\">semin\u00e1rios<\/a> para este fim, mas a ideia estava num n\u00edvel muito te\u00f3rico.<\/p>\n\n\n\n<p>Carlos foi o pioneiro absoluto na sua aplica\u00e7\u00e3o pr\u00e1tica. Fundou o semin\u00e1rio maior de Mil\u00e3o em 1564, tornando-o o modelo para toda a Igreja Cat\u00f3lica. Em seguida, fundou semin\u00e1rios menores e <a href=\"https:\/\/fundacioncarf.org\/fundacion-carf-y-altomonte-para-la-formacion\/\" data-type=\"link\" data-id=\"https:\/\/fundacioncarf.org\/fundacion-carf-y-altomonte-para-la-formacion\/\">escolas<\/a> (como o Helv\u00e9tico, para formar o clero contra o Calvinismo).<\/p>\n\n\n\n<p>Estabeleceu regras estritas para a vida espiritual, acad\u00e9mica e disciplinar de cada um <strong>seminarista<\/strong>. Eu queria o futuro <strong>padre<\/strong> era um homem de ora\u00e7\u00e3o profunda, culto em teologia e moralmente irrepreens\u00edvel. O <a href=\"https:\/\/fundacioncarf.org\/malawi-paul-benson-seminarista-africa\/\" data-type=\"link\" data-id=\"https:\/\/fundacioncarf.org\/malawi-paul-benson-seminarista-africa\/\">figura do <strong>seminarista<\/strong> moderno<\/a>, dedicado exclusivamente \u00e0 sua forma\u00e7\u00e3o para o minist\u00e9rio, \u00e9 uma heran\u00e7a direta da vis\u00e3o de <strong>S\u00e3o Carlos Borromeu<\/strong>. Por esta raz\u00e3o, \u00e9 considerado o santo padroeiro de todos os <strong>seminarista<\/strong>.<\/p>\n\n\n\n<figure class=\"wp-block-image size-full is-resized\"><img decoding=\"async\" width=\"611\" height=\"1000\" src=\"https:\/\/fundacioncarf.org\/wp-content\/uploads\/2025\/10\/Tanzio_Carlo_Borromeo_Domodossola.webp\" alt=\"\" class=\"wp-image-225364\" style=\"width:789px;height:auto\" srcset=\"https:\/\/fundacioncarf.org\/wp-content\/uploads\/2025\/10\/Tanzio_Carlo_Borromeo_Domodossola.webp 611w, https:\/\/fundacioncarf.org\/wp-content\/uploads\/2025\/10\/Tanzio_Carlo_Borromeo_Domodossola-183x300.webp 183w, https:\/\/fundacioncarf.org\/wp-content\/uploads\/2025\/10\/Tanzio_Carlo_Borromeo_Domodossola-92x150.webp 92w, https:\/\/fundacioncarf.org\/wp-content\/uploads\/2025\/10\/Tanzio_Carlo_Borromeo_Domodossola-7x12.webp 7w\" sizes=\"(max-width: 611px) 100vw, 611px\" \/><figcaption class=\"wp-element-caption\"><em>S\u00e3o Carlos Borromeu d\u00e1 a comunh\u00e3o \u00e0s v\u00edtimas da peste<\/em>, de Tanzio da Varallo, ca. 1616 (Domodossola, It\u00e1lia).<\/figcaption><\/figure>\n\n\n\n<p><strong>Um sacerdote para o seu povo<\/strong><\/p>\n\n\n\n<p>O momento que definiu o hero\u00edsmo de <strong>S\u00e3o Carlos Borromeu<\/strong> foi a terr\u00edvel peste que assolou Mil\u00e3o entre 1576 e 1577, conhecida como a peste de S\u00e3o Carlos.<\/p>\n\n\n\n<p>Quando a epidemia eclodiu, as autoridades civis e a maioria dos nobres fugiram da cidade para se salvarem. <strong>S\u00e3o Carlos Borromeo<\/strong> ele ficou. Tornou-se o l\u00edder moral, espiritual e, em muitos aspectos, civil da cidade infestada de doen\u00e7as.<\/p>\n\n\n\n<p>Organizou hospitais de campanha (lazaretos), reuniu o seu clero fiel e exortou-o a cuidar dos moribundos. Ele pr\u00f3prio percorria as ruas mais infectadas, dando a Comunh\u00e3o e a Extrema Un\u00e7\u00e3o aos atingidos pela peste, sem receio de cont\u00e1gio.<\/p>\n\n\n\n<p>Vendeu os bens que lhe restavam, incluindo as tape\u00e7arias do seu pal\u00e1cio, para comprar alimentos e medicamentos para os pobres. Para que os doentes que n\u00e3o podiam sair de casa pudessem assistir \u00e0 missa, ordenou que a Eucaristia fosse celebrada nas pra\u00e7as p\u00fablicas. A sua figura, conduzindo descal\u00e7o as prociss\u00f5es penitenciais pela cidade, tornou-se um \u00edcone da cidade. <a href=\"https:\/\/fundacioncarf.org\/jesucristo-esperanza-catequesis-papa-leon-xiv\/\" data-type=\"link\" data-id=\"https:\/\/fundacioncarf.org\/jesucristo-esperanza-catequesis-papa-leon-xiv\/\">s\u00edmbolo de esperan\u00e7a<\/a>.<\/p>\n\n\n\n<p><strong>Oposi\u00e7\u00e3o e ataque<\/strong><\/p>\n\n\n\n<p>A reforma do <strong>S\u00e3o Carlos Borromeu<\/strong> n\u00e3o foi f\u00e1cil nem popular. O seu rigor valeu-lhe inimigos poderosos. Entrou constantemente em conflito com os governadores espanh\u00f3is de Mil\u00e3o, que tentaram limitar a sua jurisdi\u00e7\u00e3o.<\/p>\n\n\n\n<p>Mas a oposi\u00e7\u00e3o mais violenta veio do interior da Igreja. Os <em>Humilha\u00e7\u00f5es<\/em>, Os frades, uma ordem religiosa que se tinha tornado moralmente laxista e que possu\u00eda grandes riquezas, recusam-se a aceitar a sua reforma. Em 1569, um membro desta ordem, Frei Girolamo Donato Farina, tentou assassin\u00e1-lo.<\/p>\n\n\n\n<p>Enquanto <strong>S\u00e3o Carlos Borromeu<\/strong> Enquanto rezava de joelhos na sua capela, o frade atingiu-o nas costas com um arcabuz \u00e0 queima-roupa. Milagrosamente, a bala apenas rasgou as suas vestes e provocou uma ligeira contus\u00e3o. O povo viu este facto como um sinal divino e o Papa Pio V aboliu a ordem dos frades. <em>Humilha\u00e7\u00f5es <\/em>pouco tempo depois.<\/p>\n\n\n\n<p><strong>Legado, morte e canoniza\u00e7\u00e3o<\/strong><\/p>\n\n\n\n<p>O esfor\u00e7o constante, as penit\u00eancias extremas e o trabalho incans\u00e1vel esgotaram a sa\u00fade de <strong>S\u00e3o Carlos Borromeu<\/strong>. Em 1584, durante a realiza\u00e7\u00e3o de um <a href=\"https:\/\/fundacioncarf.org\/el-sacerdote-necesita-oracion-direccion-espiritual-y-confesion-frecuentes\/\" data-type=\"link\" data-id=\"https:\/\/fundacioncarf.org\/el-sacerdote-necesita-oracion-direccion-espiritual-y-confesion-frecuentes\/\">retiro espiritual<\/a> no Monte Varallo, contraiu uma febre.<\/p>\n\n\n\n<p>Regressa a Mil\u00e3o gravemente doente e morre na noite de 3 de novembro de 1584, com 46 anos. As suas \u00faltimas palavras foram <em>O que \u00e9 o veneno<\/em> (Aqui vou eu).<\/p>\n\n\n\n<p>A sua reputa\u00e7\u00e3o de santidade foi imediata. O povo de Mil\u00e3o venerava-o como o <strong><a href=\"https:\/\/fundacioncarf.org\/marcus-muros-ordenado-sacerdote-el-plan-de-dios\/\" data-type=\"link\" data-id=\"https:\/\/fundacioncarf.org\/marcus-muros-ordenado-sacerdote-el-plan-de-dios\/\">padre<\/a><\/strong> m\u00e1rtir da caridade e da reforma. O processo de canoniza\u00e7\u00e3o foi extraordinariamente r\u00e1pido para a \u00e9poca. Foi beatificado em 1602 e canonizado pelo Papa Paulo V em 1610.<\/p>\n\n\n\n<p><strong>S\u00e3o Carlos Borromeo<\/strong> \u00e9 universalmente reconhecido como o padroeiro dos bispos, dos catequistas e, de uma forma muito especial, de todos os bispos e catequistas. <strong><a href=\"https:\/\/fundacioncarf.org\/ordenacion-diaconal-melwin-thurakal-seminarista\/\" data-type=\"link\" data-id=\"https:\/\/fundacioncarf.org\/ordenacion-diaconal-melwin-thurakal-seminarista\/\">seminarista<\/a><\/strong> e diretor espiritual. A sua influ\u00eancia na defini\u00e7\u00e3o do <strong>padre<\/strong> p\u00f3s-tridentino - formado, piedoso e dedicado ao seu povo - \u00e9 incalcul\u00e1vel.<\/p>\n\n\n\n<figure class=\"wp-block-embed is-type-video is-provider-youtube wp-block-embed-youtube wp-embed-aspect-16-9 wp-has-aspect-ratio\"><div class=\"wp-block-embed__wrapper\">\n<iframe loading=\"lazy\" title=\"S\u00c3O CARLOS BORROMEO - 4 de novembro - VIDAS DOS SANTOS\" width=\"500\" height=\"281\" src=\"https:\/\/www.youtube.com\/embed\/YrOgY9dUh3A?feature=oembed\" frameborder=\"0\" allow=\"accelerometer; autoplay; clipboard-write; encrypted-media; gyroscope; picture-in-picture; web-share\" referrerpolicy=\"strict-origin-when-cross-origin\" allowfullscreen><\/iframe>\n<\/div><\/figure>\n\n\n\n<hr class=\"wp-block-separator has-alpha-channel-opacity\"\/>\n\n\n\n<div class=\"wp-block-rank-math-toc-block\" id=\"rank-math-toc\"><p><strong>\u00cdndice<\/strong><\/p><nav><div><div class=\"\"><a href=\"#la-familia-borromeo\">A fam\u00edlia Borromeu<\/a><\/div><div class=\"\"><a href=\"#un-cardenal-laico-a-los-22-anos\">Um cardeal leigo aos 22 anos de idade<\/a><div><div class=\"\"><a href=\"#la-conversion-de-san-carlos-borromeo-y-su-llamada-al-sacerdocio\">A convers\u00e3o e o seu chamamento ao sacerd\u00f3cio<\/a><\/div><div class=\"\"><a href=\"#el-motor-del-concilio-de-trento\">A for\u00e7a motriz do Conc\u00edlio de Trento<\/a><\/div><div class=\"\"><a href=\"#san-carlos-borromeo-arzobispo-residente-de-milan\">S\u00e3o Carlos Borromeu: Arcebispo residente de Mil\u00e3o<\/a><\/div><\/div><\/div><\/div><\/nav><\/div>","protected":false},"excerpt":{"rendered":"<p>S\u00e3o Carlos Borromeu, pilar da Contra-Reforma e santo sacerdote. Padroeiro dos seminaristas, transformou a Igreja com a sua f\u00e9, o seu rigor e a sua caridade. Foi cardeal quando era leigo e tinha apenas 22 anos.<\/p>","protected":false},"author":4,"featured_media":225360,"comment_status":"closed","ping_status":"closed","sticky":false,"template":"","format":"standard","meta":{"_acf_changed":false,"give_campaign_id":0,"footnotes":""},"categories":[13],"tags":[6,10],"class_list":["post-225357","post","type-post","status-publish","format-standard","has-post-thumbnail","hentry","category-blog","tag-vida-cristiana","tag-vida-de-santos"],"acf":[],"_links":{"self":[{"href":"https:\/\/fundacioncarf.org\/pt\/wp-json\/wp\/v2\/posts\/225357","targetHints":{"allow":["GET"]}}],"collection":[{"href":"https:\/\/fundacioncarf.org\/pt\/wp-json\/wp\/v2\/posts"}],"about":[{"href":"https:\/\/fundacioncarf.org\/pt\/wp-json\/wp\/v2\/types\/post"}],"author":[{"embeddable":true,"href":"https:\/\/fundacioncarf.org\/pt\/wp-json\/wp\/v2\/users\/4"}],"replies":[{"embeddable":true,"href":"https:\/\/fundacioncarf.org\/pt\/wp-json\/wp\/v2\/comments?post=225357"}],"version-history":[{"count":13,"href":"https:\/\/fundacioncarf.org\/pt\/wp-json\/wp\/v2\/posts\/225357\/revisions"}],"predecessor-version":[{"id":225898,"href":"https:\/\/fundacioncarf.org\/pt\/wp-json\/wp\/v2\/posts\/225357\/revisions\/225898"}],"wp:featuredmedia":[{"embeddable":true,"href":"https:\/\/fundacioncarf.org\/pt\/wp-json\/wp\/v2\/media\/225360"}],"wp:attachment":[{"href":"https:\/\/fundacioncarf.org\/pt\/wp-json\/wp\/v2\/media?parent=225357"}],"wp:term":[{"taxonomy":"category","embeddable":true,"href":"https:\/\/fundacioncarf.org\/pt\/wp-json\/wp\/v2\/categories?post=225357"},{"taxonomy":"post_tag","embeddable":true,"href":"https:\/\/fundacioncarf.org\/pt\/wp-json\/wp\/v2\/tags?post=225357"}],"curies":[{"name":"wp","href":"https:\/\/api.w.org\/{rel}","templated":true}]}}