{"id":214230,"date":"2025-03-07T23:08:03","date_gmt":"2025-03-07T22:08:03","guid":{"rendered":"https:\/\/staging.fundacioncarf.org\/?p=214230"},"modified":"2025-11-24T13:30:03","modified_gmt":"2025-11-24T12:30:03","slug":"encontrar-vocacion-sacerdote-eucaristia","status":"publish","type":"post","link":"https:\/\/fundacioncarf.org\/pt\/encontrar-vocacion-sacerdote-eucaristia\/","title":{"rendered":"\"O padre encontra a sua raz\u00e3o de ser na Eucaristia\"."},"content":{"rendered":"<p>Jeus Jardin encontrou a sua voca\u00e7\u00e3o no <a href=\"https:\/\/fundacioncarf.org\/es\/la-eucaristia-memorial-del-corazon\/\" data-type=\"link\" data-id=\"https:\/\/fundacioncarf.org\/es\/la-eucaristia-memorial-del-corazon\/\">Eucaristia<\/a>Deixou a sua carreira de enfermeiro para seguir o convite de Deus para se tornar padre.<\/p>\n\n\n\n<p>De uma fam\u00edlia n\u00e3o praticante, este padre filipino que, depois de ter resistido durante algum tempo ao chamamento de Deus, d\u00e1 o seu testemunho de como finalmente se rendeu \u00e0 voz que lhe pedia para se consagrar apenas a Ele.<\/p>\n\n\n\n<p>Deus escreve direito sobre linhas tortas e cria verdadeiras obras de arte. \u00c9 o caso do Padre Jeus Jardin, um sacerdote filipino da Arquidiocese de Davao, que conheceu o amor de Deus na sua inf\u00e2ncia e adolesc\u00eancia, apesar de provir de uma fam\u00edlia n\u00e3o praticante, gra\u00e7as ao papel importante da sua av\u00f3.<\/p>\n\n\n\n<p>Quando j\u00e1 tinha dado o grande passo para se tornar padre, e apesar da oposi\u00e7\u00e3o dos seus pais, em breve deixar\u00e1 o semin\u00e1rio. Estuda enfermagem e vai trabalhar como professor universit\u00e1rio. Mas aquelas letras que Deus tinha incutido no seu cora\u00e7\u00e3o n\u00e3o se apagam, at\u00e9 que finalmente tem de se render \u00e0 evid\u00eancia do caminho que tem de seguir.<\/p>\n\n\n\n<p>Tinha uma boa vida e at\u00e9 tinha sido licenciado como enfermeiro nos Estados Unidos, mas sabia que era chamado para uma miss\u00e3o muito mais elevada. Por isso, foi com humildade que, oito anos mais tarde, pediu para voltar a entrar no semin\u00e1rio para ser finalmente ordenado. <a href=\"https:\/\/fundacioncarf.org\/ser-sacerdote-en-bolivia-regalo-para-los-fieles\/\" data-type=\"post\" data-id=\"201340\">padre<\/a> em 2017. E viu que tudo estava bem feito.<\/p>\n\n\n\n<h3 class=\"wp-block-heading\">Um apelo ao cora\u00e7\u00e3o<\/h3>\n\n\n\n<p>\"Deus tem sempre a sua maneira de dar a conhecer a sua vontade atrav\u00e9s dos desejos de cada cora\u00e7\u00e3o, e foi o que aconteceu comigo, porque senti que o Senhor continuava a chamar-me para o sacerd\u00f3cio\", explica nesta entrevista.<\/p>\n\n\n\n<p>Jeus confessa que o seu cora\u00e7\u00e3o lhe dizia que, se quisesse ser feliz, tinha de voltar para o seu lugar de origem, neste caso, o semin\u00e1rio. Na realidade, a sua vida estava a correr bem, mas nem o dinheiro nem o medo de perder tudo o que tinha conquistado profissionalmente podiam vencer o chamamento de Deus. \"Vi que a felicidade n\u00e3o vinha dali, e o meu cora\u00e7\u00e3o sentiu-o\", acrescenta.<\/p>\n\n\n\n<p>Quando regressou ao semin\u00e1rio, o seu bispo decidiu envi\u00e1-lo para estudar na <a href=\"https:\/\/seminariobidasoa.org\/\" data-type=\"link\" data-id=\"https:\/\/seminariobidasoa.org\/\" target=\"_blank\" rel=\"noreferrer noopener\">Semin\u00e1rio Internacional de Bidasoa<\/a> e a Universidade de Navarra, gra\u00e7as a uma bolsa de estudos da Funda\u00e7\u00e3o CARF, que lhe permitiu refor\u00e7ar e confirmar a sua voca\u00e7\u00e3o sacerdotal.<\/p>\n\n\n\n<figure class=\"wp-block-image size-full is-resized\"><img decoding=\"async\" width=\"720\" height=\"480\" src=\"https:\/\/fundacioncarf.org\/wp-content\/uploads\/2025\/03\/aprender-a-ser-sacerdote.webp\" alt=\"\" class=\"wp-image-214233\" style=\"width:816px;height:auto\" srcset=\"https:\/\/fundacioncarf.org\/wp-content\/uploads\/2025\/03\/aprender-a-ser-sacerdote.webp 720w, https:\/\/fundacioncarf.org\/wp-content\/uploads\/2025\/03\/aprender-a-ser-sacerdote-300x200.webp 300w, https:\/\/fundacioncarf.org\/wp-content\/uploads\/2025\/03\/aprender-a-ser-sacerdote-150x100.webp 150w, https:\/\/fundacioncarf.org\/wp-content\/uploads\/2025\/03\/aprender-a-ser-sacerdote-18x12.webp 18w\" sizes=\"(max-width: 720px) 100vw, 720px\" \/><\/figure>\n\n\n\n<h3 class=\"wp-block-heading\">Aprender a ser padre<\/h3>\n\n\n\n<p>\"Estive em Pamplona durante sete anos, cinco como seminarista em Bidasoa e dois como padre. Pamplona \u00e9 a minha segunda casa. Como seminarista, tive formadores que s\u00e3o realmente homens de Deus, que me ensinaram n\u00e3o s\u00f3 com as suas palavras, mas tamb\u00e9m com a sua pr\u00f3pria vida, o que \u00e9 um padre\", sublinha Jeus Jardin com convic\u00e7\u00e3o.<\/p>\n\n\n\n<p>Os seus anos em Pamplona n\u00e3o s\u00f3 lhe deram uma s\u00f3lida forma\u00e7\u00e3o intelectual, mas, citando especificamente Bidasoa, a Universidade de Navarra e, no seu segundo per\u00edodo em Espanha, a resid\u00eancia Cristo Rei na Calle Padre Barace em Pamplona, assegura que foi nestes lugares \"onde me ensinaram a ser padre, amigo e pessoa, e por isso posso dizer que me ensinaram muito\".<\/p>\n\n\n\n<p>Agora \u00e9 o pr\u00f3prio Jeus Jardin que transmite este mesmo esp\u00edrito no semin\u00e1rio da sua arquidiocese, onde mostra aos jovens os grandes desafios que os padres enfrentam atualmente. Na sua opini\u00e3o, estes s\u00e3o os melhores conselhos para os enfrentar: \"procurar conhecer os pr\u00f3prios limites e n\u00e3o os ultrapassar; valorizar os momentos de ora\u00e7\u00e3o e de dire\u00e7\u00e3o espiritual; e aprender a descansar com a M\u00e3e e o Senhor\". Sublinha tamb\u00e9m a import\u00e2ncia da Santa Missa: \"o padre encontra a sua raz\u00e3o de ser fundamental na <strong>Eucaristia<\/strong>Esta \u00e9 a raz\u00e3o do seu sacerd\u00f3cio\".<\/p>\n\n\n\n<h3 class=\"wp-block-heading\">N\u00e3o tenha medo do sil\u00eancio<\/h3>\n\n\n\n<p>Perante a crise vocacional que parece assolar a Igreja neste momento, o Padre Jeus mostra-se esperan\u00e7ado e garante que \"o Senhor est\u00e1 sempre a chamar, mas para ouvir a sua voz \u00e9 preciso saber escutar e n\u00e3o ter medo do sil\u00eancio, porque o Senhor chama, mas a sua voz \u00e9 subtil\".<\/p>\n\n\n\n<p>Aos jovens que j\u00e1 ouviram este apelo, convida-os a n\u00e3o terem medo de responder. \"Na minha experi\u00eancia, vejo que tinha muito medo de deixar as coisas que tinha: que ganhasse menos dinheiro, que n\u00e3o pudesse ter uma casa ou um carro. Mas o Senhor \u00e9 um bom pagador. N\u00e3o somos chamados apenas a ter bens materiais. Somos chamados a uma vida transcendente, a uma vida em comunh\u00e3o com Deus. \u00c9 a\u00ed que reside a nossa felicidade\", acrescenta.<\/p>\n\n\n\n<figure class=\"wp-block-image size-full\"><img decoding=\"async\" width=\"800\" height=\"600\" src=\"https:\/\/fundacioncarf.org\/wp-content\/uploads\/2025\/03\/jeus-jardin-sacerdote-filipino-pandemia.webp\" alt=\"\" class=\"wp-image-214232\" srcset=\"https:\/\/fundacioncarf.org\/wp-content\/uploads\/2025\/03\/jeus-jardin-sacerdote-filipino-pandemia.webp 800w, https:\/\/fundacioncarf.org\/wp-content\/uploads\/2025\/03\/jeus-jardin-sacerdote-filipino-pandemia-300x225.webp 300w, https:\/\/fundacioncarf.org\/wp-content\/uploads\/2025\/03\/jeus-jardin-sacerdote-filipino-pandemia-150x113.webp 150w, https:\/\/fundacioncarf.org\/wp-content\/uploads\/2025\/03\/jeus-jardin-sacerdote-filipino-pandemia-768x576.webp 768w, https:\/\/fundacioncarf.org\/wp-content\/uploads\/2025\/03\/jeus-jardin-sacerdote-filipino-pandemia-16x12.webp 16w\" sizes=\"(max-width: 800px) 100vw, 800px\" \/><\/figure>\n\n\n\n<p>Como momento mais marcante da sua vida sacerdotal, recorda um em que experimentou muito claramente a Provid\u00eancia, onde teve de p\u00f4r em pr\u00e1tica tudo o que tinha aprendido anteriormente. \"No semin\u00e1rio onde agora sou ec\u00f3nomo, fomos confrontados com um surto de COVID com cerca de 75 pessoas infectadas entre seminaristas e padres. <\/p>\n\n\n\n<p>O meu teste deu negativo, mas, devido \u00e0 carga que tinha, decidi estar com todos os doentes. Conseguimos viver juntos e sobreviver, e experimentar realmente a provid\u00eancia de Deus. Os dias de quarentena com os seminaristas e os padres tornaram-se dias inesquec\u00edveis para mim\", recorda.<\/p>\n\n\n\n<p>Por fim, este padre das Filipinas gostaria de agradecer aos benfeitores da Funda\u00e7\u00e3o CARF que lhe fizeram tanto bem, primeiro como seminarista e depois como padre: \"Muito obrigado a todos v\u00f3s. O vosso apoio torna poss\u00edvel que seminaristas e padres como eu recebam a forma\u00e7\u00e3o necess\u00e1ria para a tarefa de ser pastor. Que Deus vos pague\".<\/p>","protected":false},"excerpt":{"rendered":"<p>A Eucaristia \u00e9 o centro de todos os sacerdotes e do sacerd\u00f3cio do Padre Jeus Jardin, um sacerdote das Filipinas, que abandonou a sua carreira de enfermeiro para seguir a sua voca\u00e7\u00e3o e o chamamento de Deus.<\/p>","protected":false},"author":719,"featured_media":214231,"comment_status":"closed","ping_status":"closed","sticky":false,"template":"","format":"standard","meta":{"_acf_changed":false,"give_campaign_id":0,"footnotes":""},"categories":[109],"tags":[162,120],"class_list":["post-214230","post","type-post","status-publish","format-standard","has-post-thumbnail","hentry","category-historias","tag-recorrido-pastoral","tag-sacerdote"],"acf":[],"_links":{"self":[{"href":"https:\/\/fundacioncarf.org\/pt\/wp-json\/wp\/v2\/posts\/214230","targetHints":{"allow":["GET"]}}],"collection":[{"href":"https:\/\/fundacioncarf.org\/pt\/wp-json\/wp\/v2\/posts"}],"about":[{"href":"https:\/\/fundacioncarf.org\/pt\/wp-json\/wp\/v2\/types\/post"}],"author":[{"embeddable":true,"href":"https:\/\/fundacioncarf.org\/pt\/wp-json\/wp\/v2\/users\/719"}],"replies":[{"embeddable":true,"href":"https:\/\/fundacioncarf.org\/pt\/wp-json\/wp\/v2\/comments?post=214230"}],"version-history":[{"count":5,"href":"https:\/\/fundacioncarf.org\/pt\/wp-json\/wp\/v2\/posts\/214230\/revisions"}],"predecessor-version":[{"id":214258,"href":"https:\/\/fundacioncarf.org\/pt\/wp-json\/wp\/v2\/posts\/214230\/revisions\/214258"}],"wp:featuredmedia":[{"embeddable":true,"href":"https:\/\/fundacioncarf.org\/pt\/wp-json\/wp\/v2\/media\/214231"}],"wp:attachment":[{"href":"https:\/\/fundacioncarf.org\/pt\/wp-json\/wp\/v2\/media?parent=214230"}],"wp:term":[{"taxonomy":"category","embeddable":true,"href":"https:\/\/fundacioncarf.org\/pt\/wp-json\/wp\/v2\/categories?post=214230"},{"taxonomy":"post_tag","embeddable":true,"href":"https:\/\/fundacioncarf.org\/pt\/wp-json\/wp\/v2\/tags?post=214230"}],"curies":[{"name":"wp","href":"https:\/\/api.w.org\/{rel}","templated":true}]}}