{"id":212597,"date":"2025-02-11T06:00:00","date_gmt":"2025-02-11T05:00:00","guid":{"rendered":"https:\/\/staging.fundacioncarf.org\/?p=212597"},"modified":"2025-11-24T13:27:11","modified_gmt":"2025-11-24T12:27:11","slug":"estudio-derecho-canonico-formacion-cristiana","status":"publish","type":"post","link":"https:\/\/fundacioncarf.org\/pt\/estudio-derecho-canonico-formacion-cristiana\/","title":{"rendered":"\"Estudo Direito Can\u00f3nico para ajudar e servir melhor no Brasil\"."},"content":{"rendered":"<p>A Angela tem forma\u00e7\u00e3o, estuda e \u00e9 clara: \"Estudo Direito Can\u00f3nico na <a href=\"https:\/\/es.pusc.it\/\" data-type=\"link\" data-id=\"https:\/\/es.pusc.it\/\" target=\"_blank\" rel=\"noreferrer noopener\">Pontif\u00edcia Universidade da Santa Cruz<\/a>, gra\u00e7as a uma ajuda da Funda\u00e7\u00e3o CARF\u00bb, afirma com um sorriso. Don Luis Navarro, antigo reitor da universidade, sublinha a necessidade, para a sua comunidade e outros movimentos eclesiais do Brasil, de que os seus membros tenham uma forma\u00e7\u00e3o adequada a n\u00edvel can\u00f3nico.<\/p>\n\n\n\n<p>Nasceu em Caruaru, uma cidade do interior de Pernambuco (Brasil), a 20 de junho de 1984. Cresceu numa fam\u00edlia cat\u00f3lica e, por isso, foi sempre educada segundo a Doutrina da Igreja. Durante a sua primeira inf\u00e2ncia, fez experi\u00eancias de f\u00e9 em grupos de ora\u00e7\u00e3o pertencentes ao Renovamento Carism\u00e1tico e teve uma vida ativa nas actividades promovidas pela par\u00f3quia, participando em grupos de jovens, entre outros.<\/p>\n\n\n\n<figure class=\"wp-block-embed is-type-video is-provider-youtube wp-block-embed-youtube wp-embed-aspect-16-9 wp-has-aspect-ratio\"><div class=\"wp-block-embed__wrapper\">\n<iframe loading=\"lazy\" title=\"ANGELA DE F\u00c1TIMA: ESTOU A FORMAR-ME EM DIREITO CAN\u00d3NICO PARA AJUDAR O MEU PA\u00cdS\" width=\"500\" height=\"281\" src=\"https:\/\/www.youtube.com\/embed\/-oL063SJRP4?feature=oembed\" frameborder=\"0\" allow=\"accelerometer; autoplay; clipboard-write; encrypted-media; gyroscope; picture-in-picture; web-share\" referrerpolicy=\"strict-origin-when-cross-origin\" allowfullscreen><\/iframe>\n<\/div><\/figure>\n\n\n\n<p>Quando era adolescente, sentiu a sua f\u00e9 arrefecer:<strong> \"Faltava-me algo para viver a minha f\u00e9 de uma forma mais concreta\",<\/strong> diz ele.<\/p>\n\n\n\n<p>Como acontece frequentemente na adolesc\u00eancia, sentiu que a sua f\u00e9 estava a definhar. Embora nunca se tenha afastado dos sacramentos, sentia que lhe faltava algo para viver a sua f\u00e9 de forma mais concreta. Aos 15 anos, fez uma experi\u00eancia diferente de todas as outras atrav\u00e9s de um semin\u00e1rio de Vida no Esp\u00edrito Santo, que consiste em encontros com temas sistem\u00e1ticos e querigm\u00e1ticos, uma pr\u00e1tica muito comum nos grupos de ora\u00e7\u00e3o da sua cidade.<\/p>\n\n\n\n<p>A partir desse momento, a sua f\u00e9 adquiriu o sentido que procurava: \"agora via Cristo, que sempre tinha conhecido, como algu\u00e9m pr\u00f3ximo de mim, de uma forma viva e concreta\".<\/p>\n\n\n\n<figure class=\"wp-block-image size-large\"><img decoding=\"async\" width=\"1024\" height=\"768\" src=\"https:\/\/fundacioncarf.org\/wp-content\/uploads\/2025\/02\/angela-de-fatima-alabanza-comunidad-1024x768.webp\" alt=\"\" class=\"wp-image-212616\" srcset=\"https:\/\/fundacioncarf.org\/wp-content\/uploads\/2025\/02\/angela-de-fatima-alabanza-comunidad-1024x768.webp 1024w, https:\/\/fundacioncarf.org\/wp-content\/uploads\/2025\/02\/angela-de-fatima-alabanza-comunidad-300x225.webp 300w, https:\/\/fundacioncarf.org\/wp-content\/uploads\/2025\/02\/angela-de-fatima-alabanza-comunidad-150x113.webp 150w, https:\/\/fundacioncarf.org\/wp-content\/uploads\/2025\/02\/angela-de-fatima-alabanza-comunidad-768x576.webp 768w, https:\/\/fundacioncarf.org\/wp-content\/uploads\/2025\/02\/angela-de-fatima-alabanza-comunidad-16x12.webp 16w, https:\/\/fundacioncarf.org\/wp-content\/uploads\/2025\/02\/angela-de-fatima-alabanza-comunidad.webp 1200w\" sizes=\"(max-width: 1024px) 100vw, 1024px\" \/><\/figure>\n\n\n\n<h3 class=\"wp-block-heading\">Encontrar-se com a sua comunidade<\/h3>\n\n\n\n<p>Anos mais tarde, teve a oportunidade, atrav\u00e9s de um Retiro de Carnaval, de conhecer a comunidade. <em>Eis a\u00ed a sua M\u00e3e<\/em>-<em>O trabalho de Maria<\/em>situada no Recife, a pouco mais de 100 quil\u00f3metros da sua cidade natal. \u00c9 uma associa\u00e7\u00e3o privada de direito diocesano fundada em 1990.<\/p>\n\n\n\n<p>O retiro foi orientado por um padre que estava a dar forma\u00e7\u00e3o sobre a Sant\u00edssima Trindade. Quando chegou \u00e0 comunidade, ficou muito surpreendido com a forma como os membros acolhiam as pessoas, bem como com a alegria e a disponibilidade com que desempenhavam as suas tarefas. Decidiu embarcar no seu caminho vocacional e, ap\u00f3s um per\u00edodo de acompanhamento e discernimento, entrou para a comunidade de vida interna em 2003.<\/p>\n\n\n\n<p>Depois de um per\u00edodo de forma\u00e7\u00e3o inicial e de aprofundamento do carisma da comunidade, assumiu os seus primeiros compromissos e, anos mais tarde, foi enviada para uma casa de evangeliza\u00e7\u00e3o em Roma, onde vive ainda hoje.<\/p>\n\n\n\n<h3 class=\"wp-block-heading\">Estudos e forma\u00e7\u00e3o em direito can\u00f3nico<\/h3>\n\n\n\n<p>O carisma da comunidade \u00e9 <a href=\"https:\/\/fundacioncarf.org\/pablo-lopez-sacerdote-evangelizar-en-las-redes\/\" data-type=\"link\" data-id=\"https:\/\/fundacioncarf.org\/pablo-lopez-sacerdote-evangelizar-en-las-redes\/\">evangelizar<\/a> em todos os sentidos com alegria. Procura servir a Igreja local nas suas necessidades, convidando todos a levar a Virgem Maria para dentro de suas casas e, atrav\u00e9s dela, fazer uma experi\u00eancia com Cristo Ressuscitado. Em resposta a este apelo, \u00c2ngela desenvolve a miss\u00e3o na par\u00f3quia de Santa Faustina, situada na periferia da cidade, com diversas atividades, tanto as da Renova\u00e7\u00e3o Carism\u00e1tica como outras necess\u00e1rias na realidade local.<\/p>\n\n\n\n<p>Para Angela foi fundamental a descoberta do curso Movimentos eclesiais: uma realidade em caminho, na Pontif\u00edcia Universidade da Santa Cruz, que visa, por um lado, ajudar os membros dos novos movimentos eclesiais a compreender melhor o valor destas realidades para facilitar a sua inser\u00e7\u00e3o harmoniosa na vida do povo de Deus, reflexo da maturidade eclesial; e, por outro lado, contribuir para o conhecimento destas realidades carism\u00e1ticas entre todos os actores eclesiais, especialmente os operadores jur\u00eddicos.<\/p>\n\n\n\n<p>O curso abrange todos os fundamentos teol\u00f3gicos e magisteriais, bem como os can\u00f3nicos, tratando da identidade, das carater\u00edsticas, da miss\u00e3o e da rela\u00e7\u00e3o dos movimentos com as Igrejas particulares; da configura\u00e7\u00e3o can\u00f3nica dos movimentos; da situa\u00e7\u00e3o jur\u00eddica dos seus membros, dos aspectos do governo e da forma\u00e7\u00e3o; da presen\u00e7a do clero e da vida consagrada, bem como da preven\u00e7\u00e3o e da corre\u00e7\u00e3o dos abusos, o que \u00e9 muito importante para a Igreja.<\/p>\n\n\n\n<p>\"H\u00e1 alguns anos, um amigo meu falou-nos de um pequeno curso sobre os Movimentos Eclesiais na Igreja, promovido pelo <em>Universidade Pontif\u00edcia da Santa Cruz<\/em>. Frequent\u00e1mos o curso, uma irm\u00e3 da comunidade e eu, e durante os poucos meses que durou pudemos ver a necessidade que t\u00ednhamos de aprofundar o que somos na Igreja e como podemos melhorar o nosso caminho. Perante isto, e tamb\u00e9m motivados pelo antigo reitor da mesma universidade, o Prof. Luis Navarro, come\u00e7\u00e1mos a considerar a ideia de estudar Direito Can\u00f3nico.<\/p>\n\n\n\n<figure class=\"wp-block-image size-full\"><img decoding=\"async\" width=\"2048\" height=\"1536\" src=\"https:\/\/fundacioncarf.org\/wp-content\/uploads\/2025\/02\/angela-torres-de-fatima.jpg\" alt=\"angela de fatima brasil derecho can\u00f3nico formaci\u00f3n\" class=\"wp-image-213706\" srcset=\"https:\/\/fundacioncarf.org\/wp-content\/uploads\/2025\/02\/angela-torres-de-fatima.jpg 2048w, https:\/\/fundacioncarf.org\/wp-content\/uploads\/2025\/02\/angela-torres-de-fatima-300x225.jpg 300w, https:\/\/fundacioncarf.org\/wp-content\/uploads\/2025\/02\/angela-torres-de-fatima-1024x768.jpg 1024w, https:\/\/fundacioncarf.org\/wp-content\/uploads\/2025\/02\/angela-torres-de-fatima-150x113.jpg 150w, https:\/\/fundacioncarf.org\/wp-content\/uploads\/2025\/02\/angela-torres-de-fatima-768x576.jpg 768w, https:\/\/fundacioncarf.org\/wp-content\/uploads\/2025\/02\/angela-torres-de-fatima-1536x1152.jpg 1536w, https:\/\/fundacioncarf.org\/wp-content\/uploads\/2025\/02\/angela-torres-de-fatima-16x12.jpg 16w\" sizes=\"(max-width: 2048px) 100vw, 2048px\" \/><\/figure>\n\n\n\n<p>Depois de ter completado o proped\u00eautico necess\u00e1rio no <em>Instituto Superior de Ci\u00eancias Religiosas<\/em>A Angela est\u00e1 a frequentar o segundo ano da sua licenciatura em Direito Can\u00f3nico. A forma como o <em>Santa Croce<\/em> V\u00ea cada vez mais a necessidade de uma boa educa\u00e7\u00e3o e est\u00e1 grata a Deus pela oportunidade de receber conhecimentos t\u00e3o valiosos.<\/p>\n\n\n\n<p>De facto, o Brasil \u00e9 o pa\u00eds com o maior n\u00famero de cat\u00f3licos do mundo, com uma popula\u00e7\u00e3o de mais de 120 milh\u00f5es. Existem tamb\u00e9m numerosos movimentos carism\u00e1ticos cat\u00f3licos, desde grandes grupos como o Renovamento Carism\u00e1tico at\u00e9 grupos mais pequenos.<\/p>\n\n\n\n<p>Estes movimentos re\u00fanem milh\u00f5es de fi\u00e9is, proporcionando uma experi\u00eancia de f\u00e9 intensa e transformadora que dinamiza a vida da Igreja. No entanto, o seu r\u00e1pido crescimento e a sua diversidade comportam tamb\u00e9m riscos, como poss\u00edveis desvios doutrinais, pr\u00e1ticas sect\u00e1rias, abusos de poder e manipula\u00e7\u00e3o emocional. Por isso, \u00e9 essencial que tanto as autoridades eclesi\u00e1sticas como os pr\u00f3prios movimentos promovam uma integra\u00e7\u00e3o harmoniosa e uma vigil\u00e2ncia que garanta a fidelidade \u00e0 doutrina oficial e o bem-estar dos seus membros.<\/p>\n\n\n\n<p>\"Diante de toda essa riqueza e diferen\u00e7a de carismas e espiritualidades, minha inten\u00e7\u00e3o \u00e9 poder ajudar n\u00e3o s\u00f3 a minha comunidade, mas tamb\u00e9m esses movimentos no Brasil, para que possamos servir melhor e sermos fi\u00e9is ao chamado que o Senhor nos fez\", conta \u00c2ngela.<\/p>\n\n\n\n<p>Por isso, est\u00e1 muito grata ao <a href=\"https:\/\/fundacioncarf.org\/donar\/\" data-type=\"page\" data-id=\"170000\">Funda\u00e7\u00e3o CARF<\/a> por lhes ter dado esta grande oportunidade de ter uma educa\u00e7\u00e3o que ir\u00e1 ajudar n\u00e3o s\u00f3 a sua comunidade, mas todo o seu pa\u00eds. \"Que Deus vos aben\u00e7oe sempre e aben\u00e7oe a grande obra a que se dedicam\".<\/p>\n\n\n\n<hr class=\"wp-block-separator has-alpha-channel-opacity\"\/>\n\n\n\n<p><strong>Gerardo Ferrara,<\/strong> Licenciado em Hist\u00f3ria e Ci\u00eancia Pol\u00edtica, especializado no M\u00e9dio Oriente.<br>Respons\u00e1vel pelos estudantes da Universidade da Santa Cruz em Roma.<\/p>\n\n\n\n<p><\/p>","protected":false},"excerpt":{"rendered":"<p>\u00c2ngela de F\u00e1tima Torres Monteiro, nascida no Brasil, redescobriu a sua f\u00e9 aos 15 anos e encontrou a sua voca\u00e7\u00e3o na Comunidade Eis a\u00ed a tua M\u00e3e - Obra de Maria. Hoje, continua a sua forma\u00e7\u00e3o e estudos para cumprir a sua miss\u00e3o em Roma.<\/p>","protected":false},"author":719,"featured_media":212598,"comment_status":"closed","ping_status":"closed","sticky":false,"template":"","format":"standard","meta":{"_acf_changed":false,"give_campaign_id":0,"footnotes":""},"categories":[109],"tags":[164,160],"class_list":["post-212597","post","type-post","status-publish","format-standard","has-post-thumbnail","hentry","category-historias","tag-brasil","tag-testimonios"],"acf":[],"_links":{"self":[{"href":"https:\/\/fundacioncarf.org\/pt\/wp-json\/wp\/v2\/posts\/212597","targetHints":{"allow":["GET"]}}],"collection":[{"href":"https:\/\/fundacioncarf.org\/pt\/wp-json\/wp\/v2\/posts"}],"about":[{"href":"https:\/\/fundacioncarf.org\/pt\/wp-json\/wp\/v2\/types\/post"}],"author":[{"embeddable":true,"href":"https:\/\/fundacioncarf.org\/pt\/wp-json\/wp\/v2\/users\/719"}],"replies":[{"embeddable":true,"href":"https:\/\/fundacioncarf.org\/pt\/wp-json\/wp\/v2\/comments?post=212597"}],"version-history":[{"count":22,"href":"https:\/\/fundacioncarf.org\/pt\/wp-json\/wp\/v2\/posts\/212597\/revisions"}],"predecessor-version":[{"id":226734,"href":"https:\/\/fundacioncarf.org\/pt\/wp-json\/wp\/v2\/posts\/212597\/revisions\/226734"}],"wp:featuredmedia":[{"embeddable":true,"href":"https:\/\/fundacioncarf.org\/pt\/wp-json\/wp\/v2\/media\/212598"}],"wp:attachment":[{"href":"https:\/\/fundacioncarf.org\/pt\/wp-json\/wp\/v2\/media?parent=212597"}],"wp:term":[{"taxonomy":"category","embeddable":true,"href":"https:\/\/fundacioncarf.org\/pt\/wp-json\/wp\/v2\/categories?post=212597"},{"taxonomy":"post_tag","embeddable":true,"href":"https:\/\/fundacioncarf.org\/pt\/wp-json\/wp\/v2\/tags?post=212597"}],"curies":[{"name":"wp","href":"https:\/\/api.w.org\/{rel}","templated":true}]}}