{"id":201215,"date":"2024-12-21T06:00:00","date_gmt":"2024-12-21T05:00:00","guid":{"rendered":"https:\/\/staging.fundacioncarf.org\/?p=201215"},"modified":"2025-11-27T16:48:31","modified_gmt":"2025-11-27T15:48:31","slug":"navidad-en-paises-devastados-por-guerra-y-paz","status":"publish","type":"post","link":"https:\/\/fundacioncarf.org\/pt\/navidad-en-paises-devastados-por-guerra-y-paz\/","title":{"rendered":"O Natal em 4 pa\u00edses devastados pela guerra"},"content":{"rendered":"<p>O Natal \u00e9 uma \u00e9poca de amor, renova\u00e7\u00e3o e paz. No entanto, para milh\u00f5es de pessoas que vivem em pa\u00edses devastados pela guerra e por conflitos armados, \u00e9 um desafio adicional acreditar na paz.<\/p>\n\n\n\n<p>Em lugares como a Ucr\u00e2nia, Israel, L\u00edbano ou Nig\u00e9ria, as tradi\u00e7\u00f5es natal\u00edcias convivem com a dor, a incerteza e a procura de conforto. O trabalho dos padres diocesanos ou mission\u00e1rios torna-se crucial nestes contextos, oferecendo uma luz de esperan\u00e7a.<\/p>\n\n\n\n<p>A Funda\u00e7\u00e3o CARF apoia a forma\u00e7\u00e3o integral destes sacerdotes, fornecendo-lhes os recursos necess\u00e1rios para servirem no futuro, mesmo nas condi\u00e7\u00f5es mais adversas.<\/p>\n\n\n\n<figure class=\"wp-block-image size-large\"><img decoding=\"async\" src=\"https:\/\/cloudfront-eu-central-1.images.arcpublishing.com\/prisa\/LXXSNLDL4YESVC7HDTFMVCQX5Y.jpg\" alt=\"\"\/><\/figure>\n\n\n\n<h2 class=\"wp-block-heading\">Natal na Ucr\u00e2nia: um apelo \u00e0 f\u00e9 no frio<\/h2>\n\n\n\n<p>Na Ucr\u00e2nia, o Natal chega no meio de uma guerra que deslocou milh\u00f5es de pessoas. As fam\u00edlias, marcadas pelo conflito, re\u00fanem-se em abrigos subterr\u00e2neos ou em igrejas parcialmente destru\u00eddas para celebrar o nascimento de Cristo. Apesar das circunst\u00e2ncias sem paz, a f\u00e9 continua a ser uma fonte de for\u00e7a e de esperan\u00e7a.<\/p>\n\n\n\n<p>O <strong>Padre Roman Ostrovskyy, Vice-Reitor do Semin\u00e1rio Greco-Cat\u00f3lico de Kiev<\/strong>A f\u00e9 ajuda-nos a continuar nos piores dias\", afirmou com firmeza, sublinhando como a espiritualidade sustenta os crist\u00e3os ucranianos nestes tempos de adversidade (<a href=\"https:\/\/www.vaticannews.va\/es\/iglesia\/news\/2024-06\/ucrania-sacerdotes-cansados-guerra-pisotea-nuestra-dignidad.html\" target=\"_blank\" rel=\"noopener\">Not\u00edcias do Vaticano<\/a>).<\/p>\n\n\n\n<p>A Igreja na Ucr\u00e2nia tem sido n\u00e3o s\u00f3 um ref\u00fagio f\u00edsico mas tamb\u00e9m espiritual. Nas par\u00f3quias, os padres n\u00e3o s\u00f3 distribuem alimentos e roupas \u00e0s pessoas afectadas, mas, acima de tudo, oferecem palavras de conforto e celebram missas que renovam a esperan\u00e7a nas suas comunidades. O seu trabalho n\u00e3o sustenta apenas os corpos exaustos, mas tamb\u00e9m as almas abatidas.<\/p>\n\n\n\n<figure class=\"wp-block-image size-large\"><img decoding=\"async\" src=\"https:\/\/www.humanitas.cl\/images\/revistas\/h90\/alepo-01.jpg\" alt=\"\"\/><\/figure>\n\n\n\n<h2 class=\"wp-block-heading\">Tradi\u00e7\u00f5es de Natal sob fogo em Israel e na S\u00edria<\/h2>\n\n\n\n<p><a href=\"https:\/\/fundacioncarf.org\/peregrinaciones-fundacion-carf\/tierra-santa-peregrina\/\" type=\"link\" id=\"https:\/\/fundacioncarf.org\/peregrinaciones\/tierra-santa-el-viaje-de-tu-vida\/\">Terra Santa<\/a>O ber\u00e7o do cristianismo enfrenta um Natal marcado por tens\u00f5es b\u00e9licas. <strong>Em Gaza, os crist\u00e3os s\u00e3o uma minoria que luta para manter as suas tradi\u00e7\u00f5es.<\/strong> As igrejas organizam vig\u00edlias com recursos escassos e os pres\u00e9pios s\u00e3o muitas vezes feitos de materiais reciclados devido \u00e0 escassez.<\/p>\n\n\n\n<p>\"Apesar de toda esta grande viol\u00eancia, n\u00e3o devemos esquecer que a mensagem do Natal permanece, talvez neste momento ainda mais importante do que nunca. Deus faz-se carne por amor e comunica-nos um novo modo de estar no mundo, que \u00e9 dar a vida por amor, pelos outros\". (Cardeal Pizzaballa, Mensagem de Natal 2023).<\/p>\n\n\n\n<p>Em Israel, os peregrinos est\u00e3o a diminuir devido aos conflitos. No entanto, as celebra\u00e7\u00f5es em Bel\u00e9m, como a <a href=\"https:\/\/fundacioncarf.org\/misa-del-gallo-historia-significado\/\" data-type=\"link\" data-id=\"https:\/\/fundacioncarf.org\/misa-del-gallo-historia-significado\/\">Missa da meia-noite<\/a>A celebra\u00e7\u00e3o da festa da p\u00e1scoa \u00e9 um s\u00edmbolo de unidade e de perseveran\u00e7a. Formar sacerdotes capazes de conduzir estas celebra\u00e7\u00f5es no meio da adversidade \u00e9 uma miss\u00e3o em que a Funda\u00e7\u00e3o CARF desempenha um papel fundamental. <\/p>\n\n\n\n<p>Em Gaza, as fam\u00edlias crist\u00e3s enfeitam pequenas \u00e1rvores e assistem \u00e0 missa em igrejas rodeadas de soldados. Como dizia S\u00e3o Josemaria, \"enquanto me restar o f\u00f4lego, n\u00e3o deixarei de pregar a necessidade primordial de ser alma de ora\u00e7\u00e3o, sempre, em todas as ocasi\u00f5es e de todas as maneiras\". <strong>nas circunst\u00e2ncias mais d\u00edspares, porque Deus nunca nos abandona.<\/strong> N\u00e3o \u00e9 crist\u00e3o pensar na amizade divina exclusivamente como um recurso extremo\". (Amigos de Deus, 242).<\/p>\n\n\n\n<figure class=\"wp-block-image size-large\"><img decoding=\"async\" src=\"https:\/\/www.manosunidas.org\/sites\/default\/files\/imce\/noticias\/manos-unidas-nigeria-situacion-2024-violencia-proyectos-dbvtc-koko_3.jpg\" alt=\"\"\/><figcaption class=\"wp-element-caption\">Nig\u00e9ria : Centro de Forma\u00e7\u00e3o Profissional Dom Bosco : Fonte: Manos Unidas.<\/figcaption><\/figure>\n\n\n\n<h2 class=\"wp-block-heading\">A luta pela paz na Nig\u00e9ria<\/h2>\n\n\n\n<p>A Nig\u00e9ria, um pa\u00eds assolado por conflitos religiosos, vive sempre um Natal cheio de contrastes e de resili\u00eancia. No norte do pa\u00eds, onde os ataques de grupos extremistas como o Boko Haram obrigaram \u00e0 desloca\u00e7\u00e3o de comunidades inteiras, <strong>as igrejas tornam-se fortalezas de f\u00e9<\/strong>. Apesar das amea\u00e7as e das medidas de seguran\u00e7a apertadas, os crist\u00e3os assistem \u00e0 missa com um esp\u00edrito inabal\u00e1vel, mantendo vivas as suas tradi\u00e7\u00f5es natal\u00edcias.<\/p>\n\n\n\n<p>O perd\u00e3o e a ora\u00e7\u00e3o s\u00e3o as suas armas contra o \u00f3dio. Os padres das zonas de maior conflito organizam vig\u00edlias nocturnas para que as fam\u00edlias se possam reunir e rezar umas pelas outras. <a href=\"https:\/\/fundacioncarf.org\/oracion-en-tiempos-inciertos\/\" data-type=\"link\" data-id=\"https:\/\/fundacioncarf.org\/oracion-en-tiempos-inciertos\/\">ora\u00e7\u00e3o<\/a> numa atmosfera de relativa seguran\u00e7a. Estas reuni\u00f5es oferecem n\u00e3o s\u00f3 um espa\u00e7o de culto, mas tamb\u00e9m um tempo de conforto e esperan\u00e7a no meio da adversidade.<\/p>\n\n\n\n<p>O Natal na Nig\u00e9ria n\u00e3o \u00e9 apenas uma \u00e9poca de celebra\u00e7\u00e3o, mas tamb\u00e9m um momento de reafirma\u00e7\u00e3o da f\u00e9 e da unidade numa sociedade profundamente ferida pela guerra. As comunidades crist\u00e3s demonstram que <strong>a luz do nascimento de Cristo pode brilhar mesmo nos lugares mais escuros<\/strong>que traz conforto e for\u00e7a \u00e0queles que mais precisam de paz.<\/p>\n\n\n\n<figure class=\"wp-block-image size-large\"><img decoding=\"async\" width=\"1024\" height=\"683\" src=\"https:\/\/fundacioncarf.org\/wp-content\/uploads\/2024\/12\/chico-joven-edificio-ruinas-esperanza-1024x683.jpg\" alt=\"\" class=\"wp-image-201217\" srcset=\"https:\/\/fundacioncarf.org\/wp-content\/uploads\/2024\/12\/chico-joven-edificio-ruinas-esperanza-1024x683.jpg 1024w, https:\/\/fundacioncarf.org\/wp-content\/uploads\/2024\/12\/chico-joven-edificio-ruinas-esperanza-300x200.jpg 300w, https:\/\/fundacioncarf.org\/wp-content\/uploads\/2024\/12\/chico-joven-edificio-ruinas-esperanza-150x100.jpg 150w, https:\/\/fundacioncarf.org\/wp-content\/uploads\/2024\/12\/chico-joven-edificio-ruinas-esperanza-768x512.jpg 768w, https:\/\/fundacioncarf.org\/wp-content\/uploads\/2024\/12\/chico-joven-edificio-ruinas-esperanza-18x12.jpg 18w, https:\/\/fundacioncarf.org\/wp-content\/uploads\/2024\/12\/chico-joven-edificio-ruinas-esperanza.jpg 1200w\" sizes=\"(max-width: 1024px) 100vw, 1024px\" \/><figcaption class=\"wp-element-caption\">Fotografia de <a href=\"https:\/\/unsplash.com\/es\/@khalidkwaik?utm_content=creditCopyText&amp;utm_medium=referral&amp;utm_source=unsplash\" target=\"_blank\" rel=\"noopener\">khalid kwaik<\/a> em <a href=\"https:\/\/unsplash.com\/es\/fotos\/un-hombre-de-pie-frente-a-un-monton-de-escombros-t7RtOKho3u8?utm_content=creditCopyText&amp;utm_medium=referral&amp;utm_source=unsplash\" target=\"_blank\" rel=\"noopener\">Unsplash<\/a>.<\/figcaption><\/figure>\n\n\n\n<h2 class=\"wp-block-heading\">Natal no L\u00edbano: esperan\u00e7a no meio dos escombros<\/h2>\n\n\n\n<p>O L\u00edbano, um pa\u00eds profundamente afetado pela crise econ\u00f3mica e pelas consequ\u00eancias de tr\u00e1gicas explos\u00f5es, celebra o Natal com humildade e paci\u00eancia. Muitas fam\u00edlias decoram \u00e1rvores improvisadas com materiais reciclados e preparam jantares com o pouco que t\u00eam \u00e0 sua disposi\u00e7\u00e3o, demonstrando que o verdadeiro esp\u00edrito natal\u00edcio transcende as adversidades materiais.<\/p>\n\n\n\n<p>Em Beirute, as igrejas desempenham um papel crucial, organizando concertos, vig\u00edlias e actividades comunit\u00e1rias que recordam o significado profundo da \u00e9poca. \"No meio do sofrimento, o Natal convida-nos a ser uma luz para os outros\", disse o Papa Francisco durante a sua mensagem de 25 de dezembro de 2020 na Bas\u00edlica de S\u00e3o Pedro, referindo-se ao apelo para abrirmos os nossos cora\u00e7\u00f5es aos mais necessitados.<\/p>\n\n\n\n<p>Os padres diocesanos do L\u00edbano s\u00e3o testemunhas activas desta realidade <a href=\"https:\/\/fundacioncarf.org\/discurso-papa-francisco-la-valentia-esperanza\/\" data-type=\"link\" data-id=\"https:\/\/fundacioncarf.org\/discurso-papa-francisco-la-valentia-esperanza\/\">esperan\u00e7a<\/a>. Atrav\u00e9s das suas ac\u00e7\u00f5es di\u00e1rias, oferecem apoio espiritual e material, levando uma mensagem de conforto e f\u00e9 a comunidades que enfrentam incertezas e necessidades. O seu trabalho refor\u00e7a a import\u00e2ncia de ver Cristo nos outros.<\/p>\n\n\n\n<figure class=\"wp-block-image size-large\"><img decoding=\"async\" width=\"1024\" height=\"683\" src=\"https:\/\/fundacioncarf.org\/wp-content\/uploads\/2024\/11\/orar-por-los-sacerdotes-1024x683.jpg\" alt=\"C\u00f3mo y qu\u00e9 orar por los sacerdotes\" class=\"wp-image-200185\" srcset=\"https:\/\/fundacioncarf.org\/wp-content\/uploads\/2024\/11\/orar-por-los-sacerdotes-1024x683.jpg 1024w, https:\/\/fundacioncarf.org\/wp-content\/uploads\/2024\/11\/orar-por-los-sacerdotes-300x200.jpg 300w, https:\/\/fundacioncarf.org\/wp-content\/uploads\/2024\/11\/orar-por-los-sacerdotes-150x100.jpg 150w, https:\/\/fundacioncarf.org\/wp-content\/uploads\/2024\/11\/orar-por-los-sacerdotes-768x512.jpg 768w, https:\/\/fundacioncarf.org\/wp-content\/uploads\/2024\/11\/orar-por-los-sacerdotes-18x12.jpg 18w, https:\/\/fundacioncarf.org\/wp-content\/uploads\/2024\/11\/orar-por-los-sacerdotes.jpg 1200w\" sizes=\"(max-width: 1024px) 100vw, 1024px\" \/><\/figure>\n\n\n\n<h3 class=\"wp-block-heading\">O papel integrador da Funda\u00e7\u00e3o CARF<\/h3>\n\n\n\n<p>Em contextos como este, o papel dos padres \u00e9 crucial. Eles n\u00e3o s\u00f3 presidem \u00e0s celebra\u00e7\u00f5es lit\u00fargicas, como tamb\u00e9m d\u00e3o apoio emocional e espiritual. <strong>A miss\u00e3o da Funda\u00e7\u00e3o CARF \u00e9 a forma\u00e7\u00e3o integral dos seminaristas e dos sacerdotes diocesanos.<\/strong>garantindo que est\u00e3o prontos para servir nas condi\u00e7\u00f5es mais adversas.<\/p>\n\n\n\n<p>Cada donativo \u00e0 Funda\u00e7\u00e3o CARF contribui diretamente para os custos desta forma\u00e7\u00e3o abrangente de sacerdotes diocesanos desfavorecidos em todo o mundo. Gra\u00e7as a este trabalho, \u00e9 poss\u00edvel levar a mensagem de paz e de esperan\u00e7a de Jesus at\u00e9 \u00e0s regi\u00f5es mais afectadas pela guerra.<\/p>\n\n\n\n<h3 class=\"wp-block-heading\">Como \u00e9 que podemos ajudar os pa\u00edses em guerra?<\/h3>\n\n\n\n<ul class=\"wp-block-list\">\n<li>Ao fazer um <a href=\"https:\/\/fundacioncarf.org\/donar\/\" data-type=\"link\" data-id=\"https:\/\/fundacioncarf.org\/donar\/\">doa\u00e7\u00e3o<\/a>A sua contribui\u00e7\u00e3o permite que mais padres sejam formados e levem conforto espiritual a locais onde h\u00e1 conflitos.<\/li>\n\n\n\n<li>Partilhe esta mensagem: ajude a divulgar o trabalho da Funda\u00e7\u00e3o CARF para chegar a mais pessoas.<\/li>\n\n\n\n<li>Reze por eles: a sua ora\u00e7\u00e3o \u00e9 um apoio insubstitu\u00edvel para aqueles que vivem no meio de conflitos.<\/li>\n<\/ul>\n\n\n\n<p>O Natal, mesmo nos lugares mais devastados pela guerra, continua a ser um farol de esperan\u00e7a. Em pa\u00edses devastados pela guerra, as comunidades crist\u00e3s encontram conforto na sua f\u00e9, lideradas por sacerdotes empenhados que enfrentam desafios inimagin\u00e1veis. <\/p>\n\n\n\n<p>A Funda\u00e7\u00e3o CARF convida-o a fazer parte desta miss\u00e3o, ajudando a formar aqueles que levam a paz de Cristo ao mundo. O seu apoio pode fazer a diferen\u00e7a. A alegria do homem est\u00e1 em dar, n\u00e3o em receber e este \u00e9 o esp\u00edrito do Natal, um esp\u00edrito que nos permite partilhar com aqueles que mais precisam.<\/p>","protected":false},"excerpt":{"rendered":"<p>O Natal e a guerra op\u00f5em-se um ao outro. Perante a esperan\u00e7a e o amor, lamentamos e sofremos quando vemos pa\u00edses devastados pelo horror da falta de paz.<\/p>","protected":false},"author":719,"featured_media":201217,"comment_status":"closed","ping_status":"closed","sticky":false,"template":"","format":"standard","meta":{"_acf_changed":false,"give_campaign_id":0,"footnotes":""},"categories":[13],"tags":[218,221,220,219,223,222],"class_list":["post-201215","post","type-post","status-publish","format-standard","has-post-thumbnail","hentry","category-blog","tag-navidad","tag-nigeria","tag-paises-en-guerra","tag-paz","tag-siria","tag-ucrania"],"acf":[],"_links":{"self":[{"href":"https:\/\/fundacioncarf.org\/pt\/wp-json\/wp\/v2\/posts\/201215","targetHints":{"allow":["GET"]}}],"collection":[{"href":"https:\/\/fundacioncarf.org\/pt\/wp-json\/wp\/v2\/posts"}],"about":[{"href":"https:\/\/fundacioncarf.org\/pt\/wp-json\/wp\/v2\/types\/post"}],"author":[{"embeddable":true,"href":"https:\/\/fundacioncarf.org\/pt\/wp-json\/wp\/v2\/users\/719"}],"replies":[{"embeddable":true,"href":"https:\/\/fundacioncarf.org\/pt\/wp-json\/wp\/v2\/comments?post=201215"}],"version-history":[{"count":11,"href":"https:\/\/fundacioncarf.org\/pt\/wp-json\/wp\/v2\/posts\/201215\/revisions"}],"predecessor-version":[{"id":226838,"href":"https:\/\/fundacioncarf.org\/pt\/wp-json\/wp\/v2\/posts\/201215\/revisions\/226838"}],"wp:featuredmedia":[{"embeddable":true,"href":"https:\/\/fundacioncarf.org\/pt\/wp-json\/wp\/v2\/media\/201217"}],"wp:attachment":[{"href":"https:\/\/fundacioncarf.org\/pt\/wp-json\/wp\/v2\/media?parent=201215"}],"wp:term":[{"taxonomy":"category","embeddable":true,"href":"https:\/\/fundacioncarf.org\/pt\/wp-json\/wp\/v2\/categories?post=201215"},{"taxonomy":"post_tag","embeddable":true,"href":"https:\/\/fundacioncarf.org\/pt\/wp-json\/wp\/v2\/tags?post=201215"}],"curies":[{"name":"wp","href":"https:\/\/api.w.org\/{rel}","templated":true}]}}