{"id":200018,"date":"2024-11-11T07:00:00","date_gmt":"2024-11-11T06:00:00","guid":{"rendered":"https:\/\/staging.fundacioncarf.org\/?p=200018"},"modified":"2024-11-18T14:22:05","modified_gmt":"2024-11-18T13:22:05","slug":"seminarista-iglesia-honduras-jovenes","status":"publish","type":"post","link":"https:\/\/fundacioncarf.org\/pt\/seminarista-iglesia-honduras-jovenes\/","title":{"rendered":"Gabriel Hern\u00e1n, o seminarista que quer tirar as Honduras da viol\u00eancia"},"content":{"rendered":"<p>Gabriel Hern\u00e1n M\u00e9ndez (<a href=\"https:\/\/es.wikipedia.org\/wiki\/Honduras\" target=\"_blank\" rel=\"noopener\">Honduras<\/a>(1994) \u00e9 um seminarista de 30 anos, natural de San Pedro Sula, Honduras, que pertence \u00e0 diocese de Santa Mar\u00eda de las Gracias e sonha em ajudar os jovens das Honduras a deixar para tr\u00e1s a viol\u00eancia dos gangs. Est\u00e1 atualmente a frequentar o terceiro ano de teologia na Universidade de Navarra e reside na <a href=\"https:\/\/seminariobidasoa.org\/\" data-type=\"link\" data-id=\"https:\/\/seminariobidasoa.org\/\" target=\"_blank\" rel=\"noopener\">Semin\u00e1rio Internacional de Bidasoa<\/a>.<\/p>\n\n\n\n<figure class=\"wp-block-embed is-type-video is-provider-youtube wp-block-embed-youtube wp-embed-aspect-16-9 wp-has-aspect-ratio\"><div class=\"wp-block-embed__wrapper\">\n<iframe loading=\"lazy\" title=\"???????? GABRIEL HERN\u00c1N M\u00c9NDEZ: O MEU SONHO \u00c9 SER PADRE E AJUDAR OS JOVENS HONDURENHOS ????????????\" width=\"500\" height=\"281\" src=\"https:\/\/www.youtube.com\/embed\/rlLprtnplp8?feature=oembed\" frameborder=\"0\" allow=\"accelerometer; autoplay; clipboard-write; encrypted-media; gyroscope; picture-in-picture; web-share\" referrerpolicy=\"strict-origin-when-cross-origin\" allowfullscreen><\/iframe>\n<\/div><\/figure>\n\n\n\n<h3 class=\"wp-block-heading\">Da d\u00favida \u00e0 f\u00e9: o despertar espiritual<\/h3>\n\n\n\n<p>Embora a sua fam\u00edlia n\u00e3o fosse religiosa, a influ\u00eancia da sua av\u00f3, que o ensinou a rezar, foi decisiva. No entanto, na adolesc\u00eancia, afastou-se da f\u00e9 e deixou de ir \u00e0 missa, pois as constantes mudan\u00e7as de resid\u00eancia e os interesses juvenis afastaram-no da Igreja. No entanto, sentiu uma atra\u00e7\u00e3o interior pela f\u00e9 que nunca desapareceu.<\/p>\n\n\n\n<p> \"Quando era adolescente, afastei-me completamente da Igreja e de tudo o que tinha a ver com religi\u00e3o. Isto deveu-se principalmente aos compromissos profissionais dos meus pais, que nos obrigavam a mudar frequentemente de casa, o que me impedia de ter um lugar fixo para ir \u00e0 missa. Al\u00e9m disso, devido \u00e0 minha idade, havia outras coisas que despertavam o meu interesse. No entanto, no fundo, sempre me senti atra\u00eddo pelas coisas da Igreja\", conta-nos Gabriel.<\/p>\n\n\n\n<p>Anos mais tarde, uma freira convidou-o para uma catequese para receber o Crisma. Gabriel aceitou, inicialmente motivado pela presen\u00e7a de um colega de turma de quem gostava, mas com o tempo come\u00e7ou a envolver-se nas actividades da Igreja. Ao receber o sacramento, o bispo perguntou-lhe como ia servir uma Igreja pobre como a das Honduras, palavras que o marcaram profundamente.<\/p>\n\n\n\n<figure class=\"wp-block-image size-large\"><img decoding=\"async\" width=\"1024\" height=\"576\" src=\"https:\/\/fundacioncarf.org\/wp-content\/uploads\/2024\/11\/honduras-bandera-seminarista-1024x576.jpeg\" alt=\"honduras bandera seminarista\" class=\"wp-image-200043\" srcset=\"https:\/\/fundacioncarf.org\/wp-content\/uploads\/2024\/11\/honduras-bandera-seminarista-1024x576.jpeg 1024w, https:\/\/fundacioncarf.org\/wp-content\/uploads\/2024\/11\/honduras-bandera-seminarista-300x169.jpeg 300w, https:\/\/fundacioncarf.org\/wp-content\/uploads\/2024\/11\/honduras-bandera-seminarista-150x84.jpeg 150w, https:\/\/fundacioncarf.org\/wp-content\/uploads\/2024\/11\/honduras-bandera-seminarista-768x432.jpeg 768w, https:\/\/fundacioncarf.org\/wp-content\/uploads\/2024\/11\/honduras-bandera-seminarista-18x10.jpeg 18w, https:\/\/fundacioncarf.org\/wp-content\/uploads\/2024\/11\/honduras-bandera-seminarista.jpeg 1500w\" sizes=\"(max-width: 1024px) 100vw, 1024px\" \/><\/figure>\n\n\n\n<h3 class=\"wp-block-heading\">O processo de discernimento e forma\u00e7\u00e3o no semin\u00e1rio das Honduras<\/h3>\n\n\n\n<p>Um seminarista, agora sacerdote, convidou-o para encontros de discernimento vocacional para jovens finalistas do ensino secund\u00e1rio que queriam descobrir a sua voca\u00e7\u00e3o. No final de 2013, Gabriel foi aceite no semin\u00e1rio maior Nuestra Se\u00f1ora de Suyapa, em Tegucigalpa, onde come\u00e7ou a sua forma\u00e7\u00e3o em 2014, com 19 anos, embora sem o apoio da sua fam\u00edlia.<\/p>\n\n\n\n<p>\"Foi uma experi\u00eancia nova para mim, pois parti sem o apoio da minha fam\u00edlia, que, n\u00e3o sendo praticante da f\u00e9, n\u00e3o compreendeu a minha decis\u00e3o de entrar no semin\u00e1rio\", conta.&nbsp;<\/p>\n\n\n\n<h3 class=\"wp-block-heading\">Uma pausa na sua forma\u00e7\u00e3o sacerdotal<\/h3>\n\n\n\n<p>Depois de terminar a filosofia (2017), v\u00e1rias circunst\u00e2ncias levaram-no a interromper a sua forma\u00e7\u00e3o sacerdotal e a regressar a casa. Come\u00e7ou a trabalhar num grupo de empresas dedicadas ao com\u00e9rcio, o que representou um novo desafio para si, pois teve de se adaptar a um estilo de vida e a um ambiente de trabalho diferentes.&nbsp;<\/p>\n\n\n\n<p>\"Aqui tenho de mencionar uma pessoa que Deus colocou no meu caminho: Magdalena M\u00e9ndez, a propriet\u00e1ria do grupo de empresas. Ela confiou em mim e deu-me o emprego, apesar de eu n\u00e3o ter experi\u00eancia\", diz Gabriel.<\/p>\n\n\n\n<h3 class=\"wp-block-heading\">Um chamamento \u00e0 voca\u00e7\u00e3o sacerdotal que persiste<\/h3>\n\n\n\n<p>Com o tempo, foi subindo na empresa e um dia foi-lhe oferecido o cargo de diretor-geral e representante legal da empresa. A sua situa\u00e7\u00e3o profissional e financeira estava a correr muito bem; tinha conseguido muitas coisas que nunca tinha imaginado. No entanto, apesar de tudo, a ideia de se tornar padre continuava a ecoar na sua cabe\u00e7a: \"havia uma esp\u00e9cie de vazio dentro de mim\", confessa este jovem das Honduras.&nbsp;<\/p>\n\n\n\n<p>Durante todo este tempo, manteve a comunica\u00e7\u00e3o com o seu diretor espiritual. Mais tarde, foi nomeado bispo de uma nova diocese nas Honduras e convidou-o para uma experi\u00eancia numa par\u00f3quia da sua diocese para o ajudar no seu processo de discernimento.&nbsp;<\/p>\n\n\n\n<figure class=\"wp-block-image size-full\"><img decoding=\"async\" width=\"1024\" height=\"768\" src=\"https:\/\/fundacioncarf.org\/wp-content\/uploads\/2024\/11\/santuario-de-san-matias-la-campa-honduras.-sacerdotes-y-seminaristas.jpeg\" alt=\"santuario de san mat\u00edas, la campa, honduras. sacerdotes y seminaristas\" class=\"wp-image-200048\" srcset=\"https:\/\/fundacioncarf.org\/wp-content\/uploads\/2024\/11\/santuario-de-san-matias-la-campa-honduras.-sacerdotes-y-seminaristas.jpeg 1024w, https:\/\/fundacioncarf.org\/wp-content\/uploads\/2024\/11\/santuario-de-san-matias-la-campa-honduras.-sacerdotes-y-seminaristas-300x225.jpeg 300w, https:\/\/fundacioncarf.org\/wp-content\/uploads\/2024\/11\/santuario-de-san-matias-la-campa-honduras.-sacerdotes-y-seminaristas-150x113.jpeg 150w, https:\/\/fundacioncarf.org\/wp-content\/uploads\/2024\/11\/santuario-de-san-matias-la-campa-honduras.-sacerdotes-y-seminaristas-768x576.jpeg 768w, https:\/\/fundacioncarf.org\/wp-content\/uploads\/2024\/11\/santuario-de-san-matias-la-campa-honduras.-sacerdotes-y-seminaristas-16x12.jpeg 16w\" sizes=\"(max-width: 1024px) 100vw, 1024px\" \/><\/figure>\n\n\n\n<p>\"Em janeiro de 2023, demiti-me do meu emprego e mudei-me para o santu\u00e1rio de San Mat\u00edas Ap\u00f3stol em La Campa, Lempira (Honduras), onde o Padre Rub\u00e9n G\u00f3mez me acompanhou. Enquanto estava l\u00e1, surgiu a oportunidade de vir para Espanha, para um semin\u00e1rio internacional, o de Bidasoa. O bispo fez-me a proposta, que aceitei, e em agosto de 2023 cheguei a Pamplona, onde retomei a minha forma\u00e7\u00e3o e os estudos com vista \u00e0 ordena\u00e7\u00e3o sacerdotal\".<\/p>\n\n\n\n<h3 class=\"wp-block-heading\">Uma miss\u00e3o: ajudar os jovens apanhados pela viol\u00eancia dos bandos<\/h3>\n\n\n\n<p>Durante todo este tempo, Gabriel nunca deixou de rezar e de perguntar a Deus o que queria para a sua vida.\u00a0<strong>\"<\/strong>Cresci no meio de maras e gangs. As Honduras s\u00e3o um pa\u00eds com muita viol\u00eancia, onde os jovens se juntam a gangs violentos. Alguns desses jovens viram-me perto da Igreja e vieram falar comigo. Para acompanhar estes jovens, pensei: creio que Deus me est\u00e1 a pedir para ser padre. A partir do meu exemplo de vida, talvez possa arrastar estes jovens para outro modo de vida e ajud\u00e1-los a descobrir que os gangs n\u00e3o s\u00e3o a \u00fanica sa\u00edda\", conta com emo\u00e7\u00e3o.\u00a0<\/p>\n\n\n\n<p>Entristece-se quando pensa que alguns dos seus colegas n\u00e3o conclu\u00edram o ensino secund\u00e1rio porque entraram no mundo violento dos gangues. \"A minha cidade, San Pedro Sula, \u00e9 marcada por gangs e maras, e muitos jovens n\u00e3o v\u00eaem outra sa\u00edda sen\u00e3o ir para l\u00e1, porque v\u00eaem o grupo como uma fam\u00edlia, que n\u00e3o encontraram em casa. Sofrem de priva\u00e7\u00e3o emocional e de vazio familiar\", lamenta.&nbsp;<\/p>\n\n\n\n<figure class=\"wp-block-image size-large\"><img decoding=\"async\" width=\"635\" height=\"847\" src=\"https:\/\/fundacioncarf.org\/wp-content\/uploads\/2024\/11\/Gabriel-Mendez-Seminarista-Honduras-Bidasoa-edited.jpg\" alt=\"Gabriel-Mendez-Seminarista-Honduras-Bidasoa\" class=\"wp-image-200052\" srcset=\"https:\/\/fundacioncarf.org\/wp-content\/uploads\/2024\/11\/Gabriel-Mendez-Seminarista-Honduras-Bidasoa-edited.jpg 635w, https:\/\/fundacioncarf.org\/wp-content\/uploads\/2024\/11\/Gabriel-Mendez-Seminarista-Honduras-Bidasoa-edited-225x300.jpg 225w, https:\/\/fundacioncarf.org\/wp-content\/uploads\/2024\/11\/Gabriel-Mendez-Seminarista-Honduras-Bidasoa-edited-112x150.jpg 112w, https:\/\/fundacioncarf.org\/wp-content\/uploads\/2024\/11\/Gabriel-Mendez-Seminarista-Honduras-Bidasoa-edited-9x12.jpg 9w\" sizes=\"(max-width: 635px) 100vw, 635px\" \/><\/figure>\n\n\n\n<h3 class=\"wp-block-heading\">O seu desejo: ser um padre que ajude estes jovens&nbsp;<\/h3>\n\n\n\n<p>Gabriel aspira a ser um padre empenhado, em primeiro lugar, no campo espiritual, evangelizando e transmitindo o amor de Deus a todos estes jovens. E, em segundo lugar, apoiando a cria\u00e7\u00e3o de centros de reabilita\u00e7\u00e3o: \"Quando um jovem se junta a um gang, n\u00e3o lhe \u00e9 permitido sair. \u00c9 por isso que \u00e9 importante criar estes centros para acolher as crian\u00e7as antes de entrarem nestas organiza\u00e7\u00f5es, para lhes ensinar of\u00edcios que ocupem as suas mentes\".&nbsp;<\/p>\n\n\n\n<p>Nesta miss\u00e3o, <strong>Gabriel est\u00e1 grato pelo trabalho da Igreja, que tem centros e congrega\u00e7\u00f5es religiosas dedicados ao trabalho com jovens em risco social. <\/strong>No entanto, o trabalho \u00e9 complicado pelo facto de, para muitos destes jovens, os bandos representarem a \u00fanica sa\u00edda vi\u00e1vel. Al\u00e9m disso, o governo mostra um grande desinteresse em resolver este problema.&nbsp;<\/p>\n\n\n\n<h3 class=\"wp-block-heading\">O problema das seitas e a falta de padres&nbsp;<\/h3>\n\n\n\n<p><strong>Outro problema nas Honduras \u00e9 a influ\u00eancia das seitas.<\/strong>Atualmente, os cat\u00f3licos j\u00e1 n\u00e3o s\u00e3o maiorit\u00e1rios num pa\u00eds tradicionalmente cat\u00f3lico. Os jovens s\u00e3o mais atra\u00eddos por estas seitas, pois nos bairros h\u00e1 uma em cada rua, enquanto as igrejas cat\u00f3licas s\u00e3o raras, com apenas uma por bairro. Para al\u00e9m disso, <strong>o padre muitas vezes n\u00e3o pode vir nem uma vez por m\u00eas<\/strong>Lamenta ter de atender mais 50 templos\", diz.&nbsp;<\/p>\n\n\n\n<p>Com este grande desafio, Gabriel pede a ora\u00e7\u00e3o de todos os benfeitores e amigos do <a href=\"https:\/\/fundacioncarf.org\/donar\/pon-cara-a-tu-donativo\/\" data-type=\"page\" data-id=\"179738\">Funda\u00e7\u00e3o CARF<\/a> para se tornar um bom padre: <strong>a primeira coisa que n\u00f3s, padres, devemos ter bem claro \u00e9 a mensagem do Evangelho.<\/strong> e como transmiti-la, anunciando Jesus Cristo sem se deixar influenciar por ideologias que atacam a sociedade. Pelo contr\u00e1rio, deve agir como um pastor e procurar as ovelhas perdidas, que muitas vezes n\u00e3o t\u00eam ningu\u00e9m que lhes mostre o caminho.&nbsp;<\/p>\n\n\n\n<h3 class=\"wp-block-heading\">\"Pregue Cristo, n\u00e3o a si pr\u00f3prio\".&nbsp;<\/h3>\n\n\n\n<p>Al\u00e9m disso, para Gabriel, um padre do s\u00e9culo XXI deve lembrar-se que prega Cristo e n\u00e3o a si pr\u00f3prio. <strong>\"Com a ascens\u00e3o das redes sociais, existe o risco de Cristo ser posto de lado e o pregador ser colocado no centro.<\/strong>. Por isso, \u00e9 essencial que o sacerdote se prepare intelectualmente para dar conta da nossa f\u00e9, n\u00e3o s\u00f3 pela ora\u00e7\u00e3o, mas tamb\u00e9m pela eloqu\u00eancia do seu ensino, tanto em palavras como em actos\".&nbsp;<\/p>\n\n\n\n<p>Em todo este trabalho, est\u00e1 grato \u00e0 Funda\u00e7\u00e3o CARF pelo apoio que lhe \u00e9 dado para uma maior e melhor forma\u00e7\u00e3o. \"S\u00e3o necess\u00e1rios padres bem formados, porque neste mundo, com tanta ideologia, temos de dar raz\u00f5es da nossa f\u00e9, lan\u00e7ar as bases de uma nova evangeliza\u00e7\u00e3o e contribuir assim para o novo ressurgimento da Igreja\".&nbsp;<\/p>\n\n\n\n<h2 class=\"wp-block-heading\">Ora\u00e7\u00e3o e a\u00e7\u00e3o de gra\u00e7as<\/h2>\n\n\n\n<p>Gabriel est\u00e1 muito grato a todos os benfeitores do <strong>Funda\u00e7\u00e3o CARF<\/strong> e a <a href=\"https:\/\/www.aeh.org.gt\/\" data-type=\"link\" data-id=\"https:\/\/www.aeh.org.gt\/\" target=\"_blank\" rel=\"noreferrer noopener\"><strong>Associa\u00e7\u00e3o de Estudos Human\u00edsticos<\/strong><\/a>Rezo por si e estou-lhe muito grato porque, sem a sua ajuda, n\u00e3o seria poss\u00edvel completar a minha forma\u00e7\u00e3o teol\u00f3gica na Universidade de Navarra\". O objetivo de Gabriel \u00e9 poder formar-se muito bem para poder regressar \u00e0 sua diocese e ajudar na forma\u00e7\u00e3o de futuras voca\u00e7\u00f5es sacerdotais no seu pa\u00eds.<\/p>\n\n\n\n<hr class=\"wp-block-separator has-alpha-channel-opacity\"\/>\n\n\n\n<p><strong>Marta Sant\u00edn<\/strong>jornalista especializado em religi\u00e3o.<\/p>","protected":false},"excerpt":{"rendered":"<p>Gabriel \u00e9 um seminarista das Honduras que cresceu no meio de gangs e de bandos violentos. \u00c9 por isso que sonha em tornar-se um padre empenhado, para dar uma raz\u00e3o da nossa f\u00e9 e tamb\u00e9m, na medida das suas possibilidades, para tirar tantos jovens do ambiente violento da sua diocese. <\/p>","protected":false},"author":719,"featured_media":200021,"comment_status":"closed","ping_status":"closed","sticky":false,"template":"","format":"standard","meta":{"_acf_changed":false,"give_campaign_id":0,"footnotes":""},"categories":[109],"tags":[191,180],"class_list":["post-200018","post","type-post","status-publish","format-standard","has-post-thumbnail","hentry","category-historias","tag-formacion","tag-seminaristas"],"acf":[],"_links":{"self":[{"href":"https:\/\/fundacioncarf.org\/pt\/wp-json\/wp\/v2\/posts\/200018","targetHints":{"allow":["GET"]}}],"collection":[{"href":"https:\/\/fundacioncarf.org\/pt\/wp-json\/wp\/v2\/posts"}],"about":[{"href":"https:\/\/fundacioncarf.org\/pt\/wp-json\/wp\/v2\/types\/post"}],"author":[{"embeddable":true,"href":"https:\/\/fundacioncarf.org\/pt\/wp-json\/wp\/v2\/users\/719"}],"replies":[{"embeddable":true,"href":"https:\/\/fundacioncarf.org\/pt\/wp-json\/wp\/v2\/comments?post=200018"}],"version-history":[{"count":16,"href":"https:\/\/fundacioncarf.org\/pt\/wp-json\/wp\/v2\/posts\/200018\/revisions"}],"predecessor-version":[{"id":200358,"href":"https:\/\/fundacioncarf.org\/pt\/wp-json\/wp\/v2\/posts\/200018\/revisions\/200358"}],"wp:featuredmedia":[{"embeddable":true,"href":"https:\/\/fundacioncarf.org\/pt\/wp-json\/wp\/v2\/media\/200021"}],"wp:attachment":[{"href":"https:\/\/fundacioncarf.org\/pt\/wp-json\/wp\/v2\/media?parent=200018"}],"wp:term":[{"taxonomy":"category","embeddable":true,"href":"https:\/\/fundacioncarf.org\/pt\/wp-json\/wp\/v2\/categories?post=200018"},{"taxonomy":"post_tag","embeddable":true,"href":"https:\/\/fundacioncarf.org\/pt\/wp-json\/wp\/v2\/tags?post=200018"}],"curies":[{"name":"wp","href":"https:\/\/api.w.org\/{rel}","templated":true}]}}