{"id":199757,"date":"2024-10-28T15:04:28","date_gmt":"2024-10-28T14:04:28","guid":{"rendered":"https:\/\/staging.fundacioncarf.org\/?p=199757"},"modified":"2024-11-04T11:33:18","modified_gmt":"2024-11-04T10:33:18","slug":"seminarista-jesus-eduadro-flores-bidasoa","status":"publish","type":"post","link":"https:\/\/fundacioncarf.org\/pt\/seminarista-jesus-eduadro-flores-bidasoa\/","title":{"rendered":"Jes\u00fas Eduardo, seminarista: \"n\u00f3s, padres do s\u00e9culo XXI, n\u00e3o devemos ter medo das tribula\u00e7\u00f5es\"."},"content":{"rendered":"<p>\"Na minha adolesc\u00eancia e in\u00edcio da adolesc\u00eancia, muitas pessoas convidaram-me para me juntar a um grupo de jovens ou de culto, e a minha resposta era sempre a mesma: muito obrigado, mas n\u00e3o. Naquela altura da minha vida, eu n\u00e3o via tudo de bom que Deus tinha para me oferecer.<\/p>\n\n\n\n<figure class=\"wp-block-embed is-type-video is-provider-youtube wp-block-embed-youtube wp-embed-aspect-16-9 wp-has-aspect-ratio\"><div class=\"wp-block-embed__wrapper\">\n<iframe loading=\"lazy\" title=\"Jesus Eduardo Flores Seminarista Bidasoa\" width=\"500\" height=\"281\" src=\"https:\/\/www.youtube.com\/embed\/k_wVdTZpydE?feature=oembed\" frameborder=\"0\" allow=\"accelerometer; autoplay; clipboard-write; encrypted-media; gyroscope; picture-in-picture; web-share\" referrerpolicy=\"strict-origin-when-cross-origin\" allowfullscreen><\/iframe>\n<\/div><\/figure>\n\n\n\n<h2 class=\"wp-block-heading\"><strong>A nova evangeliza\u00e7\u00e3o no M\u00e9xico<\/strong><\/h2>\n\n\n\n<p>Atualmente, com 33 anos, \u00e9 seminarista na diocese de Tabasco (M\u00e9xico), estuda na Universidade de Navarra e reside e faz a sua forma\u00e7\u00e3o na <a href=\"https:\/\/seminariobidasoa.org\/\" data-type=\"link\" data-id=\"https:\/\/seminariobidasoa.org\/\" target=\"_blank\" rel=\"noopener\">Semin\u00e1rio Internacional de Bidasoa<\/a> (Pamplona). Est\u00e1 consciente de que \u00e9 necess\u00e1ria uma boa forma\u00e7\u00e3o para poder evangelizar numa sociedade p\u00f3s-moderna do s\u00e9culo XXI, especialmente no M\u00e9xico, um pa\u00eds com fortes ra\u00edzes cat\u00f3licas onde o protestantismo est\u00e1 tamb\u00e9m a ganhar terreno.<\/p>\n\n\n\n<p>\"Uma das principais necessidades de evangeliza\u00e7\u00e3o, n\u00e3o s\u00f3 na minha diocese mas em todo o pa\u00eds, \u00e9 como evangelizar face aos m\u00faltiplos grupos protestantes que est\u00e3o a crescer\".&nbsp;<\/p>\n\n\n\n<p><p>Na sua experi\u00eancia, \u00e9 necess\u00e1rio come\u00e7ar pelas fam\u00edlias, catequizando e dando a conhecer a beleza da Palavra de Deus. \"Para isso, as par\u00f3quias devem incentivar mais o esp\u00edrito mission\u00e1rio nas pr\u00f3prias comunidades (que \u00e9 algo que se faz), mas \u00e9 preciso promov\u00ea-lo muito mais, e assim, com a participa\u00e7\u00e3o de toda a comunidade, aproximar Deus daqueles que ainda n\u00e3o O conhecem ou que at\u00e9 se afastaram d'Ele\".<\/p>\n<p><img decoding=\"async\" class=\"alignnone\" title=\"celebra\u00e7\u00e3o dos 500 anos de evangeliza\u00e7\u00e3o no M\u00e9xico. seminarista e sacerdotes\" src=\"https:\/\/aica.org\/imagenes\/noticias\/preparan-celebracion-por-los-500-anos-de-evangelizacion-en-mexico-YdBC.jpg\" alt=\"celebraci\u00f3n por los 500 a\u00f1os de evangelizaci\u00f3n en M\u00e9xico. seminarista y sacerdotes\" width=\"750\" height=\"375\"><\/p><\/p>\n\n\n\n<h2 class=\"wp-block-heading\"><strong>Fam\u00edlias cat\u00f3licas, ber\u00e7o de voca\u00e7\u00f5es<\/strong><\/h2>\n\n\n\n<p>Perante a prolifera\u00e7\u00e3o de grupos protestantes ou anti-clericais, este seminarista est\u00e1 convencido do poder de cada cat\u00f3lico ser testemunha da f\u00e9 cat\u00f3lica e, como ele sugere, a come\u00e7ar pelas fam\u00edlias.<\/p>\n\n\n\n<p>\"As fam\u00edlias s\u00e3o as igrejas dom\u00e9sticas onde se inicia o cultivo da f\u00e9, dos valores, das virtudes, dos ensinamentos e dos costumes que, pouco a pouco, v\u00e3o moldando o car\u00e1cter e a personalidade de cada um dos seus membros\".<\/p>\n\n\n\n<p>Jes\u00fas est\u00e1 convencido de que se a f\u00e9 cat\u00f3lica for vivida em cada fam\u00edlia, o seu testemunho dar\u00e1 uma resposta aos grupos anti-clericais que procuram atacar a Igreja. \"N\u00e3o se trata de uma guerra entre a f\u00e9 cat\u00f3lica e as seitas protestantes, mas, como cat\u00f3licos, temos uma grande responsabilidade e, iluminados pela luz da f\u00e9, temos de adquirir a melhor prepara\u00e7\u00e3o para enfrentar os novos desafios deste tempo.<\/p>\n\n\n\n<h2 class=\"wp-block-heading\"><strong>O exemplo da sua fam\u00edlia<\/strong><\/h2>\n\n\n\n<p>Este seminarista, que quer ser padre, transmite a sua pr\u00f3pria experi\u00eancia do que aprendeu na sua fam\u00edlia. \u00c9 o mais novo de tr\u00eas irm\u00e3os e cresceu com o apoio da sua fam\u00edlia, fator fundamental para se tornar a pessoa que \u00e9 hoje, sempre de m\u00e3os dadas com Deus em todos os projectos da sua vida.<\/p>\n\n\n\n<p>\"Os bons momentos da minha inf\u00e2ncia est\u00e3o cheios de la\u00e7os entre irm\u00e3os, brincadeiras, divers\u00e3o, prote\u00e7\u00e3o m\u00fatua. Um aspeto positivo da minha inf\u00e2ncia \u00e9 o facto de, desde crian\u00e7a, ter sido sempre um estudante, algo que os meus pais sempre me incutiram e que me caracterizou durante toda a minha vida\".<\/p>\n\n\n\n<h2 class=\"wp-block-heading\"><strong>Um ponto de viragem: o <a href=\"https:\/\/seminariobidasoa.org\/\" target=\"_blank\" rel=\"noopener\">semin\u00e1rio<\/a><\/strong><\/h2>\n\n\n\n<p>Recorda tamb\u00e9m que a adolesc\u00eancia foi uma das melhores fases da sua vida, porque come\u00e7ou a crescer e a amadurecer a sua personalidade. \"O bom da minha adolesc\u00eancia \u00e9 que estava a definir a minha maneira de ser, sabia distinguir o bom do mau e acima de tudo a confian\u00e7a que os meus pais tinham em mim e nos meus irm\u00e3os. Agrade\u00e7o aos meus pais que sempre me deram uma educa\u00e7\u00e3o baseada em valores, criando em mim e nos meus irm\u00e3os o sentido de responsabilidade, dedica\u00e7\u00e3o e esfor\u00e7o em todas as nossas actividades\", diz o seminarista.<\/p>\n\n\n\n<p>Os seus pais apoiaram-no no momento mais importante da sua vida: entrar no semin\u00e1rio aos trinta anos, depois de uma carreira profissional e de um emprego est\u00e1vel, confiando sempre na vontade de Deus, \"que me chamava a ir al\u00e9m das minhas capacidades para devolver a Deus, de forma generosa, tudo o que Ele me tinha dado ao longo da minha vida\".<\/p>\n\n\n\n<h2 class=\"wp-block-heading\"><img decoding=\"async\" class=\"wp-image-199831 alignleft\" src=\"https:\/\/fundacioncarf.org\/wp-content\/uploads\/2024\/10\/TESTIMONIO-FEBRERO-2024.-BIDASOA.-JESUS-EDUARDO-FLORES-1-225x300.jpeg\" alt=\"BIDASOA. JESUS EDUARDO FLORES seminarista\" width=\"290\" height=\"387\" srcset=\"https:\/\/fundacioncarf.org\/wp-content\/uploads\/2024\/10\/TESTIMONIO-FEBRERO-2024.-BIDASOA.-JESUS-EDUARDO-FLORES-1-225x300.jpeg 225w, https:\/\/fundacioncarf.org\/wp-content\/uploads\/2024\/10\/TESTIMONIO-FEBRERO-2024.-BIDASOA.-JESUS-EDUARDO-FLORES-1-113x150.jpeg 113w, https:\/\/fundacioncarf.org\/wp-content\/uploads\/2024\/10\/TESTIMONIO-FEBRERO-2024.-BIDASOA.-JESUS-EDUARDO-FLORES-1-9x12.jpeg 9w, https:\/\/fundacioncarf.org\/wp-content\/uploads\/2024\/10\/TESTIMONIO-FEBRERO-2024.-BIDASOA.-JESUS-EDUARDO-FLORES-1.jpeg 768w\" sizes=\"(max-width: 290px) 100vw, 290px\" \/><\/h2>\r\n<h2 class=\"wp-block-heading\"><strong>Evangelizar a juventude mexicana<\/strong><\/h2>\n\n\n\n<p>O sonho deste seminarista \u00e9 evangelizar os jovens do M\u00e9xico. \"H\u00e1 uma coisa que me impressiona muito e que \u00e9 o facto de a juventude mexicana, apesar das mudan\u00e7as ocorridas nos \u00faltimos anos, ser uma juventude que tem voz e se faz ouvir, \u00e9 uma juventude onde se v\u00ea claramente que quando h\u00e1 unidade e todos se ligam pelo mesmo interesse, conseguem atingir os objectivos que se prop\u00f5em, \u00e9 uma juventude onde h\u00e1 muita esperan\u00e7a, sobretudo nestes tempos de modernidade\".<\/p>\n\n\n\n<p>Na sua opini\u00e3o, <strong>o que \u00e9 necess\u00e1rio para aproximar os jovens da f\u00e9 cat\u00f3lica \u00e9 dar-lhes e permitir-lhes uma maior participa\u00e7\u00e3o nas par\u00f3quias.<\/strong>\u00c9 de grande import\u00e2ncia fazer com que se sintam parte da igreja, integrando-os nas actividades, a fim de gerar neles atitudes de amor e responsabilidade n\u00e3o s\u00f3 pelo servi\u00e7o que prestam, mas tamb\u00e9m por Deus.<\/p>\n\n\n\n<p>\"No entanto, as fam\u00edlias s\u00e3o fundamentais para o conseguir, pois \u00e9 a\u00ed que se fomenta o amor a Deus e o amor \u00e0 Igreja\", insiste Jes\u00fas.<\/p>\n\n\n\n<h2 class=\"wp-block-heading\"><strong>O seminarista do s\u00e9culo XXI<\/strong><\/h2>\n\n\n\n<p><strong>Como deve ser para Jes\u00fas Eduardo o seminarista e o sacerdote do s\u00e9culo XXI? <\/strong>\"Na minha opini\u00e3o, deve ter um grande amor e dedica\u00e7\u00e3o \u00e0quilo a que Deus o chamou; ter um sentido de compromisso e responsabilidade onde quer que esteja; ter uma solidez em todas as suas \u00e1reas de forma\u00e7\u00e3o, que lhe permita enfrentar os desafios que a nossa Igreja tem e ter\u00e1 no futuro\".&nbsp;<\/p>\n\n\n\n<p>Al\u00e9m disso, considera necess\u00e1rio que os actuais seminaristas e sacerdotes mantenham uma forma\u00e7\u00e3o permanente e constante para poderem responder \u00e0s necessidades e preocupa\u00e7\u00f5es do povo de Deus, uma vez que estamos perante gera\u00e7\u00f5es futuras que se est\u00e3o a preparar muito bem.<\/p>\n\n\n\n<h2 class=\"wp-block-heading\">Perder o medo e confiar em Deus<\/h2>\n\n\n\n<p>\"Um seminarista do s\u00e9culo XXI n\u00e3o deve apagar a chama da sua voca\u00e7\u00e3o perante o que o mundo tem para oferecer e que o pode desviar daquilo a que foi chamado. Deve ter sempre presente a raz\u00e3o pela qual decidiu seguir Deus, e <strong>n\u00e3o tenham medo das tribula\u00e7\u00f5es que possam sofrer\".<\/strong><\/p>\n\n\n\n<p>Jes\u00fas Eduardo Flores conclui: \"responder ao chamamento de Deus \u00e9 e ser\u00e1 uma das experi\u00eancias mais enriquecedoras que marcar\u00e3o a vida de um seminarista, que nunca esquecer\u00e1 todo o esfor\u00e7o que fez ao longo da sua forma\u00e7\u00e3o e que se reflectir\u00e1 no seu servi\u00e7o \u00e0 Igreja e a todo o povo de Deus como sacerdote\".&nbsp;<\/p>\n\n\n\n<p>Para concluir, Jesus est\u00e1 muito grato a todos os benfeitores do <a href=\"https:\/\/fundacioncarf.org\/donar\/vasos-sagrados\/\">Funda\u00e7\u00e3o CARF<\/a> que tornam poss\u00edveis os seus estudos em Pamplona. \"Obrigado aos benfeitores pela sua generosidade e pelas suas ora\u00e7\u00f5es, porque ao ajudarem seminaristas como eu, ajudam muitas comunidades crist\u00e3s em todo o mundo. Mantenho-vos nas minhas ora\u00e7\u00f5es.<\/p>\n\n\n\n<hr class=\"wp-block-separator has-alpha-channel-opacity\"\/>\n\n\n\n<p><strong>Marta Sant\u00edn, <\/strong>jornalista especializado em religi\u00e3o.<\/p>","protected":false},"excerpt":{"rendered":"<p>Jes\u00fas Eduardo Flores, um jovem seminarista que descobriu a sua voca\u00e7\u00e3o para o sacerd\u00f3cio aos 30 anos, confessa que Deus o chamou para O servir desde muito jovem, \"e eu n\u00e3o conseguia compreender o que Ele queria para mim\".<\/p>","protected":false},"author":4,"featured_media":199830,"comment_status":"closed","ping_status":"closed","sticky":false,"template":"","format":"standard","meta":{"_acf_changed":false,"give_campaign_id":0,"footnotes":""},"categories":[109],"tags":[169,121,182],"class_list":["post-199757","post","type-post","status-publish","format-standard","has-post-thumbnail","hentry","category-historias","tag-bidasoa","tag-seminarista","tag-testimonio"],"acf":[],"_links":{"self":[{"href":"https:\/\/fundacioncarf.org\/pt\/wp-json\/wp\/v2\/posts\/199757","targetHints":{"allow":["GET"]}}],"collection":[{"href":"https:\/\/fundacioncarf.org\/pt\/wp-json\/wp\/v2\/posts"}],"about":[{"href":"https:\/\/fundacioncarf.org\/pt\/wp-json\/wp\/v2\/types\/post"}],"author":[{"embeddable":true,"href":"https:\/\/fundacioncarf.org\/pt\/wp-json\/wp\/v2\/users\/4"}],"replies":[{"embeddable":true,"href":"https:\/\/fundacioncarf.org\/pt\/wp-json\/wp\/v2\/comments?post=199757"}],"version-history":[{"count":10,"href":"https:\/\/fundacioncarf.org\/pt\/wp-json\/wp\/v2\/posts\/199757\/revisions"}],"predecessor-version":[{"id":200016,"href":"https:\/\/fundacioncarf.org\/pt\/wp-json\/wp\/v2\/posts\/199757\/revisions\/200016"}],"wp:featuredmedia":[{"embeddable":true,"href":"https:\/\/fundacioncarf.org\/pt\/wp-json\/wp\/v2\/media\/199830"}],"wp:attachment":[{"href":"https:\/\/fundacioncarf.org\/pt\/wp-json\/wp\/v2\/media?parent=199757"}],"wp:term":[{"taxonomy":"category","embeddable":true,"href":"https:\/\/fundacioncarf.org\/pt\/wp-json\/wp\/v2\/categories?post=199757"},{"taxonomy":"post_tag","embeddable":true,"href":"https:\/\/fundacioncarf.org\/pt\/wp-json\/wp\/v2\/tags?post=199757"}],"curies":[{"name":"wp","href":"https:\/\/api.w.org\/{rel}","templated":true}]}}