{"id":183836,"date":"2023-03-02T11:05:00","date_gmt":"2023-03-02T10:05:00","guid":{"rendered":"https:\/\/staging.fundacioncarf.org\/los-cristianos-en-tierra-santa-somos-minoria-en-numero-no-en-calidad\/"},"modified":"2025-11-27T16:49:03","modified_gmt":"2025-11-27T15:49:03","slug":"en-tierra-santa-somos-minoria-en-numero","status":"publish","type":"post","link":"https:\/\/fundacioncarf.org\/pt\/en-tierra-santa-somos-minoria-en-numero\/","title":{"rendered":"\"Os crist\u00e3os na Terra Santa s\u00e3o uma minoria em n\u00famero, n\u00e3o em qualidade\"."},"content":{"rendered":"<figure class=\"wp-block-embed is-type-video is-provider-youtube wp-block-embed-youtube wp-embed-aspect-16-9 wp-has-aspect-ratio\"><div class=\"wp-block-embed__wrapper\">\n<iframe loading=\"lazy\" title=\"???????? &quot;Os CRIST\u00c3OS NA TERRA SANTA s\u00e3o uma minoria em n\u00famero, n\u00e3o em qualidade&quot; | Marwan, Israel\" width=\"500\" height=\"281\" src=\"https:\/\/www.youtube.com\/embed\/r6ooFex0XoU?feature=oembed\" frameborder=\"0\" allow=\"accelerometer; autoplay; clipboard-write; encrypted-media; gyroscope; picture-in-picture; web-share\" referrerpolicy=\"strict-origin-when-cross-origin\" allowfullscreen><\/iframe>\n<\/div><\/figure>\n\n\n\n<p><strong>- \u00c9 um prazer cumpriment\u00e1-lo, caro Padre Marwan, especialmente nestes dias em que estamos de novo a ver na televis\u00e3o e a ler nos jornais sobre os conflitos que abalam Jerusal\u00e9m e a Terra Santa. Falar com algu\u00e9m que est\u00e1 empenhado na comunica\u00e7\u00e3o institucional e com os crist\u00e3os na Terra Santa ajuda-nos a compreender como \u00e9 grande a complexidade daquela parte do mundo. E voc\u00ea \u00e9 um exemplo dessa complexidade.<\/strong><\/p>\n\n\n\n<p>Sim, eu nasci em Jerusal\u00e9m em 1974, numa fam\u00edlia ecum\u00e9nica. O meu pai era da Igreja Ortodoxa e a minha m\u00e3e \u00e9 da Igreja Latina. Tal como antecipou, fui baptizado pelos Melkitas, porque o tio da minha m\u00e3e era um padre Melkite. Quando eu nasci, ele pediu aos meus pais para me baptizarem pessoalmente, e f\u00ea-lo de acordo com o seu rito. Depois disso, os meus pais queriam que eu frequentasse uma das melhores escolas que temos em Jerusal\u00e9m. Por isso matricularam-me na escola anglicana. E no final, com um pai ortodoxo, uma m\u00e3e latina, baptizada pelos Melkitas e educada pelos anglicanos, entrei finalmente no convento dos Franciscanos na Terra Santa.<\/p>\n\n\n\n<h3 class=\"wp-block-heading\">A complexidade dos crist\u00e3os na Terra Santa<\/h3>\n\n\n\n<p><strong>- Bem, algo muito fascinante mas n\u00e3o muito f\u00e1cil de entender para aqueles que n\u00e3o vivem no Oriente e n\u00e3o est\u00e3o familiarizados com esta complexidade?<\/strong><\/p>\n\n\n\n<p>E lembre-se que o meu primeiro contacto com a f\u00e9 foi, de facto, na Igreja Anglicana. Na escola, \u00edamos \u00e0 igreja para rezar, obviamente segundo o rito anglicano. Ao mesmo tempo, os meus pais mandavam-me para o orat\u00f3rio da igreja paroquial, que era uma par\u00f3quia latina. Ia uma vez por semana e sempre que podia. Nessa altura, encontrei alguns jovens amigos, n\u00e3o da escola mas do bairro, que faziam parte da Juventude Franciscana da Cidade Velha de Jerusal\u00e9m.<\/p>\n\n\n\n<p>Juntei-me a eles porque gostava da maneira como se reuniam para rezar e meditar a palavra de Deus. Pouco a pouco, fui conhecendo melhor os frades franciscanos e comecei a sentir o chamamento de Deus para fazer parte desta fraternidade franciscana.<\/p>\n\n\n\n<p>No fim do meu \u00faltimo ano do ensino secund\u00e1rio, j\u00e1 tinha decidido entrar no convento para um julgamento da vida franciscana com os frades da Cust\u00f3dia da Terra Santa. Os meus pais opuseram-se fortemente. No entanto, depois de muita insist\u00eancia da minha parte, eles permitiram-me entrar no convento.<\/p>\n\n\n\n<figure class=\"wp-block-image\"><img decoding=\"async\" src=\"https:\/\/fundacioncarf.org\/wp-content\/uploads\/2023\/05\/critianos-en-tierra-santa-2.jpg\" alt=\"cristianos en tierra santa\" class=\"wp-image-163920\" title=\"christians-in-holy-earth-2\"\/><\/figure>\n\n\n\n<p><strong>- Um cidad\u00e3o israelita, de etnia \u00e1rabe-palestiniana, de f\u00e9 crist\u00e3 e, al\u00e9m disso, suscitado entre v\u00e1rias confiss\u00f5es e ritos. Como se vive esta complexa identidade?<\/strong><\/p>\n\n\n\n<p>Certamente, como um palestino nativo de Jerusal\u00e9m, que na realidade est\u00e1 em Israel, um pa\u00eds de tantas etnias, com uma origem eclesial realmente diversa, n\u00e3o tem sido e ainda n\u00e3o \u00e9 f\u00e1cil... Bem, repare que em Jerusal\u00e9m todos gostariam de ter um pequeno lugar.<\/p>\n\n\n\n<p>E n\u00e3o tem sido f\u00e1cil, antes de mais nada, porque em <strong>Terra Santa<\/strong> uma pessoa tem de se adaptar a tantas mentalidades e a tantas formas de existir. E n\u00e3o estou a falar apenas dos cidad\u00e3os \u00e1rabes israelitas, mas tamb\u00e9m das muitas mentalidades diferentes dos muitos peregrinos que visitam a Terra Santa a toda a hora e, muitas vezes, dos muitos estrangeiros que l\u00e1 vivem.<\/p>\n\n\n\n<p>Por um lado, a sua presen\u00e7a pode ser um desafio; por outro lado, \u00e9 tamb\u00e9m uma riqueza. Um desafio porque \u00e9 necess\u00e1rio ter um esp\u00edrito ecum\u00e9nico e uma abertura inter-religiosa. A riqueza est\u00e1 em saber captar e apreciar as melhores mensagens de todas estas culturas.<\/p>\n\n\n\n<h3 class=\"wp-block-heading\">Quantos crist\u00e3os existem na Terra Santa<\/h3>\n\n\n\n<p><strong>- Quantos crist\u00e3os existem na Terra Santa, de que confiss\u00e3o e quais s\u00e3o as suas necessidades particulares?<\/strong><\/p>\n\n\n\n<p>Os crist\u00e3os na Terra Santa s\u00e3o de muitas igrejas diferentes. H\u00e1 a Igreja Cat\u00f3lica, a Igreja Anglicana, a Igreja Protestante, bem como as Igrejas Ortodoxas. No entanto, n\u00f3s crist\u00e3os vivemos juntos em grande harmonia de f\u00e9, porque acreditamos no mesmo Deus e salvador Jesus Cristo. A nossa necessidade absoluta \u00e9 afirmar a nossa exist\u00eancia e presen\u00e7a, como um corpo unido, porque somos menos de 2 % da popula\u00e7\u00e3o da Terra Santa (s\u00f3 o Estado de Israel tem quase 9,5 milh\u00f5es de habitantes). Portanto, somos realmente uma minoria.<\/p>\n\n\n\n<p>\u00c9 normal que haja esta necessidade de auto-afirma\u00e7\u00e3o e de dizer que estamos realmente presentes. De facto, estamos presentes do ponto de vista cient\u00edfico e educativo, do ponto de vista administrativo, no mundo do trabalho e dos neg\u00f3cios, e tamb\u00e9m do ponto de vista da f\u00e9.<\/p>\n\n\n\n<h3 class=\"wp-block-heading\">Di\u00e1logo inter-religioso<\/h3>\n\n\n\n<p><strong>- E este aspecto da f\u00e9 e do di\u00e1logo \u00e9 muito importante, pois sabemos que os crist\u00e3os desempenham um papel especial nas conversa\u00e7\u00f5es de paz porque t\u00eam as melhores escolas do pa\u00eds. Estatisticamente, eles s\u00e3o os mais bem sucedidos nos seus estudos, especialmente em campos como a medicina. E s\u00e3o um verdadeiro factor de unidade nacional, mesmo que estejam espremidos entre as duas grandes denomina\u00e7\u00f5es maiorit\u00e1rias: o juda\u00edsmo e o islamismo.<\/strong><\/p>\n\n\n\n<p>De facto, somos. Somos um dos componentes que constituem a sociedade que vive no mundo. <strong><a href=\"https:\/\/fundacioncarf.org\/peregrinaciones-fundacion-carf\/tierra-santa-peregrina\/\">Terra Santa<\/a><\/strong>entre crist\u00e3os, mu\u00e7ulmanos, judeus, drusos e outros. O que acontece a n\u00edvel s\u00f3cio-pol\u00edtico na sociedade como um todo, acontece-nos tamb\u00e9m a n\u00f3s. E o que os outros podem sentir, n\u00f3s tamb\u00e9m sentimos. Mas o facto de estarmos em minoria significa que somos fortes. Estamos presentes, de facto, em muitos dom\u00ednios, como referiu. Somos tamb\u00e9m influentes gra\u00e7as ao apoio da Igreja.<\/p>\n\n\n\n<h3 class=\"wp-block-heading\">Evangeliza\u00e7\u00e3o atrav\u00e9s dos meios de comunica\u00e7\u00e3o social na Terra Santa<\/h3>\n\n\n\n<p><strong>- Est\u00e1 actualmente a estudar Comunica\u00e7\u00e3o Institucional na Pontif\u00edcia Universidade da Santa Cruz. Quando terminar os seus estudos, quais ser\u00e3o os seus objectivos apost\u00f3licos? Gostar\u00edamos tamb\u00e9m de saber mais sobre a sua carreira antes de vir para Roma.<\/strong><\/p>\n\n\n\n<p>Estive muito empenhado no apostolado e na forma\u00e7\u00e3o pedag\u00f3gica. Fui diretor de uma escola durante 15 anos e fui tamb\u00e9m p\u00e1roco na cidade de Bel\u00e9m e na par\u00f3quia da cidade de Nazar\u00e9. Al\u00e9m disso, trabalhei em v\u00e1rios contextos educativos e pastorais, como na \"Casa del Fanciullo\", um centro para crian\u00e7as com perturba\u00e7\u00f5es f\u00edsicas e sociais espec\u00edficas.<\/p>\n\n\n\n<p>Agora a minha dire\u00e7\u00e3o est\u00e1 a mudar, no sentido do m\u00e9todo do meu trabalho. No entanto, o objetivo continua e continuar\u00e1 a ser o de servir a palavra de Deus, de promover e proclamar a sua mensagem de salva\u00e7\u00e3o. Evangelismo \u00e9 a palavra-chave do meu estudo.<\/p>\n\n\n\n<p>Por esta raz\u00e3o, estou actualmente a treinar com vista a regressar e trabalhar no <a href=\"https:\/\/www.cmc-terrasanta.com\/es\" target=\"_blank\" rel=\"noreferrer noopener\">Centro de M\u00eddia Crist\u00e3 em Jerusal\u00e9m<\/a>onde poderei evangelizar atrav\u00e9s dos meios de comunica\u00e7\u00e3o social no meu pa\u00eds. Gostaria de transmitir a voz dos crist\u00e3os da Terra Santa a n\u00edvel nacional e internacional, porque a nossa voz torna claro que somos as pedras vivas da Terra de Jesus, e a nossa vida \u00e9 uma miss\u00e3o, uma voca\u00e7\u00e3o para perseverar na f\u00e9.&nbsp;<\/p>\n\n\n\n<p>Representar a verdadeira identidade dos crist\u00e3os da Terra Santa \u00e9 um dever, e se quero realmente faz\u00ea-lo, tenho de saber como faz\u00ea-lo. Foi por isso que escolhi estudar Comunica\u00e7\u00e3o Social e Institucional na Pontif\u00edcia Universidade da Santa Cruz, em Roma.<\/p>\n\n\n\n<h3 class=\"wp-block-heading\">O apoio decisivo dos benfeitores da Funda\u00e7\u00e3o CARF<\/h3>\n\n\n\n<p><strong>- E neste sentido, \u00e9 tamb\u00e9m importante a contribui\u00e7\u00e3o dos nossos benfeitores, que o ajudam a si e a outros estudantes de todo o mundo a serem devidamente formados para poderem servir cada um na sua realidade particular...<\/strong><\/p>\n\n\n\n<p>Claro que sim! Em \u00e1rabe diz-se que a palavra \"sim\" \u00e9 uma palavra aben\u00e7oada pelo Senhor, porque mostra a ades\u00e3o ao seu projeto, e a ades\u00e3o, por sua vez, mostra a f\u00e9. V\u00f3s, caros benfeitores da Funda\u00e7\u00e3o CARF, destes um testemunho de f\u00e9 ao aderir ao pedido de ajuda feito pela nossa Universidade Pontif\u00edcia da Santa Cruz, que est\u00e1 a formar pessoas que poder\u00e3o, gra\u00e7as a esta prepara\u00e7\u00e3o, trabalhar melhor no campo do Senhor, por isso o vosso \"sim\" \u00e9 verdadeiramente aben\u00e7oado pelo Senhor.<\/p>\n\n\n\n<p>Ela trar-vos-\u00e1 todas as suas b\u00ean\u00e7\u00e3os, porque, de uma forma indireta, participastes na difus\u00e3o da palavra de Deus na mensagem de salva\u00e7\u00e3o. Sois os nossos parceiros na evangeliza\u00e7\u00e3o. Por isso vos agrade\u00e7o e rezo por v\u00f3s, e o Senhor recompensar-vos-\u00e1 pela vossa generosidade.<\/p>\n\n\n\n<p><strong>- Muito obrigado, caro Padre Marwan... E como se diz na Terra Santa... Shalom, Salam!<\/strong><\/p>\n\n\n\n<hr class=\"wp-block-separator has-alpha-channel-opacity\"\/>\n\n\n\n<p><strong>Gerardo Ferrara<\/strong><br>Licenciado em Hist\u00f3ria e Ci\u00eancia Pol\u00edtica, especializado no M\u00e9dio Oriente.<br>Respons\u00e1vel pelos estudantes da Pontif\u00edcia Universidade da Santa Cruz em Roma.<\/p>","protected":false},"excerpt":{"rendered":"<p>Nascido de um pai ortodoxo, m\u00e3e cat\u00f3lica e baptizado Melkite, ele foi educado numa escola anglicana. No entanto, o Padre Marwan acabou por se tornar um padre franciscano ordenado. Depois de ter servido como p\u00e1roco na Bas\u00edlica da Anuncia\u00e7\u00e3o em Nazar\u00e9, interessou-se pela comunica\u00e7\u00e3o institucional para ajudar os crist\u00e3os na Terra Santa. Ele estudou na Pontif\u00edcia Universidade da Santa Cruz em Roma, gra\u00e7as \u00e0 Funda\u00e7\u00e3o CARF.<\/p>","protected":false},"author":4,"featured_media":183839,"comment_status":"closed","ping_status":"closed","sticky":false,"template":"","format":"standard","meta":{"_acf_changed":false,"give_campaign_id":0,"footnotes":""},"categories":[109],"tags":[172,120],"class_list":["post-183836","post","type-post","status-publish","format-standard","has-post-thumbnail","hentry","category-historias","tag-congregaciones-religiosas","tag-sacerdote"],"acf":[],"_links":{"self":[{"href":"https:\/\/fundacioncarf.org\/pt\/wp-json\/wp\/v2\/posts\/183836","targetHints":{"allow":["GET"]}}],"collection":[{"href":"https:\/\/fundacioncarf.org\/pt\/wp-json\/wp\/v2\/posts"}],"about":[{"href":"https:\/\/fundacioncarf.org\/pt\/wp-json\/wp\/v2\/types\/post"}],"author":[{"embeddable":true,"href":"https:\/\/fundacioncarf.org\/pt\/wp-json\/wp\/v2\/users\/4"}],"replies":[{"embeddable":true,"href":"https:\/\/fundacioncarf.org\/pt\/wp-json\/wp\/v2\/comments?post=183836"}],"version-history":[{"count":10,"href":"https:\/\/fundacioncarf.org\/pt\/wp-json\/wp\/v2\/posts\/183836\/revisions"}],"predecessor-version":[{"id":226842,"href":"https:\/\/fundacioncarf.org\/pt\/wp-json\/wp\/v2\/posts\/183836\/revisions\/226842"}],"wp:featuredmedia":[{"embeddable":true,"href":"https:\/\/fundacioncarf.org\/pt\/wp-json\/wp\/v2\/media\/183839"}],"wp:attachment":[{"href":"https:\/\/fundacioncarf.org\/pt\/wp-json\/wp\/v2\/media?parent=183836"}],"wp:term":[{"taxonomy":"category","embeddable":true,"href":"https:\/\/fundacioncarf.org\/pt\/wp-json\/wp\/v2\/categories?post=183836"},{"taxonomy":"post_tag","embeddable":true,"href":"https:\/\/fundacioncarf.org\/pt\/wp-json\/wp\/v2\/tags?post=183836"}],"curies":[{"name":"wp","href":"https:\/\/api.w.org\/{rel}","templated":true}]}}