{"id":183259,"date":"2026-09-05T02:00:00","date_gmt":"2026-09-05T00:00:00","guid":{"rendered":"https:\/\/staging.fundacioncarf.org\/como-funciona-la-fe\/"},"modified":"2026-09-03T16:47:19","modified_gmt":"2026-09-03T14:47:19","slug":"como-vivir-la-fe-fundacion-carf","status":"publish","type":"post","link":"https:\/\/fundacioncarf.org\/pt\/como-vivir-la-fe-fundacion-carf\/","title":{"rendered":"Como viver a f\u00e9? O que \u00e9 e como se relaciona com a raz\u00e3o"},"content":{"rendered":"<p class=\"wp-block-paragraph\">H\u00e1 perguntas que acompanham o ser humano desde sempre: existe Deus?, por que estamos aqui?, qual \u00e9 o sentido da nossa vida?, podemos conhecer a verdade?, o que acontece ap\u00f3s a morte?<\/p>\n\n\n\n<p class=\"wp-block-paragraph\">A f\u00e9 crist\u00e3 n\u00e3o nos convida a deixar de nos fazer estas perguntas. Pelo contr\u00e1rio, <strong>a f\u00e9 procura compreender<\/strong> e assenta tamb\u00e9m na intelig\u00eancia, na liberdade e na experi\u00eancia humana.<\/p>\n\n\n\n<p class=\"wp-block-paragraph\">Para um crist\u00e3o, acreditar n\u00e3o significa fechar os olhos perante a realidade. Significa abri-los para uma realidade mais ampla: a possibilidade de Deus existir, de nos conhecer, de nos amar e de querer estabelecer uma rela\u00e7\u00e3o connosco.<\/p>\n\n\n\n<h3 id=\"que-es-la-fe\" class=\"wp-block-heading\">O que \u00e9 a f\u00e9?<\/h3>\n\n\n\n<p class=\"wp-block-paragraph\">A f\u00e9 \u00e9, acima de tudo, <strong>uma resposta pessoal do ser humano a Deus<\/strong>. O Catecismo da Igreja Cat\u00f3lica explica que Deus se revela ao homem e o convida a entrar em comunh\u00e3o com Ele. A resposta a esse convite \u00e9 a f\u00e9: uma ades\u00e3o pessoal a Deus e, ao mesmo tempo, uma aceita\u00e7\u00e3o livre das verdades que Ele revelou.<\/p>\n\n\n\n<p class=\"wp-block-paragraph\">Por isso, a f\u00e9 n\u00e3o consiste simplesmente em aceitar que \u00abDeus existe\u00bb. Acreditar implica confiar Nele e orientar a pr\u00f3pria vida de acordo com essa confian\u00e7a.<\/p>\n\n\n\n<p class=\"wp-block-paragraph\">Para o crist\u00e3o, al\u00e9m disso, acreditar em Deus est\u00e1 indissociavelmente ligado \u00e0 cren\u00e7a em Jesus Cristo, o Filho de Deus feito homem, e no Esp\u00edrito Santo. A f\u00e9 \u00e9, portanto, <strong>uma rela\u00e7\u00e3o viva com Deus<\/strong>.<\/p>\n\n\n\n<p class=\"wp-block-paragraph\">N\u00e3o se trata apenas de conhecer uma s\u00e9rie de verdades religiosas, mas sim de conhecer uma Pessoa e permitir que esse encontro transforme a nossa forma de pensar, de decidir e de viver.<\/p>\n\n\n\n<h3 id=\"la-fe-es-un-don-de-dios\" class=\"wp-block-heading\">A f\u00e9 \u00e9 um dom de Deus?<\/h3>\n\n\n\n<p class=\"wp-block-paragraph\">A Igreja ensina que <strong>A f\u00e9 \u00e9 um dom de Deus<\/strong>, uma gra\u00e7a que Ele concede ao ser humano. Mas isso n\u00e3o significa que acreditemos automaticamente nem que a nossa liberdade desapare\u00e7a.<\/p>\n\n\n\n<p class=\"wp-block-paragraph\">O Catecismo explica que, para acreditar, precisamos da gra\u00e7a de Deus e da a\u00e7\u00e3o interior do Esp\u00edrito Santo, mas tamb\u00e9m que acreditar \u00e9 um ato verdadeiramente humano. A intelig\u00eancia e a vontade colaboram com a gra\u00e7a.<\/p>\n\n\n\n<p class=\"wp-block-paragraph\">Poder\u00edamos dizer que Deus d\u00e1 o primeiro passo, mas aguarda a nossa resposta. Por isso, a f\u00e9 n\u00e3o pode ser imposta. \u00c9 uma resposta livre a um convite. Deus vai ao encontro do homem e fala-lhe; o homem pode ouvir, procurar, perguntar, acolher esse apelo e responder.<\/p>\n\n\n\n<figure class=\"wp-block-image size-full\"><img decoding=\"async\" width=\"1000\" height=\"667\" src=\"https:\/\/fundacioncarf.org\/wp-content\/uploads\/2026\/09\/vivir-la-fe-catolica.webp\" alt=\"Vivir la fe cat\u00f3lica\" class=\"wp-image-233030\" style=\"aspect-ratio:1.4992888417882142\" srcset=\"https:\/\/fundacioncarf.org\/wp-content\/uploads\/2026\/09\/vivir-la-fe-catolica.webp 1000w, https:\/\/fundacioncarf.org\/wp-content\/uploads\/2026\/09\/vivir-la-fe-catolica-300x200.webp 300w, https:\/\/fundacioncarf.org\/wp-content\/uploads\/2026\/09\/vivir-la-fe-catolica-150x100.webp 150w, https:\/\/fundacioncarf.org\/wp-content\/uploads\/2026\/09\/vivir-la-fe-catolica-768x512.webp 768w, https:\/\/fundacioncarf.org\/wp-content\/uploads\/2026\/09\/vivir-la-fe-catolica-18x12.webp 18w\" sizes=\"(max-width: 1000px) 100vw, 1000px\" \/><\/figure>\n\n\n\n<h3 id=\"fe-y-razon-son-compatibles\" class=\"wp-block-heading\">F\u00e9 e raz\u00e3o: ser\u00e3o compat\u00edveis?<\/h3>\n\n\n\n<p class=\"wp-block-paragraph\">Uma das perguntas mais frequentes \u00e9 precisamente esta: <strong>\u00c9 poss\u00edvel acreditar em Deus e, ao mesmo tempo, ser uma pessoa racional?<\/strong><\/p>\n\n\n\n<p class=\"wp-block-paragraph\">A resposta da Igreja \u00e9 sim. A f\u00e9 e a raz\u00e3o n\u00e3o s\u00e3o inimigas. Ocupam-se de dimens\u00f5es diferentes da realidade, mas ambas colaboram na busca da verdade.<\/p>\n\n\n\n<p class=\"wp-block-paragraph\">A f\u00e9 n\u00e3o exige que aceitemos que algo \u00e9 verdadeiro simplesmente porque n\u00e3o conseguimos compreend\u00ea-lo. Nem significa renunciar \u00e0 intelig\u00eancia. O Catecismo afirma que o assentimento da f\u00e9 n\u00e3o \u00e9 um ato cego e que existem motivos de credibilidade que ajudam a demonstrar que acreditar n\u00e3o \u00e9 irracional.<\/p>\n\n\n\n<p class=\"wp-block-paragraph\">A raz\u00e3o pode levar-nos a questionar a exist\u00eancia de Deus e a descobrir que a realidade n\u00e3o se esgota naquilo que podemos medir ou experimentar diretamente. A f\u00e9, por seu lado, permite acolher uma verdade que o pr\u00f3prio Deus revela e que ultrapassa aquilo a que a raz\u00e3o humana poderia chegar pelas suas pr\u00f3prias for\u00e7as.<\/p>\n\n\n\n<p class=\"wp-block-paragraph\">\u00c9 por isso, <strong>a f\u00e9 e a raz\u00e3o s\u00e3o necess\u00e1rias uma \u00e0 outra e enriquecem-se mutuamente<\/strong>. A investiga\u00e7\u00e3o cient\u00edfica, quando realizada corretamente, tamb\u00e9m n\u00e3o tem, necessariamente, de entrar em conflito com a f\u00e9. A ci\u00eancia estuda a realidade natural atrav\u00e9s dos seus pr\u00f3prios m\u00e9todos; a f\u00e9 abre a intelig\u00eancia a quest\u00f5es sobre o seu sentido \u00faltimo e sobre o mist\u00e9rio de Deus.<\/p>\n\n\n\n<p class=\"wp-block-paragraph\"><strong>Acreditar n\u00e3o significa acreditar em qualquer coisa<\/strong><\/p>\n\n\n\n<p class=\"wp-block-paragraph\">Por vezes, utilizamos a palavra \u00abf\u00e9\u00bb para nos referirmos simplesmente a ter confian\u00e7a em algo ou em algu\u00e9m. Mas a f\u00e9 crist\u00e3 tem um conte\u00fado concreto. N\u00e3o \u00e9 a mesma coisa dizer \u00abtenho f\u00e9 de que tudo correr\u00e1 bem\u00bb do que afirmar \u00abcreio em Deus\u00bb.<\/p>\n\n\n\n<p class=\"wp-block-paragraph\">No primeiro caso, expressamos uma esperan\u00e7a ou confian\u00e7a pessoal. No segundo, referimo-nos a uma ades\u00e3o a Deus e \u00e0 Revela\u00e7\u00e3o que Ele nos transmitiu.<\/p>\n\n\n\n<p class=\"wp-block-paragraph\">O motivo \u00faltimo da f\u00e9 crist\u00e3 n\u00e3o \u00e9 o facto de todas as verdades reveladas poderem ser demonstradas atrav\u00e9s da nossa raz\u00e3o natural, mas sim a confian\u00e7a em <strong>Deus, que se revela e que n\u00e3o pode enganar-se nem enganar-nos<\/strong>.<\/p>\n\n\n\n<p class=\"wp-block-paragraph\"><strong>Como \u00e9 que a f\u00e9 se manifesta na vida de uma pessoa?<\/strong><\/p>\n\n\n\n<p class=\"wp-block-paragraph\">A f\u00e9 come\u00e7a por ser uma resposta, mas depois transforma-se num caminho. Acreditar vai, pouco a pouco, alterando a forma como se encara a realidade.<\/p>\n\n\n\n<p class=\"wp-block-paragraph\">Uma pessoa que vive na f\u00e9 pode continuar a enfrentar problemas, d\u00favidas, sofrimentos e momentos de escurid\u00e3o. A diferen\u00e7a reside no facto de ela tentar viv\u00ea-los a partir de uma confian\u00e7a renovada: <strong>ela n\u00e3o est\u00e1 sozinha e a sua vida tem um sentido que vai al\u00e9m das circunst\u00e2ncias imediatas<\/strong>.<\/p>\n\n\n\n<p class=\"wp-block-paragraph\">A f\u00e9 ajuda-nos a encarar de outra forma o trabalho, a fam\u00edlia, as rela\u00e7\u00f5es pessoais, o sofrimento, as decis\u00f5es e tamb\u00e9m os momentos de alegria. N\u00e3o elimina as dificuldades, mas pode mudar a forma como as enfrentamos. Por isso, a f\u00e9 crist\u00e3 n\u00e3o \u00e9 apenas algo em que se pensa. <strong>\u00c9 algo que se vive.<\/strong><\/p>\n\n\n\n<h4 class=\"wp-block-heading\">Como \u00e9 que se fortalece a f\u00e9?<\/h4>\n\n\n\n<p class=\"wp-block-paragraph\">A f\u00e9 \u00e9 um dom, mas tamb\u00e9m precisa de ser acolhida, cuidada e alimentada. Tal como acontece com qualquer rela\u00e7\u00e3o pessoal, a amizade com Deus cresce quando se dedica tempo a ela.<\/p>\n\n\n\n<p class=\"wp-block-paragraph\"><strong>1. Atrav\u00e9s da ora\u00e7\u00e3o<\/strong><\/p>\n\n\n\n<p class=\"wp-block-paragraph\"><strong>A ora\u00e7\u00e3o \u00e9 o di\u00e1logo com Deus.<\/strong> N\u00e3o \u00e9 preciso come\u00e7ar com grandes discursos. Por vezes, basta falar com Ele com simplicidade: agradecer-Lhe, pedir-Lhe ajuda, partilhar as nossas preocupa\u00e7\u00f5es ou permanecer alguns minutos em sil\u00eancio na Sua presen\u00e7a.<\/p>\n\n\n\n<p class=\"wp-block-paragraph\"><strong>2. Com a Sagrada Escritura<\/strong><\/p>\n\n\n\n<p class=\"wp-block-paragraph\">A B\u00edblia ocupa um lugar fundamental na vida de f\u00e9, pois permite conhecer a hist\u00f3ria da salva\u00e7\u00e3o e, sobretudo, a Jesus Cristo.<\/p>\n\n\n\n<p class=\"wp-block-paragraph\">Em fevereiro de 2026, Le\u00e3o XIV dedicou uma das suas catequeses \u00e0 Constitui\u00e7\u00e3o <em>Dei Verbum<\/em> e recordou a profunda rela\u00e7\u00e3o entre a Palavra de Deus, a Igreja e a f\u00e9. Salientou que a Escritura encontra o seu lugar pr\u00f3prio na comunidade crist\u00e3 e que a sua leitura conduz ao encontro com Cristo e ao di\u00e1logo com Deus.<\/p>\n\n\n\n<p class=\"wp-block-paragraph\">Ler o Evangelho, meditar sobre ele e questionarmo-nos sobre o que ele nos diz hoje pode, assim, tornar-se uma verdadeira escola de f\u00e9.<\/p>\n\n\n\n<p class=\"wp-block-paragraph\"><strong>3. Atrav\u00e9s dos sacramentos<\/strong><\/p>\n\n\n\n<p class=\"wp-block-paragraph\">A f\u00e9 n\u00e3o se vive apenas no interior de cada pessoa. <strong>Os sacramentos ajudam-nos a encontrar Cristo e a aprofundar a nossa rela\u00e7\u00e3o com Ele.<\/strong><\/p>\n\n\n\n<p class=\"wp-block-paragraph\">Neles, Deus acompanha-nos nas diferentes etapas da nossa vida crist\u00e3. <a href=\"https:\/\/fundacioncarf.org\/bautizar-ninos-pequenos-esperar-o-no\/\" data-type=\"link\" data-id=\"https:\/\/fundacioncarf.org\/bautizar-ninos-pequenos-esperar-o-no\/\" target=\"_blank\" rel=\"noreferrer noopener\">O Batismo<\/a> incorpora-nos \u00e0 Igreja e, na Eucaristia, recebemos Cristo e unimo-nos a Ele de uma forma especial. Por isso, <strong>Participar nos sacramentos \u00e9 tamb\u00e9m uma forma de alimentar e fortalecer a nossa f\u00e9<\/strong>.<\/p>\n\n\n\n<figure class=\"wp-block-image size-full\"><img decoding=\"async\" width=\"1000\" height=\"667\" src=\"https:\/\/fundacioncarf.org\/wp-content\/uploads\/2026\/09\/comunion-fe-catolica.webp\" alt=\"Comuni\u00f3n\" class=\"wp-image-233029\" style=\"aspect-ratio:1.4992888417882142\" srcset=\"https:\/\/fundacioncarf.org\/wp-content\/uploads\/2026\/09\/comunion-fe-catolica.webp 1000w, https:\/\/fundacioncarf.org\/wp-content\/uploads\/2026\/09\/comunion-fe-catolica-300x200.webp 300w, https:\/\/fundacioncarf.org\/wp-content\/uploads\/2026\/09\/comunion-fe-catolica-150x100.webp 150w, https:\/\/fundacioncarf.org\/wp-content\/uploads\/2026\/09\/comunion-fe-catolica-768x512.webp 768w, https:\/\/fundacioncarf.org\/wp-content\/uploads\/2026\/09\/comunion-fe-catolica-18x12.webp 18w\" sizes=\"(max-width: 1000px) 100vw, 1000px\" \/><\/figure>\n\n\n\n<p class=\"wp-block-paragraph\"><strong>4. Com a comunidade crist\u00e3<\/strong><\/p>\n\n\n\n<p class=\"wp-block-paragraph\">A f\u00e9 tamb\u00e9m n\u00e3o foi concebida para ser vivida na solid\u00e3o. A Igreja \u00e9 uma comunidade de crentes que caminham juntos, se ajudam mutuamente, rezam uns pelos outros e partilham a miss\u00e3o de anunciar o Evangelho.<\/p>\n\n\n\n<p class=\"wp-block-paragraph\">A comunidade crist\u00e3 tamb\u00e9m nos ajuda quando a nossa pr\u00f3pria f\u00e9 enfraquece. H\u00e1 momentos em que precisamos de nos apoiar na f\u00e9 de outras pessoas.<\/p>\n\n\n\n<p class=\"wp-block-paragraph\"><strong>5. Com caridade<\/strong><\/p>\n\n\n\n<p class=\"wp-block-paragraph\">Acreditar em Deus implica tamb\u00e9m aprender a olhar para o pr\u00f3ximo de outra forma, especialmente para quem sofre ou precisa de ajuda.<\/p>\n\n\n\n<p class=\"wp-block-paragraph\">A f\u00e9 e a caridade n\u00e3o s\u00e3o dois caminhos distintos. O encontro com Deus transforma a nossa rela\u00e7\u00e3o com os outros e leva-nos a servir.<\/p>\n\n\n\n<p class=\"wp-block-paragraph\"><strong>A f\u00e9 num mundo em mudan\u00e7a<\/strong><\/p>\n\n\n\n<p class=\"wp-block-paragraph\">Em 2026, vivemos rodeados de avan\u00e7os cient\u00edficos e tecnol\u00f3gicos que est\u00e3o a transformar a nossa forma de trabalhar, de comunicar e at\u00e9 mesmo de nos compreendermos a n\u00f3s pr\u00f3prios.<\/p>\n\n\n\n<p class=\"wp-block-paragraph\">Na sua enc\u00edclica <em>Magnifica Humanitas<\/em>, publicada a 15 de maio de 2026, o Papa Le\u00e3o XIV reflete precisamente sobre a pessoa humana na era da intelig\u00eancia artificial e recorda que a verdadeira plenitude do ser humano n\u00e3o consiste em ultrapassar os seus limites atrav\u00e9s da tecnologia, mas sim em abrir-se \u00e0 gra\u00e7a de Deus e crescer no amor.<\/p>\n\n\n\n<p class=\"wp-block-paragraph\">Esta abordagem est\u00e1 relacionada com uma quest\u00e3o essencial da f\u00e9: <strong>O que \u00e9 que torna o ser humano verdadeiramente feliz?<\/strong><\/p>\n\n\n\n<p class=\"wp-block-paragraph\">Podemos dispor de mais informa\u00e7\u00e3o, mais tecnologia e mais possibilidades do que nunca e, no entanto, continuamos a fazer as mesmas perguntas fundamentais. Quem sou eu? Para que vivo? A quem posso confiar a minha vida? Onde est\u00e1 a verdadeira felicidade?<\/p>\n\n\n\n<h2 id=\"la-fe-se-convierte-en-una-forma-de-vivir\" class=\"wp-block-heading\">A f\u00e9 torna-se um modo de vida<\/h2>\n\n\n\n<p class=\"wp-block-paragraph\">Le\u00e3o XIV recordou <a href=\"https:\/\/www.vatican.va\/content\/leo-xiv\/es\/apost_letters\/documents\/20251123-in-unitate-fidei.html\" data-type=\"link\" data-id=\"https:\/\/www.vatican.va\/content\/leo-xiv\/es\/apost_letters\/documents\/20251123-in-unitate-fidei.html\" target=\"_blank\" rel=\"noreferrer noopener\">na sua carta apost\u00f3lica <em>Na unidade da f\u00e9<\/em><\/a>, publicada por ocasi\u00e3o do 1700.\u00ba anivers\u00e1rio do Conc\u00edlio de Nic\u00e9ia, que a profiss\u00e3o de f\u00e9 n\u00e3o pode limitar-se apenas \u00e0s palavras. Como salienta o Papa, <strong>\u00abO que dizemos com a boca deve vir do cora\u00e7\u00e3o, para que se reflita na nossa vida\u00bb<\/strong>. Por isso, convida-nos a questionar-nos se compreendemos e vivemos realmente aquilo que professamos todos os domingos no Credo.<\/p>\n\n\n\n<p class=\"wp-block-paragraph\">Esta \u00e9, talvez, uma das melhores formas de compreender como funciona a f\u00e9: <strong>A f\u00e9 n\u00e3o se limita ao que acreditamos: transforma a nossa forma de viver.<\/strong><\/p>\n\n\n\n<p class=\"wp-block-paragraph\" id=\"la-fe-una-respuesta-a-la-llamada-de-dios\"><strong>A f\u00e9: uma resposta ao chamamento de Deus<\/strong><\/p>\n\n\n\n<p class=\"wp-block-paragraph\">Deus vem ao nosso encontro, revela-Se e convida-nos a estabelecer uma rela\u00e7\u00e3o com Ele. Mas espera uma resposta livre. Por isso, a pergunta \u00abcomo funciona a f\u00e9?\u00bb pode levar-nos, em \u00faltima an\u00e1lise, a uma pergunta muito mais pessoal: <strong>O que devo fazer com o convite que Deus me est\u00e1 a fazer?<\/strong><\/p>\n\n\n\n<p class=\"wp-block-paragraph\">A resposta de cada pessoa \u00e9 \u00fanica. Para alguns, come\u00e7a com uma pergunta. Para outros, com uma dificuldade. Para outros ainda, com o testemunho de algu\u00e9m, uma leitura, uma conversa ou um momento de ora\u00e7\u00e3o.<\/p>\n\n\n\n<p class=\"wp-block-paragraph\">O caminho pode sempre come\u00e7ar. Porque a f\u00e9 n\u00e3o consiste em ter todas as respostas antes de dar o primeiro passo. Consiste em <strong>ousar procurar Deus, confiar Nele e deixar que essa confian\u00e7a transforme a nossa vida<\/strong>.<\/p>\n\n\n\n<hr class=\"wp-block-separator has-alpha-channel-opacity\"\/>\n\n\n\n<p class=\"wp-block-paragraph\">Artigo original de <strong>Francisco Varo Pineda<\/strong>, Universidade de Navarra, Faculdade de Teologia.<\/p>\n\n\n\n<hr class=\"wp-block-separator has-alpha-channel-opacity\"\/>\n\n\n\n<div class=\"wp-block-rank-math-toc-block\" id=\"rank-math-toc\"><h2>\u00cdndice<\/h2><nav><ul><li><a href=\"#que-es-la-fe\">O que \u00e9 a f\u00e9?<\/a><\/li><li><a href=\"#la-fe-es-un-don-de-dios\">A f\u00e9 \u00e9 um dom de Deus?<\/a><\/li><li><a href=\"#fe-y-razon-son-compatibles\">F\u00e9 e raz\u00e3o: ser\u00e3o compat\u00edveis?<\/a><\/li><\/ul><\/nav><\/div>\n\n\n\n<hr class=\"wp-block-separator has-alpha-channel-opacity\"\/>","protected":false},"excerpt":{"rendered":"<p>\u00c9 razo\u00e1vel acreditar em Deus? A f\u00e9 e a raz\u00e3o s\u00e3o compat\u00edveis? A f\u00e9 \u00e9 um sentimento, uma decis\u00e3o ou um dom de Deus? A f\u00e9 crist\u00e3 n\u00e3o consiste em acreditar sem pensar, mas sim em responder livremente a Deus, que vem ao nosso encontro. Descobrimos o que \u00e9 a f\u00e9, como funciona e como podemos viv\u00ea-la e fortalec\u00ea-la todos os dias.<\/p>","protected":false},"author":4,"featured_media":233025,"comment_status":"open","ping_status":"closed","sticky":false,"template":"","format":"standard","meta":{"_acf_changed":false,"footnotes":""},"categories":[13],"tags":[196,197,452,7,8,6],"class_list":["post-183259","post","type-post","status-publish","format-standard","has-post-thumbnail","hentry","category-blog","tag-dios","tag-fe","tag-fe-catolica","tag-oracion","tag-sacramentos","tag-vida-cristiana"],"acf":[],"_links":{"self":[{"href":"https:\/\/fundacioncarf.org\/pt\/wp-json\/wp\/v2\/posts\/183259","targetHints":{"allow":["GET"]}}],"collection":[{"href":"https:\/\/fundacioncarf.org\/pt\/wp-json\/wp\/v2\/posts"}],"about":[{"href":"https:\/\/fundacioncarf.org\/pt\/wp-json\/wp\/v2\/types\/post"}],"author":[{"embeddable":true,"href":"https:\/\/fundacioncarf.org\/pt\/wp-json\/wp\/v2\/users\/4"}],"replies":[{"embeddable":true,"href":"https:\/\/fundacioncarf.org\/pt\/wp-json\/wp\/v2\/comments?post=183259"}],"version-history":[{"count":7,"href":"https:\/\/fundacioncarf.org\/pt\/wp-json\/wp\/v2\/posts\/183259\/revisions"}],"predecessor-version":[{"id":233705,"href":"https:\/\/fundacioncarf.org\/pt\/wp-json\/wp\/v2\/posts\/183259\/revisions\/233705"}],"wp:featuredmedia":[{"embeddable":true,"href":"https:\/\/fundacioncarf.org\/pt\/wp-json\/wp\/v2\/media\/233025"}],"wp:attachment":[{"href":"https:\/\/fundacioncarf.org\/pt\/wp-json\/wp\/v2\/media?parent=183259"}],"wp:term":[{"taxonomy":"category","embeddable":true,"href":"https:\/\/fundacioncarf.org\/pt\/wp-json\/wp\/v2\/categories?post=183259"},{"taxonomy":"post_tag","embeddable":true,"href":"https:\/\/fundacioncarf.org\/pt\/wp-json\/wp\/v2\/tags?post=183259"}],"curies":[{"name":"wp","href":"https:\/\/api.w.org\/{rel}","templated":true}]}}