{"id":183032,"date":"2021-01-07T08:00:00","date_gmt":"2021-01-07T07:00:00","guid":{"rendered":"https:\/\/staging.fundacioncarf.org\/los-planes-de-los-cremades-la-audacia-de-los-imposibles\/"},"modified":"2026-01-12T12:37:40","modified_gmt":"2026-01-12T11:37:40","slug":"los-planes-de-los-cremades-libro","status":"publish","type":"post","link":"https:\/\/fundacioncarf.org\/pt\/los-planes-de-los-cremades-libro\/","title":{"rendered":"Os planos dos Cremades: A aud\u00e1cia do imposs\u00edvel"},"content":{"rendered":"<p><mark class=\"rank-math-highlight\" style=\"background-color: #fee894\">A hist\u00f3ria da fam\u00edlia Cremades, e em particular a figura de Don Javier Cremades Sanz-Pastor (Sarago\u00e7a, 27 de janeiro de 1946-Madrid, 7 de janeiro de 2021), oferece um testemunho singular de f\u00e9 audaciosa e de confian\u00e7a filial em Deus.<\/mark> O seu livro <em><a href=\"https:\/\/www.amazon.es\/Los-planes-los-Cremades-Josemar%C3%ADa-ebook\/dp\/B086HP2CZK\" data-type=\"link\" data-id=\"https:\/\/www.amazon.es\/Los-planes-los-Cremades-Josemar%C3%ADa-ebook\/dp\/B086HP2CZK\" target=\"_blank\" rel=\"noopener\">Os planos dos Cremades<\/a><\/em> \u00e9 uma obra profundamente humana, onde confluem mem\u00f3rias familiares e anedotas cheias de significado espiritual. <mark class=\"rank-math-highlight\" style=\"background-color: #fee894\">Reflecte tamb\u00e9m a experi\u00eancia concreta de uma m\u00e3e que soube transmitir aos seus filhos a coragem de viver a f\u00e9 com coragem.<\/mark><\/p>\n\n\n\n<p>A obra permite-nos descobrir como, por detr\u00e1s de cada gesto quotidiano, se pode esconder uma li\u00e7\u00e3o para a vida sacerdotal e para a dedica\u00e7\u00e3o ao <a href=\"https:\/\/fundacioncarf.org\/servir-a-la-iglesia\/\" data-type=\"link\" data-id=\"https:\/\/fundacioncarf.org\/servir-a-la-iglesia\/\">Servi\u00e7o religioso<\/a>.<\/p>\n\n\n\n<h2 class=\"wp-block-heading\" id=\"una-familia-marcada-por-la-confianza-en-dios\">Uma fam\u00edlia marcada pela confian\u00e7a em Deus<\/h2>\n\n\n\n<p>A m\u00e3e de Don Javier, Do\u00f1a Pilar, aparece no livro como uma figura-chave. <mark class=\"rank-math-highlight\" style=\"background-color: #fee894\">Mulher de car\u00e1cter forte e de profunda devo\u00e7\u00e3o, educou os seus filhos num ambiente em que a confian\u00e7a em Deus n\u00e3o era abstrata, mas real.<\/mark> Um dos epis\u00f3dios mais significativos teve lugar em 1958, quando viu o carro de <a href=\"https:\/\/fundacioncarf.org\/san-josemaria-escriva-de-balaguer\/\" data-type=\"link\" data-id=\"https:\/\/fundacioncarf.org\/san-josemaria-escriva-de-balaguer\/\">S\u00e3o Josemar\u00eda Escriv\u00e1<\/a> pelas ruas de Sarago\u00e7a. Sem hesitar, decide segui-lo, convencida de que deve pedir-lhe que a aben\u00e7oe e aos seus filhos.<\/p>\n\n\n\n<p><mark class=\"rank-math-highlight\" style=\"background-color: #fee894\">Esta cena, descrita por Don Javier com humor e espanto, \u00e9 um exemplo de como a aud\u00e1cia pode nascer da f\u00e9 mais simples:<\/mark> <mark class=\"rank-math-highlight\" style=\"background-color: #fee894\">uma f\u00e9 cheia de ternura e a intui\u00e7\u00e3o espiritual de uma m\u00e3e.<\/mark><\/p>\n\n\n\n<figure class=\"wp-block-image size-full\"><img decoding=\"async\" width=\"600\" height=\"672\" src=\"https:\/\/fundacioncarf.org\/wp-content\/uploads\/2023\/05\/familia-cremades-con-san-jose-maria-escriva-de-balaguer-1.jpg\" alt=\"La familia Cremades con san Josemar\u00eda Escriv\u00e1 de Balaguer\" class=\"wp-image-183555\" srcset=\"https:\/\/fundacioncarf.org\/wp-content\/uploads\/2023\/05\/familia-cremades-con-san-jose-maria-escriva-de-balaguer-1.jpg 600w, https:\/\/fundacioncarf.org\/wp-content\/uploads\/2023\/05\/familia-cremades-con-san-jose-maria-escriva-de-balaguer-1-268x300.jpg 268w\" sizes=\"(max-width: 600px) 100vw, 600px\" \/><\/figure>\n\n\n\n<h3 class=\"wp-block-heading\" id=\"la-bendicion-de-san-josemaria-un-gesto-que-marco-a-toda-la-familia\">A b\u00ean\u00e7\u00e3o de S\u00e3o Josemar\u00eda: um gesto que marcou toda a fam\u00edlia<\/h3>\n\n\n\n<p>Este epis\u00f3dio, tantas vezes contado pela fam\u00edlia, resume a ess\u00eancia dos \u201cplanos\u201d que d\u00e3o t\u00edtulo ao livro. <mark class=\"rank-math-highlight\" style=\"background-color: #fee894\">Para os Cremades, confiar em Deus significava agir com determina\u00e7\u00e3o e desbravar caminhos.<\/mark> <mark class=\"rank-math-highlight\" style=\"background-color: #fee894\">Era tentar o que parecia dif\u00edcil e assumir que a Provid\u00eancia tamb\u00e9m se manifesta atrav\u00e9s de pequenos gestos.<\/mark><\/p>\n\n\n\n<p><mark class=\"rank-math-highlight\" style=\"background-color: #fee894\">A atitude de Dona Pilar teve um efeito profundo nos seus filhos, especialmente em Javier, que descobriu que o amor a Deus se exprime em iniciativas concretas e na capacidade de se lan\u00e7ar sem medo.<\/mark> <mark class=\"rank-math-highlight\" style=\"background-color: #fee894\">Assim se formou um dos tra\u00e7os distintivos da sua vida sacerdotal.<\/mark><\/p>\n\n\n\n<figure class=\"wp-block-image size-full\"><img decoding=\"async\" width=\"600\" height=\"767\" src=\"https:\/\/fundacioncarf.org\/wp-content\/uploads\/2021\/01\/opus-dei-javier-cremades-sanz-pastor.jpg\" alt=\"Sacerdote mayor con gafas y alzacuellos, mirando a c\u00e1mara con expresi\u00f3n serena.\" class=\"wp-image-175023\" srcset=\"https:\/\/fundacioncarf.org\/wp-content\/uploads\/2021\/01\/opus-dei-javier-cremades-sanz-pastor.jpg 600w, https:\/\/fundacioncarf.org\/wp-content\/uploads\/2021\/01\/opus-dei-javier-cremades-sanz-pastor-235x300.jpg 235w\" sizes=\"(max-width: 600px) 100vw, 600px\" \/><figcaption class=\"wp-element-caption\">Retrato de Don Javier Cremades que transmite proximidade e serenidade no seu trabalho pastoral.<\/figcaption><\/figure>\n\n\n\n<h2 class=\"wp-block-heading\" id=\"un-estilo-sacerdotal-alegre-y-profundamente-humano\">Um estilo sacerdotal alegre e profundamente humano<\/h2>\n\n\n\n<p>Nas p\u00e1ginas do livro sucedem-se hist\u00f3rias que mostram a personalidade alegre, simp\u00e1tica e profundamente espiritual de Don Javier. O seu estilo direto e a sua capacidade de narrar anedotas com humor revelam uma forma de viver a f\u00e9 que n\u00e3o separa o sagrado do quotidiano.<\/p>\n\n\n\n<p>Desde a sua adolesc\u00eancia at\u00e9 ao seu trabalho pastoral, aparece como um <a href=\"https:\/\/fundacioncarf.org\/sacerdocio\/que-es-un-sacerdote\/\" data-type=\"link\" data-id=\"https:\/\/fundacioncarf.org\/sacerdocio\/que-es-un-sacerdote\/\">padre<\/a> que entendia o minist\u00e9rio como um servi\u00e7o constante. <mark class=\"rank-math-highlight\" style=\"background-color: #fee894\">N\u00e3o se trata apenas de transmitir a doutrina, mas tamb\u00e9m de acompanhar as pessoas com paci\u00eancia e de as consolar com do\u00e7ura.<\/mark><\/p>\n\n\n\n<p><mark class=\"rank-math-highlight\" style=\"background-color: #fee894\">Muitos dos epis\u00f3dios do livro mostram como Don Javier enfrentou os contratempos e as surpresas.<\/mark> <mark class=\"rank-math-highlight\" style=\"background-color: #fee894\">Transformou estas situa\u00e7\u00f5es em oportunidades de concretiza\u00e7\u00e3o.<\/mark> <mark class=\"rank-math-highlight\" style=\"background-color: #fee894\">A sua m\u00e3e ensinou-lhe que nada est\u00e1 fora do plano de Deus, e ele aplicou essa convic\u00e7\u00e3o ao seu minist\u00e9rio.<\/mark><\/p>\n\n\n\n<p>A ousadia que aprendeu em casa tornou-se um estilo pastoral: <mark class=\"rank-math-highlight\" style=\"background-color: #fee894\">n\u00e3o ter medo dos desafios e transmitir confian\u00e7a aos que o rodeiam.<\/mark> <mark class=\"rank-math-highlight\" style=\"background-color: #fee894\">\u00c9 por isso que o subt\u00edtulo do livro, \u201ca aud\u00e1cia do imposs\u00edvel\u201d, descreve uma forma concreta de viver a sua f\u00e9.<\/mark><\/p>\n\n\n\n<p><mark class=\"rank-math-highlight\" style=\"background-color: #fee894\">A import\u00e2ncia que Don Javier atribu\u00eda \u00e0 amizade est\u00e1 patente nas suas p\u00e1ginas.<\/mark> <mark class=\"rank-math-highlight\" style=\"background-color: #fee894\">Entende o trabalho sacerdotal como um acompanhamento pessoal.<\/mark> <mark class=\"rank-math-highlight\" style=\"background-color: #fee894\">Todas as almas merecem tempo, aten\u00e7\u00e3o e um tratamento am\u00e1vel.<\/mark><\/p>\n\n\n\n<p><mark class=\"rank-math-highlight\" style=\"background-color: #fee894\">Nos seus escritos, h\u00e1 hist\u00f3rias de jovens a quem encorajou a descobrir a sua voca\u00e7\u00e3o, de casais a quem ajudou a refor\u00e7ar a sua f\u00e9 e de pessoas que encontraram nele um guia espiritual s\u00e1bio e alegre.<\/mark><\/p>\n\n\n\n<h3 class=\"wp-block-heading\" id=\"un-testimonio-que-ilumina-la-mision-formativa-de-la-fundacion-carf\"><em>Os planos dos Cremades<\/em>, um testemunho que esclarece a miss\u00e3o formativa da Funda\u00e7\u00e3o CARF.<\/h3>\n\n\n\n<p>A leitura do livro \u00e9 \u00fatil para compreender a rela\u00e7\u00e3o entre aud\u00e1cia e miss\u00e3o. <mark class=\"rank-math-highlight\" style=\"background-color: #fee894\">A confian\u00e7a da fam\u00edlia Cremades na Provid\u00eancia n\u00e3o era ingenuidade, mas uma profunda convic\u00e7\u00e3o de que a f\u00e9 exige iniciativa.<\/mark> Don Javier aplicou esta vis\u00e3o ao longo da sua vida.<\/p>\n\n\n\n<p><mark class=\"rank-math-highlight\" style=\"background-color: #fee894\">O seu minist\u00e9rio teve sempre um tom construtivo e encorajador, capaz de incentivar os outros a olhar para cima.<\/mark> Esta atitude \u00e9 fundamental para <strong>compreender a import\u00e2ncia de formar sacerdotes<\/strong> que enfrentemos os desafios de hoje com serenidade e discernimento.<\/p>\n\n\n\n<p>Neste sentido, <em>Os planos dos Cremades<\/em> tem um valor especial para <strong><a href=\"https:\/\/fundacioncarf.org\/conoce-fundacion-carf\/\" data-type=\"link\" data-id=\"https:\/\/fundacioncarf.org\/conoce-fundacion-carf\/\">a miss\u00e3o da Funda\u00e7\u00e3o CARF<\/a><\/strong>. O seu conte\u00fado recorda que o <strong><a href=\"https:\/\/fundacioncarf.org\/sacerdocio\/formacion-de-sacerdotes\/\" data-type=\"link\" data-id=\"https:\/\/fundacioncarf.org\/sacerdocio\/formacion-de-sacerdotes\/\">forma\u00e7\u00e3o sacerdotal<\/a><\/strong> deve ser apoiada por exemplos vivos.<\/p>\n\n\n\n<p><mark class=\"rank-math-highlight\" style=\"background-color: #fee894\">O testemunho de fam\u00edlias crist\u00e3s como a dos Cremades ajuda a ilustrar a import\u00e2ncia de educar os futuros sacerdotes com um esp\u00edrito de servi\u00e7o e uma f\u00e9 forte.<\/mark><\/p>\n\n\n\n<p>Para al\u00e9m disso, o livro convida \u00e0 reflex\u00e3o sobre <strong>o papel da fam\u00edlia na emerg\u00eancia das voca\u00e7\u00f5es<\/strong>. <mark class=\"rank-math-highlight\" style=\"background-color: #fee894\">A hist\u00f3ria de Dona Pilar \u00e9 um exemplo de como uma m\u00e3e pode ter uma influ\u00eancia decisiva no caminho espiritual dos seus filhos.<\/mark> <mark class=\"rank-math-highlight\" style=\"background-color: #fee894\">A sua maneira de viver a f\u00e9 e a sua confian\u00e7a na Provid\u00eancia criaram um ambiente prop\u00edcio para que Xavier escutasse a voz de Deus.<\/mark><\/p>\n\n\n\n<p>O <strong><a href=\"https:\/\/fundacioncarf.org\/sacerdocio\/\" data-type=\"link\" data-id=\"https:\/\/fundacioncarf.org\/sacerdocio\/\">seminaristas e padres<\/a><\/strong> que hoje se preparam para <strong>servir a Igreja<\/strong> encontram no seu testemunho um apelo a valorizar as suas ra\u00edzes e a cultivar uma gratid\u00e3o que refor\u00e7a o seu empenhamento.<\/p>\n\n\n\n<p>Por fim, o livro deixa um ensinamento claro: <mark class=\"rank-math-highlight\" style=\"background-color: #fee894\">a f\u00e9, quando vivida profundamente, alarga o horizonte.<\/mark> <mark class=\"rank-math-highlight\" style=\"background-color: #fee894\">Convida \u00e0 a\u00e7\u00e3o e transforma a vida quotidiana num encontro com Deus.<\/mark><\/p>\n\n\n\n<p><mark class=\"rank-math-highlight\" style=\"background-color: #fee894\">A aud\u00e1cia crist\u00e3 n\u00e3o \u00e9 uma carater\u00edstica excecional, mas uma atitude que todos podem cultivar.<\/mark> <mark class=\"rank-math-highlight\" style=\"background-color: #fee894\">\u00c9 uma coragem serena, humilde e perseverante, nascida da consci\u00eancia de que Deus n\u00e3o abandona aqueles que nele confiam.<\/mark><\/p>\n\n\n\n<p><mark class=\"rank-math-highlight\" style=\"background-color: #fee894\">A fam\u00edlia Cremades e a figura de Don Javier oferecem um testemunho contempor\u00e2neo.<\/mark> <mark class=\"rank-math-highlight\" style=\"background-color: #fee894\">A sua hist\u00f3ria inspira-nos e recorda-nos que as \u201cimpossibilidades\u201d s\u00e3o oportunidades para deixar Deus agir.<\/mark><\/p>\n\n\n\n<p><mark class=\"rank-math-highlight\" style=\"background-color: #fee894\">Para aqueles que trabalham na forma\u00e7\u00e3o de sacerdotes e seminaristas, este livro \u00e9 um convite a renovar a confian\u00e7a na miss\u00e3o e a transmitir a alegria de uma f\u00e9 vivida responsavelmente.<\/mark><\/p>\n\n\n\n<hr class=\"wp-block-separator has-alpha-channel-opacity\"\/>\n\n\n\n<p><strong>Antonio R. Rubio Plo<\/strong>Licenciada em Hist\u00f3ria e Direito.  Escritora e analista internacional @blogculturayfe \/ @arubioplo<\/p>\n\n\n\n<hr class=\"wp-block-separator has-alpha-channel-opacity\"\/>\n\n\n\n<div class=\"wp-block-rank-math-toc-block\" id=\"rank-math-toc\"><p><strong>\u00cdndice<\/strong><\/p><nav><ul><li class=\"\"><a href=\"#una-familia-marcada-por-la-confianza-en-dios\">Uma fam\u00edlia marcada pela confian\u00e7a em Deus<\/a><ul><li class=\"\"><a href=\"#la-bendicion-de-san-josemaria-un-gesto-que-marco-a-toda-la-familia\">A b\u00ean\u00e7\u00e3o de S\u00e3o Josemar\u00eda: um gesto que marcou toda a fam\u00edlia<\/a><\/li><\/ul><\/li><li class=\"\"><a href=\"#un-estilo-sacerdotal-alegre-y-profundamente-humano\">Um estilo sacerdotal alegre e profundamente humano<\/a><ul><li class=\"\"><a href=\"#un-testimonio-que-ilumina-la-mision-formativa-de-la-fundacion-carf\">Os projectos dos Cremades, um testemunho que esclarece a miss\u00e3o formativa da Funda\u00e7\u00e3o CARF.<\/a><\/li><\/ul><\/li><\/ul><\/nav><\/div>","protected":false},"excerpt":{"rendered":"<p>Conheci Don Javier Cremades quando ele era capel\u00e3o da Faculdade de Jornalismo da Universidade Complutense. Isso foi h\u00e1 cerca de vinte anos atr\u00e1s.<\/p>","protected":false},"author":4,"featured_media":227569,"comment_status":"closed","ping_status":"closed","sticky":false,"template":"","format":"standard","meta":{"_acf_changed":false,"give_campaign_id":0,"footnotes":""},"categories":[13],"tags":[330,6],"class_list":["post-183032","post","type-post","status-publish","format-standard","has-post-thumbnail","hentry","category-blog","tag-formacion-sacerdotal","tag-vida-cristiana"],"acf":[],"_links":{"self":[{"href":"https:\/\/fundacioncarf.org\/pt\/wp-json\/wp\/v2\/posts\/183032","targetHints":{"allow":["GET"]}}],"collection":[{"href":"https:\/\/fundacioncarf.org\/pt\/wp-json\/wp\/v2\/posts"}],"about":[{"href":"https:\/\/fundacioncarf.org\/pt\/wp-json\/wp\/v2\/types\/post"}],"author":[{"embeddable":true,"href":"https:\/\/fundacioncarf.org\/pt\/wp-json\/wp\/v2\/users\/4"}],"replies":[{"embeddable":true,"href":"https:\/\/fundacioncarf.org\/pt\/wp-json\/wp\/v2\/comments?post=183032"}],"version-history":[{"count":10,"href":"https:\/\/fundacioncarf.org\/pt\/wp-json\/wp\/v2\/posts\/183032\/revisions"}],"predecessor-version":[{"id":227596,"href":"https:\/\/fundacioncarf.org\/pt\/wp-json\/wp\/v2\/posts\/183032\/revisions\/227596"}],"wp:featuredmedia":[{"embeddable":true,"href":"https:\/\/fundacioncarf.org\/pt\/wp-json\/wp\/v2\/media\/227569"}],"wp:attachment":[{"href":"https:\/\/fundacioncarf.org\/pt\/wp-json\/wp\/v2\/media?parent=183032"}],"wp:term":[{"taxonomy":"category","embeddable":true,"href":"https:\/\/fundacioncarf.org\/pt\/wp-json\/wp\/v2\/categories?post=183032"},{"taxonomy":"post_tag","embeddable":true,"href":"https:\/\/fundacioncarf.org\/pt\/wp-json\/wp\/v2\/tags?post=183032"}],"curies":[{"name":"wp","href":"https:\/\/api.w.org\/{rel}","templated":true}]}}