{"id":167731,"date":"2026-04-30T02:00:00","date_gmt":"2026-04-30T00:00:00","guid":{"rendered":"https:\/\/carfundacion.roymo.info\/blog\/mayo-es-el-mes-de-la-virgen-maria-conoce-el-por-que\/"},"modified":"2026-04-22T12:09:27","modified_gmt":"2026-04-22T10:09:27","slug":"mayo-mes-de-la-virgen-maria-nuestra-madre","status":"publish","type":"post","link":"https:\/\/fundacioncarf.org\/pt\/mayo-mes-de-la-virgen-maria-nuestra-madre\/","title":{"rendered":"Porqu\u00ea 30 dias de maio para a Virgem Maria?"},"content":{"rendered":"<p>A Igreja concede este m\u00eas a Maria para a conhecer e amar mais. Na Europa, maio \u00e9 o m\u00eas das flores, da primavera.  \u00c9 um m\u00eas ideal para estar ao ar livre, rodeado pela beleza da natureza. Precisamente por isso, porque tudo o que nos rodeia deve recordar-nos o nosso Criador, dedicamos este m\u00eas \u00e0 Virgem Maria, uma alma delicada que ofereceu a sua vida aos cuidados e ao servi\u00e7o de Jesus Cristo, nosso Redentor.<\/p>\n\n\n\n<blockquote class=\"wp-block-quote is-layout-flow wp-block-quote-is-layout-flow\">\n<p class=\"has-text-align-left\"><em><strong>\u00abDe modo espont\u00e2neo e natural, surge em n\u00f3s o desejo de tratar a M\u00e3e de Deus, que \u00e9 tamb\u00e9m nossa M\u00e3e. Trat\u00e1-la como se trata uma pessoa viva: porque a morte n\u00e3o triunfou sobre ela, mas ela est\u00e1 de corpo e alma com Deus Pai, com o seu Filho, com o Esp\u00edrito Santo. Para compreender o papel que Maria desempenha na vida crist\u00e3, para se sentir atra\u00eddo por ela, para procurar a sua am\u00e1vel companhia com afeto filial, n\u00e3o s\u00e3o necess\u00e1rias grandes disquisi\u00e7\u00f5es, embora o mist\u00e9rio da Maternidade divina tenha uma riqueza de conte\u00fado sobre a qual nunca \u00e9 demais refletir\u00bb.\u00bb <\/strong><\/em><a href=\"https:\/\/escriva.org\/es\/es-cristo-que-pasa\/142\/\" data-type=\"link\" data-id=\"https:\/\/escriva.org\/es\/es-cristo-que-pasa\/142\/\" target=\"_blank\" rel=\"noreferrer noopener\">(S\u00e3o Josemaria, Cristo que passa, 142<\/a>).<\/p>\n<\/blockquote>\n\n\n\n<p><strong>maio, m\u00eas da Virgem Maria<\/strong>. O fundador do Opus Dei explica-nos como pode ser o nosso amor a Nossa Senhora.<\/p>\n\n\n\n<h2 class=\"wp-block-heading\" id=\"por-que-mayo-es-el-mes-de-la-virgen-maria\">Porque \u00e9 que maio \u00e9 o m\u00eas da Virgem Maria?<\/h2>\n\n\n\n<p>Este costume crist\u00e3o est\u00e1 em vigor h\u00e1 dois s\u00e9culos e coincide com o in\u00edcio da primavera e o fim do inverno. O \"triunfo da vida\" simbolizado pela primavera \u00e9 uma das raz\u00f5es pelas quais maio \u00e9 o m\u00eas da Virgem Maria, M\u00e3e da Vida, de Jesus. Esta beleza da natureza fala-nos tamb\u00e9m de Maria, da sua beleza interior e da sua virtude.<\/p>\n\n\n\n<p>Na Gr\u00e9cia antiga, o m\u00eas de maio era dedicado a Artemis, a deusa da fertilidade. Da mesma forma, na Roma antiga, o m\u00eas de maio era dedicado a Flora, a deusa da vegeta\u00e7\u00e3o. Nessa altura, celebrava-se o <em>ludi florais<\/em> ou os jogos florais no final de abril e pediu a sua intercess\u00e3o.<\/p>\n\n\n\n<p>Mais tarde, na \u00e9poca medieval, abundavam costumes semelhantes, todos centrados na chegada do bom tempo e no fim do inverno. O dia 1 de maio era considerado o pico da primavera.<\/p>\n\n\n\n<p>Antes do s\u00e9culo XII, celebrava-se a festa dos \"Trinta Dias de Devo\u00e7\u00e3o a Maria\" ou \"Os Trinta Dias de Devo\u00e7\u00e3o a Maria\". <em>Tricesimum<\/em>, que teve lugar entre a segunda quinzena de agosto e os primeiros 14 dias de setembro.<\/p>\n\n\n\n<p>A ideia do m\u00eas de maio, o m\u00eas de Maria, remonta \u00e0 \u00e9poca barroca ou ao s\u00e9culo XVII. Inclu\u00eda trinta exerc\u00edcios espirituais di\u00e1rios em honra da M\u00e3e de Deus. Este costume difundiu-se especialmente durante o s\u00e9culo XIX e continua a ser praticado atualmente, fazendo com que esta celebra\u00e7\u00e3o seja organizada com devo\u00e7\u00f5es especiais todos os dias ao longo do m\u00eas.<\/p>\n\n\n\n<p>Celebre&nbsp;<strong>este m\u00eas de maio \u00e9 mais do que uma tradi\u00e7\u00e3o crist\u00e3, \u00e9 uma homenagem e uma a\u00e7\u00e3o de gra\u00e7as \u00e0quela que \u00e9 a nossa M\u00e3e.<\/strong>. Podem ser-lhe oferecidos muitos e variados pormenores. Entre os mais comuns est\u00e3o os&nbsp;<a href=\"https:\/\/fundacioncarf.org\/oracion-en-familia-como-aprender-a-orar\/\" target=\"_blank\" rel=\"noreferrer noopener\">ora\u00e7\u00e3o familiar<\/a>A ora\u00e7\u00e3o do ter\u00e7o, a oferta de flores e a medita\u00e7\u00e3o dos seus dogmas.<\/p>\n\n\n\n<h2 class=\"wp-block-heading\" id=\"la-devocion-a-la-virgen-maria-en-el-mes-de-mayo\">Devo\u00e7\u00e3o \u00e0 Virgem Maria em maio<\/h2>\n\n\n\n<p>As formas de honrar Maria no m\u00eas de maio s\u00e3o t\u00e3o variadas como as pessoas e os costumes daqueles que a honram. \u00c9 comum as par\u00f3quias recitarem diariamente o Santo Ros\u00e1rio em maio e muitas erigem um altar especial com uma est\u00e1tua ou imagem de Maria.<\/p>\n\n\n\n<p>Al\u00e9m disso, \u00e9 uma tradi\u00e7\u00e3o de longa data coroar a sua est\u00e1tua, um costume conhecido como a Coroa\u00e7\u00e3o de maio. Muitas vezes, a coroa \u00e9 feita de belas flores que representam a beleza e a virtude de Maria e \u00e9 tamb\u00e9m um lembrete para os fi\u00e9is se esfor\u00e7arem por imitar as suas virtudes. Esta coroa\u00e7\u00e3o \u00e9, nalgumas regi\u00f5es, uma grande celebra\u00e7\u00e3o e tem geralmente lugar fora da Missa.<\/p>\n\n\n\n<p><strong>Os altares e as coroa\u00e7\u00f5es deste m\u00eas n\u00e3o s\u00e3o apenas um privil\u00e9gio da par\u00f3quia. Tamb\u00e9m em casa, \u00e9 poss\u00edvel participar plenamente na vida da Igreja.&nbsp;<\/strong>Devemos dar um lugar especial a Maria, n\u00e3o por ser uma tradi\u00e7\u00e3o ou por causa das gra\u00e7as especiais que se podem obter, mas porque Maria \u00e9 a nossa M\u00e3e, a m\u00e3e de todo o mundo e porque cuida de todos n\u00f3s, intercedendo mesmo nos assuntos mais pequenos.<\/p>\n\n\n\n<h3 class=\"wp-block-heading\" id=\"como-se-comportan-un-hijo-con-su-madre\">Como \u00e9 que um filho se comporta em rela\u00e7\u00e3o \u00e0 sua m\u00e3e?<\/h3>\n\n\n\n<p>\"Como \u00e9 que um filho ou uma filha normal se comporta em rela\u00e7\u00e3o \u00e0 sua m\u00e3e? De mil maneiras, mas sempre com afeto e confian\u00e7a. Com um afeto que, em cada caso, passar\u00e1 por canais espec\u00edficos, nascidos da pr\u00f3pria vida, que nunca s\u00e3o algo de frio, mas sim costumes caseiros cativantes, pequenos pormenores quotidianos que o filho precisa de ter com a m\u00e3e e de que a m\u00e3e sente falta se o filho alguma vez os esquecer: um beijo ou uma car\u00edcia ao sair ou ao chegar a casa, um pequeno presente, algumas palavras expressivas\".<\/p>\n\n\n\n<figure class=\"wp-block-embed is-type-video is-provider-youtube wp-block-embed-youtube wp-embed-aspect-4-3 wp-has-aspect-ratio\"><div class=\"wp-block-embed__wrapper\">\n<iframe loading=\"lazy\" title=\"S\u00e3o Josemaria, fundador do Opus Dei e amor \u00e0 Virgem Maria\" width=\"500\" height=\"375\" src=\"https:\/\/www.youtube.com\/embed\/MdvlTYpbMvE?feature=oembed\" frameborder=\"0\" allow=\"accelerometer; autoplay; clipboard-write; encrypted-media; gyroscope; picture-in-picture; web-share\" referrerpolicy=\"strict-origin-when-cross-origin\" allowfullscreen><\/iframe>\n<\/div><\/figure>\n\n\n\n<p>\"Nas nossas rela\u00e7\u00f5es com a M\u00e3e do C\u00e9u existem tamb\u00e9m aquelas regras de piedade filial, que s\u00e3o o canal do nosso comportamento habitual para com ela. Muitos crist\u00e3os fazem seu o antigo costume de&nbsp;<a href=\"https:\/\/fundacioncarf.org\/blog\/escapulario-virgen-del-carmen\/\" target=\"_blank\" rel=\"noreferrer noopener\">escapul\u00e1rio<\/a>ou adquiriu o h\u00e1bito de dizer ol\u00e1 - n\u00e3o s\u00e3o necess\u00e1rias palavras, apenas o pensamento \u00e9 suficiente.&nbsp;<strong>as imagens de Maria que se encontram em todos os lares crist\u00e3os ou que enfeitam as ruas de tantas cidades<\/strong>.<\/p>\n\n\n\n<p><em><strong>Ou vivem aquela ora\u00e7\u00e3o maravilhosa que \u00e9 o santo ros\u00e1rio, em que a alma n\u00e3o se cansa de dizer sempre as mesmas coisas, como os namorados n\u00e3o se cansam de se amar, e em que aprendem a reviver os momentos centrais da vida do Senhor; ou costumam dedicar um dia da semana \u00e0 Senhora - precisamente este dia em que estamos agora reunidos: o s\u00e1bado - oferecendo-lhe alguma pequena iguaria e meditando mais especialmente na sua maternidade\u00bb. <\/strong><\/em>(S\u00e3o Josemaria, Cristo que passa, 142).<\/p>\n\n\n\n<p><strong>Manifestar o amor por Maria<\/strong><\/p>\n\n\n\n<p>\u00abH\u00e1 muitas outras devo\u00e7\u00f5es marianas que n\u00e3o \u00e9 necess\u00e1rio recordar aqui. N\u00e3o \u00e9 necess\u00e1rio que todas elas sejam incorporadas na vida de cada crist\u00e3o - crescer na vida sobrenatural \u00e9 algo muito diferente de apenas acumular devo\u00e7\u00f5es - mas devo afirmar ao mesmo tempo que n\u00e3o possui a plenitude da f\u00e9 quem n\u00e3o vive algumas delas, quem n\u00e3o manifesta de alguma forma o seu amor a Maria\u00bb.<\/p>\n\n\n\n<p>\"Aqueles que consideram as devo\u00e7\u00f5es \u00e0 Virgem Sant\u00edssima ultrapassadas mostram que perderam o profundo sentido crist\u00e3o que elas cont\u00eam, que esqueceram a fonte de onde elas nascem: a f\u00e9 na vontade salv\u00edfica de Deus Pai, o amor a Deus Filho que se fez realmente homem e nasceu de uma mulher, a confian\u00e7a em Deus Esp\u00edrito Santo que nos santifica com a sua gra\u00e7a.&nbsp;<strong>Foi Deus que nos deu Maria, e n\u00f3s n\u00e3o temos o direito de a rejeitar, mas devemos ir ter com ela com o amor e a alegria das crian\u00e7as\u00bb.\u00bb<\/strong>,S\u00e3o Josemaria.&nbsp;<em>\u00c9 Cristo que passa, 142<\/em>.<\/p>\n\n\n\n<blockquote class=\"wp-block-quote alignleft is-layout-flow wp-block-quote-is-layout-flow\">\n<p><strong><em>-Voc\u00ea quer amar Nossa Senhora? -Bem, tratem-na! Como? - Rezando bem o ter\u00e7o de Nossa Senhora.<\/em><\/strong> <em>(S\u00e3o Josemar\u00eda<\/em>, Santo Ros\u00e1rio).<\/p>\n<\/blockquote>\n\n\n\n<h2 class=\"wp-block-heading\" id=\"para-aprovechar-el-mes-de-mayo\">Para aproveitar ao m\u00e1ximo o m\u00eas de maio<\/h2>\n\n\n\n<p>A Sant\u00edssima Virgem Maria cuida sempre de n\u00f3s e ajuda-nos em tudo o que precisamos. Ela ajuda-nos a vencer a tenta\u00e7\u00e3o e a manter o estado de gra\u00e7a e de amizade com Deus para chegarmos ao C\u00e9u. Maria \u00e9 a M\u00e3e da Igreja.<\/p>\n\n\n\n<p>Maria foi uma mulher de profunda vida de ora\u00e7\u00e3o, viveu sempre perto de Deus. Era uma mulher simples; era generosa, esquecia-se de si mesma para se dar aos outros; tinha uma grande caridade, amava e ajudava todos por igual; era prest\u00e1vel, cuidava de Jos\u00e9 e de Jesus com amor; vivia alegremente; era paciente com a sua fam\u00edlia; sabia aceitar a vontade de Deus na sua vida. Todas estas virtudes s\u00e3o um exemplo de vida para n\u00f3s, crist\u00e3os, que queremos viver como seus filhos dignos, por isso seguimos o seu exemplo.<\/p>\n\n\n\n<h3 class=\"wp-block-heading\" id=\"que-se-acostumbra-hacer-este-mes\"><strong>Qual \u00e9 o costume deste m\u00eas?<\/strong><\/h3>\n\n\n\n<p><strong>Lembre-se das apari\u00e7\u00f5es de Nossa Senhora.<\/strong>&nbsp;S\u00e3o muitos e todos muito especiais. Os&nbsp;<a href=\"https:\/\/fundacioncarf.org\/blog\/virgen-del-pilar\/\" target=\"_blank\" rel=\"noreferrer noopener\">Virgem<\/a>&nbsp;Maria transmite a sua mensagem diretamente, todas elas relacionadas com o amor que tem por todos n\u00f3s, seus filhos.<\/p>\n\n\n\n<p><strong>Reflicta sobre as principais virtudes da Virgem Maria.<\/strong><\/p>\n\n\n\n<ul class=\"wp-block-list\">\n<li>O seu <strong>Imaculada Concei\u00e7\u00e3o:<\/strong> a Virgem Maria nasceu sem pecado original porque devia ser a m\u00e3e de Cristo.<\/li>\n\n\n\n<li>Como viveu a sua <strong>maternidade divina<\/strong>Maria \u00e9 a m\u00e3e de Jesus Cristo na Terra. Como era um dia na vida da Virgem Maria?<\/li>\n\n\n\n<li>O seu perp\u00e9tuo <strong>virgindade<\/strong>Maria concebeu pelo Esp\u00edrito Santo.<\/li>\n\n\n\n<li><strong>O pressuposto <\/strong>da Virgem Maria para o c\u00e9u: no fim da sua vida, foi levada em corpo e alma para o c\u00e9u.<\/li>\n<\/ul>\n\n\n\n<p><strong>Viver uma real e verdadeira devo\u00e7\u00e3o a Maria.<\/strong>&nbsp;Olhe para Maria como uma m\u00e3e. Conversar com ela sobre tudo o que nos acontece: o bom e o mau. Saber como recorrer a ela em todos os momentos. Medite sobre as 7 dores da Virgem Maria, os momentos da vida da Virgem Maria em que ela se uniu a Jesus de um modo particular e que lhe permitiram partilhar a profundidade da dor do seu Filho e o amor do seu sacrif\u00edcio.<\/p>\n\n\n\n<p><strong>Imite as suas virtudes:<\/strong>&nbsp;Esta \u00e9 a melhor maneira de lhe mostrar o nosso amor. Mostre-lhe o nosso afeto: Fa\u00e7a o que ela espera de n\u00f3s e lembre-se dela ao longo do dia.<\/p>\n\n\n\n<p><strong>Para ter plena confian\u00e7a nele:<\/strong>&nbsp;porque \u00e9 a Virgem Maria que intercede junto de Jesus pelas nossas dificuldades. Todas as gra\u00e7as que Jesus nos d\u00e1 passam pelas m\u00e3os de Maria.<\/p>\n\n\n\n<h4 class=\"wp-block-heading\" id=\"varias-oraciones-marianas\">V\u00e1rias ora\u00e7\u00f5es marianas<\/h4>\n\n\n\n<p>Tratar Maria \u00e9 uma boa maneira de se aproximar do seu Filho. Reze em fam\u00edlia, especialmente as ora\u00e7\u00f5es dedicadas \u00e0 Sant\u00edssima Virgem Maria.<\/p>\n\n\n\n<p>Os crist\u00e3os t\u00eam belas ora\u00e7\u00f5es dedicadas \u00e0 Virgem Maria, e h\u00e1 tamb\u00e9m muitos c\u00e2nticos em sua honra, que nos ajudam a recordar o imenso amor da nossa m\u00e3e por n\u00f3s, seus filhos.<\/p>\n\n\n\n<ul class=\"wp-block-list\">\n<li>Rezar o Santo Ros\u00e1rio com o cora\u00e7\u00e3o, sozinho ou acompanhado. Meditar sobre os mist\u00e9rios que atravessam muitos dos momentos importantes de Maria: \n<ul class=\"wp-block-list\">\n<li>Mist\u00e9rios da Alegria: segundas e s\u00e1bados<\/li>\n\n\n\n<li>Mist\u00e9rios Dolorosos: ter\u00e7as e sextas-feiras<\/li>\n\n\n\n<li>Mist\u00e9rios luminosos: quinta-feira<\/li>\n\n\n\n<li>Mist\u00e9rios Gloriosos: domingos e quartas-feiras<\/li>\n<\/ul>\n<\/li>\n<\/ul>\n\n\n\n<p>Rezando o Angelus (que \u00e9 costume rezar ao meio-dia), o&nbsp;<em>Regina Coeli<\/em>&nbsp;ou a Consagra\u00e7\u00e3o a Maria. Entre outras ora\u00e7\u00f5es. Pode tamb\u00e9m dedicar uma Novena a Nossa Senhora para lhe pedir um favor especial ou para lhe agradecer.<\/p>\n\n\n\n<figure class=\"wp-block-image size-large is-resized\"><img decoding=\"async\" width=\"821\" height=\"1024\" src=\"https:\/\/fundacioncarf.org\/wp-content\/uploads\/2024\/05\/1080x1350-angelus-e1776783674254-821x1024.jpg\" alt=\"mayo mes de mar\u00eda \u00e1ngelus\" class=\"wp-image-229341\" style=\"aspect-ratio:0.7998138370921964;width:793px;height:auto\" srcset=\"https:\/\/fundacioncarf.org\/wp-content\/uploads\/2024\/05\/1080x1350-angelus-e1776783674254-821x1024.jpg 821w, https:\/\/fundacioncarf.org\/wp-content\/uploads\/2024\/05\/1080x1350-angelus-e1776783674254-240x300.jpg 240w, https:\/\/fundacioncarf.org\/wp-content\/uploads\/2024\/05\/1080x1350-angelus-e1776783674254-120x150.jpg 120w, https:\/\/fundacioncarf.org\/wp-content\/uploads\/2024\/05\/1080x1350-angelus-e1776783674254-768x958.jpg 768w, https:\/\/fundacioncarf.org\/wp-content\/uploads\/2024\/05\/1080x1350-angelus-e1776783674254-10x12.jpg 10w, https:\/\/fundacioncarf.org\/wp-content\/uploads\/2024\/05\/1080x1350-angelus-e1776783674254.jpg 972w\" sizes=\"(max-width: 821px) 100vw, 821px\" \/><\/figure>\n\n\n\n<hr class=\"wp-block-separator has-alpha-channel-opacity\"\/>\n\n\n\n<div class=\"wp-block-rank-math-toc-block\" id=\"rank-math-toc\"><p><strong>\u00cdndice<\/strong><\/p><nav><ul><li class=\"\"><a href=\"#por-que-mayo-es-el-mes-de-la-virgen-maria\">Porque \u00e9 que maio \u00e9 o m\u00eas da Virgem Maria?<\/a><\/li><li class=\"\"><a href=\"#la-devocion-a-la-virgen-maria-en-el-mes-de-mayo\">Devo\u00e7\u00e3o \u00e0 Virgem Maria em maio<\/a><ul><li class=\"\"><a href=\"#como-se-comportan-un-hijo-con-su-madre\">Como \u00e9 que um filho se comporta em rela\u00e7\u00e3o \u00e0 sua m\u00e3e?<\/a><\/li><\/ul><\/li><li class=\"\"><a href=\"#para-aprovechar-el-mes-de-mayo\">Para aproveitar ao m\u00e1ximo o m\u00eas de maio<\/a><ul><li class=\"\"><a href=\"#que-se-acostumbra-hacer-este-mes\">Qual \u00e9 o costume deste m\u00eas?<\/a><\/li><\/ul><\/li><\/ul><\/nav><\/div>\n\n\n\n<hr class=\"wp-block-separator has-alpha-channel-opacity\"\/>","protected":false},"excerpt":{"rendered":"<p>Temos o m\u00eas de maio para dedicar especialmente \u00e0 Nossa M\u00e3e, a Virgem Maria. Mas porque \u00e9 que maio \u00e9 o m\u00eas da Virgem? Se a Igreja est\u00e1 a celebrar a Ressurrei\u00e7\u00e3o de Jesus, porque \u00e9 que Maria tamb\u00e9m \u00e9 homenageada neste m\u00eas?<\/p>","protected":false},"author":4,"featured_media":229339,"comment_status":"closed","ping_status":"closed","sticky":false,"template":"","format":"standard","meta":{"_acf_changed":false,"give_campaign_id":0,"footnotes":""},"categories":[13],"tags":[172,120,121,9,178],"class_list":["post-167731","post","type-post","status-publish","format-standard","has-post-thumbnail","hentry","category-blog","tag-congregaciones-religiosas","tag-sacerdote","tag-seminarista","tag-virgen-maria","tag-voluntarios"],"acf":[],"_links":{"self":[{"href":"https:\/\/fundacioncarf.org\/pt\/wp-json\/wp\/v2\/posts\/167731","targetHints":{"allow":["GET"]}}],"collection":[{"href":"https:\/\/fundacioncarf.org\/pt\/wp-json\/wp\/v2\/posts"}],"about":[{"href":"https:\/\/fundacioncarf.org\/pt\/wp-json\/wp\/v2\/types\/post"}],"author":[{"embeddable":true,"href":"https:\/\/fundacioncarf.org\/pt\/wp-json\/wp\/v2\/users\/4"}],"replies":[{"embeddable":true,"href":"https:\/\/fundacioncarf.org\/pt\/wp-json\/wp\/v2\/comments?post=167731"}],"version-history":[{"count":14,"href":"https:\/\/fundacioncarf.org\/pt\/wp-json\/wp\/v2\/posts\/167731\/revisions"}],"predecessor-version":[{"id":229487,"href":"https:\/\/fundacioncarf.org\/pt\/wp-json\/wp\/v2\/posts\/167731\/revisions\/229487"}],"wp:featuredmedia":[{"embeddable":true,"href":"https:\/\/fundacioncarf.org\/pt\/wp-json\/wp\/v2\/media\/229339"}],"wp:attachment":[{"href":"https:\/\/fundacioncarf.org\/pt\/wp-json\/wp\/v2\/media?parent=167731"}],"wp:term":[{"taxonomy":"category","embeddable":true,"href":"https:\/\/fundacioncarf.org\/pt\/wp-json\/wp\/v2\/categories?post=167731"},{"taxonomy":"post_tag","embeddable":true,"href":"https:\/\/fundacioncarf.org\/pt\/wp-json\/wp\/v2\/tags?post=167731"}],"curies":[{"name":"wp","href":"https:\/\/api.w.org\/{rel}","templated":true}]}}