{"id":167717,"date":"2026-05-01T02:00:00","date_gmt":"2026-05-01T00:00:00","guid":{"rendered":"https:\/\/carfundacion.roymo.info\/blog\/san-jose-obrero-quien-fue-jose-de-nazaret-el-padre-de-jesus\/"},"modified":"2026-04-21T16:33:54","modified_gmt":"2026-04-21T14:33:54","slug":"san-jose-obrero-quien-fue-el-padre-de-jesus","status":"publish","type":"post","link":"https:\/\/fundacioncarf.org\/pt\/san-jose-obrero-quien-fue-el-padre-de-jesus\/","title":{"rendered":"1 de maio, S. Jos\u00e9 Oper\u00e1rio: Quem foi o pai de Jesus?"},"content":{"rendered":"<p>S\u00e3o Jos\u00e9 tem v\u00e1rios dias de festa no nosso calend\u00e1rio. Em maio, no primeiro dia do m\u00eas, celebramos S\u00e3o Jos\u00e9 Oper\u00e1rio, padroeiro dos trabalhadores. Foi ele que sustentou e cuidou de Jesus e Maria com os seus conhecimentos de carpintaria. No dia da sua festa, a 19 de mar\u00e7o, o Papa Le\u00e3o XIV convidou-nos a prestar especial aten\u00e7\u00e3o \u00e0 figura de S\u00e3o Jos\u00e9. Para o efeito, recordou as duas virtudes \u00fanicas que definem o pai de Jesus: <strong>\u00abJos\u00e9 mostra-nos que a presen\u00e7a e a tutela s\u00e3o dimens\u00f5es insepar\u00e1veis.<\/strong>\u00bb y <strong>\u00abNele reconhecemos que acolher, para al\u00e9m de estar presente, \u00e9 tamb\u00e9m cuidar. Ser guardi\u00e3o significa estar atento aos outros, respeitar as suas escolhas e cuidar deles\u00bb.<\/strong><\/p>\n\n\n\n<p>\u00abAme muito S\u00e3o Jos\u00e9, ame-o de todo o cora\u00e7\u00e3o, porque \u00e9 a pessoa que, com Jesus, mais amou Santa Maria, e a que mais tratou Deus: a que mais O amou, depois da nossa M\u00e3e. Ele merece o seu afeto, e \u00e9 bom que o trate, porque \u00e9 um Mestre de vida interior, e pode fazer muito diante do Senhor e diante da M\u00e3e de Deus,&nbsp;<em><a href=\"https:\/\/escriva.org\/es\/forja\/554\/\" target=\"_blank\" data-type=\"link\" data-id=\"https:\/\/escriva.org\/es\/forja\/554\/\" rel=\"noreferrer noopener\">Forja, 554<\/a>.<\/em><\/p>\n\n\n\n<h2 class=\"wp-block-heading\" id=\"biografia-de-san-jose-el-obrero-de-nazaret\">Biografia de S\u00e3o Jos\u00e9 Oper\u00e1rio de Nazar\u00e9<\/h2>\n\n\n\n<p>Tanto Mateus como Lucas falam de S\u00e3o Jos\u00e9 como um homem descendente de uma linhagem ilustre: a de David e Salom\u00e3o, reis de Israel. Os pormenores desta ascend\u00eancia s\u00e3o historicamente pouco claros: n\u00e3o sabemos qual das duas genealogias apresentadas pelos evangelistas corresponde a Maria e qual a S\u00e3o Jos\u00e9, que era seu pai segundo a lei judaica. N\u00e3o sabemos se a sua cidade natal era Bel\u00e9m, onde foi registado, ou Nazar\u00e9, onde viveu e trabalhou.<\/p>\n\n\n\n<p>Sabemos, no entanto, que ele n\u00e3o era uma pessoa rica: ele era um trabalhador, como milh\u00f5es de outros homens em todo o mundo; ele realizou o trabalho duro e humilde que Deus tinha escolhido para si mesmo, tomando a nossa carne e querendo viver trinta anos como um de n\u00f3s.<\/p>\n\n\n\n<p>A Sagrada Escritura diz que Jos\u00e9 era um artes\u00e3o. V\u00e1rios Padres acrescentam que ele era carpinteiro. S\u00e3o Justino, falando da vida de trabalho de Jesus, diz que ele fez arados e jugos.&nbsp;<em>(St. Justin, Dialogus cum Tryphone, 88, 2, 8 (PG 6, 687).<\/em>Talvez, com base nestas palavras, S\u00e3o Isidoro de Sevilha conclua que Jos\u00e9 era um ferreiro. Em qualquer caso, um trabalhador que trabalhou ao servi\u00e7o dos seus concidad\u00e3os, que tinha uma habilidade manual, fruto de anos de esfor\u00e7o e suor.<\/p>\n\n\n\n<p>A grande personalidade humana de Jos\u00e9 \u00e9 evidente nas narrativas evang\u00e9licas: em nenhum momento ele nos aparece como um homem t\u00edmido ou com medo da vida; pelo contr\u00e1rio,&nbsp;<strong>sabe como lidar com problemas, como lidar com situa\u00e7\u00f5es dif\u00edceis, como assumir a responsabilidade e a iniciativa pelas tarefas que lhe s\u00e3o confiadas.<\/strong><\/p>\n\n\n\n<figure class=\"wp-block-image size-full is-resized\"><img decoding=\"async\" width=\"1000\" height=\"667\" src=\"https:\/\/fundacioncarf.org\/wp-content\/uploads\/2025\/02\/siete_domingos_san_jose-copia.webp\" alt=\"Siete domingos de san Jos\u00e9\" class=\"wp-image-228212\" style=\"aspect-ratio:1.4992888417882142;width:793px;height:auto\" srcset=\"https:\/\/fundacioncarf.org\/wp-content\/uploads\/2025\/02\/siete_domingos_san_jose-copia.webp 1000w, https:\/\/fundacioncarf.org\/wp-content\/uploads\/2025\/02\/siete_domingos_san_jose-copia-300x200.webp 300w, https:\/\/fundacioncarf.org\/wp-content\/uploads\/2025\/02\/siete_domingos_san_jose-copia-150x100.webp 150w, https:\/\/fundacioncarf.org\/wp-content\/uploads\/2025\/02\/siete_domingos_san_jose-copia-768x512.webp 768w, https:\/\/fundacioncarf.org\/wp-content\/uploads\/2025\/02\/siete_domingos_san_jose-copia-18x12.webp 18w\" sizes=\"(max-width: 1000px) 100vw, 1000px\" \/><\/figure>\n\n\n\n<h3 class=\"wp-block-heading\" id=\"quien-fue-san-jose-obrero-en-la-iglesia-catolica\">Quem foi S\u00e3o Jos\u00e9 Oper\u00e1rio na Igreja Cat\u00f3lica?<\/h3>\n\n\n\n<p>Toda a Igreja reconhece em S. Jos\u00e9 o seu protector e padroeiro. Ao longo dos s\u00e9culos falou-se dele, destacando v\u00e1rios aspectos da sua vida, continuamente fiel \u00e0 miss\u00e3o que lhe foi confiada por Deus.<\/p>\n\n\n\n<ul class=\"wp-block-list\">\n<li>No s\u00e9culo XVII, o Papa Greg\u00f3rio XV instituiu pela primeira vez uma festa lit\u00fargica em seu nome.<\/li>\n\n\n\n<li>Em 1870, o Papa Pio IX fez de S\u00e3o Jos\u00e9 o santo padroeiro universal da Igreja.<\/li>\n\n\n\n<li>Posteriormente, Le\u00e3o XIII dedicou uma enc\u00edclica ao santo patriarca<\/li>\n\n\n\n<li>100 anos depois deste documento, S\u00e3o Jo\u00e3o Paulo II escreveu a exorta\u00e7\u00e3o apost\u00f3lica Redemptoris custos.<\/li>\n\n\n\n<li>O Papa Francisco tamb\u00e9m publicou uma carta sobre S\u00e3o Jos\u00e9 em 2020, intitulada&nbsp;<em>Patris corde<\/em>O cora\u00e7\u00e3o do Pai.<\/li>\n<\/ul>\n\n\n\n<p>Nas palavras de S. Josemaria, S. Jos\u00e9 \u00e9 realmente&nbsp;<strong>Pai e Senhor, que protege e acompanha aqueles que o veneram na sua viagem terrena, tal como ele protegeu e acompanhou Jesus \u00e0 medida que ele cresceu e se tornou homem.<\/strong>&nbsp;Ao lidar com ele, descobre-se que o Santo Patriarca \u00e9 tamb\u00e9m um Mestre da vida interior: porque&nbsp;<strong>ensina-nos a conhecer Jesus, a conviver com Ele<\/strong>para saber que somos parte da fam\u00edlia de Deus. Este santo d\u00e1-nos estas li\u00e7\u00f5es sendo, como ele era, um homem comum, um pai de fam\u00edlia, um trabalhador que ganhou o seu sustento com o esfor\u00e7o das suas m\u00e3os.<\/p>\n\n\n\n<p id=\"las-virtudes-de-jose-de-nazaret\"><strong>As virtudes de Jos\u00e9 de Nazar\u00e9<\/strong><\/p>\n\n\n\n<p>Quem \u00e9 S\u00e3o Jos\u00e9 Oper\u00e1rio? Era um artes\u00e3o da Galileia, um homem como tantos outros. No seu tempo, tinha apenas&nbsp;<a href=\"https:\/\/fundacioncarf.org\/expertos\/san-jose-el-trabajo-y-la-paternidad\/\">parentalidade e trabalho<\/a>todos os dias, sempre com o mesmo esfor\u00e7o. E, no final do dia, uma casa pequena e pobre, para recuperar for\u00e7as e recome\u00e7ar de novo.<\/p>\n\n\n\n<p>Mas&nbsp;<strong>O nome de Jos\u00e9 significa, em hebraico, que Deus acrescentar\u00e1<\/strong>. Deus acrescenta, \u00e0 vida santa daqueles que fazem a Sua vontade, dimens\u00f5es insuspeitas: o que \u00e9 importante, o que d\u00e1 valor a tudo, o que \u00e9 divino.  Deus, \u00e0 vida humilde e santa de Jos\u00e9, acrescentou a vida da Virgem Maria e a de Jesus, nosso Senhor.<\/p>\n\n\n\n<p>Para viver pela f\u00e9, estas palavras s\u00e3o plenamente realizadas em S\u00e3o Jos\u00e9.&nbsp;<strong>O seu cumprimento da vontade de Deus \u00e9 espont\u00e2neo e profundo.<\/strong>.<\/p>\n\n\n\n<p>Pois a hist\u00f3ria do Santo Patriarca foi uma vida simples, mas n\u00e3o uma vida f\u00e1cil. Depois de momentos de ang\u00fastia, ele sabia que o Filho de Maria tinha sido concebido pelo Esp\u00edrito Santo. E esta Crian\u00e7a, Filho de Deus, descendente de David segundo a carne, nasce numa caverna. Anjos celebram o seu nascimento, e pessoas de terras distantes v\u00eam ador\u00e1-lo, mas o Rei da Jud\u00e9ia deseja-lhe a morte e \u00e9 necess\u00e1rio fugir. O filho de Deus \u00e9, em apar\u00eancia, uma crian\u00e7a indefesa, que ir\u00e1 viver no Egipto.<\/p>\n\n\n\n<p>No seu Evangelho,&nbsp;<strong>S\u00e3o Mateus enfatiza constantemente a fidelidade de Jos\u00e9 no cumprimento das ordens de Deus sem hesita\u00e7\u00e3o,<\/strong>&nbsp;mesmo que por vezes o significado destes comandos possa parecer obscuro ou a sua liga\u00e7\u00e3o ao resto dos planos divinos possa ser-lhe escondida.<\/p>\n\n\n\n<p><strong>F\u00e9 e esperan\u00e7a<\/strong><\/p>\n\n\n\n<p>Em muitas ocasi\u00f5es, os Padres da Igreja sublinham a firmeza da f\u00e9 de S\u00e3o Jos\u00e9.&nbsp;<strong>A f\u00e9 de Jos\u00e9 n\u00e3o vacila, a sua obedi\u00eancia \u00e9 sempre rigorosa e r\u00e1pida.<\/strong><\/p>\n\n\n\n<p>A fim de melhor compreender esta li\u00e7\u00e3o que nos foi dada aqui pelo Santo Patriarca, \u00e9 bom para n\u00f3s considerarmos que&nbsp;<strong>a sua f\u00e9 \u00e9 activa<\/strong>. Porque a f\u00e9 crist\u00e3 \u00e9 o oposto do conformismo, da falta de atividade e de energia interiores.<\/p>\n\n\n\n<p>Nas v\u00e1rias circunst\u00e2ncias da sua vida, o Patriarca n\u00e3o desiste de pensar, nem abdica da sua responsabilidade.&nbsp;<strong>Pelo contr\u00e1rio: ele coloca toda a sua experi\u00eancia humana ao servi\u00e7o da f\u00e9.<\/strong>.<\/p>\n\n\n\n<p><strong>F\u00e9, amor, esperan\u00e7a: estas s\u00e3o as pedras angulares da vida do santo e de toda a vida crist\u00e3.<\/strong>. A dedica\u00e7\u00e3o de Jos\u00e9 de Nazar\u00e9 \u00e9 tecida a partir deste entrela\u00e7amento de amor fiel, f\u00e9 amorosa e esperan\u00e7a confiante.<\/p>\n\n\n\n<p>\u00c9 isto que a vida de S\u00e3o Jos\u00e9 nos ensina: simples, normal e ordin\u00e1ria, feita de anos de trabalho que s\u00e3o sempre os mesmos, de dias humanamente mon\u00f3tonos que se sucedem um ap\u00f3s o outro.<\/p>\n\n\n\n<figure class=\"wp-block-image size-full is-resized\"><img decoding=\"async\" width=\"1000\" height=\"677\" src=\"https:\/\/fundacioncarf.org\/wp-content\/uploads\/2025\/02\/siete_domingos_san_jose_egipto.webp\" alt=\"Siete domingos de san Jos\u00e9\" class=\"wp-image-228218\" style=\"aspect-ratio:1.4771665659174589;width:793px;height:auto\" srcset=\"https:\/\/fundacioncarf.org\/wp-content\/uploads\/2025\/02\/siete_domingos_san_jose_egipto.webp 1000w, https:\/\/fundacioncarf.org\/wp-content\/uploads\/2025\/02\/siete_domingos_san_jose_egipto-300x203.webp 300w, https:\/\/fundacioncarf.org\/wp-content\/uploads\/2025\/02\/siete_domingos_san_jose_egipto-150x102.webp 150w, https:\/\/fundacioncarf.org\/wp-content\/uploads\/2025\/02\/siete_domingos_san_jose_egipto-768x520.webp 768w, https:\/\/fundacioncarf.org\/wp-content\/uploads\/2025\/02\/siete_domingos_san_jose_egipto-18x12.webp 18w\" sizes=\"(max-width: 1000px) 100vw, 1000px\" \/><\/figure>\n\n\n\n<p id=\"san-jose-el-padre-de-jesus\"><strong>S\u00e3o Jos\u00e9, o pai de Jesus<\/strong><\/p>\n\n\n\n<p>\u00abTrate Jos\u00e9 e encontrar\u00e1 Jesus\u00bb, <em>S\u00e3o Josemar\u00eda Escriv\u00e1 de Balaguer<\/em>.<\/p>\n\n\n\n<p>&nbsp;Atrav\u00e9s do anjo, o pr\u00f3prio Deus confia a Jos\u00e9 quais s\u00e3o os seus planos e como ele conta com ele para os levar a cabo.&nbsp;<strong>Jos\u00e9 \u00e9 chamado a ser o pai de Jesus; essa ser\u00e1 a sua voca\u00e7\u00e3o, a sua miss\u00e3o.<\/strong><\/p>\n\n\n\n<p>Jos\u00e9 tem sido, em termos humanos, o mestre de Jesus; tem-no tratado diariamente, com delicado afecto, e tem cuidado d'Ele com alegre abnega\u00e7\u00e3o.<\/p>\n\n\n\n<p><strong>Com S\u00e3o Jos\u00e9, aprendemos o que \u00e9 ser de Deus e estar plenamente entre os homens, santificando o mundo.<\/strong>&nbsp;Trate Jos\u00e9 e encontrar\u00e1 Jesus. Trate Jos\u00e9 e encontrar\u00e1 Maria, que sempre encheu de paz o simp\u00e1tico semin\u00e1rio de Nazar\u00e9.<\/p>\n\n\n\n<p>Jos\u00e9 de Nazar\u00e9 tomou conta do Filho de Deus e, como homem, introduziu-o na esperan\u00e7a do povo de Israel. E \u00e9 isso que ele faz&nbsp;<strong>connosco: com a sua poderosa intercess\u00e3o ele leva-nos a Jesus<\/strong>. S\u00e3o Josemaria, cuja devo\u00e7\u00e3o a S\u00e3o Jos\u00e9 cresceu ao longo da sua vida, disse que ele \u00e9 verdadeiramente Pai e Senhor, que protege e acompanha aqueles que o veneram no seu caminho terreno, tal como ele protegeu e acompanhou Jesus enquanto crescia e se tornava homem.<\/p>\n\n\n\n<p>Deus exige continuamente mais, e os Seus caminhos n\u00e3o s\u00e3o os nossos caminhos humanos.&nbsp;<strong>S\u00e3o Jos\u00e9, como nenhum homem antes ou depois dele, aprendeu de Jesus a estar atento para reconhecer as maravilhas de Deus, a ter o cora\u00e7\u00e3o e a alma abertos.<\/strong><\/p>\n\n\n\n<p id=\"la-fiesta-de-san-jose\"><strong>A festa de S\u00e3o Jos\u00e9<\/strong><\/p>\n\n\n\n<p>No dia 19 de mar\u00e7o a Igreja celebra a festa do Santo Patriarca, patrono da Igreja e do Trabalho, data em que n\u00f3s, no Opus Dei, renovamos o compromisso de amor que nos une a Nosso Senhor. Mas em todo o mundo celebramos tamb\u00e9m a festa de S\u00e3o Jos\u00e9 Oper\u00e1rio, patrono de todos os trabalhadores, no dia 1 de maio.<\/p>\n\n\n\n<p>A festa de S. Jos\u00e9 p\u00f5e diante dos nossos olhos a beleza de uma vida fiel. Jos\u00e9 confiava em Deus: por isso p\u00f4de ser o seu homem de confian\u00e7a na terra para cuidar de Maria e de Jesus, e do c\u00e9u \u00e9 um bom pai que cuida da fidelidade dos crist\u00e3os.<\/p>\n\n\n\n<p><strong>Os sete Domingos de S. Jos\u00e9<\/strong><\/p>\n\n\n\n<p>Eles s\u00e3o um costume da Igreja para se preparar para a festa de 19 de Mar\u00e7o. Os sete domingos anteriores a esta festa s\u00e3o dedicados ao Santo Patriarca em mem\u00f3ria das principais alegrias e tristezas da sua vida.<\/p>\n\n\n\n<p>A medita\u00e7\u00e3o do&nbsp;<strong>Dores e alegrias de S\u00e3o Jos\u00e9<\/strong>&nbsp;ajuda a conhecer melhor o santo Patriarca e a lembrar que ele tamb\u00e9m enfrentou alegrias e dificuldades.<\/p>\n\n\n\n<p>Foi o Papa Greg\u00f3rio XVI que encorajou a devo\u00e7\u00e3o dos sete Domingos de S\u00e3o Jos\u00e9, concedendo-lhe muitas indulg\u00eancias; mas Pio IX tornou-as perenemente actuais com o seu desejo de que o santo fosse chamado a aliviar a ent\u00e3o aflita situa\u00e7\u00e3o da Igreja universal.<\/p>\n\n\n\n<p>Um dia, algu\u00e9m perguntou a S\u00e3o Josemaria como se aproximar de Jesus: \"Pense nesse homem maravilhoso, escolhido por Deus para ser seu pai na terra; pense nas suas dores e nas suas alegrias. Faz os sete domingos? Se n\u00e3o, aconselho-o a faz\u00ea-los.<\/p>\n\n\n\n<p>Que grandeza adquire a figura silenciosa e escondida de S\u00e3o Jos\u00e9\", disse S\u00e3o Jo\u00e3o XXIII, \"pelo esp\u00edrito com que cumpriu a miss\u00e3o que lhe foi confiada por Deus\". Porque a verdadeira dignidade do homem n\u00e3o se mede pelo brilho de resultados vis\u00edveis, mas pelas disposi\u00e7\u00f5es interiores de ordem e boa vontade\".<\/p>\n\n\n\n<p id=\"curiosidades-de-san-jose-obrero\"><strong>Curiosidades de S\u00e3o Jos\u00e9 Oper\u00e1rio<\/strong><\/p>\n\n\n\n<figure class=\"wp-block-embed is-type-video is-provider-youtube wp-block-embed-youtube wp-embed-aspect-16-9 wp-has-aspect-ratio\"><div class=\"wp-block-embed__wrapper\">\n<iframe loading=\"lazy\" title=\"O Papa explica a sua nova carta sobre S\u00e3o Jos\u00e9\" width=\"500\" height=\"281\" src=\"https:\/\/www.youtube.com\/embed\/sQfOig4-fYA?feature=oembed\" frameborder=\"0\" allow=\"accelerometer; autoplay; clipboard-write; encrypted-media; gyroscope; picture-in-picture; web-share\" referrerpolicy=\"strict-origin-when-cross-origin\" allowfullscreen><\/iframe>\n<\/div><\/figure>\n\n\n\n<p><strong>Devo\u00e7\u00e3o do Papa Le\u00e3o XIV<\/strong><\/p>\n\n\n\n<p>\u00abJos\u00e9 deixa para tr\u00e1s as suas seguran\u00e7as humanas e abandona-se completamente a Deus, navegando \u201cpara as profundezas\u201d em dire\u00e7\u00e3o a um futuro confiado inteiramente \u00e0 Provid\u00eancia. Santo Agostinho descreve assim o seu consentimento: \"\u00ab\"\u00c0 piedade e \u00e0 caridade de Jos\u00e9 nasceu um filho da Virgem Maria, ao mesmo tempo Filho de Deus\"\u00bb (Serm\u00e3o 51, 30)\".<\/p>\n\n\n\n<p id=\"devocion-del-papa-francisco\"><strong>Devo\u00e7\u00e3o do Papa Francisco<\/strong><\/p>\n\n\n\n<p>\"Eu tamb\u00e9m gostaria de lhe dizer algo muito pessoal. Eu amo muito S\u00e3o Jos\u00e9. Porque ele \u00e9 um homem forte e silencioso. E eu tenho uma foto de S\u00e3o Jos\u00e9 a dormir na minha secret\u00e1ria. E enquanto dorme, ele toma conta da Igreja. Sim, ele pode fazer isso. N\u00e3o podemos. E quando eu tenho um problema, uma dificuldade. E quando tenho um problema, uma dificuldade, escrevo um pequeno peda\u00e7o de papel e coloco-o debaixo da figura do Santo para que ele o sonhe. Isto significa que eu rezo por esse problema.<\/p>\n\n\n\n<p id=\"devocion-de-san-josemaria\"><strong>Devo\u00e7\u00e3o de S\u00e3o Josemar\u00eda<\/strong><\/p>\n\n\n\n<p>S\u00e3o Jos\u00e9 \u00e9 o padroeiro desta fam\u00edlia que \u00e9 a Obra. Nos primeiros anos, S\u00e3o Josemaria recorreu especialmente a ele para conseguir que Jesus Sacramentado estivesse presente no primeiro centro do Opus Dei. Por sua intercess\u00e3o, em mar\u00e7o de 1935 foi poss\u00edvel reservar Nosso Senhor no orat\u00f3rio da Academia-Resid\u00eancia DYA, na rua Ferraz, em Madrid.<\/p>\n\n\n\n<p>Desde ent\u00e3o, o fundador da Obra quis que a chave dos sacr\u00e1rios dos centros do Opus Dei tivesse uma pequena medalha de S\u00e3o Jos\u00e9 com a inscri\u00e7\u00e3o&nbsp;<em>Ite ad Ioseph<\/em>A raz\u00e3o \u00e9 lembrar que, de forma semelhante ao que o Jos\u00e9 do Antigo Testamento faz com o seu povo, o santo patriarca nos tinha fornecido o alimento mais precioso: a Eucaristia.<\/p>\n\n\n\n<p id=\"san-jose-obrero-el-santo-del-silencio-el-protector\"><strong>S\u00e3o Jos\u00e9 Oper\u00e1rio, o santo do sil\u00eancio, o protetor<\/strong><\/p>\n\n\n\n<p>N\u00e3o conhecemos as suas palavras, conhecemos apenas as suas obras, os seus actos de f\u00e9, de amor e de prote\u00e7\u00e3o. Protegeu a Imaculada M\u00e3e de Deus e foi o pai de Jesus na terra. No entanto, os Evangelhos n\u00e3o falam dele. \u00c9, antes, um silencioso e humilde servo de Deus que desempenhou plenamente o seu papel. Trabalhando arduamente para sustentar a Sagrada Fam\u00edlia.<\/p>\n\n\n\n<p>Um dos primeiros t\u00edtulos que usaram para o homenagear foi&nbsp;<em>Nutritor Domini<\/em>O \"Alimentador do Senhor\" remonta, pelo menos, ao s\u00e9culo IX.<\/p>\n\n\n\n<p id=\"celebraciones-en-su-honor\"><strong>Celebra\u00e7\u00f5es em sua honra<\/strong><\/p>\n\n\n\n<p>A solenidade de S\u00e3o Jos\u00e9 \u00e9 a 19 de mar\u00e7o e a festa de S\u00e3o Jos\u00e9 Oper\u00e1rio (Dia Internacional do Trabalho) \u00e9 a 1 de maio. Est\u00e1 tamb\u00e9m inclu\u00eddo na festa da Sagrada Fam\u00edlia (30 de dezembro) e faz, sem d\u00favida, parte da hist\u00f3ria do Natal.<\/p>\n\n\n\n<p id=\"san-jose-tiene-multiples-patronazgos\"><strong>S\u00e3o Jos\u00e9 tem m\u00faltiplos patroc\u00ednios<\/strong><\/p>\n\n\n\n<p>\u00c9 o patrono da Igreja Universal, da boa morte, das fam\u00edlias, dos pais, das mulheres gr\u00e1vidas, dos viajantes, dos imigrantes, dos artes\u00e3os, dos engenheiros e dos trabalhadores. \u00c9 tamb\u00e9m o padroeiro das Am\u00e9ricas, do Canad\u00e1, da China, da Cro\u00e1cia, do M\u00e9xico, da Coreia, da \u00c1ustria, da B\u00e9lgica, do Peru, das Filipinas e do Vietname.<\/p>\n\n\n\n<p>Pe\u00e7amos a S\u00e3o Jos\u00e9 Oper\u00e1rio que continue a ajudar-nos a aproximarmo-nos de Jesus no Sant\u00edssimo Sacramento, que \u00e9 o alimento de que se nutre a Igreja. F\u00ea-lo com Maria em Nazar\u00e9, e f\u00e1-lo-\u00e1 com ela nas nossas casas.<\/p>\n\n\n\n<hr class=\"wp-block-separator has-alpha-channel-opacity\"\/>\n\n\n\n<div class=\"wp-block-rank-math-toc-block\" id=\"rank-math-toc\"><p><strong>\u00cdndice<\/strong><\/p><nav><ul><li class=\"\"><a href=\"#biografia-de-san-jose-el-obrero-de-nazaret\">Biografia de S\u00e3o Jos\u00e9 Oper\u00e1rio de Nazar\u00e9<\/a><ul><li class=\"\"><a href=\"#quien-fue-san-jose-obrero-en-la-iglesia-catolica\">Quem foi S\u00e3o Jos\u00e9 Oper\u00e1rio na Igreja Cat\u00f3lica?<\/a><\/li><\/ul><\/li><\/ul><\/nav><\/div>\n\n\n\n<hr class=\"wp-block-separator has-alpha-channel-opacity\"\/>\n\n\n\n<p><\/p>","protected":false},"excerpt":{"rendered":"<p>A S\u00e3o Jos\u00e9 foi confiada por Deus a enorme responsabilidade e o privil\u00e9gio de ser o esposo da Virgem Maria e o guardi\u00e3o da Sagrada Fam\u00edlia. Para isso, trabalhou incansavelmente para os sustentar. \u00c9 ele quem est\u00e1 mais pr\u00f3ximo de Jesus e da Virgem Maria.<\/p>","protected":false},"author":4,"featured_media":229327,"comment_status":"closed","ping_status":"closed","sticky":false,"template":"","format":"standard","meta":{"_acf_changed":false,"give_campaign_id":0,"footnotes":""},"categories":[13],"tags":[172,120,121,6,10,178],"class_list":["post-167717","post","type-post","status-publish","format-standard","has-post-thumbnail","hentry","category-blog","tag-congregaciones-religiosas","tag-sacerdote","tag-seminarista","tag-vida-cristiana","tag-vida-de-santos","tag-voluntarios"],"acf":[],"_links":{"self":[{"href":"https:\/\/fundacioncarf.org\/pt\/wp-json\/wp\/v2\/posts\/167717","targetHints":{"allow":["GET"]}}],"collection":[{"href":"https:\/\/fundacioncarf.org\/pt\/wp-json\/wp\/v2\/posts"}],"about":[{"href":"https:\/\/fundacioncarf.org\/pt\/wp-json\/wp\/v2\/types\/post"}],"author":[{"embeddable":true,"href":"https:\/\/fundacioncarf.org\/pt\/wp-json\/wp\/v2\/users\/4"}],"replies":[{"embeddable":true,"href":"https:\/\/fundacioncarf.org\/pt\/wp-json\/wp\/v2\/comments?post=167717"}],"version-history":[{"count":28,"href":"https:\/\/fundacioncarf.org\/pt\/wp-json\/wp\/v2\/posts\/167717\/revisions"}],"predecessor-version":[{"id":229454,"href":"https:\/\/fundacioncarf.org\/pt\/wp-json\/wp\/v2\/posts\/167717\/revisions\/229454"}],"wp:featuredmedia":[{"embeddable":true,"href":"https:\/\/fundacioncarf.org\/pt\/wp-json\/wp\/v2\/media\/229327"}],"wp:attachment":[{"href":"https:\/\/fundacioncarf.org\/pt\/wp-json\/wp\/v2\/media?parent=167717"}],"wp:term":[{"taxonomy":"category","embeddable":true,"href":"https:\/\/fundacioncarf.org\/pt\/wp-json\/wp\/v2\/categories?post=167717"},{"taxonomy":"post_tag","embeddable":true,"href":"https:\/\/fundacioncarf.org\/pt\/wp-json\/wp\/v2\/tags?post=167717"}],"curies":[{"name":"wp","href":"https:\/\/api.w.org\/{rel}","templated":true}]}}