{"id":27982,"date":"2026-04-28T02:00:03","date_gmt":"2026-04-28T00:00:03","guid":{"rendered":"https:\/\/carfundacion.roymo.info\/?p=27982"},"modified":"2026-04-21T16:23:18","modified_gmt":"2026-04-21T14:23:18","slug":"gabon-iglesia-sacerdotes-formados-comunicacion","status":"publish","type":"post","link":"https:\/\/fundacioncarf.org\/pl\/gabon-iglesia-sacerdotes-formados-comunicacion\/","title":{"rendered":"\u00abKo\u015bci\u00f3\u0142 katolicki w Gabonie potrzebuje ksi\u0119\u017cy przeszkolonych w zakresie komunikacji\u00bb.\u00bb"},"content":{"rendered":"<p>Wenceslas Herman Lengoma jest ksi\u0119dzem z diecezji Franceville, w <a href=\"https:\/\/es.wikipedia.org\/wiki\/Gab%C3%B3n\" target=\"_blank\" rel=\"noreferrer noopener\">Gabon<\/a> (Afryka \u015arodkowa). Ma 46 lat i w latach 2019-2021 studiowa\u0142 na kierunku Instytucjonalna Komunikacja Spo\u0142eczna na Papieskim Uniwersytecie \u015awi\u0119tego Krzy\u017ca w Rzymie. To by\u0142o jego do\u015bwiadczenie podczas szkolenia. <\/p>\n\n\n\n<p>Jego celem jest powr\u00f3t do Gabonu, aby profesjonalnie zarz\u0105dza\u0107 instytucjami medialnymi swojej diecezji, rozumiej\u0105c, \u017ce przes\u0142anie Ewangelii wymaga dzi\u015b nowoczesnych narz\u0119dzi technicznych i narracyjnych.<\/p>\n\n\n\n<h2 class=\"wp-block-heading\" id=\"gabon-necesita-pastores-formados\">\u00abPotrzebujemy dobrze wyszkolonych ksi\u0119\u017cy dla Ko\u015bcio\u0142a katolickiego\u00bb.\u00bb<\/h2>\n\n\n\n<p>Gabon ma obecnie sze\u015b\u0107 diecezji i jedn\u0105 prefektur\u0119 apostolsk\u0105. Kraj otrzyma\u0142 pierwszych misjonarzy w 1944 r., 29 wrze\u015bnia, kiedy Ko\u015bci\u00f3\u0142 katolicki zosta\u0142 za\u0142o\u017cony w Gabonie przez misjonarzy ze Zgromadzenia Naj\u015bwi\u0119tszego Serca Maryi, kt\u00f3re p\u00f3\u017aniej przekszta\u0142ci\u0142o si\u0119 w Zgromadzenie Ducha \u015awi\u0119tego lub Duchak\u00f3w.<\/p>\n\n\n\n<p>Diecezja, w kt\u00f3rej jestem inkardynowany, Franceville, \u0142\u0105czy dwie du\u017ce prowincje: Haut Ogoou\u00e9 i Ogoou\u00e9 Lolo. To rozszerzenie stanowi powa\u017cny problem dla pracy duszpasterskiej z powodu ma\u0142ej liczby ksi\u0119\u017cy, kt\u00f3rzy nie docieraj\u0105 do wszystkich wiernych. Potrzebujemy wi\u0119cej kap\u0142an\u00f3w w mojej diecezji, dobrze wyszkolonych, aby dotrze\u0107 do wszystkich wiernych.<\/p>\n\n\n\n<p>Problem ten powoduje, \u017ce tak zwane \u201cprotestanckie ko\u015bcio\u0142y odrodzenia\u201d powstaj\u0105 na tym obszarze. Te <a href=\"https:\/\/fundacioncarf.org\/servir-a-la-iglesia\/\" data-type=\"page\" data-id=\"169919\" target=\"_blank\" rel=\"noreferrer noopener\">ko\u015bcio\u0142y<\/a> Przyje\u017cd\u017caj\u0105 do nas z kraj\u00f3w przygranicznych, takich jak Kongo Brazzaville, Kamerun, a nawet dalej, z kraj\u00f3w takich jak Nigeria, Togo, Benin, Czad itp. <\/p>\n\n\n\n<p>Dlatego jest to g\u0142\u00f3wny pow\u00f3d, dla kt\u00f3rego m\u00f3j biskup wys\u0142a\u0142 mnie do Rzymu, abym studiowa\u0142 Instytucjonaln\u0105 Komunikacj\u0119 Spo\u0142eczn\u0105, aby p\u00f3\u017aniej za\u0142o\u017cy\u0107 katolick\u0105 stacj\u0119 radiow\u0105 w diecezji, kt\u00f3ra promowa\u0142aby blisko\u015b\u0107 z naszymi wiernymi poprzez programy religijne, takie jak msza, nabo\u017ce\u0144stwa, czytanie s\u0142owa Bo\u017cego itp.<\/p>\n\n\n\n<h3 class=\"wp-block-heading\" id=\"necesidades-concretas-de-mi-diocesis\">Konkretne potrzeby mojej diecezji<\/h3>\n\n\n\n<p>Zacz\u0119\u0142am studiowa\u0107 komunikacj\u0119 spo\u0142eczn\u0105 na uniwersytecie w Rzymie, gdzie kszta\u0142ci\u0142am si\u0119 w takich przedmiotach jak nauka spo\u0142eczna Ko\u015bcio\u0142a, historia socjologii, ekonomia, psychologia, historia medi\u00f3w itd. Wszystkie te tematy, mimo ich wagi, nie odpowiada\u0142y konkretnym potrzebom mojej diecezji. Postanowi\u0142am wi\u0119c zmieni\u0107 uczelni\u0119.<\/p>\n\n\n\n<blockquote class=\"wp-block-quote is-layout-flow wp-block-quote-is-layout-flow\">\n<p><strong><em>\"Potrzebujemy wi\u0119cej dobrze wyszkolonych ksi\u0119\u017cy w mojej diecezji Franceville (Gabon, Afryka \u015arodkowa), aby dotrze\u0107 do wszystkich wiernych.<\/em><\/strong><\/p>\n<\/blockquote>\n\n\n\n<p>Jego biskup chce promowa\u0107 katolick\u0105 stacj\u0119 radiow\u0105 w diecezji i wspiera\u0107 blisko\u015b\u0107 z wiernymi poprzez programy religijne.<\/p>\n\n\n\n<p><strong>\"Rozpocz\u0119\u0142am niesamowit\u0105 przygod\u0119\".<\/strong><\/p>\n\n\n\n<p>8 pa\u017adziernika 2018 r., w dniu rozpocz\u0119cia roku szkolnego, rozpocz\u0105\u0142em niesamowit\u0105 przygod\u0119: poszukiwanie uniwersytetu, kt\u00f3ry m\u00f3g\u0142by da\u0107 mi formacj\u0119 potrzebn\u0105 do bycia u\u017cytecznym i skutecznym dla ludu Bo\u017cego w moim kraju, a poniewa\u017c opatrzno\u015b\u0107 jest matk\u0105 wszystkich cn\u00f3t, o 10:30 - wci\u0105\u017c pami\u0119tam dok\u0142adny dzie\u0144 i godzin\u0119 - natkn\u0105\u0142em si\u0119 na du\u017cy budynek, na kt\u00f3rym mog\u0142em przeczyta\u0107 tabliczk\u0119 \u201cPapieski Uniwersytet \u015awi\u0119tego Krzy\u017ca\u201d.<\/p>\n\n\n\n<figure class=\"wp-block-image size-full is-resized\"><img decoding=\"async\" width=\"960\" height=\"720\" src=\"https:\/\/fundacioncarf.org\/wp-content\/uploads\/2020\/09\/Cathedral_of_Saint-Marie_Libreville.jpg\" alt=\"gab\u00f3n iglesia cat\u00f3lica sacerdote comunicaci\u00f3n \" class=\"wp-image-228916\" style=\"aspect-ratio:1.3333421912784673;width:788px;height:auto\" srcset=\"https:\/\/fundacioncarf.org\/wp-content\/uploads\/2020\/09\/Cathedral_of_Saint-Marie_Libreville.jpg 960w, https:\/\/fundacioncarf.org\/wp-content\/uploads\/2020\/09\/Cathedral_of_Saint-Marie_Libreville-300x225.jpg 300w, https:\/\/fundacioncarf.org\/wp-content\/uploads\/2020\/09\/Cathedral_of_Saint-Marie_Libreville-150x113.jpg 150w, https:\/\/fundacioncarf.org\/wp-content\/uploads\/2020\/09\/Cathedral_of_Saint-Marie_Libreville-768x576.jpg 768w, https:\/\/fundacioncarf.org\/wp-content\/uploads\/2020\/09\/Cathedral_of_Saint-Marie_Libreville-16x12.jpg 16w\" sizes=\"(max-width: 960px) 100vw, 960px\" \/><\/figure>\n\n\n\n<p>Moje serce by\u0142o pe\u0142ne rado\u015bci, nawet nie wiedz\u0105c dlaczego. Rozchmurzy\u0142am si\u0119 wi\u0119c i nie wiedz\u0105c dok\u0142adnie, dok\u0105d zmierzam, wesz\u0142am i sz\u0142am dalej z wielk\u0105 determinacj\u0105. W\u0119drowa\u0142am po korytarzach, czyta\u0142am materia\u0142y o wydzia\u0142ach i zaj\u0119ciach, a w ko\u0144cu dosz\u0142am do spotkania z profesorem Danielem Arasem, prodziekanem Wydzia\u0142u Komunikacji, a nast\u0119pnie dziekanem Wydzia\u0142u Komunikacji.<\/p>\n\n\n\n<p><strong>Dobrze wyszkoleni ksi\u0119\u017ca w dziedzinie komunikacji<\/strong><\/p>\n\n\n\n<p>Wyja\u015bni\u0142em im, co mi si\u0119 przydarzy\u0142o i jak pilnie moja diecezja i ja potrzebowali\u015bmy dobrze wyszkolonych ksi\u0119\u017cy w dziedzinie komunikacji. Od tego momentu min\u0105\u0142 ponad rok i mog\u0119 powiedzie\u0107, \u017ce na \u015awi\u0119tym Krzy\u017cu znalaz\u0142em bezpo\u015brednie po\u0142\u0105czenie z d\u0142ugo oczekiwanymi celami mojej diecezji, a dzi\u015b czuj\u0119 si\u0119 szcz\u0119\u015bliwy i wiele si\u0119 ucz\u0119, za co jestem bardzo wdzi\u0119czny osobom odpowiedzialnym za t\u0119 instytucj\u0119.<\/p>\n\n\n\n<blockquote class=\"wp-block-quote is-layout-flow wp-block-quote-is-layout-flow\">\n<p><em><strong>\"Na Papieskim Uniwersytecie \u015awi\u0119tego Krzy\u017ca znalaz\u0142em bezpo\u015brednie po\u0142\u0105czenie z d\u0142ugo oczekiwanymi celami mojej diecezji\".<\/strong><\/em><\/p>\n<\/blockquote>\n\n\n\n<p>Wac\u0142aw wiele si\u0119 nauczy\u0142 na Papieskim Uniwersytecie \u015awi\u0119tego Krzy\u017ca w Rzymie. Dzi\u0119ki uko\u0144czeniu studi\u00f3w na kierunku Instytucjonalna Komunikacja Spo\u0142eczna, po przybyciu do swojej diecezji w Gabonie, b\u0119dzie m\u00f3g\u0142 promowa\u0107 katolick\u0105 stacj\u0119 radiow\u0105, o kt\u00f3rej za\u0142o\u017cenie poprosi\u0142 go biskup, a kt\u00f3rej dzia\u0142alno\u015b\u0107 zosta\u0142a zawieszona z powodu braku funduszy. Jest wdzi\u0119czny partnerom, dobroczy\u0144com i przyjacio\u0142om Fundacji CARF za pomoc w uko\u0144czeniu studi\u00f3w.<\/p>\n\n\n\n<p><strong>Dzi\u0119ki wsparciu Fundacji CARF<\/strong><\/p>\n\n\n\n<p>To, co umo\u017cliwi\u0142o t\u0119 wielk\u0105 zmian\u0119 w moim \u017cyciu akademickim i kap\u0142a\u0144skim - poniewa\u017c w ten spos\u00f3b mog\u0119 po\u015bwi\u0119ci\u0107 si\u0119 potrzebom ludu Bo\u017cego w mojej diecezji - to wsparcie Fundacji CARF (Fundacja Centro Academico Romano). <\/p>\n\n\n\n<p>W rzeczywisto\u015bci, kiedy si\u0119 zapisa\u0142em, przedstawiciel tej Fundacji rozmawia\u0142 ze mn\u0105 o mo\u017cliwo\u015bci pomocy - nie tylko mnie, ale tak\u017ce mojej diecezji - w szkoleniu na Wydziale Komunikacji i wykorzystaniu mojej wiedzy w s\u0142u\u017cbie mojemu biskupowi i wiernym w Gabonie, ko\u0144cz\u0105c budow\u0119 stacji radiowej, kt\u00f3rej budowa zosta\u0142a zawieszona z powodu braku funduszy.<\/p>\n\n\n\n<p>\u00abTo do\u015bwiadczenie jest opatrzno\u015bciow\u0105 przygod\u0105, kt\u00f3ra doprowadzi\u0142a mnie do tego <a href=\"https:\/\/es.pusc.it\/\" target=\"_blank\" rel=\"noreferrer noopener\"><strong>Papieski Uniwersytet \u015awi\u0119tego Krzy\u017ca<\/strong><\/a>. Pozostaj\u0119 wdzi\u0119czny ca\u0142emu personelowi administracyjnemu, nauczycielom i dobroczy\u0144com Fundacji CARF: niech Pan obdarzy ka\u017cdego z was potrzebnymi \u0142askami, a \u015bw. Josemar\u00eda Escriv\u00e1, za\u0142o\u017cyciel Opus Dei, zawsze opiekuje si\u0119 ka\u017cd\u0105 z waszych rodzin i wami!<\/p>\n\n\n\n<figure class=\"wp-block-embed is-type-video is-provider-youtube wp-block-embed-youtube wp-embed-aspect-16-9 wp-has-aspect-ratio\"><div class=\"wp-block-embed__wrapper\">\n<iframe loading=\"lazy\" title=\"\u015awiadkowie | Pedro Pablo, historia wenezuelskiego ksi\u0119dza\" width=\"500\" height=\"281\" src=\"https:\/\/www.youtube.com\/embed\/74MBV0i3nJg?feature=oembed\" frameborder=\"0\" allow=\"accelerometer; autoplay; clipboard-write; encrypted-media; gyroscope; picture-in-picture; web-share\" referrerpolicy=\"strict-origin-when-cross-origin\" allowfullscreen><\/iframe>\n<\/div><\/figure>\n\n\n\n<hr class=\"wp-block-separator has-alpha-channel-opacity\"\/>\n\n\n\n<p><strong><a href=\"https:\/\/www.amazon.es\/stores\/author\/B0C8ZNHJ95\" target=\"_blank\" rel=\"noreferrer noopener\">Gerardo Ferrara<\/a><\/strong><br>Absolwentka historii i nauk politycznych, specjalizuj\u0105ca si\u0119 w tematyce bliskowschodniej.<br>Odpowiedzialny za student\u00f3w na Papieskim Uniwersytecie \u015awi\u0119tego Krzy\u017ca w Rzymie.<\/p>\n\n\n\n<hr class=\"wp-block-separator has-alpha-channel-opacity\"\/>\n\n\n\n<div class=\"wp-block-rank-math-toc-block\" id=\"rank-math-toc\"><h2>Spis tre\u015bci<\/h2><nav><ul><li><a href=\"#gabon-necesita-pastores-formados\">\u00abPotrzebujemy dobrze wyszkolonych ksi\u0119\u017cy dla Ko\u015bcio\u0142a katolickiego\u00bb.\u00bb<\/a><ul><li><a href=\"#necesidades-concretas-de-mi-diocesis\">Konkretne potrzeby mojej diecezji<\/a><\/li><\/ul><\/li><\/ul><\/nav><\/div>\n\n\n\n<hr class=\"wp-block-separator has-alpha-channel-opacity\"\/>","protected":false},"excerpt":{"rendered":"<p>Wenceslas Lengoma jest ksi\u0119dzem pochodz\u0105cym z Gabonu (Afryka \u015arodkowa). Studiowa\u0142 Instytucjonaln\u0105 Komunikacj\u0119 Spo\u0142eczn\u0105 na Papieskim Uniwersytecie \u015awi\u0119tego Krzy\u017ca w Rzymie, aby po powrocie stworzy\u0107 diecezjaln\u0105 stacj\u0119 radiow\u0105.<\/p>","protected":false},"author":4,"featured_media":229442,"comment_status":"closed","ping_status":"closed","sticky":false,"template":"","format":"standard","meta":{"_acf_changed":false,"give_campaign_id":0,"footnotes":""},"categories":[109],"tags":[172,120,121],"class_list":["post-27982","post","type-post","status-publish","format-standard","has-post-thumbnail","hentry","category-historias","tag-congregaciones-religiosas","tag-sacerdote","tag-seminarista"],"acf":[],"_links":{"self":[{"href":"https:\/\/fundacioncarf.org\/pl\/wp-json\/wp\/v2\/posts\/27982","targetHints":{"allow":["GET"]}}],"collection":[{"href":"https:\/\/fundacioncarf.org\/pl\/wp-json\/wp\/v2\/posts"}],"about":[{"href":"https:\/\/fundacioncarf.org\/pl\/wp-json\/wp\/v2\/types\/post"}],"author":[{"embeddable":true,"href":"https:\/\/fundacioncarf.org\/pl\/wp-json\/wp\/v2\/users\/4"}],"replies":[{"embeddable":true,"href":"https:\/\/fundacioncarf.org\/pl\/wp-json\/wp\/v2\/comments?post=27982"}],"version-history":[{"count":19,"href":"https:\/\/fundacioncarf.org\/pl\/wp-json\/wp\/v2\/posts\/27982\/revisions"}],"predecessor-version":[{"id":229445,"href":"https:\/\/fundacioncarf.org\/pl\/wp-json\/wp\/v2\/posts\/27982\/revisions\/229445"}],"wp:featuredmedia":[{"embeddable":true,"href":"https:\/\/fundacioncarf.org\/pl\/wp-json\/wp\/v2\/media\/229442"}],"wp:attachment":[{"href":"https:\/\/fundacioncarf.org\/pl\/wp-json\/wp\/v2\/media?parent=27982"}],"wp:term":[{"taxonomy":"category","embeddable":true,"href":"https:\/\/fundacioncarf.org\/pl\/wp-json\/wp\/v2\/categories?post=27982"},{"taxonomy":"post_tag","embeddable":true,"href":"https:\/\/fundacioncarf.org\/pl\/wp-json\/wp\/v2\/tags?post=27982"}],"curies":[{"name":"wp","href":"https:\/\/api.w.org\/{rel}","templated":true}]}}