{"id":213494,"date":"2025-03-03T07:00:00","date_gmt":"2025-03-03T06:00:00","guid":{"rendered":"https:\/\/staging.fundacioncarf.org\/?p=213494"},"modified":"2025-03-18T10:19:33","modified_gmt":"2025-03-18T09:19:33","slug":"youtube-vocacion-sacerdote-stephen-sharpe","status":"publish","type":"post","link":"https:\/\/fundacioncarf.org\/pl\/youtube-vocacion-sacerdote-stephen-sharpe\/","title":{"rendered":"YouTube, gdzie Stephen zosta\u0142 ksi\u0119dzem"},"content":{"rendered":"<p>\"Na YouTube us\u0142ysza\u0142em ateist\u00f3w twierdz\u0105cych, \u017ce chrze\u015bcija\u0144stwo nie ma logicznych podstaw i zda\u0142em sobie spraw\u0119, \u017ce nie znam podstaw, by broni\u0107 swojej wiary. <\/p>\n\n\n\n<figure class=\"wp-block-embed is-type-video is-provider-youtube wp-block-embed-youtube wp-embed-aspect-16-9 wp-has-aspect-ratio\"><div class=\"wp-block-embed__wrapper\">\n<iframe loading=\"lazy\" title=\"STEPHEN SHARPE MOCNO ODCZU\u0141 POWO\u0141ANIE DO KAP\u0141A\u0143STWA ????????\u271d\" width=\"500\" height=\"281\" src=\"https:\/\/www.youtube.com\/embed\/nmNDxCQDlJc?feature=oembed\" frameborder=\"0\" allow=\"accelerometer; autoplay; clipboard-write; encrypted-media; gyroscope; picture-in-picture; web-share\" referrerpolicy=\"strict-origin-when-cross-origin\" allowfullscreen><\/iframe>\n<\/div><\/figure>\n\n\n\n<p>Stephen Sharpe jest m\u0142odym religijnym m\u0119\u017cczyzn\u0105 z Maryland w USA. Urodzi\u0142 si\u0119 5 stycznia 1994 roku. Po uko\u0144czeniu studi\u00f3w na Loyola University Maryland<em> <\/em>Pracuj\u0105c w firmie zajmuj\u0105cej si\u0119 technologiami wojskowymi, odkry\u0142, \u017ce jego prawdziwym powo\u0142aniem nie jest \u015bwiat \u015bwiecki, ale s\u0142u\u017cba Bogu. Podczas studi\u00f3w w Hiszpanii pozna\u0142 wsp\u00f3lnot\u0119 S\u0142ug Bo\u017cych. <a href=\"https:\/\/www.hogardelamadre.org\/es\/\" data-type=\"link\" data-id=\"https:\/\/www.hogardelamadre.org\/es\/\" target=\"_blank\" rel=\"noreferrer noopener\">Dom Matki<\/a> Podczas rekolekcji mocno poczu\u0142 powo\u0142anie do kap\u0142a\u0144stwa.<\/p>\n\n\n\n<p>Dzi\u015b jest cz\u0142onkiem tej wsp\u00f3lnoty od siedmiu lat, ca\u0142kowicie oddaj\u0105c si\u0119 Bogu i przygotowuj\u0105c si\u0119 do zostania ksi\u0119dzem w ko\u015bciele. <a href=\"https:\/\/es.pusc.it\/\" data-type=\"link\" data-id=\"https:\/\/es.pusc.it\/\" target=\"_blank\" rel=\"noopener\">Papieski Uniwersytet \u015awi\u0119tego Krzy\u017ca<\/a> (PUSC) w Rzymie, gdzie studiuje pierwszy cykl dwuletniej propedeutyki filozofii, przed rozpocz\u0119ciem pierwszego cyklu teologii.<\/p>\n\n\n\n<figure class=\"wp-block-image size-full is-resized\"><img decoding=\"async\" width=\"910\" height=\"586\" src=\"https:\/\/fundacioncarf.org\/wp-content\/uploads\/2025\/02\/Stephen-hermano-gemelo.webp\" alt=\"\" class=\"wp-image-213495\" style=\"width:654px;height:auto\" srcset=\"https:\/\/fundacioncarf.org\/wp-content\/uploads\/2025\/02\/Stephen-hermano-gemelo.webp 910w, https:\/\/fundacioncarf.org\/wp-content\/uploads\/2025\/02\/Stephen-hermano-gemelo-300x193.webp 300w, https:\/\/fundacioncarf.org\/wp-content\/uploads\/2025\/02\/Stephen-hermano-gemelo-150x97.webp 150w, https:\/\/fundacioncarf.org\/wp-content\/uploads\/2025\/02\/Stephen-hermano-gemelo-768x495.webp 768w, https:\/\/fundacioncarf.org\/wp-content\/uploads\/2025\/02\/Stephen-hermano-gemelo-18x12.webp 18w\" sizes=\"(max-width: 910px) 100vw, 910px\" \/><\/figure>\n\n\n\n<h3 class=\"wp-block-heading\">Poznaj Stephena<\/h3>\n\n\n\n<p>Nazywa si\u0119 brat Stephen Sharpe, ma 31 lat (ur. w 1994 r.) i pochodzi z Maryland w USA. Nale\u017cy do wsp\u00f3lnoty zakonnej o nazwie S\u0142udzy Domu Matki. Z Domem zwi\u0105zany jest od 7 lat i w tym czasie mia\u0142 okazj\u0119 pracowa\u0107 z m\u0142odymi lud\u017ami w Irlandii, Stanach Zjednoczonych i Hiszpanii.<\/p>\n\n\n\n<p>Jest g\u0142\u0119boko wdzi\u0119czny Fundacji CARF za umo\u017cliwienie mu rozpocz\u0119cia studi\u00f3w w PUSC, gdzie przygotowuje si\u0119 intelektualnie do zostania ksi\u0119dzem. Kocha swoje powo\u0142anie s\u0142ugi i nie mo\u017ce si\u0119 doczeka\u0107, aby pewnego dnia s\u0142u\u017cy\u0107 Ko\u015bcio\u0142owi jako ksi\u0105dz.<\/p>\n\n\n\n<p>Ma brata bli\u017aniaka, kt\u00f3ry jest r\u00f3wnie\u017c jego najlepszym przyjacielem. Niedawno si\u0119 o\u017ceni\u0142 i nadal s\u0105 sobie bardzo bliscy, pomimo dziel\u0105cej ich odleg\u0142o\u015bci. Ma r\u00f3wnie\u017c starszego brata, kt\u00f3ry spodziewa si\u0119 pierwszej c\u00f3rki. Ich matka, kt\u00f3ra wychowa\u0142a ich w wierze, nauczy\u0142a ich swoim przyk\u0142adem, jak wa\u017cne jest stawianie Boga w centrum \u017cycia.<\/p>\n\n\n\n<h3 class=\"wp-block-heading\">W\u0105tpliwo\u015bci nastolatk\u00f3w, YouTube i pragnienie wiary w Boga<\/h3>\n\n\n\n<p>W okresie dojrzewania zacz\u0105\u0142 odczuwa\u0107 g\u0142\u0119bokie pragnienie g\u0142\u0119bszego zrozumienia swojej egzystencji. Pytania egzystencjalne zacz\u0119\u0142y go dr\u0119czy\u0107 i t\u0119skni\u0142 za odpowiedziami. Oko\u0142o 15 lub 16 roku \u017cycia zacz\u0105\u0142 zadawa\u0107 sobie pytanie: \"... jaki jest sens \u017cycia?<strong>Jaki jest sens mojego \u017cycia, dlaczego tu jestem, sk\u0105d wiem, \u017ce B\u00f3g naprawd\u0119 istnieje?<\/strong>\"Pewnego dnia, przegl\u0105daj\u0105c YouTube, us\u0142ysza\u0142, jak atei\u015bci szydz\u0105 z chrze\u015bcija\u0144stwa i twierdz\u0105, \u017ce nie ma ono logicznych podstaw.<\/p>\n\n\n\n<figure class=\"wp-block-image size-full is-resized\"><img decoding=\"async\" width=\"400\" height=\"300\" src=\"https:\/\/fundacioncarf.org\/wp-content\/uploads\/2025\/03\/LoughDerg3.jpg\" alt=\"stephen-sharpe-youtube-vocacion-sacerdote\" class=\"wp-image-214114\" style=\"width:653px;height:auto\" srcset=\"https:\/\/fundacioncarf.org\/wp-content\/uploads\/2025\/03\/LoughDerg3.jpg 400w, https:\/\/fundacioncarf.org\/wp-content\/uploads\/2025\/03\/LoughDerg3-300x225.jpg 300w, https:\/\/fundacioncarf.org\/wp-content\/uploads\/2025\/03\/LoughDerg3-150x113.jpg 150w, https:\/\/fundacioncarf.org\/wp-content\/uploads\/2025\/03\/LoughDerg3-16x12.jpg 16w\" sizes=\"(max-width: 400px) 100vw, 400px\" \/><\/figure>\n\n\n\n<p>To wtedy zda\u0142 sobie spraw\u0119, \u017ce nie zna podstaw obrony swojej wiary i zda\u0142 sobie spraw\u0119, \u017ce je\u015bli nie zacznie si\u0119 kszta\u0142ci\u0107 intelektualnie, ryzykuje jej utrat\u0119. <\/p>\n\n\n\n<p>\"Ta \u015bwiadomo\u015b\u0107 pobudzi\u0142a mnie do dzia\u0142ania: zacz\u0105\u0142em czyta\u0107 Bibli\u0119, ksi\u0105\u017cki apologetyczne, ogl\u0105da\u0107 dyskusje na YouTube i modli\u0107 si\u0119 g\u0142\u0119biej, prosz\u0105c Boga, aby pom\u00f3g\u0142 mi zrozumie\u0107 i poprowadzi\u0142 mnie przez moje zamieszanie\" - m\u00f3wi Stephen.<\/p>\n\n\n\n<p>W tym okresie stawa\u0142 si\u0119 coraz bardziej przekonany, \u017ce wiara w istnienie Boga jest rzeczywi\u015bcie logicznym stanowiskiem. Nigdy nie by\u0142 ateist\u0105, ale jego przekonanie o istnieniu Boga sta\u0142o si\u0119 mocniejsze. \"Kiedy nast\u0105pi\u0142a ta zmiana, pami\u0119tam, \u017ce poczu\u0142em pragnienie zostania ksi\u0119dzem. Ta t\u0119sknota zaw\u0142adn\u0119\u0142a moim sercem i nigdy go nie opu\u015bci\u0142a. Moje rozumowanie by\u0142o proste: je\u015bli B\u00f3g istnieje, to najbardziej znacz\u0105c\u0105 rzecz\u0105, jak\u0105 mog\u0119 zrobi\u0107, jest \u017cy\u0107 ca\u0142kowicie dla Niego, jako ksi\u0105dz. Jednak trzyma\u0142em to pragnienie w tajemnicy i nie dzia\u0142a\u0142em od razu.<\/p>\n\n\n\n<figure class=\"wp-block-image size-full is-resized\"><img decoding=\"async\" width=\"900\" height=\"675\" src=\"https:\/\/fundacioncarf.org\/wp-content\/uploads\/2025\/02\/Stephen-Sharp-Sacerdote.webp\" alt=\"\" class=\"wp-image-213502\" style=\"width:584px;height:auto\" srcset=\"https:\/\/fundacioncarf.org\/wp-content\/uploads\/2025\/02\/Stephen-Sharp-Sacerdote.webp 900w, https:\/\/fundacioncarf.org\/wp-content\/uploads\/2025\/02\/Stephen-Sharp-Sacerdote-300x225.webp 300w, https:\/\/fundacioncarf.org\/wp-content\/uploads\/2025\/02\/Stephen-Sharp-Sacerdote-150x113.webp 150w, https:\/\/fundacioncarf.org\/wp-content\/uploads\/2025\/02\/Stephen-Sharp-Sacerdote-768x576.webp 768w, https:\/\/fundacioncarf.org\/wp-content\/uploads\/2025\/02\/Stephen-Sharp-Sacerdote-16x12.webp 16w\" sizes=\"(max-width: 900px) 100vw, 900px\" \/><\/figure>\n\n\n\n<p>Po uko\u0144czeniu szko\u0142y \u015bredniej ucz\u0119szcza\u0142 do Loyola University Maryland, gdzie studiowa\u0142 biznes mi\u0119dzynarodowy. Pracowa\u0142 jako sta\u017cysta w Textron, ameryka\u0144skiej firmie zajmuj\u0105cej si\u0119 technologiami wojskowymi, specjalizuj\u0105cej si\u0119 w bezza\u0142ogowych samolotach do u\u017cytku wojskowego. <\/p>\n\n\n\n<p>Pomimo tych osi\u0105gni\u0119\u0107, by\u0142 w nim g\u0142os, kt\u00f3ry m\u00f3wi\u0142 mu, \u017ce nie nale\u017cy do tego \u015bwiata. \"Moje serce t\u0119skni\u0142o za czym\u015b innym: chcia\u0142em ca\u0142kowicie odda\u0107 si\u0119 Bogu, a nie czemu\u015b z tego \u015bwiata. Pragnienie bycia ksi\u0119dzem wci\u0105\u017c ros\u0142o i po czterech latach sta\u0142o si\u0119 niemo\u017cliwe do zignorowania\".<\/p>\n\n\n\n<h3 class=\"wp-block-heading\">Hiszpania i s\u0142u\u017cba w gospodarstwie domowym matki<\/h3>\n\n\n\n<p>Mo\u017cliwo\u015b\u0107 studiowania w Hiszpanii sta\u0142a si\u0119 opatrzno\u015bciowa dla spotkania ze S\u0142ugami Domu Matki, wsp\u00f3lnoty seminarzyst\u00f3w i ksi\u0119\u017cy, kt\u00f3rzy otrzymuj\u0105 pomoc od Fundacji CARF w formie cz\u0119\u015bciowych stypendi\u00f3w naukowych.<\/p>\n\n\n\n<p>S\u0142u\u017cebnice Domu Macierzystego s\u0105 wsp\u00f3lnot\u0105 zakonn\u0105 zrodzon\u0105 z inspiracji Ewangelii i charyzmatu jej za\u0142o\u017cyciela, <a href=\"https:\/\/www.hogardelamadre.org\/es\/quienes-somos\/fundador\/biografia\" data-type=\"link\" data-id=\"https:\/\/www.hogardelamadre.org\/es\/quienes-somos\/fundador\/biografia\" target=\"_blank\" rel=\"noreferrer noopener\">Pan Rafael Alonso<\/a>. Czuj\u0105 si\u0119 wybrani przez Boga za po\u015brednictwem Maryi Dziewicy i \u017cyj\u0105 swoj\u0105 duchowo\u015bci\u0105 z siln\u0105 identyfikacj\u0105 z Jezusem Chrystusem, czyni\u0105c swoje dusze wy\u0142\u0105cznym sanktuarium dla Boga. Ich powo\u0142anie opiera si\u0119 na wierno\u015bci Papie\u017cowi, Tradycji i Magisterium Ko\u015bcio\u0142a.<\/p>\n\n\n\n<p>Ich \u017cycie obraca si\u0119 wok\u00f3\u0142 Eucharystii, codziennej Mszy \u015awi\u0119tej i po\u015bwi\u0119cania czasu na adoracj\u0119. Praktykuj\u0105 modlitw\u0119, pokut\u0119 i <a href=\"https:\/\/fundacioncarf.org\/es\/misterios-dolorosos-del-santo-rosario\/\" data-type=\"link\" data-id=\"https:\/\/fundacioncarf.org\/es\/misterios-dolorosos-del-santo-rosario\/\" target=\"_blank\" rel=\"noreferrer noopener\">odmawianie r\u00f3\u017ca\u0144ca<\/a>D\u0105\u017c\u0105 do \u015bwi\u0119to\u015bci i zjednoczenia z Bogiem. Pod\u0105\u017caj\u0105 r\u00f3wnie\u017c za \u017cyciem wsp\u00f3lnotowym opartym na braterstwie i pos\u0142usze\u0144stwie, pod przewodnictwem Ducha \u015awi\u0119tego i opiek\u0105 Maryi Dziewicy. <\/p>\n\n\n\n<p>Jego misj\u0105 jest <a href=\"https:\/\/fundacioncarf.org\/es\/servir-a-la-iglesia\/\" data-type=\"link\" data-id=\"https:\/\/fundacioncarf.org\/es\/servir-a-la-iglesia\/\">s\u0142u\u017c\u0105c Ko\u015bcio\u0142owi<\/a> z rado\u015bci\u0105 i bezinteresown\u0105 mi\u0142o\u015bci\u0105 i s\u0105 bardzo aktywni w sieciach spo\u0142eczno\u015bciowych, zw\u0142aszcza na YouTube, gdzie maj\u0105 kilka kana\u0142\u00f3w i produkcji audiowizualnych w kilku j\u0119zykach, w tym <a href=\"https:\/\/www.youtube.com\/@cosascatolicas\" data-type=\"link\" data-id=\"https:\/\/www.youtube.com\/@cosascatolicas\" target=\"_blank\" rel=\"noreferrer noopener\">Rzeczy katolickie<\/a>gdzie staraj\u0105 si\u0119 przedstawi\u0107 Ewangeli\u0119 w spos\u00f3b przemawiaj\u0105cy do m\u0142odych ludzi, pozostaj\u0105c jednocze\u015bnie wiernymi doktrynie Ko\u015bcio\u0142a katolickiego.\u00a0<\/p>\n\n\n\n<p>\"Spotkanie z S\u0142u\u017cebnicami by\u0142o dla mnie \u0142ask\u0105. Mia\u0142em mo\u017cliwo\u015b\u0107 studiowania w Hiszpanii, dzi\u0119ki programowi na moim uniwersytecie. Mieszka\u0142em w Alcal\u00e1 de Henares, gdzie by\u0142em zaanga\u017cowany w lokaln\u0105 grup\u0119 m\u0142odzie\u017cow\u0105 i uczestniczy\u0142em w codziennej Mszy \u015awi\u0119tej. Pewnego dnia podczas Mszy spotka\u0142em grup\u0119 si\u00f3str, braci i ksi\u0119\u017cy, kt\u00f3rzy nale\u017celi do wsp\u00f3lnoty zwanej Hogar de la Madre. <\/p>\n\n\n\n<p>Ich autentyczno\u015b\u0107, uczciwo\u015b\u0107 i gorliwo\u015b\u0107 wywar\u0142y na mnie ogromne wra\u017cenie. Jeden z braci zaprosi\u0142 mnie na weekendowe rekolekcje z \u0107wiczeniami duchowymi wed\u0142ug metody \u015bw. Ignacego z Loyoli, prowadzone przez prze\u0142o\u017conego generalnego Don Felixa Lopeza.<\/p>\n\n\n\n<p>To odosobnienie sta\u0142o si\u0119 najg\u0142\u0119bszym duchowym do\u015bwiadczeniem w jego \u017cyciu. \"By\u0142em przyt\u0142oczony. Kiedy medytowa\u0142em nad \u017cyciem naszego Pana, moje serce ch\u0142on\u0119\u0142o prawdy wiary, jakbym s\u0142ysza\u0142 je po raz pierwszy. <\/p>\n\n\n\n<figure class=\"wp-block-image size-full is-resized\"><img decoding=\"async\" width=\"300\" height=\"195\" src=\"https:\/\/fundacioncarf.org\/wp-content\/uploads\/2025\/03\/Captura.3.jpg\" alt=\"stephen-sharpe-youtube-vocacion-sacerdote\" class=\"wp-image-214113\" style=\"width:534px;height:auto\" srcset=\"https:\/\/fundacioncarf.org\/wp-content\/uploads\/2025\/03\/Captura.3.jpg 300w, https:\/\/fundacioncarf.org\/wp-content\/uploads\/2025\/03\/Captura.3-150x98.jpg 150w, https:\/\/fundacioncarf.org\/wp-content\/uploads\/2025\/03\/Captura.3-18x12.jpg 18w\" sizes=\"(max-width: 300px) 100vw, 300px\" \/><\/figure>\n\n\n\n<p>Po przej\u015bciu na emerytur\u0119 wr\u00f3ci\u0142 do Stan\u00f3w Zjednoczonych, aby uko\u0144czy\u0107 studia uniwersyteckie, ale nie by\u0142 ju\u017c taki sam. Odkry\u0142 to, czego szuka\u0142 przez ca\u0142e \u017cycie: pe\u0142ni\u0119 prawdy. Po d\u0142ugim rozeznawaniu zdecydowa\u0142 si\u0119 porzuci\u0107 wszystko, swoj\u0105 karier\u0119 uniwersyteck\u0105, zawodow\u0105, sw\u00f3j kraj i wst\u0105pi\u0107 do Domu Matki, po\u015bwi\u0119caj\u0105c swoje \u017cycie ca\u0142kowicie Bogu.<\/p>\n\n\n\n<h3 class=\"wp-block-heading\">Kap\u0142a\u0144stwo - powo\u0142anie, kt\u00f3re nie przychodzi \u0142atwo<\/h3>\n\n\n\n<p>Bycie ksi\u0119dzem nie jest \u0142atwym powo\u0142aniem, ale jest wynikiem g\u0142\u0119bokiej wewn\u0119trznej walki i wiary w Boga:<strong> \"Kocha\u0107 Jezusa to sekret prawdziwego szcz\u0119\u015bcia\".<\/strong>.<\/p>\n\n\n\n<p>Na pocz\u0105tku nie by\u0142o to \u0142atwe. Chocia\u017c czu\u0142 powo\u0142anie do bycia ksi\u0119dzem, Stephen musia\u0142 stawi\u0107 czo\u0142a wielu wewn\u0119trznym zmaganiom. W rzeczywisto\u015bci wymaga\u0142o to wielkiego psychologicznego i duchowego skoku, aby nawet rozwa\u017cy\u0107 do\u0142\u0105czenie do tej wsp\u00f3lnoty. Ale im wi\u0119cej si\u0119 modli\u0142, tym wyra\u017aniej widzia\u0142, \u017ce B\u00f3g rzeczywi\u015bcie go wzywa.<\/p>\n\n\n\n<p>\"Siedem lat p\u00f3\u017aniej mog\u0119 szczerze powiedzie\u0107, \u017ce by\u0142y to najszcz\u0119\u015bliwsze lata mojego \u017cycia, nie dlatego, \u017ce nie cierpia\u0142em, ale dlatego, \u017ce oddaj\u0105c swoje \u017cycie Bogu, zacz\u0105\u0142em odkrywa\u0107 (i nadal odkrywam), \u017ce mi\u0142o\u015b\u0107 do Jezusa jest sekretem prawdziwego szcz\u0119\u015bcia.<\/p>\n\n\n\n<p>Przez lata by\u0142 zaanga\u017cowany w kilka apostolat\u00f3w i jest g\u0142\u0119boko wdzi\u0119czny za mo\u017cliwo\u015b\u0107 studiowania na uniwersytecie. <em>Santa Croce<\/em> (Santa Cruz), dzi\u0119ki pomocy Fundacji CARF, kt\u00f3ra zrobi\u0142a tak wiele dla setek m\u0142odych seminarzyst\u00f3w takich jak on, w nadziei, \u017ce pomog\u0105 innym odkry\u0107 prawd\u0119 Jezusa Chrystusa.<\/p>\n\n\n\n<hr class=\"wp-block-separator has-alpha-channel-opacity\"\/>\n\n\n\n<p><strong>Gerardo Ferrara,<\/strong>&nbsp;Absolwent historii i nauk politycznych, specjalizuj\u0105cy si\u0119 w Bliskim Wschodzie. Przewodnicz\u0105cy samorz\u0105du studenckiego na Uniwersytecie \u015awi\u0119tego Krzy\u017ca w Rzymie.<\/p>","protected":false},"excerpt":{"rendered":"<p>Stephen Sharpe, Amerykanin, kt\u00f3ry odkrywa w Alcal\u00e1 de Henares swoje powo\u0142anie kap\u0142a\u0144skie dzi\u0119ki Youtube i Wsp\u00f3lnocie Domu Matki. <\/p>","protected":false},"author":4,"featured_media":213498,"comment_status":"closed","ping_status":"closed","sticky":false,"template":"","format":"standard","meta":{"_acf_changed":false,"give_campaign_id":0,"footnotes":""},"categories":[109],"tags":[240,154,126,120,182],"class_list":["post-213494","post","type-post","status-publish","format-standard","has-post-thumbnail","hentry","category-historias","tag-hogar-de-maria","tag-pusc","tag-roma","tag-sacerdote","tag-testimonio"],"acf":[],"_links":{"self":[{"href":"https:\/\/fundacioncarf.org\/pl\/wp-json\/wp\/v2\/posts\/213494","targetHints":{"allow":["GET"]}}],"collection":[{"href":"https:\/\/fundacioncarf.org\/pl\/wp-json\/wp\/v2\/posts"}],"about":[{"href":"https:\/\/fundacioncarf.org\/pl\/wp-json\/wp\/v2\/types\/post"}],"author":[{"embeddable":true,"href":"https:\/\/fundacioncarf.org\/pl\/wp-json\/wp\/v2\/users\/4"}],"replies":[{"embeddable":true,"href":"https:\/\/fundacioncarf.org\/pl\/wp-json\/wp\/v2\/comments?post=213494"}],"version-history":[{"count":18,"href":"https:\/\/fundacioncarf.org\/pl\/wp-json\/wp\/v2\/posts\/213494\/revisions"}],"predecessor-version":[{"id":214503,"href":"https:\/\/fundacioncarf.org\/pl\/wp-json\/wp\/v2\/posts\/213494\/revisions\/214503"}],"wp:featuredmedia":[{"embeddable":true,"href":"https:\/\/fundacioncarf.org\/pl\/wp-json\/wp\/v2\/media\/213498"}],"wp:attachment":[{"href":"https:\/\/fundacioncarf.org\/pl\/wp-json\/wp\/v2\/media?parent=213494"}],"wp:term":[{"taxonomy":"category","embeddable":true,"href":"https:\/\/fundacioncarf.org\/pl\/wp-json\/wp\/v2\/categories?post=213494"},{"taxonomy":"post_tag","embeddable":true,"href":"https:\/\/fundacioncarf.org\/pl\/wp-json\/wp\/v2\/tags?post=213494"}],"curies":[{"name":"wp","href":"https:\/\/api.w.org\/{rel}","templated":true}]}}