{"id":212597,"date":"2025-02-11T06:00:00","date_gmt":"2025-02-11T05:00:00","guid":{"rendered":"https:\/\/staging.fundacioncarf.org\/?p=212597"},"modified":"2025-11-24T13:27:11","modified_gmt":"2025-11-24T12:27:11","slug":"estudio-derecho-canonico-formacion-cristiana","status":"publish","type":"post","link":"https:\/\/fundacioncarf.org\/pl\/estudio-derecho-canonico-formacion-cristiana\/","title":{"rendered":"\"Studiuj\u0119 prawo kanoniczne, aby lepiej pomaga\u0107 i s\u0142u\u017cy\u0107 w Brazylii\"."},"content":{"rendered":"<p>Angela jest wykszta\u0142cona, studiuje i m\u00f3wi jasno: \"Studiuj\u0119 prawo kanoniczne w <a href=\"https:\/\/es.pusc.it\/\" data-type=\"link\" data-id=\"https:\/\/es.pusc.it\/\" target=\"_blank\" rel=\"noreferrer noopener\">Papieski Uniwersytet \u015awi\u0119tego Krzy\u017ca<\/a>, \u00bbdzi\u0119ki pomocy Fundacji CARF\u201d \u2013 m\u00f3wi z u\u015bmiechem. Don Luis Navarro, by\u0142y rektor uniwersytetu, podkre\u015bla potrzeb\u0119 zapewnienia cz\u0142onkom swojej wsp\u00f3lnoty i innych ruch\u00f3w ko\u015bcielnych w Brazylii odpowiedniego wykszta\u0142cenia kanonicznego.<\/p>\n\n\n\n<p>Urodzi\u0142a si\u0119 w Caruaru, mie\u015bcie w g\u0142\u0119bi stanu Pernambuco (Brazylia), 20 czerwca 1984 roku. Dorasta\u0142a w rodzinie katolickiej i dlatego zawsze by\u0142a wychowywana zgodnie z doktryn\u0105 Ko\u015bcio\u0142a. We wczesnym dzieci\u0144stwie do\u015bwiadczy\u0142a wiary w grupach modlitewnych nale\u017c\u0105cych do Odnowy Charyzmatycznej i prowadzi\u0142a aktywne \u017cycie w dzia\u0142aniach promowanych przez parafi\u0119, uczestnicz\u0105c mi\u0119dzy innymi w grupach m\u0142odzie\u017cowych.<\/p>\n\n\n\n<figure class=\"wp-block-embed is-type-video is-provider-youtube wp-block-embed-youtube wp-embed-aspect-16-9 wp-has-aspect-ratio\"><div class=\"wp-block-embed__wrapper\">\n<iframe loading=\"lazy\" title=\"ANGELA DE F\u00c1TIMA: SZKOL\u0118 SI\u0118 W PRAWIE KANONICZNYM, ABY POM\u00d3C MOJEMU KRAJOWI\" width=\"500\" height=\"281\" src=\"https:\/\/www.youtube.com\/embed\/-oL063SJRP4?feature=oembed\" frameborder=\"0\" allow=\"accelerometer; autoplay; clipboard-write; encrypted-media; gyroscope; picture-in-picture; web-share\" referrerpolicy=\"strict-origin-when-cross-origin\" allowfullscreen><\/iframe>\n<\/div><\/figure>\n\n\n\n<p>Jako nastolatek poczu\u0142, \u017ce jego wiara stygnie:<strong> \"Brakowa\u0142o mi czego\u015b, co pozwoli\u0142oby mi \u017cy\u0107 moj\u0105 wiar\u0105 w bardziej konkretny spos\u00f3b\",<\/strong> m\u00f3wi.<\/p>\n\n\n\n<p>Jak to cz\u0119sto bywa w okresie dojrzewania, czu\u0142, \u017ce jego wiara wi\u0119dnie. Chocia\u017c nigdy nie odwr\u00f3ci\u0142 si\u0119 od sakrament\u00f3w, czu\u0142, \u017ce czego\u015b mu brakuje, aby \u017cy\u0107 swoj\u0105 wiar\u0105 w bardziej konkretny spos\u00f3b. W wieku 15 lat prze\u017cy\u0142 do\u015bwiadczenie inne ni\u017c wszystkie, uczestnicz\u0105c w seminarium \u017bycie w Duchu \u015awi\u0119tym, kt\u00f3re sk\u0142ada si\u0119 ze spotka\u0144 o tematyce systematycznej i kerygmatycznej, bardzo powszechnej praktyki prowadzonej przez grupy modlitewne w jego mie\u015bcie.<\/p>\n\n\n\n<p>Od tego momentu jego wiara nabra\u0142a znaczenia, kt\u00f3rego szuka\u0142: \"teraz zobaczy\u0142em Chrystusa, kt\u00f3rego zawsze zna\u0142em, jako kogo\u015b bliskiego mi w \u017cywy i konkretny spos\u00f3b\".<\/p>\n\n\n\n<figure class=\"wp-block-image size-large\"><img decoding=\"async\" width=\"1024\" height=\"768\" src=\"https:\/\/fundacioncarf.org\/wp-content\/uploads\/2025\/02\/angela-de-fatima-alabanza-comunidad-1024x768.webp\" alt=\"\" class=\"wp-image-212616\" srcset=\"https:\/\/fundacioncarf.org\/wp-content\/uploads\/2025\/02\/angela-de-fatima-alabanza-comunidad-1024x768.webp 1024w, https:\/\/fundacioncarf.org\/wp-content\/uploads\/2025\/02\/angela-de-fatima-alabanza-comunidad-300x225.webp 300w, https:\/\/fundacioncarf.org\/wp-content\/uploads\/2025\/02\/angela-de-fatima-alabanza-comunidad-150x113.webp 150w, https:\/\/fundacioncarf.org\/wp-content\/uploads\/2025\/02\/angela-de-fatima-alabanza-comunidad-768x576.webp 768w, https:\/\/fundacioncarf.org\/wp-content\/uploads\/2025\/02\/angela-de-fatima-alabanza-comunidad-16x12.webp 16w, https:\/\/fundacioncarf.org\/wp-content\/uploads\/2025\/02\/angela-de-fatima-alabanza-comunidad.webp 1200w\" sizes=\"(max-width: 1024px) 100vw, 1024px\" \/><\/figure>\n\n\n\n<h3 class=\"wp-block-heading\">Spotkanie z Pa\u0144stwa spo\u0142eczno\u015bci\u0105<\/h3>\n\n\n\n<p>Wiele lat p\u00f3\u017aniej, dzi\u0119ki rekolekcjom karnawa\u0142owym, mia\u0142 okazj\u0119 pozna\u0107 t\u0119 spo\u0142eczno\u015b\u0107. <em>Prosz\u0119 przyj\u015b\u0107 do mnie<\/em>-<em>Praca Marii<\/em>znajduje si\u0119 w Recife, nieco ponad 100 kilometr\u00f3w od jego rodzinnego miasta. Jest to prywatne stowarzyszenie na prawie diecezjalnym za\u0142o\u017cone w 1990 roku.<\/p>\n\n\n\n<p>Rekolekcje poprowadzi\u0142 ksi\u0105dz, kt\u00f3ry prowadzi\u0142 szkolenie na temat Tr\u00f3jcy \u015awi\u0119tej. Kiedy przyby\u0142 do wsp\u00f3lnoty, by\u0142 bardzo zaskoczony sposobem, w jaki jej cz\u0142onkowie witali ludzi, a tak\u017ce rado\u015bci\u0105 i dyspozycyjno\u015bci\u0105, z jak\u0105 wykonywali swoje zadania. Zdecydowa\u0142 si\u0119 rozpocz\u0105\u0107 swoj\u0105 podr\u00f3\u017c powo\u0142aniow\u0105 i po okresie towarzyszenia i rozeznawania, do\u0142\u0105czy\u0142 do wsp\u00f3lnoty \u017cycia wewn\u0119trznego w 2003 roku.<\/p>\n\n\n\n<p>Po okresie formacji pocz\u0105tkowej i pog\u0142\u0119bieniu charyzmatu wsp\u00f3lnoty podj\u0119\u0142a pierwsze zobowi\u0105zania, a po latach zosta\u0142a wys\u0142ana do domu ewangelizacji w Rzymie, gdzie mieszka do dzi\u015b.<\/p>\n\n\n\n<h3 class=\"wp-block-heading\">Studia i szkolenie w zakresie prawa kanonicznego<\/h3>\n\n\n\n<p>Charyzma spo\u0142eczno\u015bci jest <a href=\"https:\/\/fundacioncarf.org\/pablo-lopez-sacerdote-evangelizar-en-las-redes\/\" data-type=\"link\" data-id=\"https:\/\/fundacioncarf.org\/pablo-lopez-sacerdote-evangelizar-en-las-redes\/\">ewangelizowa\u0107<\/a> pod ka\u017cdym wzgl\u0119dem z rado\u015bci\u0105. Stara si\u0119 s\u0142u\u017cy\u0107 lokalnemu Ko\u015bcio\u0142owi w jego potrzebach, zapraszaj\u0105c wszystkich do zabrania Maryi Dziewicy do swoich dom\u00f3w i, poprzez Ni\u0105, do do\u015bwiadczenia Zmartwychwsta\u0142ego Chrystusa. W odpowiedzi na to wezwanie Angela rozwija misj\u0119 w parafii \u015bw. Faustyny, znajduj\u0105cej si\u0119 na obrze\u017cach miasta, prowadz\u0105c r\u00f3\u017cne dzia\u0142ania, zar\u00f3wno te zwi\u0105zane z Odnow\u0105 Charyzmatyczn\u0105, jak i inne niezb\u0119dne w lokalnej rzeczywisto\u015bci.<\/p>\n\n\n\n<p>Dla Angeli fundamentalne znaczenie mia\u0142o odkrycie kursu Ruchy ko\u015bcielne: rzeczywisto\u015b\u0107 w drodze na Papieskim Uniwersytecie \u015awi\u0119tego Krzy\u017ca, kt\u00f3rego celem jest z jednej strony pomoc cz\u0142onkom nowych ruch\u00f3w ko\u015bcielnych w lepszym zrozumieniu warto\u015bci tych rzeczywisto\u015bci, aby u\u0142atwi\u0107 im harmonijne w\u0142\u0105czenie si\u0119 w \u017cycie ludu Bo\u017cego, co jest odzwierciedleniem dojrza\u0142o\u015bci ko\u015bcielnej; a z drugiej strony przyczynienie si\u0119 do poznania tych charyzmatycznych rzeczywisto\u015bci w\u015br\u00f3d wszystkich podmiot\u00f3w ko\u015bcielnych, zw\u0142aszcza podmiot\u00f3w prawnych.<\/p>\n\n\n\n<p>Kurs obejmuje wszystkie podstawy teologiczne i magisterialne, a tak\u017ce kanoniczne, dotycz\u0105ce to\u017csamo\u015bci, cech, misji i relacji ruch\u00f3w z Ko\u015bcio\u0142ami partykularnymi; kanonicznej konfiguracji ruch\u00f3w; sytuacji prawnej ich cz\u0142onk\u00f3w, aspekt\u00f3w zarz\u0105dzania i formacji; obecno\u015bci duchowie\u0144stwa i \u017cycia konsekrowanego, a tak\u017ce zapobiegania i korygowania nadu\u017cy\u0107, co jest bardzo wa\u017cne dla Ko\u015bcio\u0142a.<\/p>\n\n\n\n<p>\"Kilka lat temu przyjaciel powiedzia\u0142 nam o kr\u00f3tkim kursie na temat ruch\u00f3w eklezjalnych w Ko\u015bciele, promowanym przez <em>Papieski Uniwersytet \u015awi\u0119tego Krzy\u017ca<\/em>. Wraz z siostr\u0105 ze wsp\u00f3lnoty uczestniczy\u0142y\u015bmy w kursie i w ci\u0105gu kilku miesi\u0119cy jego trwania dostrzeg\u0142y\u015bmy potrzeb\u0119 g\u0142\u0119bszego zrozumienia tego, kim jeste\u015bmy w Ko\u015bciele i jak mo\u017cemy poprawi\u0107 nasz\u0105 drog\u0119. W zwi\u0105zku z tym, a tak\u017ce zmotywowani przez by\u0142ego rektora tego samego uniwersytetu, prof. Luisa Navarro, zacz\u0119li\u015bmy rozwa\u017ca\u0107 pomys\u0142 studiowania prawa kanonicznego.<\/p>\n\n\n\n<figure class=\"wp-block-image size-full\"><img decoding=\"async\" width=\"2048\" height=\"1536\" src=\"https:\/\/fundacioncarf.org\/wp-content\/uploads\/2025\/02\/angela-torres-de-fatima.jpg\" alt=\"angela de fatima brasil derecho can\u00f3nico formaci\u00f3n\" class=\"wp-image-213706\" srcset=\"https:\/\/fundacioncarf.org\/wp-content\/uploads\/2025\/02\/angela-torres-de-fatima.jpg 2048w, https:\/\/fundacioncarf.org\/wp-content\/uploads\/2025\/02\/angela-torres-de-fatima-300x225.jpg 300w, https:\/\/fundacioncarf.org\/wp-content\/uploads\/2025\/02\/angela-torres-de-fatima-1024x768.jpg 1024w, https:\/\/fundacioncarf.org\/wp-content\/uploads\/2025\/02\/angela-torres-de-fatima-150x113.jpg 150w, https:\/\/fundacioncarf.org\/wp-content\/uploads\/2025\/02\/angela-torres-de-fatima-768x576.jpg 768w, https:\/\/fundacioncarf.org\/wp-content\/uploads\/2025\/02\/angela-torres-de-fatima-1536x1152.jpg 1536w, https:\/\/fundacioncarf.org\/wp-content\/uploads\/2025\/02\/angela-torres-de-fatima-16x12.jpg 16w\" sizes=\"(max-width: 2048px) 100vw, 2048px\" \/><\/figure>\n\n\n\n<p>Po uko\u0144czeniu wymaganej propedeutyki w <em>Istituto Superiore di Scienze Religiose<\/em>Angela jest na drugim roku studi\u00f3w prawa kanonicznego. Spos\u00f3b, w jaki <em>Santa Croce<\/em> Coraz bardziej dostrzega potrzeb\u0119 dobrego wykszta\u0142cenia i jest wdzi\u0119czna Bogu za mo\u017cliwo\u015b\u0107 zdobycia tak cennej wiedzy.<\/p>\n\n\n\n<p>W rzeczywisto\u015bci Brazylia jest krajem o najwi\u0119kszej liczbie katolik\u00f3w na \u015bwiecie, z populacj\u0105 przekraczaj\u0105c\u0105 120 milion\u00f3w. Istnieje r\u00f3wnie\u017c wiele katolickich ruch\u00f3w charyzmatycznych, od du\u017cych grup, takich jak Odnowa Charyzmatyczna, po mniejsze grupy.<\/p>\n\n\n\n<p>Ruchy te gromadz\u0105 miliony wiernych, zapewniaj\u0105c intensywne i przemieniaj\u0105ce do\u015bwiadczenie wiary, kt\u00f3re o\u017cywia \u017cycie Ko\u015bcio\u0142a. Jednak ich szybki wzrost i r\u00f3\u017cnorodno\u015b\u0107 stwarzaj\u0105 r\u00f3wnie\u017c zagro\u017cenia, takie jak mo\u017cliwe odchylenia doktrynalne, praktyki sekciarskie, nadu\u017cycia w\u0142adzy i manipulacje emocjonalne. Dlatego wa\u017cne jest, aby zar\u00f3wno w\u0142adze ko\u015bcielne, jak i same ruchy promowa\u0142y harmonijn\u0105 integracj\u0119 i czujno\u015b\u0107, aby zapewni\u0107 wierno\u015b\u0107 oficjalnej doktrynie i dobrobyt ich cz\u0142onk\u00f3w.<\/p>\n\n\n\n<p>\"W obliczu ca\u0142ego tego bogactwa i r\u00f3\u017cnicy charyzmat\u00f3w i duchowo\u015bci, moim zamiarem jest pom\u00f3c nie tylko mojej wsp\u00f3lnocie, ale tak\u017ce tym ruchom w Brazylii, aby\u015bmy mogli lepiej s\u0142u\u017cy\u0107 i by\u0107 wierni wezwaniu, kt\u00f3re Pan do nas skierowa\u0142\" - m\u00f3wi Angela.<\/p>\n\n\n\n<p>Jest za to bardzo wdzi\u0119czna <a href=\"https:\/\/fundacioncarf.org\/donar\/\" data-type=\"page\" data-id=\"170000\">Fundacja CARF<\/a> za danie im tej wspania\u0142ej mo\u017cliwo\u015bci zdobycia wykszta\u0142cenia, kt\u00f3re pomo\u017ce nie tylko ich spo\u0142eczno\u015bci, ale ca\u0142emu krajowi. \"Niech B\u00f3g zawsze Pa\u0144stwu b\u0142ogos\u0142awi i b\u0142ogos\u0142awi wielk\u0105 prac\u0119, kt\u00f3rej si\u0119 Pa\u0144stwo po\u015bwi\u0119caj\u0105.<\/p>\n\n\n\n<hr class=\"wp-block-separator has-alpha-channel-opacity\"\/>\n\n\n\n<p><strong>Gerardo Ferrara,<\/strong> Absolwentka historii i nauk politycznych, specjalizuj\u0105ca si\u0119 w tematyce bliskowschodniej.<br>Odpowiedzialny za student\u00f3w na Uniwersytecie \u015awi\u0119tego Krzy\u017ca w Rzymie.<\/p>\n\n\n\n<p><\/p>","protected":false},"excerpt":{"rendered":"<p>Angela de F\u00e1tima Torres Monteiro, urodzona w Brazylii, odkry\u0142a na nowo swoj\u0105 wiar\u0119 w wieku 15 lat i odnalaz\u0142a swoje powo\u0142anie we Wsp\u00f3lnocie Eis a\u00ed tua M\u00e3e - Obra de Maria. Obecnie kontynuuje formacj\u0119 i studia, aby wype\u0142ni\u0107 swoj\u0105 misj\u0119 w Rzymie.<\/p>","protected":false},"author":719,"featured_media":212598,"comment_status":"closed","ping_status":"closed","sticky":false,"template":"","format":"standard","meta":{"_acf_changed":false,"give_campaign_id":0,"footnotes":""},"categories":[109],"tags":[164,160],"class_list":["post-212597","post","type-post","status-publish","format-standard","has-post-thumbnail","hentry","category-historias","tag-brasil","tag-testimonios"],"acf":[],"_links":{"self":[{"href":"https:\/\/fundacioncarf.org\/pl\/wp-json\/wp\/v2\/posts\/212597","targetHints":{"allow":["GET"]}}],"collection":[{"href":"https:\/\/fundacioncarf.org\/pl\/wp-json\/wp\/v2\/posts"}],"about":[{"href":"https:\/\/fundacioncarf.org\/pl\/wp-json\/wp\/v2\/types\/post"}],"author":[{"embeddable":true,"href":"https:\/\/fundacioncarf.org\/pl\/wp-json\/wp\/v2\/users\/719"}],"replies":[{"embeddable":true,"href":"https:\/\/fundacioncarf.org\/pl\/wp-json\/wp\/v2\/comments?post=212597"}],"version-history":[{"count":22,"href":"https:\/\/fundacioncarf.org\/pl\/wp-json\/wp\/v2\/posts\/212597\/revisions"}],"predecessor-version":[{"id":226734,"href":"https:\/\/fundacioncarf.org\/pl\/wp-json\/wp\/v2\/posts\/212597\/revisions\/226734"}],"wp:featuredmedia":[{"embeddable":true,"href":"https:\/\/fundacioncarf.org\/pl\/wp-json\/wp\/v2\/media\/212598"}],"wp:attachment":[{"href":"https:\/\/fundacioncarf.org\/pl\/wp-json\/wp\/v2\/media?parent=212597"}],"wp:term":[{"taxonomy":"category","embeddable":true,"href":"https:\/\/fundacioncarf.org\/pl\/wp-json\/wp\/v2\/categories?post=212597"},{"taxonomy":"post_tag","embeddable":true,"href":"https:\/\/fundacioncarf.org\/pl\/wp-json\/wp\/v2\/tags?post=212597"}],"curies":[{"name":"wp","href":"https:\/\/api.w.org\/{rel}","templated":true}]}}