{"id":200984,"date":"2024-12-12T03:00:00","date_gmt":"2024-12-12T02:00:00","guid":{"rendered":"https:\/\/staging.fundacioncarf.org\/?p=200984"},"modified":"2025-12-04T17:01:31","modified_gmt":"2025-12-04T16:01:31","slug":"virgen-de-guadalupe-y-los-misterios-de-su-tilma","status":"publish","type":"post","link":"https:\/\/fundacioncarf.org\/pl\/virgen-de-guadalupe-y-los-misterios-de-su-tilma\/","title":{"rendered":"Matka Bo\u017ca z Guadalupe i \u015bwi\u0119ty Josemar\u00eda: synowska mi\u0142o\u015b\u0107"},"content":{"rendered":"<p>The <strong>Dziewica z Guadalupe<\/strong> jest jednym z najwi\u0119kszych skarb\u00f3w naszej wiary katolickiej w Ameryce \u0141aci\u0144skiej. Jej posta\u0107 wykracza poza granice czasu jako symbol pocieszenia, nadziei i jedno\u015bci kulturowej. Jej wizerunek, cudownie odci\u015bni\u0119ty na p\u0142aszczu \u015bw. Jana Diego w 1531 roku, skrywa tajemnice, kt\u00f3re nadal fascynuj\u0105 zar\u00f3wno wiernych, jak i naukowc\u00f3w.<\/p>\n\n\n\n<figure class=\"wp-block-image size-large\"><img decoding=\"async\" width=\"1024\" height=\"538\" src=\"https:\/\/fundacioncarf.org\/wp-content\/uploads\/2024\/12\/juan-diego-tilma-virgen-de-guadalupe-1024x538.jpg\" alt=\"virgen-de-guadalupe-san-josemar\u00eda-tilma\" class=\"wp-image-200995\" srcset=\"https:\/\/fundacioncarf.org\/wp-content\/uploads\/2024\/12\/juan-diego-tilma-virgen-de-guadalupe-1024x538.jpg 1024w, https:\/\/fundacioncarf.org\/wp-content\/uploads\/2024\/12\/juan-diego-tilma-virgen-de-guadalupe-300x158.jpg 300w, https:\/\/fundacioncarf.org\/wp-content\/uploads\/2024\/12\/juan-diego-tilma-virgen-de-guadalupe-150x79.jpg 150w, https:\/\/fundacioncarf.org\/wp-content\/uploads\/2024\/12\/juan-diego-tilma-virgen-de-guadalupe-768x403.jpg 768w, https:\/\/fundacioncarf.org\/wp-content\/uploads\/2024\/12\/juan-diego-tilma-virgen-de-guadalupe-18x9.jpg 18w, https:\/\/fundacioncarf.org\/wp-content\/uploads\/2024\/12\/juan-diego-tilma-virgen-de-guadalupe.jpg 1200w\" sizes=\"(max-width: 1024px) 100vw, 1024px\" \/><\/figure>\n\n\n\n<p>Ale zanim poznaj\u0105 tajemnice, jakie skrywa <strong>P\u0142aszcz Juana Diego<\/strong>, Wracamy do XX wieku, aby przypomnie\u0107, \u017ce w maju 1970 roku, <a href=\"https:\/\/opusdei.org\/es\/article\/virgen-guadalupe-josemaria-escriva-mexico\/\" data-type=\"link\" data-id=\"https:\/\/opusdei.org\/es\/article\/virgen-guadalupe-josemaria-escriva-mexico\/\" target=\"_blank\" rel=\"noreferrer noopener\">\u015awi\u0119ty Josemar\u00eda Escriv\u00e1 uda\u0142 si\u0119 do Meksyku<\/a> z gor\u0105cym pragnieniem: <strong>modl\u0105c si\u0119 przed Dziewic\u0105 z Guadalupe w starej bazylice.<\/strong><\/p>\n\n\n\n<p>\u00abPrzyjecha\u0142am, aby zobaczy\u0107 Matk\u0119 Bo\u017c\u0105 z Guadalupe, a przy okazji spotka\u0107 si\u0119 z Pa\u0144stwem\u00bb \u2013 og\u0142osi\u0142a swoim dzieciom podczas pierwszych powita\u0144. G\u0142\u0119bokie oddanie <a href=\"https:\/\/fundacioncarf.org\/san-josemaria-escriva-fiesta-liturgica\/\" data-type=\"link\" data-id=\"https:\/\/fundacioncarf.org\/san-josemaria-escriva-fiesta-liturgica\/\">\u015awi\u0119ty Josemar\u00eda<\/a> sprawi\u0142o, \u017ce sp\u0119dza\u0142 godziny na modlitwie przed \"Morenit\u0105 z Tepeyac\", do kt\u00f3rej kierowa\u0142 pe\u0142ne mi\u0142o\u015bci s\u0142owa:<\/p>\n\n\n\n<blockquote class=\"wp-block-quote is-layout-flow wp-block-quote-is-layout-flow\">\n<p><em><strong>\"Ofiaruj\u0119 Panu przysz\u0142o\u015b\u0107 mi\u0142o\u015bci, z wieloma duszami.... Fale dusz, na ca\u0142ym \u015bwiecie i we wszystkich czasach, zdeterminowanych, by odda\u0107 si\u0119 Twojemu Synowi i s\u0142u\u017cy\u0107 innym\".<\/strong><\/em><\/p>\n<\/blockquote>\n\n\n\n<h2 class=\"wp-block-heading\" id=\"san-josemaria-y-la-virgen-de-guadalupe-un-anhelo-filial\">\u015awi\u0119ty Josemar\u00eda i Matka Bo\u017ca z Guadalupe: synowska t\u0119sknota<\/h2>\n\n\n\n<p>Podczas swojej wizyty modli\u0142 si\u0119 za Ko\u015bci\u00f3\u0142, Papie\u017ca i Opus Dei z wielk\u0105 i synowsk\u0105 ufno\u015bci\u0105. W rozmowie z kardyna\u0142em Miguelem Dar\u00edo Mirand\u0105 wyrazi\u0142 nawet \u017cartobliwie swoje \u017cyczenie: \"Kiedy b\u0119d\u0119 przed ni\u0105, nie wynios\u0105 mnie z sanktuarium nawet d\u017awigiem\". <\/p>\n\n\n\n<p>Przypominaj\u0105c okoliczno\u015bci tego wybuchu synowskiego uczucia do Matki Bo\u017cej, Mons. <a href=\"https:\/\/opusdei.org\/es\/article\/biografia-y-fotos-de-mons-javier-echevarria\/\" target=\"_blank\" rel=\"noopener\">Javier Echevarr\u00eda<\/a> -kt\u00f3ry towarzyszy\u0142 mu w podr\u00f3\u017cy, napisa\u0142 dwadzie\u015bcia pi\u0119\u0107 lat p\u00f3\u017aniej: \"Zaryzykowa\u0142bym stwierdzenie - s\u0142ysza\u0142em, jak m\u00f3wi\u0142 to przy kilku okazjach - \u017ce Matka Bo\u017ca zmusi\u0142a go do podj\u0119cia tej pokutnej pielgrzymki, poniewa\u017c chcia\u0142a, aby tam, u st\u00f3p tego br\u0105zowego obrazu, prosi\u0142 J\u0105 o wstawiennictwo w imieniu \u015bwiata, Ko\u015bcio\u0142a i tej ma\u0142ej cz\u0119\u015bci Ko\u015bcio\u0142a, jak\u0105 jest Opus Dei\".<\/p>\n\n\n\n<p>Escriv\u00e1 de Balaguer darzy\u0142 Guadalupan\u0119 g\u0142\u0119bokim uczuciem, kt\u00f3re odzwierciedla\u0142o si\u0119 nawet w szczeg\u00f3\u0142ach jego codziennego \u017cycia. W swoim biurze w <a href=\"https:\/\/fundacioncarf.org\/peregrinaciones-roma-tierra-santa-fundacion-carf\/peregrina-carf-roma\/\" type=\"link\" id=\"https:\/\/fundacioncarf.org\/peregrinaciones\/peregrina-con-carf-descubre-roma\/\">Roma<\/a> Zawsze mia\u0142 jej zdj\u0119cie, \u015bwiadka jego niezliczonych modlitw.<\/p>\n\n\n\n<figure class=\"wp-block-embed is-type-video is-provider-youtube wp-block-embed-youtube wp-embed-aspect-4-3 wp-has-aspect-ratio\"><div class=\"wp-block-embed__wrapper\">\n<iframe loading=\"lazy\" title=\"\u015awi\u0119ty Josemar\u00eda, za\u0142o\u017cyciel Opus Dei i mi\u0142o\u015b\u0107 do Naj\u015bwi\u0119tszej Maryi Panny\" width=\"500\" height=\"375\" src=\"https:\/\/www.youtube.com\/embed\/MdvlTYpbMvE?feature=oembed\" frameborder=\"0\" allow=\"accelerometer; autoplay; clipboard-write; encrypted-media; gyroscope; picture-in-picture; web-share\" referrerpolicy=\"strict-origin-when-cross-origin\" allowfullscreen><\/iframe>\n<\/div><\/figure>\n\n\n\n<p>Wp\u0142yw jego nabo\u017ce\u0144stwa do Dziewicy z Guadalupe znalaz\u0142 r\u00f3wnie\u017c odzwierciedlenie w spotkaniach z tysi\u0105cami ludzi podczas jego pobytu w Meksyku. W swoich katechezach przekazywa\u0142 swoj\u0105 mi\u0142o\u015b\u0107 do Matki Bo\u017cej i zach\u0119ca\u0142 wszystkich Jej syn\u00f3w i c\u00f3rki oraz wiernych, aby zbli\u017cali si\u0119 do Niej z ufno\u015bci\u0105 i hojno\u015bci\u0105. To nauczanie nadal inspiruje cz\u0142onk\u00f3w Opus Dei i wszystkich tych, kt\u00f3rzy staraj\u0105 si\u0119 pod\u0105\u017ca\u0107 \u015bcie\u017ck\u0105 \u015bwi\u0119to\u015bci w codziennym \u017cyciu. <a href=\"https:\/\/fundacioncarf.org\/ateismo-practico-inesperada-vocacion-sacerdote\/\" data-type=\"link\" data-id=\"https:\/\/fundacioncarf.org\/ateismo-practico-inesperada-vocacion-sacerdote\/\">codzienne \u017cycie<\/a>.<\/p>\n\n\n\n<p>\u015aw. Josemaria nie promowa\u0142 wy\u0142\u0105cznego nabo\u017ce\u0144stwa do konkretnego kultu maryjnego, ale uzna\u0142 w Matce Bo\u017cej z Guadalupe szczeg\u00f3lny wz\u00f3r czu\u0142o\u015bci i boskiej blisko\u015bci. <strong>Nazwa\u0142 j\u0105 Siedzib\u0105 M\u0105dro\u015bci i nasz\u0105 Nadziej\u0105.<\/strong>Wzywamy j\u0105 z ufno\u015bci\u0105, aby prosi\u0107 o jej wstawiennictwo w imieniu wszystkich dzieci Bo\u017cych.<\/p>\n\n\n\n<p>Relacja \u015bw. Josemarii z Matk\u0105 Bo\u017c\u0105 z Guadalupe pozostaje \u017ar\u00f3d\u0142em inspiracji. Jego synowskie zaufanie i mi\u0142o\u015b\u0107 do Matki Bo\u017cej przypominaj\u0105 nam, \u017ce Maryja jest zawsze gotowa przyj\u0105\u0107 nasze pro\u015bby i towarzyszy\u0107 nam w drodze do Chrystusa. <\/p>\n\n\n\n<p>Dzi\u015b jej przyk\u0142ad zach\u0119ca nas do modlitwy z wiar\u0105 i pe\u0142nego zaufania matczynej opiece Matki Bo\u017cej. ???????? Ale teraz prosz\u0119 pozwoli\u0107 nam wej\u015b\u0107 w tajemnice cudownej tilmy.<\/p>\n\n\n\n<h2 class=\"wp-block-heading\" id=\"que-es-una-tilma\">Co to jest tilma?<\/h2>\n\n\n\n<p>Aby zrozumie\u0107 wielko\u015b\u0107 cudu z Guadalupe, wa\u017cne jest, aby wiedzie\u0107, czym jest tilma. Jest to <strong>p\u0142aszcz u\u017cywany przez Indian mezoameryka\u0144skich, wykonany z w\u0142\u00f3kna maguey<\/strong>. Materia\u0142 ten, cho\u0107 trwa\u0142y w codziennym u\u017cytkowaniu, ma ograniczon\u0105 \u017cywotno\u015b\u0107, zwykle nieprzekraczaj\u0105c\u0105 20 lat.<\/p>\n\n\n\n<p>Tilmy by\u0142y prostymi ubraniami, u\u017cywanymi do schronienia lub noszenia \u017cywno\u015bci. To w\u0142a\u015bnie w tym kontek\u015bcie zaczyna si\u0119 historia Dziewicy z Guadalupe, poniewa\u017c to w\u0142a\u015bnie w tilmie skromnego tubylca, Juana Diego, powsta\u0142 obraz, kt\u00f3ry wymyka si\u0119 ludzkim wyja\u015bnieniom.<\/p>\n\n\n<div class=\"wp-block-image\">\n<figure class=\"aligncenter size-full\"><img decoding=\"async\" width=\"688\" height=\"851\" src=\"https:\/\/fundacioncarf.org\/wp-content\/uploads\/2024\/12\/san-josemaria-devocion-virgen-de-guadalupe.jpg\" alt=\"\" class=\"wp-image-200999\" srcset=\"https:\/\/fundacioncarf.org\/wp-content\/uploads\/2024\/12\/san-josemaria-devocion-virgen-de-guadalupe.jpg 688w, https:\/\/fundacioncarf.org\/wp-content\/uploads\/2024\/12\/san-josemaria-devocion-virgen-de-guadalupe-243x300.jpg 243w, https:\/\/fundacioncarf.org\/wp-content\/uploads\/2024\/12\/san-josemaria-devocion-virgen-de-guadalupe-121x150.jpg 121w, https:\/\/fundacioncarf.org\/wp-content\/uploads\/2024\/12\/san-josemaria-devocion-virgen-de-guadalupe-10x12.jpg 10w\" sizes=\"(max-width: 688px) 100vw, 688px\" \/><\/figure>\n<\/div>\n\n\n<h3 class=\"wp-block-heading\" id=\"la-historia-de-la-virgen-de-guadalupe\">Historia Dziewicy z Guadalupe<\/h3>\n\n\n\n<p>W grudniu 1531 roku, zaledwie 10 lat po podboju Meksyku, nawr\u00f3cony na chrze\u015bcija\u0144stwo tubylec o imieniu Juan Diego by\u0142 w drodze do Tepeyac, aby wzi\u0105\u0107 udzia\u0142 w <a href=\"https:\/\/fundacioncarf.org\/partes-de-la-misa-catolica-explicada\/\" data-type=\"link\" data-id=\"https:\/\/fundacioncarf.org\/partes-de-la-misa-catolica-explicada\/\">Masa<\/a>. Na tym wzg\u00f3rzu po raz pierwszy ukaza\u0142a mu si\u0119 Maryja Dziewica, prosz\u0105c go, aby uda\u0142 si\u0119 do biskupa Zum\u00e1rragi i poprosi\u0142 go o zbudowanie tam \u015bwi\u0105tyni. <\/p>\n\n\n\n<p>Jak mo\u017cna si\u0119 by\u0142o spodziewa\u0107, biskup poprosi\u0142 o dow\u00f3d objawie\u0144. W odpowiedzi, w swoim ostatnim objawieniu, 12 grudnia, na szczycie wzg\u00f3rza, gdzie ros\u0142y tylko ro\u015bliny szczeg\u00f3lnie odporne na warunki atmosferyczne, Dziewica poprosi\u0142a Juana Diego o zerwanie kwitn\u0105cych r\u00f3\u017c, kt\u00f3re znalaz\u0142a tam w \u015brodku zimy. <\/p>\n\n\n\n<p>Juan Diego by\u0142 pos\u0142uszny, a kiedy rozwin\u0105\u0142 swoj\u0105 tilm\u0119 przed biskupem, nie tylko spad\u0142y kwiaty, ale na tkaninie maguey pojawi\u0142 si\u0119 wizerunek Matki Boskiej. Cud ten zapocz\u0105tkowa\u0142 kult Guadalupany.<\/p>\n\n\n\n<h3 class=\"wp-block-heading\" id=\"siete-misterios-de-la-tilma\">Siedem tajemnic tilmy<\/h3>\n\n\n\n<p>Tilma Juana Diego to nie tylko cudowne p\u0142\u00f3tno; to zagadka, kt\u00f3ra by\u0142a przedmiotem licznych bada\u0144 naukowych. Oto niekt\u00f3re z otaczaj\u0105cych j\u0105 tajemnic:<\/p>\n\n\n\n<p><strong>1.<\/strong> <strong>Niewyt\u0142umaczalna trwa\u0142o\u015b\u0107<\/strong>Pomimo tego, \u017ce jest wykonana z w\u0142\u00f3kna maguey, kt\u00f3re powinno rozpa\u015b\u0107 si\u0119 wieki temu, tilma pozostaje nienaruszona po prawie 500 latach. Jest to sprzeczne z prawami natury i zosta\u0142o uznane za cud przez wiernych i niewyt\u0142umaczalny fakt przez spo\u0142eczno\u015b\u0107 naukow\u0105, kt\u00f3ra bada\u0142a p\u0142\u00f3tno.<\/p>\n\n\n\n<p><strong>2. Nieznane pochodzenie kolor\u00f3w<\/strong>Pigmenty na obrazie nie odpowiadaj\u0105 \u017cadnej znanej technice malarskiej. Naukowcy potwierdzili, \u017ce nie s\u0105 one pochodzenia ro\u015blinnego, zwierz\u0119cego ani mineralnego i nie mo\u017cna znale\u017a\u0107 \u017cadnych poci\u0105gni\u0119\u0107 p\u0119dzla.<\/p>\n\n\n\n<p><strong>3. Odbicia w oczach<\/strong>W powi\u0119kszeniu oczy Dziewicy ukazuj\u0105 male\u0144kie odbicia odpowiadaj\u0105ce ludzkim postaciom, w tym Juanowi Diego i biskupowi Zumarradze. <\/p>\n\n\n\n<p>Ten szczeg\u00f3\u0142, odkryty dzi\u0119ki nowoczesnej technologii, jest zdumiewaj\u0105cy ze wzgl\u0119du na swoj\u0105 precyzj\u0119 w ma\u0142ej przestrzeni rog\u00f3wki. Dzi\u0119ki procesowi digitalizacji obraz\u00f3w komputerowych, odbicie trzynastu os\u00f3b w oczach Matki Boskiej zosta\u0142o odkryte zgodnie z prawami Purkinje-Samsona.<\/p>\n\n\n\n<p>Bardzo ma\u0142a \u015brednica rog\u00f3wek (7 i 8 mm) wyklucza mo\u017cliwo\u015b\u0107 namalowania postaci na ich oczach, zw\u0142aszcza bior\u0105c pod uwag\u0119 surowy materia\u0142, na kt\u00f3rym nadrukowano obraz.<\/p>\n\n\n\n<p><strong>4.<\/strong> <strong>Gwiazdy na p\u0142aszczu<\/strong>P\u0142aszcz Dziewicy pokazuje wz\u00f3r gwiazd, kt\u00f3ry pokrywa si\u0119 z konstelacjami widocznymi na meksyka\u0144skim niebie 12 grudnia 1531 r., w dniu ostatniego objawienia.<\/p>\n\n\n\n<p><strong>5.<\/strong> <strong>Sta\u0142a temperatura<\/strong>Tilma utrzymuje sta\u0142\u0105 temperatur\u0119 36,6 stopni Celsjusza, podobn\u0105 do temperatury \u017cywego ludzkiego cia\u0142a.<\/p>\n\n\n\n<p><strong>6. Odporno\u015b\u0107 na uszkodzenia<\/strong>W 1921 r. atak dynamitu w pobli\u017cu tilmy zniszczy\u0142 o\u0142tarz, ale obraz pozosta\u0142 ca\u0142kowicie nienaruszony i nieuszkodzony.<\/p>\n\n\n\n<p>7. <strong>Symbolika kulturowa<\/strong>Dziewica \u0142\u0105czy w sobie elementy rdzenne i chrze\u015bcija\u0144skie. Na przyk\u0142ad jej sukienka ma kwiatowe wzory przedstawiaj\u0105ce g\u00f3ry \u015bwi\u0119te dla Meksykan\u00f3w, a jej postawa wskazuje na pokor\u0119 i modlitw\u0119, powszechne w ikonografii katolickiej. Rysy jej twarzy s\u0105 rdzenne, a do Juana Diego przem\u00f3wi\u0142a w swoim rodzimym dialekcie.<\/p>\n\n\n<div class=\"wp-block-image\">\n<figure class=\"aligncenter size-large\"><img decoding=\"async\" width=\"683\" height=\"1024\" src=\"https:\/\/fundacioncarf.org\/wp-content\/uploads\/2024\/12\/Nuestra_Senora_de_Guadalupe_anagoria-683x1024.jpg\" alt=\"Tilma Virgen de Guadalupe\" class=\"wp-image-200987\" srcset=\"https:\/\/fundacioncarf.org\/wp-content\/uploads\/2024\/12\/Nuestra_Senora_de_Guadalupe_anagoria-683x1024.jpg 683w, https:\/\/fundacioncarf.org\/wp-content\/uploads\/2024\/12\/Nuestra_Senora_de_Guadalupe_anagoria-200x300.jpg 200w, https:\/\/fundacioncarf.org\/wp-content\/uploads\/2024\/12\/Nuestra_Senora_de_Guadalupe_anagoria-100x150.jpg 100w, https:\/\/fundacioncarf.org\/wp-content\/uploads\/2024\/12\/Nuestra_Senora_de_Guadalupe_anagoria-768x1152.jpg 768w, https:\/\/fundacioncarf.org\/wp-content\/uploads\/2024\/12\/Nuestra_Senora_de_Guadalupe_anagoria-8x12.jpg 8w, https:\/\/fundacioncarf.org\/wp-content\/uploads\/2024\/12\/Nuestra_Senora_de_Guadalupe_anagoria.jpg 800w\" sizes=\"(max-width: 683px) 100vw, 683px\" \/><figcaption class=\"wp-element-caption\">Tilma Virgen de Guadalupe.<\/figcaption><\/figure>\n<\/div>\n\n\n<p>Dzi\u015b ta cudowna tilma znajduje si\u0119 w Bazylice Guadalupe w Meksyku, wystawiona na widok milion\u00f3w pielgrzym\u00f3w, kt\u00f3rzy co roku przybywaj\u0105, aby j\u0105 kontemplowa\u0107, zw\u0142aszcza w dniu jej \u015bwi\u0119ta 12 grudnia.<\/p>\n\n\n\n<h3 class=\"wp-block-heading\" id=\"la-virgen-de-guadalupe-madre-de-america\">Dziewica z Guadalupe, Matka Ameryki<\/h3>\n\n\n\n<p>W swojej homilii z 12 grudnia 1981 r. \u015bwi\u0119ty Jan Pawe\u0142 II podkre\u015bli\u0142 znaczenie Dziewicy z Guadalupe w to\u017csamo\u015bci kulturowej i religijnej Meksyku i Ameryki \u0141aci\u0144skiej, odnosz\u0105c si\u0119 do niej jako symbolu jedno\u015bci i ewangelizacji, a tak\u017ce jako \u017cyznej gleby dla <a href=\"https:\/\/fundacioncarf.org\/vocaciones-sacerdotales-anuario-pontificio-2022\/\" data-type=\"link\" data-id=\"https:\/\/fundacioncarf.org\/vocaciones-sacerdotales-anuario-pontificio-2022\/\">powo\u0142ania kap\u0142a\u0144skie<\/a>.<\/p>\n\n\n\n<p>Dziewica z Guadalupe, jako patronka Ameryki, nadal zach\u0119ca m\u0142odych ludzi do odwa\u017cnej odpowiedzi na Pa\u0144stwa wezwanie. <a href=\"https:\/\/fundacioncarf.org\/sacerdocio\/vocacion-sacerdotal\/\" data-type=\"link\" data-id=\"https:\/\/fundacioncarf.org\/sacerdocio\/vocacion-sacerdotal\/\">po\u0142\u0105czenie<\/a>, oferuj\u0105c im swoj\u0105 matczyn\u0105 opiek\u0119 i nieustann\u0105 wstawiennictwo. \u015awi\u0119ty Juan Diego, kanonizowany w 2002 roku i wybrany na pos\u0142a\u0144ca tego cudu, jest przyk\u0142adem pokory i s\u0142u\u017cby. Jego proste \u017cycie przypomina nam, \u017ce B\u00f3g czyni cuda poprzez gotowe serca.<\/p>\n\n\n\n<p>Jak uczy nas \u015bwi\u0119ty Josemar\u00eda, <em>\"Pan zawsze idzie do Jezusa i wraca przez Maryj\u0119\". <\/em><a href=\"https:\/\/fundacioncarf.org\/inmaculado-corazon-virgen-maria-su-intercesion\/\" data-type=\"link\" data-id=\"https:\/\/fundacioncarf.org\/a-jesus-por-maria-la-intercesion-de-la-virgen\/\" target=\"_blank\" rel=\"noreferrer noopener\">Dziewica Maryja wstawia si\u0119 za ka\u017cdym z nas<\/a>. Jego mi\u0142o\u015b\u0107 i przewodnictwo umacniaj\u0105 kap\u0142an\u00f3w w ich misji ewangelizacji i s\u0142u\u017cby. <a href=\"https:\/\/fundacioncarf.org\/servir-a-la-iglesia\/\" data-type=\"link\" data-id=\"https:\/\/fundacioncarf.org\/servir-a-la-iglesia\/\">s\u0142u\u017cy\u0107<\/a>.<\/p>\n\n\n\n<p>Maryja zawsze prowadzi swoje dzieci do Jezusa, a szczeg\u00f3lnie tych, kt\u00f3rych On powo\u0142uje. <a href=\"https:\/\/fundacioncarf.org\/sacerdocio\/\" data-type=\"link\" data-id=\"https:\/\/fundacioncarf.org\/sacerdocio\/\">kap\u0142a\u0144stwo<\/a>. Jej przes\u0142anie mi\u0142o\u015bci i s\u0142u\u017cby, kt\u00f3re zmieni\u0142o histori\u0119 w 1531 roku, nadal jest \u017ar\u00f3d\u0142em si\u0142y dla tych, kt\u00f3rzy rozeznaj\u0105 swoje powo\u0142anie. Matka Bo\u017ca zaprasza tych m\u0142odych ludzi, aby byli pomostem mi\u0119dzy Bogiem a Jego ludem, tak jak \u015bwi\u0119ty Juan Diego.<\/p>\n\n\n\n<figure class=\"wp-block-image size-large\"><img decoding=\"async\" src=\"https:\/\/angelusenespanol.com\/wp-content\/uploads\/2024\/04\/Brennan_Intelligence-1024x585.jpg\" alt=\"\"\/><\/figure>\n\n\n\n<h3 class=\"wp-block-heading\" id=\"una-devocion-que-trasciende-los-siglos\">Oddanie, kt\u00f3re wykracza poza wieki<\/h3>\n\n\n\n<p><strong>Ka\u017cdego 12 grudnia, w dniu jej \u015bwi\u0119ta, miliony pielgrzym\u00f3w przybywaj\u0105 do Bazyliki Guadalupe, <\/strong>uwa\u017cane za jedno z najcz\u0119\u015bciej odwiedzanych sanktuari\u00f3w na \u015bwiecie. Ale poza liczbami, nabo\u017ce\u0144stwo do Dziewicy z Guadalupe jest \u015bwiadectwem Bo\u017cej mi\u0142o\u015bci. Jej wizerunek by\u0142 nie tylko darem dla nowo ewangelizowanych rdzennych mieszka\u0144c\u00f3w, ale tak\u017ce uniwersalnym wezwaniem do wiary i pojednania.<\/p>\n\n\n\n<p>Ko\u0144czymy jedn\u0105 z pr\u00f3\u015bb \u015bw. Josemarii w ostatnim dniu jego nowenny: \"Pani, oddaj\u0119 si\u0119, oddaj\u0119 si\u0119 ca\u0142kowicie: ju\u017c nie prosz\u0119! Kocham Wol\u0119 Twojego Syna! Porzucamy siebie, odpoczywamy, kochamy i akceptujemy Jego plany, w pe\u0142ni akceptuj\u0105c Wol\u0119 Boga.<\/p>\n\n\n\n<p>Wiemy, <a href=\"https:\/\/fundacioncarf.org\/un-canto-a-maria-ernesto-julia-fundacion-carf\/\" data-type=\"link\" data-id=\"https:\/\/fundacioncarf.org\/un-canto-a-maria-ernesto-julia-fundacion-carf\/\">Matko nasza<\/a>, \u017ce da Pan nam \u015brodki, aby\u015bmy mogli pod\u0105\u017ca\u0107 t\u0105 drog\u0105 mi\u0142o\u015bci i mi\u0142osierdzia oraz szerzy\u0107 j\u0105 na ca\u0142ym \u015bwiecie. (...)\u00bb.<\/p>\n\n\n\n<hr class=\"wp-block-separator has-alpha-channel-opacity\"\/>\n\n\n\n<div class=\"wp-block-rank-math-toc-block\" id=\"rank-math-toc\"><h4><strong>Spis tre\u015bci<\/strong><\/h4><nav><ul><li class=\"\"><a href=\"#san-josemaria-y-la-virgen-de-guadalupe-un-anhelo-filial\">\u015awi\u0119ty Josemar\u00eda i Matka Bo\u017ca z Guadalupe: synowska t\u0119sknota<\/a><\/li><li class=\"\"><a href=\"#que-es-una-tilma\">Co to jest tilma?<\/a><ul><li class=\"\"><a href=\"#la-historia-de-la-virgen-de-guadalupe\">Historia Dziewicy z Guadalupe<\/a><\/li><li class=\"\"><a href=\"#siete-misterios-de-la-tilma\">Siedem tajemnic tilmy<\/a><\/li><li class=\"\"><a href=\"#la-virgen-de-guadalupe-madre-de-america\">Dziewica z Guadalupe, Matka Ameryki<\/a><\/li><li class=\"\"><a href=\"#una-devocion-que-trasciende-los-siglos\">Oddanie, kt\u00f3re wykracza poza wieki<\/a><\/li><\/ul><\/li><\/ul><\/nav><\/div>","protected":false},"excerpt":{"rendered":"<p>Matka Bo\u017ca z Guadalupe jest \u017cywym cudem pe\u0142nym znaczenia i tajemnic, kt\u00f3re stanowi\u0105 wyzwanie dla nauki, ale nie dla wiary. P\u0142aszcz, kt\u00f3ry Matka Bo\u017ca podarowa\u0142a wraz ze swoim wizerunkiem Indianinowi \u015bw. Juanowi Diego, nadal fascynuje i przyci\u0105ga miliony wiernych oraz os\u00f3b mniej wierz\u0105cych, kt\u00f3re jednak deklaruj\u0105 swoj\u0105 mi\u0142o\u015b\u0107 i zainteresowanie Guadalupe.<\/p>","protected":false},"author":4,"featured_media":200988,"comment_status":"closed","ping_status":"closed","sticky":false,"template":"","format":"standard","meta":{"_acf_changed":false,"give_campaign_id":0,"footnotes":""},"categories":[13],"tags":[215,216],"class_list":["post-200984","post","type-post","status-publish","format-standard","has-post-thumbnail","hentry","category-blog","tag-devocion-mariana","tag-virgen-de-guadalupe"],"acf":[],"_links":{"self":[{"href":"https:\/\/fundacioncarf.org\/pl\/wp-json\/wp\/v2\/posts\/200984","targetHints":{"allow":["GET"]}}],"collection":[{"href":"https:\/\/fundacioncarf.org\/pl\/wp-json\/wp\/v2\/posts"}],"about":[{"href":"https:\/\/fundacioncarf.org\/pl\/wp-json\/wp\/v2\/types\/post"}],"author":[{"embeddable":true,"href":"https:\/\/fundacioncarf.org\/pl\/wp-json\/wp\/v2\/users\/4"}],"replies":[{"embeddable":true,"href":"https:\/\/fundacioncarf.org\/pl\/wp-json\/wp\/v2\/comments?post=200984"}],"version-history":[{"count":23,"href":"https:\/\/fundacioncarf.org\/pl\/wp-json\/wp\/v2\/posts\/200984\/revisions"}],"predecessor-version":[{"id":226991,"href":"https:\/\/fundacioncarf.org\/pl\/wp-json\/wp\/v2\/posts\/200984\/revisions\/226991"}],"wp:featuredmedia":[{"embeddable":true,"href":"https:\/\/fundacioncarf.org\/pl\/wp-json\/wp\/v2\/media\/200988"}],"wp:attachment":[{"href":"https:\/\/fundacioncarf.org\/pl\/wp-json\/wp\/v2\/media?parent=200984"}],"wp:term":[{"taxonomy":"category","embeddable":true,"href":"https:\/\/fundacioncarf.org\/pl\/wp-json\/wp\/v2\/categories?post=200984"},{"taxonomy":"post_tag","embeddable":true,"href":"https:\/\/fundacioncarf.org\/pl\/wp-json\/wp\/v2\/tags?post=200984"}],"curies":[{"name":"wp","href":"https:\/\/api.w.org\/{rel}","templated":true}]}}