{"id":200613,"date":"2024-12-02T06:00:00","date_gmt":"2024-12-02T05:00:00","guid":{"rendered":"https:\/\/staging.fundacioncarf.org\/?p=200613"},"modified":"2025-11-03T11:01:18","modified_gmt":"2025-11-03T10:01:18","slug":"malawi-paul-benson-seminarista-africa","status":"publish","type":"post","link":"https:\/\/fundacioncarf.org\/pl\/malawi-paul-benson-seminarista-africa\/","title":{"rendered":"Paul z Malawi: \"Potrzebujemy dobrze wyszkolonych ksi\u0119\u017cy, aby pomaga\u0107 wszystkim\"."},"content":{"rendered":"<p>Temu wielkiemu bogactwu kulturowemu Malawi przeciwstawia si\u0119 niedostatek zasob\u00f3w, zw\u0142aszcza w diecezji Karonga, kt\u00f3ra jest m\u0142oda i ma\u0142a i potrzebuje wielu kap\u0142an\u00f3w. To jest marzenie Paula: by\u0107 dobrze wyszkolonym w Pampelunie, aby powr\u00f3ci\u0107 i skutecznie s\u0142u\u017cy\u0107 ko\u015bcio\u0142owi diecezjalnemu w swoim kraju.<\/p>\n\n\n\n<p>23-letni Afrykanin mieszka w <a href=\"https:\/\/seminariobidasoa.org\/\" data-type=\"link\" data-id=\"https:\/\/seminariobidasoa.org\/\" target=\"_blank\" rel=\"noopener\">Mi\u0119dzynarodowe seminarium Bidasoa<\/a> i studiuje teologi\u0119 w <a href=\"https:\/\/www.unav.edu\/web\/facultad-eclesiastica-de-filosofia\" data-type=\"link\" data-id=\"https:\/\/www.unav.edu\/web\/facultad-eclesiastica-de-filosofia\" target=\"_blank\" rel=\"noopener\">Wydzia\u0142y ko\u015bcielne Uniwersytetu Nawarry<\/a>. Biskup diecezji Karonga, na p\u00f3\u0142nocy Malawi, wys\u0142a\u0142 go do Pampeluny, aby otrzyma\u0142 solidn\u0105 i integraln\u0105 formacj\u0119, aby po powrocie m\u00f3g\u0142 dobrze wykorzysta\u0107 zdobyte wykszta\u0142cenie w Ko\u015bciele w swoim kraju.<\/p>\n\n\n\n<figure class=\"wp-block-embed is-type-video is-provider-youtube wp-block-embed-youtube wp-embed-aspect-16-9 wp-has-aspect-ratio\"><div class=\"wp-block-embed__wrapper\">\n<iframe loading=\"lazy\" title=\"PAUL BENSON: &quot;MUSIMY BY\u0106 DOBRZE PRZYGOTOWANI, ABY POMAGA\u0106 WSZYSTKIM LUDZIOM&quot;.\" width=\"500\" height=\"281\" src=\"https:\/\/www.youtube.com\/embed\/d6xc8pI1AuM?feature=oembed\" frameborder=\"0\" allow=\"accelerometer; autoplay; clipboard-write; encrypted-media; gyroscope; picture-in-picture; web-share\" referrerpolicy=\"strict-origin-when-cross-origin\" allowfullscreen><\/iframe>\n<\/div><\/figure>\n\n\n\n<h3 class=\"wp-block-heading\" id=\"necesidad-de-sacerdotes-en-malawi\">Potrzeba ksi\u0119\u017cy w Malawi<\/h3>\n\n\n\n<p>\"W mojej diecezji potrzeba wi\u0119cej kap\u0142an\u00f3w. Jest nas bardzo niewielu i jest to m\u0142oda, nowa i ma\u0142a diecezja, za\u0142o\u017cona w 2010 roku\", wyja\u015bnia Paul. Z tego powodu jest bardzo podekscytowany pe\u0142nym przygotowaniem, kt\u00f3re otrzyma w Pampelunie.&nbsp;<\/p>\n\n\n\n<p>Pa\u0144ska diecezja potrzebuje nie tylko dobrze wyszkolonych ksi\u0119\u017cy, ale tak\u017ce wi\u0119kszej liczby misjonarzy, aby pom\u00f3c nielicznym. <a href=\"https:\/\/fundacioncarf.org\/que-es-un-sacerdote\/\" data-type=\"link\" data-id=\"https:\/\/fundacioncarf.org\/que-es-un-sacerdote\/\">ksi\u0119\u017ca diecezjalni<\/a>Maj\u0105 tylko 19 ksi\u0119\u017cy diecezjalnych i 28 seminarzyst\u00f3w.<\/p>\n\n\n\n<h3 class=\"wp-block-heading\" id=\"las-condiciones-de-vida-en-malawi\">Warunki \u017cycia w Malawi<\/h3>\n\n\n\n<p>W jego diecezji brakuje r\u00f3wnie\u017c pracownik\u00f3w s\u0142u\u017cby zdrowia i edukacji. Paul wyja\u015bnia: \"Z pewno\u015bci\u0105 potrzebujemy pomocy tych plac\u00f3wek zdrowotnych, aby poprawi\u0107 warunki \u017cycia chrze\u015bcijan, ale tak\u017ce ca\u0142ej populacji diecezji. Jeste\u015bmy jednak wdzi\u0119czni, \u017ce diecezja zrobi\u0142a wszystko, co w jej mocy, aby pom\u00f3c w budowie nowych szk\u00f3\u0142 i niekt\u00f3rych o\u015brodk\u00f3w zdrowia, mimo \u017ce zapotrzebowanie jest nadal bardzo du\u017ce\".&nbsp;<\/p>\n\n\n\n<p>Gdyby nie pomoc Fundacji CARF i dobroczy\u0144c\u00f3w, Pawe\u0142 nie mia\u0142by mo\u017cliwo\u015bci otrzymania kompleksowej formacji kap\u0142a\u0144skiej, kt\u00f3ra uczyni tak wiele dobra dla jego ludu.<\/p>\n\n\n\n<figure class=\"wp-block-image size-large is-resized\"><img decoding=\"async\" width=\"768\" height=\"1024\" src=\"https:\/\/fundacioncarf.org\/wp-content\/uploads\/2024\/11\/Paul-Benson-Sacerdote-Malawi-Puerto-768x1024.jpg\" alt=\"\" class=\"wp-image-200620\" style=\"width:796px;height:auto\" srcset=\"https:\/\/fundacioncarf.org\/wp-content\/uploads\/2024\/11\/Paul-Benson-Sacerdote-Malawi-Puerto-768x1024.jpg 768w, https:\/\/fundacioncarf.org\/wp-content\/uploads\/2024\/11\/Paul-Benson-Sacerdote-Malawi-Puerto-225x300.jpg 225w, https:\/\/fundacioncarf.org\/wp-content\/uploads\/2024\/11\/Paul-Benson-Sacerdote-Malawi-Puerto-113x150.jpg 113w, https:\/\/fundacioncarf.org\/wp-content\/uploads\/2024\/11\/Paul-Benson-Sacerdote-Malawi-Puerto-9x12.jpg 9w, https:\/\/fundacioncarf.org\/wp-content\/uploads\/2024\/11\/Paul-Benson-Sacerdote-Malawi-Puerto.jpg 780w\" sizes=\"(max-width: 768px) 100vw, 768px\" \/><\/figure>\n\n\n\n<h3 class=\"wp-block-heading\" id=\"convivencia-entre-cristianos-musulmanes-y-tradiciones-africanas\">Wsp\u00f3\u0142istnienie chrze\u015bcijan, muzu\u0142man\u00f3w i tradycji afryka\u0144skich<\/h3>\n\n\n\n<p>Z pewno\u015bci\u0105 Pa\u0144stwa diecezja ma ograniczone \u015brodki finansowe, ale wielkie bogactwo, je\u015bli chodzi o wsp\u00f3\u0142istnienie.&nbsp;<\/p>\n\n\n\n<p>\"Katolicy w Malawi \u017cyj\u0105 w pokoju, rado\u015bnie celebruj\u0105 swoj\u0105 wiar\u0119 i demonstruj\u0105 j\u0105 kulturowo. Malawi jest bardzo pokojowym krajem, \u017cyjemy w harmonii i wsp\u00f3\u0142pracy z innymi chrze\u015bcijanami, muzu\u0142manami i afryka\u0144skimi tradycjami, nie zabijaj\u0105c si\u0119 nawzajem. Ekspresja religijna nie jest problemem\", zauwa\u017ca rado\u015bnie.&nbsp;<\/p>\n\n\n\n<p>W tym afryka\u0144skim kraju katolicy maj\u0105 wy\u017cszy odsetek (17,2 %) ni\u017c inne wyznania chrze\u015bcija\u0144skie; nale\u017cy pami\u0119ta\u0107, \u017ce istnieje wiele innych grup wyzna\u0144 chrze\u015bcija\u0144skich, poniewa\u017c Wielka Brytania skolonizowa\u0142a ten kraj, a pierwszymi chrze\u015bcijanami, kt\u00f3rzy ewangelizowali, byli protestanci z Anglii i Szkocji. Kilka lat p\u00f3\u017aniej katoliccy Ojcowie Biali z Francji wyruszyli jako misjonarze, gdy protestantyzm ju\u017c rozprzestrzeni\u0142 si\u0119 w kraju.<\/p>\n\n\n\n<h3 class=\"wp-block-heading\" id=\"el-ejemplo-de-los-sacerdotes\">Przyk\u0142ad ksi\u0119\u017cy<\/h3>\n\n\n\n<p>Na Paula pozytywny wp\u0142yw mia\u0142 przyk\u0142ad katolickich ksi\u0119\u017cy i misjonarzy w Malawi, a tak\u017ce si\u0142a jego \u015brodowiska. Pochodzi z du\u017cej rodziny z siedmiorgiem rodze\u0144stwa o silnych katolickich korzeniach: czterech ch\u0142opc\u00f3w i trzy dziewczynki. Paul jest sz\u00f3sty.&nbsp;<\/p>\n\n\n\n<p>Odej\u015bcie jej matki do nieba w 2014 roku, kiedy mia\u0142a zaledwie 13 lat, wywo\u0142a\u0142o u niej ogromny smutek. Ale ten smutek zamieni\u0142 si\u0119 w nadziej\u0119 i wiar\u0119 dzi\u0119ki wsparciu jej rodziny i zakonnik\u00f3w, przyk\u0142ad, kt\u00f3ry by\u0142 decyduj\u0105cy, aby pom\u00f3c jej i\u015b\u0107 naprz\u00f3d i kszta\u0142towa\u0107 swoje powo\u0142anie.<\/p>\n\n\n\n<h3 class=\"wp-block-heading\" id=\"senor-dejame-intentarlo\">\"Panie, pozw\u00f3l mi spr\u00f3bowa\u0107\"<\/h3>\n\n\n\n<p>Swoje powo\u0142anie do kap\u0142a\u0144stwa zacz\u0105\u0142 rozeznawa\u0107 ju\u017c jako dziecko, kiedy w swojej szkole uczestniczy\u0142 w zaj\u0119ciach w ni\u017cszym seminarium duchownym. Nie wiedzia\u0142 jednak, czy by\u0142by w stanie wype\u0142ni\u0107 tak\u0105 misj\u0119.&nbsp;<\/p>\n\n\n\n<p>\"Jako dziecko my\u015bla\u0142em, \u017ce m\u00f3g\u0142bym \u017cy\u0107 jak oni, jak ksi\u0119\u017ca, kt\u00f3rzy si\u0119 mn\u0105 opiekowali i mnie wychowywali. I powiedzia\u0142em Panu: pozw\u00f3l mi spr\u00f3bowa\u0107, dam z siebie wszystko, abym pewnego dnia m\u00f3g\u0142 zosta\u0107 ksi\u0119dzem\" - m\u00f3wi.&nbsp;<br>Ostatecznie wst\u0105pi\u0142 do wy\u017cszego seminarium duchownego w wieku 19 lat. W tej podr\u00f3\u017cy powo\u0142aniowej, kt\u00f3r\u0105 podj\u0105\u0142, ma nadziej\u0119 z\u0142agodzi\u0107 potrzeb\u0119 w swojej diecezji dobrze wyszkolonych kap\u0142an\u00f3w, zw\u0142aszcza w celu dotarcia do m\u0142odych ludzi.<\/p>\n\n\n\n<h3 class=\"wp-block-heading\" id=\"llegar-a-los-jovenes\">Docieranie do m\u0142odych ludzi<\/h3>\n\n\n\n<p>\"M\u0142odzi ludzie maj\u0105 du\u017cy wp\u0142yw na szerzenie Ewangelii za po\u015brednictwem medi\u00f3w, ale tak\u017ce podczas corocznych spotka\u0144 i konferencji m\u0142odzie\u017cowych, kt\u00f3re s\u0105 organizowane w celu zachowania wiary i szerzenia wiary; gromadz\u0105 si\u0119 w du\u017cych ilo\u015bciach, co jest bardzo obiecuj\u0105ce\" - z dum\u0105 wyra\u017ca si\u0119 Paul Benson.&nbsp;<\/p>\n\n\n\n<p>Dla niego m\u0142odzi ksi\u0119\u017ca s\u0105 w stanie zrozumie\u0107, czego potrzebuj\u0105 m\u0142odzi ludzie, opracowuj\u0105c nowe podej\u015bcia do wyja\u015bniania doktryny katolickiej, przedstawiaj\u0105c argumenty, a tym samym b\u0119d\u0105c w stanie \u017cy\u0107 i \u015bwiadczy\u0107 o wierze katolickiej w Malawi.<\/p>\n\n\n\n<figure class=\"wp-block-image size-large is-resized\"><img decoding=\"async\" width=\"768\" height=\"1024\" src=\"https:\/\/fundacioncarf.org\/wp-content\/uploads\/2024\/11\/Paul-Benson-Sacerdote-Malawi-Fatima-768x1024.jpg\" alt=\"\" class=\"wp-image-200619\" style=\"width:790px;height:auto\" srcset=\"https:\/\/fundacioncarf.org\/wp-content\/uploads\/2024\/11\/Paul-Benson-Sacerdote-Malawi-Fatima-768x1024.jpg 768w, https:\/\/fundacioncarf.org\/wp-content\/uploads\/2024\/11\/Paul-Benson-Sacerdote-Malawi-Fatima-225x300.jpg 225w, https:\/\/fundacioncarf.org\/wp-content\/uploads\/2024\/11\/Paul-Benson-Sacerdote-Malawi-Fatima-113x150.jpg 113w, https:\/\/fundacioncarf.org\/wp-content\/uploads\/2024\/11\/Paul-Benson-Sacerdote-Malawi-Fatima-1152x1536.jpg 1152w, https:\/\/fundacioncarf.org\/wp-content\/uploads\/2024\/11\/Paul-Benson-Sacerdote-Malawi-Fatima-9x12.jpg 9w, https:\/\/fundacioncarf.org\/wp-content\/uploads\/2024\/11\/Paul-Benson-Sacerdote-Malawi-Fatima.jpg 1200w\" sizes=\"(max-width: 768px) 100vw, 768px\" \/><\/figure>\n\n\n\n<h3 class=\"wp-block-heading\" id=\"lo-que-deben-aprender-los-europeos-de-los-africanos\">Czego Europejczycy powinni nauczy\u0107 si\u0119 od Afrykan\u00f3w<\/h3>\n\n\n\n<p>Afryka stoi przed wielkimi wyzwaniami, ale tak\u017ce Europa, poniewa\u017c Europejczycy musz\u0105 uczy\u0107 si\u0119 wielkich cn\u00f3t od afryka\u0144skich katolik\u00f3w: \"odwagi i odporno\u015bci, aby stawi\u0107 op\u00f3r i zachowa\u0107 wiar\u0119, sam\u0105 tradycj\u0119; g\u0142osi\u0107 prawd\u0119 i pomaga\u0107 temu rozbitemu pokoleniu, w kt\u00f3rym dzieje si\u0119 wiele rzeczy sprzecznych z naszymi chrze\u015bcija\u0144skimi zwyczajami, w tym wiele niemoralno\u015bci seksualnych\" - ubolewa Paul.<\/p>\n\n\n\n<h3 class=\"wp-block-heading\" id=\"gracias-a-la-fundacion-carf\">Podzi\u0119kowania dla Fundacji CARF<\/h3>\n\n\n\n<p>Jest to jeden z powod\u00f3w, dla kt\u00f3rych uwa\u017ca, \u017ce wykszta\u0142cenie ksi\u0119dza jest najwa\u017cniejsze: \"Musimy pomaga\u0107 wszystkim, tym, kt\u00f3rzy wierz\u0105 i tym, kt\u00f3rzy nie wierz\u0105, tym z jednej klasy i tym z innej.  Dlatego potrzebni s\u0105 dobrze wyszkoleni ksi\u0119\u017ca\".&nbsp;<\/p>\n\n\n\n<p>Z entuzjazmem i rado\u015bci\u0105 dzi\u0119kuje Fundacji CARF za wszystko, co robi dla jego studi\u00f3w akademickich. \"Nasza formacja jest akademicka, duchowa i duszpasterska i jestem bardzo szcz\u0119\u015bliwy z powodu Pa\u0144stwa pomocy.<\/p>\n\n\n\n<hr class=\"wp-block-separator has-alpha-channel-opacity\"\/>\n\n\n\n<p><strong>Marta Sant\u00edn,<\/strong> dziennikarz specjalizuj\u0105cy si\u0119 w tematyce religijnej.<\/p>\n\n\n\n<hr class=\"wp-block-separator has-alpha-channel-opacity\"\/>\n\n\n\n<div class=\"wp-block-rank-math-toc-block\" id=\"rank-math-toc\"><h2>Spis tre\u015bci<\/h2><nav><div><div class=\"\"><a href=\"#necesidad-de-sacerdotes-en-malawi\">Potrzeba ksi\u0119\u017cy w Malawi<\/a><\/div><div class=\"\"><a href=\"#las-condiciones-de-vida-en-malawi\">Warunki \u017cycia w Malawi<\/a><\/div><div class=\"\"><a href=\"#convivencia-entre-cristianos-musulmanes-y-tradiciones-africanas\">Wsp\u00f3\u0142istnienie chrze\u015bcijan, muzu\u0142man\u00f3w i tradycji afryka\u0144skich<\/a><\/div><div class=\"\"><a href=\"#el-ejemplo-de-los-sacerdotes\">Przyk\u0142ad ksi\u0119\u017cy<\/a><\/div><div class=\"\"><a href=\"#senor-dejame-intentarlo\">\"Panie, pozw\u00f3l mi spr\u00f3bowa\u0107\"<\/a><\/div><div class=\"\"><a href=\"#llegar-a-los-jovenes\">Docieranie do m\u0142odych ludzi<\/a><\/div><div class=\"\"><a href=\"#lo-que-deben-aprender-los-europeos-de-los-africanos\">Czego Europejczycy powinni nauczy\u0107 si\u0119 od Afrykan\u00f3w<\/a><\/div><div class=\"\"><a href=\"#gracias-a-la-fundacion-carf\">Podzi\u0119kowania dla Fundacji CARF<\/a><\/div><\/div><\/nav><\/div>","protected":false},"excerpt":{"rendered":"<p>Malawi to kraj w po\u0142udniowo-wschodniej Afryce, gdzie chrze\u015bcijanie, muzu\u0142manie i afryka\u0144skie tradycje \u017cyj\u0105 w pokoju i wsp\u00f3\u0142pracy. Paul Benson, seminarzysta formuj\u0105cy si\u0119 w Pampelunie, opowiada nam o tym kraju.<\/p>","protected":false},"author":4,"featured_media":200615,"comment_status":"closed","ping_status":"closed","sticky":false,"template":"","format":"standard","meta":{"_acf_changed":false,"give_campaign_id":0,"footnotes":""},"categories":[109],"tags":[120,121,6],"class_list":["post-200613","post","type-post","status-publish","format-standard","has-post-thumbnail","hentry","category-historias","tag-sacerdote","tag-seminarista","tag-vida-cristiana"],"acf":[],"_links":{"self":[{"href":"https:\/\/fundacioncarf.org\/pl\/wp-json\/wp\/v2\/posts\/200613","targetHints":{"allow":["GET"]}}],"collection":[{"href":"https:\/\/fundacioncarf.org\/pl\/wp-json\/wp\/v2\/posts"}],"about":[{"href":"https:\/\/fundacioncarf.org\/pl\/wp-json\/wp\/v2\/types\/post"}],"author":[{"embeddable":true,"href":"https:\/\/fundacioncarf.org\/pl\/wp-json\/wp\/v2\/users\/4"}],"replies":[{"embeddable":true,"href":"https:\/\/fundacioncarf.org\/pl\/wp-json\/wp\/v2\/comments?post=200613"}],"version-history":[{"count":8,"href":"https:\/\/fundacioncarf.org\/pl\/wp-json\/wp\/v2\/posts\/200613\/revisions"}],"predecessor-version":[{"id":226137,"href":"https:\/\/fundacioncarf.org\/pl\/wp-json\/wp\/v2\/posts\/200613\/revisions\/226137"}],"wp:featuredmedia":[{"embeddable":true,"href":"https:\/\/fundacioncarf.org\/pl\/wp-json\/wp\/v2\/media\/200615"}],"wp:attachment":[{"href":"https:\/\/fundacioncarf.org\/pl\/wp-json\/wp\/v2\/media?parent=200613"}],"wp:term":[{"taxonomy":"category","embeddable":true,"href":"https:\/\/fundacioncarf.org\/pl\/wp-json\/wp\/v2\/categories?post=200613"},{"taxonomy":"post_tag","embeddable":true,"href":"https:\/\/fundacioncarf.org\/pl\/wp-json\/wp\/v2\/tags?post=200613"}],"curies":[{"name":"wp","href":"https:\/\/api.w.org\/{rel}","templated":true}]}}