{"id":200551,"date":"2024-11-29T06:00:00","date_gmt":"2024-11-29T05:00:00","guid":{"rendered":"https:\/\/staging.fundacioncarf.org\/?p=200551"},"modified":"2025-12-05T13:13:45","modified_gmt":"2025-12-05T12:13:45","slug":"adviento-tiempo-de-esperanza-y-preparacion","status":"publish","type":"post","link":"https:\/\/fundacioncarf.org\/pl\/adviento-tiempo-de-esperanza-y-preparacion\/","title":{"rendered":"Adwent: czas nadziei i przygotowa\u0144. 6 kluczy do jego prze\u017cycia"},"content":{"rendered":"<p>Okres Adwentu to cztery tygodnie poprzedzaj\u0105ce \u015bwi\u0119ta Bo\u017cego Narodzenia. <a href=\"https:\/\/opusdei.org\/es\/article\/libro-electronico-homilias-de-navidad-y-epifania-de-benedicto-xvi\/\" target=\"_blank\" rel=\"noopener\">Bo\u017ce Narodzenie<\/a>Jest to okazja do refleksji, ponownego po\u0142\u0105czenia si\u0119 z nasz\u0105 wiar\u0105 i \u017cycia oczekiwaniem Chrystusa, kt\u00f3ry sta\u0142 si\u0119 cz\u0142owiekiem z otwartym sercem.<\/p>\n\n\n\n<p>Ale jak mo\u017cemy naprawd\u0119 wykorzysta\u0107 ten czas, nie daj\u0105c si\u0119 ponie\u015b\u0107 konsumpcjonizmowi, zobowi\u0105zaniom spo\u0142ecznym lub codziennym zmartwieniom? Oto kilka kluczy do prze\u017cywania Adwentu z g\u0142\u0119bi\u0105 i znaczeniem.<\/p>\n\n\n\n<figure class=\"wp-block-image size-full\"><img decoding=\"async\" width=\"744\" height=\"548\" src=\"https:\/\/fundacioncarf.org\/wp-content\/uploads\/2024\/11\/velas-de-adviento.webp\" alt=\"\" class=\"wp-image-227046\" srcset=\"https:\/\/fundacioncarf.org\/wp-content\/uploads\/2024\/11\/velas-de-adviento.webp 744w, https:\/\/fundacioncarf.org\/wp-content\/uploads\/2024\/11\/velas-de-adviento-300x221.webp 300w, https:\/\/fundacioncarf.org\/wp-content\/uploads\/2024\/11\/velas-de-adviento-150x110.webp 150w, https:\/\/fundacioncarf.org\/wp-content\/uploads\/2024\/11\/velas-de-adviento-16x12.webp 16w\" sizes=\"(max-width: 744px) 100vw, 744px\" \/><\/figure>\n\n\n\n<h2 class=\"wp-block-heading\" id=\"el-significado-del-adviento\">Znaczenie Adwentu<\/h2>\n\n\n\n<p>S\u0142owo Adwent pochodzi z \u0142aciny <em>adventus<\/em>co oznacza przyj\u015bcie. W tych tygodniach Ko\u015bci\u00f3\u0142 zaprasza nas do przygotowania naszych serc na dwa wa\u017cne wydarzenia:<\/p>\n\n\n\n<ul class=\"wp-block-list\">\n<li><strong>Obchody narodzin Jezusa<\/strong>Pami\u0119tamy o tajemnicy Wcielenia, kiedy B\u00f3g sta\u0142 si\u0119 cz\u0142owiekiem z mi\u0142o\u015bci do nas. <\/li>\n\n\n\n<li><strong>Drugie przyj\u015bcie Chrystusa<\/strong>Odnawiamy nasz\u0105 nadziej\u0119 w Jego chwalebny powr\u00f3t na ko\u0144cu czas\u00f3w.<\/li>\n<\/ul>\n\n\n\n<p>Adwent to nie tylko odliczanie do Bo\u017cego Narodzenia, ale tak\u017ce wezwanie do nawr\u00f3cenia i duchowego przygotowania. Jest to czas na zatrzymanie si\u0119, medytacj\u0119 i przeorientowanie naszego \u017cycia na Boga.<\/p>\n\n\n\n<h2 class=\"wp-block-heading\" id=\"claves-para-vivir-el-adviento-con-fe\">Klucze do prze\u017cywania Adwentu w wierze<\/h2>\n\n\n\n<p><strong>1. prosz\u0119 przeznaczy\u0107 codzienny czas na modlitw\u0119<\/strong><\/p>\n\n\n\n<p>Ka\u017cdego dnia prosz\u0119 po\u015bwi\u0119ci\u0107 kilka minut na przebywanie sam na sam z Bogiem. Mog\u0105 Pa\u0144stwo czyta\u0107 czytania na dany dzie\u0144, medytowa\u0107 nad fragmentami biblijnymi, kt\u00f3re zapowiadaj\u0105 przyj\u015bcie Jezusa lub modli\u0107 si\u0119 modlitw\u0105 Pa\u0144sk\u0105. <a href=\"https:\/\/fundacioncarf.org\/cosmas-sacerdote-nigeriano-rezando-el-rosario\/\" data-type=\"link\" data-id=\"https:\/\/fundacioncarf.org\/cosmas-sacerdote-nigeriano-rezando-el-rosario\/\">R\u00f3\u017caniec \u015bwi\u0119ty<\/a>. Je\u015bli maj\u0105 Pa\u0144stwo kalendarz adwentowy, prosz\u0119 wykorzysta\u0107 go do pog\u0142\u0119bienia codziennej liturgii.<\/p>\n\n\n\n<p><strong>Wskaz\u00f3wka<\/strong>Prosz\u0119 stworzy\u0107 w domu miejsce do modlitwy ze \u015bwiec\u0105 lub obrazkiem przedstawiaj\u0105cym narodziny Jezusa. Zapalanie \u015bwiecy w ka\u017cdym tygodniu Adwentu mo\u017ce pom\u00f3c pami\u0119ta\u0107 o znaczeniu oczekiwania. Prosz\u0119 pami\u0119ta\u0107 o wie\u0144cu adwentowym.<\/p>\n\n\n\n<p><strong>2. Prosz\u0119 praktykowa\u0107 dobroczynno\u015b\u0107<\/strong><\/p>\n\n\n\n<p>Adwent to czas, aby spojrze\u0107 poza siebie i dzieli\u0107 si\u0119 z innymi, zw\u0142aszcza tymi najbardziej potrzebuj\u0105cymi. Prosz\u0119 zastanowi\u0107 si\u0119, w jaki spos\u00f3b mog\u0105 Pa\u0144stwo sta\u0107 si\u0119 narz\u0119dziem mi\u0142o\u015bci:<\/p>\n\n\n\n<ul class=\"wp-block-list\">\n<li>Prosz\u0119 przekaza\u0107 \u017cywno\u015b\u0107 lub odzie\u017c osobom znajduj\u0105cym si\u0119 w trudnej sytuacji.<\/li>\n\n\n\n<li>Prosz\u0119 sp\u0119dza\u0107 czas s\u0142uchaj\u0105c lub towarzysz\u0105c osobom samotnym lub chorym.<\/li>\n\n\n\n<li>Prosz\u0119 wzi\u0105\u0107 udzia\u0142 w kampanii solidarno\u015bci w swojej parafii.<\/li>\n<\/ul>\n\n\n\n<p><strong>3. prze\u017cywa\u0107 liturgi\u0119<\/strong><\/p>\n\n\n\n<p>Uczestnictwo w niedzielnej Mszy \u015awi\u0119tej jest niezb\u0119dne do piel\u0119gnowania naszej wiary. W tym czasie prosz\u0119 zwr\u00f3ci\u0107 szczeg\u00f3ln\u0105 uwag\u0119 na znaki liturgiczne: czytania, modlitwy i kolor fioletowy, kt\u00f3ry symbolizuje skruch\u0119 i nadziej\u0119.<\/p>\n\n\n\n<p><strong>4. Ograniczenie czynnik\u00f3w rozpraszaj\u0105cych uwag\u0119<\/strong><\/p>\n\n\n\n<p>\u0141atwo jest da\u0107 si\u0119 wci\u0105gn\u0105\u0107 w zakupy, dekoracje lub \u015bwi\u0105teczne kolacje. Chocia\u017c te elementy maj\u0105 swoje miejsce, prosz\u0119 upewni\u0107 si\u0119, \u017ce nie trac\u0105 Pa\u0144stwo z oczu prawdziwego znaczenia tej pory roku.<\/p>\n\n\n\n<ul class=\"wp-block-list\">\n<li>Prosz\u0119 ustali\u0107 bud\u017cet na prezenty, przedk\u0142adaj\u0105c kreatywno\u015b\u0107 nad rzeczy materialne.<\/li>\n\n\n\n<li>Prosz\u0119 organizowa\u0107 spotkania rodzinne, podczas kt\u00f3rych nacisk k\u0142adziony jest na wsp\u00f3lne sp\u0119dzanie czasu, a nie tylko na jedzenie czy prezenty.<\/li>\n\n\n\n<li>Prosz\u0119 zastanowi\u0107 si\u0119 nad tym pytaniem: <em>Jak przygotowuj\u0119 swoje serce na przyj\u0119cie Jezusa?<\/em><\/li>\n<\/ul>\n\n\n\n<p><strong>5. Prosz\u0119 przyst\u0105pi\u0107 do sakramentu spowiedzi<\/strong><\/p>\n\n\n\n<p>Adwent to idealny czas, aby pogodzi\u0107 si\u0119 z Bogiem. Prosz\u0119 dokona\u0107 rachunku sumienia i przyst\u0105pi\u0107 do sakramentu <a href=\"https:\/\/fundacioncarf.org\/sacramento-de-la-confesion-cuatro-pasos-basicos\/\" data-type=\"link\" data-id=\"https:\/\/fundacioncarf.org\/sacramento-de-la-confesion-cuatro-pasos-basicos\/\">Spowied\u017a<\/a>. Oczyszczenie naszych serc pomaga nam przyj\u0105\u0107 Dzieci\u0105tko Jezus z pokojem i rado\u015bci\u0105.<\/p>\n\n\n\n<p><strong>6. Prosz\u0119 piel\u0119gnowa\u0107 nadziej\u0119<\/strong><\/p>\n\n\n\n<p>Adwent przypomina nam, \u017ce czekanie ma sens, poniewa\u017c czekamy na co\u015b wielkiego: Bo\u017c\u0105 mi\u0142o\u015b\u0107, kt\u00f3ra sta\u0142a si\u0119 cia\u0142em. Nawet po\u015br\u00f3d trudno\u015bci jest to okazja do odnowienia naszej nadziei i zaufania, \u017ce B\u00f3g nigdy nas nie opu\u015bci.<\/p>\n\n\n\n<p><strong>Wskaz\u00f3wka<\/strong>Rozwa\u017cane s\u0105 cnoty Maryi i \u015bwi\u0119tego J\u00f3zefa, <a href=\"https:\/\/www.rialp.com\/libro\/un-belen-que-habla_139309\/\" data-type=\"link\" data-id=\"https:\/\/www.rialp.com\/libro\/un-belen-que-habla_139309\/\" target=\"_blank\" rel=\"noopener\">prosz\u0119 przeczyta\u0107 o postaciach z Betlejem<\/a>. Jak mo\u017cna na\u015bladowa\u0107 ich przyk\u0142ad?<\/p>\n\n\n\n<h2 class=\"wp-block-heading\" id=\"conclusion\">Wniosek<\/h2>\n\n\n\n<p>Adwent to czas zatrzymania si\u0119 i spojrzenia na to, co najwa\u017cniejsze. Poza \u015bwiat\u0142ami, prezentami i \u015bwi\u0119towaniem, jeste\u015bmy zaproszeni do przygotowania naszych serc na spotkanie z Chrystusem. Niech ten czas nas przemieni, zbli\u017cy do Boga i uczyni nas prawdziwymi \u015bwiadkami Jego mi\u0142o\u015bci.<\/p>\n\n\n\n<p>Niech ten Adwent b\u0119dzie dla Pa\u0144stwa i Pa\u0144stwa rodziny drog\u0105 pe\u0142n\u0105 wiary, nadziei i mi\u0142o\u015bci, aby\u015bcie mogli w pe\u0142ni prze\u017cy\u0107 Bo\u017ce Narodzenie i narodziny Jezusa! <\/p>\n\n\n\n<hr class=\"wp-block-separator has-alpha-channel-opacity\"\/>\n\n\n\n<div class=\"wp-block-rank-math-toc-block\" id=\"rank-math-toc\"><h2>Spis tre\u015bci<\/h2><nav><ul><li><a href=\"#el-significado-del-adviento\">Znaczenie Adwentu<\/a><\/li><li><a href=\"#claves-para-vivir-el-adviento-con-fe\">Klucze do prze\u017cywania Adwentu w wierze<\/a><\/li><li><a href=\"#conclusion\">Wniosek<\/a><\/li><\/ul><\/nav><\/div>\n\n\n\n<hr class=\"wp-block-separator has-alpha-channel-opacity\"\/>","protected":false},"excerpt":{"rendered":"<p>Adwent to okres liturgiczny poprzedzaj\u0105cy Bo\u017ce Narodzenie. Ten wpis na blogu wyja\u015bnia znaczenie tych czterech tygodni przygotowa\u0144 do narodzin Dzieci\u0105tka Chrystus.<\/p>","protected":false},"author":719,"featured_media":200553,"comment_status":"closed","ping_status":"closed","sticky":false,"template":"","format":"standard","meta":{"_acf_changed":false,"give_campaign_id":0,"footnotes":""},"categories":[13],"tags":[211,6],"class_list":["post-200551","post","type-post","status-publish","format-standard","has-post-thumbnail","hentry","category-blog","tag-adviento","tag-vida-cristiana"],"acf":[],"_links":{"self":[{"href":"https:\/\/fundacioncarf.org\/pl\/wp-json\/wp\/v2\/posts\/200551","targetHints":{"allow":["GET"]}}],"collection":[{"href":"https:\/\/fundacioncarf.org\/pl\/wp-json\/wp\/v2\/posts"}],"about":[{"href":"https:\/\/fundacioncarf.org\/pl\/wp-json\/wp\/v2\/types\/post"}],"author":[{"embeddable":true,"href":"https:\/\/fundacioncarf.org\/pl\/wp-json\/wp\/v2\/users\/719"}],"replies":[{"embeddable":true,"href":"https:\/\/fundacioncarf.org\/pl\/wp-json\/wp\/v2\/comments?post=200551"}],"version-history":[{"count":5,"href":"https:\/\/fundacioncarf.org\/pl\/wp-json\/wp\/v2\/posts\/200551\/revisions"}],"predecessor-version":[{"id":227048,"href":"https:\/\/fundacioncarf.org\/pl\/wp-json\/wp\/v2\/posts\/200551\/revisions\/227048"}],"wp:featuredmedia":[{"embeddable":true,"href":"https:\/\/fundacioncarf.org\/pl\/wp-json\/wp\/v2\/media\/200553"}],"wp:attachment":[{"href":"https:\/\/fundacioncarf.org\/pl\/wp-json\/wp\/v2\/media?parent=200551"}],"wp:term":[{"taxonomy":"category","embeddable":true,"href":"https:\/\/fundacioncarf.org\/pl\/wp-json\/wp\/v2\/categories?post=200551"},{"taxonomy":"post_tag","embeddable":true,"href":"https:\/\/fundacioncarf.org\/pl\/wp-json\/wp\/v2\/tags?post=200551"}],"curies":[{"name":"wp","href":"https:\/\/api.w.org\/{rel}","templated":true}]}}