{"id":195782,"date":"2024-06-04T10:00:00","date_gmt":"2024-06-04T08:00:00","guid":{"rendered":"https:\/\/staging.fundacioncarf.org\/?p=195782"},"modified":"2026-04-22T12:09:06","modified_gmt":"2026-04-22T10:09:06","slug":"encuentro-benefactores-y-seminaristas-de-bidasoa","status":"publish","type":"post","link":"https:\/\/fundacioncarf.org\/pl\/encuentro-benefactores-y-seminaristas-de-bidasoa\/","title":{"rendered":"Coroczne spotkanie dobroczy\u0144c\u00f3w i seminarzyst\u00f3w z Bidasoa"},"content":{"rendered":"<p>D\u0142ugo oczekiwane wydarzenie. Niezapomniany dzie\u0144, w kt\u00f3rym dobroczy\u0144cy i przyjaciele Fundacji CARF prze\u017cywaj\u0105 dzie\u0144 wzrusze\u0144 razem z seminarzystami i formatorami w Fundacji CARF. <a href=\"https:\/\/seminariobidasoa.org\/\" target=\"_blank\" rel=\"noreferrer noopener\">Mi\u0119dzynarodowe Seminarium Bidasoa<\/a> (Pampeluna).<\/p>\n\n\n\n<h2 class=\"wp-block-heading\">Przybycie dobroczy\u0144c\u00f3w i wolontariuszy Patronatu<\/h2>\n\n\n\n<p>24 maja Bidasoa powita\u0142 grup\u0119, kt\u00f3ra opu\u015bci\u0142a madryck\u0105 stacj\u0119 Atocha o 7:30 rano. Kilku innych przyjaci\u00f3\u0142 <a href=\"https:\/\/fundacioncarf.org\/\">Fundacja CARF<\/a> z innych cz\u0119\u015bci Hiszpanii. D. Emilio, kierownik duchowy seminarium, wraz z kilkoma seminarzystami czeka\u0142 na dworcu w Pampelunie, aby przyj\u0105\u0107 dobroczy\u0144c\u00f3w i wolontariuszy. <a href=\"https:\/\/fundacioncarf.org\/voluntariado-patronato-accion-social\/\" data-type=\"page\" data-id=\"170155\">Rada Powiernicza<\/a> Plan dzia\u0142a\u0144 spo\u0142ecznych (PAS).<\/p>\n\n\n\n<figure class=\"wp-block-image size-large\"><img decoding=\"async\" width=\"1024\" height=\"683\" src=\"https:\/\/fundacioncarf.org\/wp-content\/uploads\/2024\/06\/patronato-de-accion-social-jornada-de-benefactores-1024x683.jpg\" alt=\"\" class=\"wp-image-195790\" srcset=\"https:\/\/fundacioncarf.org\/wp-content\/uploads\/2024\/06\/patronato-de-accion-social-jornada-de-benefactores-1024x683.jpg 1024w, https:\/\/fundacioncarf.org\/wp-content\/uploads\/2024\/06\/patronato-de-accion-social-jornada-de-benefactores-300x200.jpg 300w, https:\/\/fundacioncarf.org\/wp-content\/uploads\/2024\/06\/patronato-de-accion-social-jornada-de-benefactores-768x512.jpg 768w, https:\/\/fundacioncarf.org\/wp-content\/uploads\/2024\/06\/patronato-de-accion-social-jornada-de-benefactores-18x12.jpg 18w, https:\/\/fundacioncarf.org\/wp-content\/uploads\/2024\/06\/patronato-de-accion-social-jornada-de-benefactores.jpg 1080w\" sizes=\"(max-width: 1024px) 100vw, 1024px\" \/><\/figure>\n\n\n\n<p>Carmen, Marta i Amparo to niekt\u00f3re z wolontariuszek PAS, kt\u00f3re pomagaj\u0105 poprzez darowizny i organizacj\u0119 dzia\u0142a\u0144 maj\u0105cych na celu pokrycie koszt\u00f3w plecak\u00f3w ze \u015bwi\u0119tymi naczyniami, kt\u00f3re zawieraj\u0105 r\u00f3wnie\u017c <a href=\"https:\/\/fundacioncarf.org\/dona-albas-a-medida-seminaristas-y-sacerdotes\/\">Alby szyte na miar\u0119<\/a>Jest to prezent, kt\u00f3ry wr\u0119czaj\u0105 kolejno klerykom ko\u0144cz\u0105cym studia. <\/p>\n\n\n\n<h2 class=\"wp-block-heading\">\u015awiadectwo trzech ksi\u0119\u017cy dla dobroczy\u0144c\u00f3w<\/h2>\n\n\n\n<p>Dzie\u0144 rozpocz\u0105\u0142 si\u0119 na Ko\u015bcielnych Uniwersytetach Nawarry od \u015bwiadectwa trzech ksi\u0119\u017cy, kt\u00f3rzy opowiedzieli jak, dzi\u0119ki dobroczy\u0144com Fundacji CARF, szkolenie, kt\u00f3re otrzymali pozwala im by\u0107 formatorami innych ksi\u0119\u017cy i seminarzyst\u00f3w w swoich krajach, a nawet pracowa\u0107 w kurii swoich diecezji.<\/p>\n\n\n\n<figure class=\"wp-block-image size-large\"><img decoding=\"async\" width=\"1024\" height=\"683\" src=\"https:\/\/fundacioncarf.org\/wp-content\/uploads\/2024\/06\/jornada-benefactores-fundacion-carf-2024-testimonio-jose-1024x683.jpg\" alt=\"don Jos\u00e9 Obiols, futuro sacerdote, hablando a los benefactores.\" class=\"wp-image-195793\" srcset=\"https:\/\/fundacioncarf.org\/wp-content\/uploads\/2024\/06\/jornada-benefactores-fundacion-carf-2024-testimonio-jose-1024x683.jpg 1024w, https:\/\/fundacioncarf.org\/wp-content\/uploads\/2024\/06\/jornada-benefactores-fundacion-carf-2024-testimonio-jose-300x200.jpg 300w, https:\/\/fundacioncarf.org\/wp-content\/uploads\/2024\/06\/jornada-benefactores-fundacion-carf-2024-testimonio-jose-768x512.jpg 768w, https:\/\/fundacioncarf.org\/wp-content\/uploads\/2024\/06\/jornada-benefactores-fundacion-carf-2024-testimonio-jose-18x12.jpg 18w, https:\/\/fundacioncarf.org\/wp-content\/uploads\/2024\/06\/jornada-benefactores-fundacion-carf-2024-testimonio-jose.jpg 1080w\" sizes=\"(max-width: 1024px) 100vw, 1024px\" \/><\/figure>\n\n\n\n<p><strong>Ksi\u0105dz Jos\u00e9 przyby\u0142 do Bidasoa w 2018 roku z diecezji San Juan de Guatemala.<\/strong> Kilka tygodni temu zosta\u0142 wy\u015bwi\u0119cony na diakona w Pampelunie. Obecnie ko\u0144czy swoje modu\u0142y teologiczne. <strong>\"<\/strong>Przez te sze\u015b\u0107 lat wiele prze\u017cy\u0142em. Wracam do mojego kraju z pe\u0142nym sercem i wci\u0105\u017c unosz\u0119 si\u0119 po niedawnych \u015bwi\u0119ceniach diakonatu.<strong>\"<\/strong>powiedzia\u0142 grupie dobroczy\u0144c\u00f3w, pokazuj\u0105c im wideo z lat sp\u0119dzonych w Pampelunie.<\/p>\n\n\n\n<h2 class=\"wp-block-heading\">Msza na kuba\u0144skich przedmie\u015bciach<\/h2>\n\n\n\n<p>Don Fredy jest kolejnym ksi\u0119dzem studiuj\u0105cym teologi\u0119, specjalizuj\u0105cym si\u0119 w studiach biblijnych. By\u0142 seminarzyst\u0105 w Bidasoa, wr\u00f3ci\u0142 do swojego kraju (Ekwador), gdzie przyj\u0105\u0142 \u015bwi\u0119cenia kap\u0142a\u0144skie, a teraz powr\u00f3ci\u0142 do Pampeluny, aby uko\u0144czy\u0107 studia. \"Bidasoa jest moj\u0105 rodzin\u0105\", dzi\u0119kuje dobroczy\u0144com Fundacji CARF.<\/p>\n\n\n\n<figure class=\"wp-block-image size-large\"><img decoding=\"async\" width=\"1024\" height=\"683\" src=\"https:\/\/fundacioncarf.org\/wp-content\/uploads\/2024\/06\/jornada-benefactores-fundacion-carf-2024-testimonio-1024x683.jpg\" alt=\"\" class=\"wp-image-195792\" srcset=\"https:\/\/fundacioncarf.org\/wp-content\/uploads\/2024\/06\/jornada-benefactores-fundacion-carf-2024-testimonio-1024x683.jpg 1024w, https:\/\/fundacioncarf.org\/wp-content\/uploads\/2024\/06\/jornada-benefactores-fundacion-carf-2024-testimonio-300x200.jpg 300w, https:\/\/fundacioncarf.org\/wp-content\/uploads\/2024\/06\/jornada-benefactores-fundacion-carf-2024-testimonio-768x512.jpg 768w, https:\/\/fundacioncarf.org\/wp-content\/uploads\/2024\/06\/jornada-benefactores-fundacion-carf-2024-testimonio-18x12.jpg 18w, https:\/\/fundacioncarf.org\/wp-content\/uploads\/2024\/06\/jornada-benefactores-fundacion-carf-2024-testimonio.jpg 1080w\" sizes=\"(max-width: 1024px) 100vw, 1024px\" \/><\/figure>\n\n\n\n<p>Ponadto powiedzia\u0142, \u017ce <strong>dzi\u0119ki plecakowi \u015bwi\u0119tych naczy\u0144<\/strong> kt\u00f3re otrzyma\u0142 od Pana podczas jednej ze swoich misji na Kubie, <strong>by\u0142 w stanie odprawi\u0107 Msz\u0119 \u015bw. w \u015brodku dzielnicy bez \u015brodk\u00f3w liturgicznych i materialnych.<\/strong>Msza, kt\u00f3ra zosta\u0142a bardzo doceniona przez mieszka\u0144c\u00f3w przedmie\u015bcia.<\/p>\n\n\n\n<p>Don H\u00e9ctor, pochodz\u0105cy z diecezji Tabasco (Meksyk), r\u00f3wnie\u017c by\u0142 seminarzyst\u0105 w Bidasoa. Uko\u0144czy\u0142 je w 2020 r., zosta\u0142 wy\u015bwi\u0119cony i uda\u0142 si\u0119 na Uniwersytet Nawarry, aby studiowa\u0107 teologi\u0119 dogmatyczn\u0105 i obroni\u0107 doktorat. <strong>\"<\/strong>Dzi\u0119ki Pa\u0144stwu, moi drodzy dobroczy\u0144cy, od o\u015bmiu lat, od 2016 roku, a\u017c do teraz, podr\u00f3\u017cuj\u0119 po Hiszpanii.<strong>\"<\/strong>powiedzia\u0142.<\/p>\n\n\n\n<h2 class=\"wp-block-heading\">Pokaz dla dobroczy\u0144c\u00f3w Majo Mago<\/h2>\n\n\n\n<p>A po Mszy \u015awi\u0119tej i obiedzie, d\u0142ugo oczekiwany i zabawny <em>show <\/em>kt\u00f3re seminarzy\u015bci oferuj\u0105 dobroczy\u0144com i przyjacio\u0142om Fundacji CARF: Mariachis, Magik Majo, kt\u00f3ry da\u0142 nam kilka bardzo udanych sztuczek magicznych, kt\u00f3re zrobi\u0142y wra\u017cenie na wszystkich, oraz solowe piosenki nikaragua\u0144skiego seminarzysty, kt\u00f3ry zachwyci\u0142 obecnych.<\/p>\n\n\n\n<figure class=\"wp-block-gallery has-nested-images columns-default is-cropped wp-block-gallery-2 is-layout-flex wp-block-gallery-is-layout-flex\">\n<figure class=\"wp-block-image size-large\"><img decoding=\"async\" width=\"1024\" height=\"681\" data-id=\"195794\" src=\"https:\/\/fundacioncarf.org\/wp-content\/uploads\/2024\/06\/jornada-benefactores-fundacion-carf-2024-show-mago-1024x681.jpg\" alt=\"show del mago a benefactores de la Fundaci\u00f3n CARF\" class=\"wp-image-195794\" srcset=\"https:\/\/fundacioncarf.org\/wp-content\/uploads\/2024\/06\/jornada-benefactores-fundacion-carf-2024-show-mago-1024x681.jpg 1024w, https:\/\/fundacioncarf.org\/wp-content\/uploads\/2024\/06\/jornada-benefactores-fundacion-carf-2024-show-mago-300x199.jpg 300w, https:\/\/fundacioncarf.org\/wp-content\/uploads\/2024\/06\/jornada-benefactores-fundacion-carf-2024-show-mago-768x511.jpg 768w, https:\/\/fundacioncarf.org\/wp-content\/uploads\/2024\/06\/jornada-benefactores-fundacion-carf-2024-show-mago-18x12.jpg 18w, https:\/\/fundacioncarf.org\/wp-content\/uploads\/2024\/06\/jornada-benefactores-fundacion-carf-2024-show-mago.jpg 1080w\" sizes=\"(max-width: 1024px) 100vw, 1024px\" \/><\/figure>\n<\/figure>\n\n\n\n<p>Jak zawsze, popowa grupa taneczna sk\u0142adaj\u0105ca si\u0119 z zespo\u0142u Bidasoa i \"<em>Bidawockeez<\/em>\"Wykona\u0142 choreografi\u0119 muzyczn\u0105, kt\u00f3ra zako\u0144czy\u0142a si\u0119 owacj\u0105 na stoj\u0105co od dobroczy\u0144c\u00f3w i uczestnik\u00f3w.<\/p>\n\n\n\n<h2 class=\"wp-block-heading\">Dostawa plecak\u00f3w <a href=\"https:\/\/fundacioncarf.org\/donar\/vasos-sagrados\/\" data-type=\"page\" data-id=\"170009\">okulary<\/a> \u015bwi\u0119ty<\/h2>\n\n\n\n<p>Jednak bez w\u0105tpienia najbardziej wyczekiwanym momentem jest wr\u0119czenie ka\u017cdemu z seminarzyst\u00f3w plecaka z przedmiotami liturgicznymi i alby wykonanej na zam\u00f3wienie.<\/p>\n\n\n\n<p>Jak powiedzia\u0142 <strong>Carmen del PAN<\/strong>: <strong>\"<\/strong>Na pocz\u0105tku roku akademickiego Bidasoa przekazuje nam wymiary ka\u017cdego z seminarzyst\u00f3w, aby\u015bmy mogli r\u0119cznie wykona\u0107 alby dla ka\u017cdego z nich. Po ich uko\u0144czeniu s\u0105 one przekazywane ka\u017cdemu seminarzy\u015bcie w plecaku Sacred Vessel.<strong>\"<\/strong>.<\/p>\n\n\n\n<figure class=\"wp-block-image size-large\"><img decoding=\"async\" width=\"1024\" height=\"683\" src=\"https:\/\/fundacioncarf.org\/wp-content\/uploads\/2024\/06\/jornada-benefactores-fundacion-carf-2024-entrega-de-mochilas-1024x683.jpg\" alt=\"\" class=\"wp-image-195795\" srcset=\"https:\/\/fundacioncarf.org\/wp-content\/uploads\/2024\/06\/jornada-benefactores-fundacion-carf-2024-entrega-de-mochilas-1024x683.jpg 1024w, https:\/\/fundacioncarf.org\/wp-content\/uploads\/2024\/06\/jornada-benefactores-fundacion-carf-2024-entrega-de-mochilas-300x200.jpg 300w, https:\/\/fundacioncarf.org\/wp-content\/uploads\/2024\/06\/jornada-benefactores-fundacion-carf-2024-entrega-de-mochilas-768x512.jpg 768w, https:\/\/fundacioncarf.org\/wp-content\/uploads\/2024\/06\/jornada-benefactores-fundacion-carf-2024-entrega-de-mochilas-18x12.jpg 18w, https:\/\/fundacioncarf.org\/wp-content\/uploads\/2024\/06\/jornada-benefactores-fundacion-carf-2024-entrega-de-mochilas.jpg 1080w\" sizes=\"(max-width: 1024px) 100vw, 1024px\" \/><\/figure>\n\n\n\n<p>Plecaki ze wszystkim, co potrzebne do odprawienia Mszy \u015awi\u0119tej, s\u0105 u\u017cywane przez seminarzyst\u00f3w, kt\u00f3rzy zostali ju\u017c wy\u015bwi\u0119ceni na kap\u0142an\u00f3w w swoim kraju. W ten spos\u00f3b mog\u0105 oni udziela\u0107 sakrament\u00f3w z <a href=\"https:\/\/fundacioncarf.org\/vasos-sagrados-objetos-liturgicos-misa-sacerdote\/\" type=\"post\" id=\"163304\">godno\u015b\u0107<\/a>Czy to w \u015brodku g\u00f3ry, pustyni, d\u017cungli, zagubionej dolinie, czy w okolicy, w kt\u00f3rej brakuje odpowiednich udogodnie\u0144.<\/p>\n\n\n\n<p>Dzie\u0144 zako\u0144czy\u0142 si\u0119 procesj\u0105 Matki Bo\u017cej z Bidasoa przez ogr\u00f3d seminarium, podczas kt\u00f3rej odmawiano r\u00f3\u017caniec \u015bwi\u0119ty, aby podzi\u0119kowa\u0107 Dziewicy z Bidasoa. <a href=\"https:\/\/fundacioncarf.org\/mayo-mes-de-la-virgen-maria-nuestra-madre\/\" type=\"post\" id=\"167731\">Maria Panna<\/a> za otrzymane prezenty.<\/p>\n\n\n\n<p>Poni\u017cej znajd\u0105 Pa\u0144stwo nazwiska absolwent\u00f3w seminarium, kt\u00f3rzy otrzymali plecaki \u015bwi\u0119tych naczy\u0144:<\/p>\n\n\n\n<h3 class=\"wp-block-heading\">13 seminarzyst\u00f3w ko\u0144cz\u0105cych studia<\/h3>\n\n\n\n<ul class=\"wp-block-list\">\n<li>C\u00e9sar David Villalobos<\/li>\n\n\n\n<li>David H. Chipeta<\/li>\n\n\n\n<li>Enbo (Paul) Liu<\/li>\n\n\n\n<li>Gregorius Aero Indra Bayu Paska<\/li>\n\n\n\n<li>Humberto Jos\u00e9 Gazo Silva<\/li>\n\n\n\n<li>John Laurens A. Tupas<\/li>\n\n\n\n<li>John Mark B. Mijares<\/li>\n\n\n\n<li>Jonathan Mendoza Mart\u00ednez<\/li>\n\n\n\n<li>Jos\u00e9 Rolando Becerra Ram\u00edrez<\/li>\n\n\n\n<li>Laurence Andrew Q. Magallanes<\/li>\n\n\n\n<li>Moses Samuel Ochogo<\/li>\n\n\n\n<li>Vedastus Martine Machibula<\/li>\n\n\n\n<li>Xiaowen (Joseph) Yuan<\/li>\n<\/ul>\n\n\n\n<figure class=\"wp-block-gallery aligncenter has-nested-images columns-default is-cropped wp-block-gallery-3 is-layout-flex wp-block-gallery-is-layout-flex\">\n<figure class=\"wp-block-image size-large\"><img decoding=\"async\" width=\"1024\" height=\"693\" data-id=\"195815\" src=\"https:\/\/fundacioncarf.org\/wp-content\/uploads\/2024\/06\/5f43cd90-4a0c-4422-9c69-78c893249034-1024x693.jpg\" alt=\"\" class=\"wp-image-195815\" srcset=\"https:\/\/fundacioncarf.org\/wp-content\/uploads\/2024\/06\/5f43cd90-4a0c-4422-9c69-78c893249034-1024x693.jpg 1024w, https:\/\/fundacioncarf.org\/wp-content\/uploads\/2024\/06\/5f43cd90-4a0c-4422-9c69-78c893249034-300x203.jpg 300w, https:\/\/fundacioncarf.org\/wp-content\/uploads\/2024\/06\/5f43cd90-4a0c-4422-9c69-78c893249034-768x520.jpg 768w, https:\/\/fundacioncarf.org\/wp-content\/uploads\/2024\/06\/5f43cd90-4a0c-4422-9c69-78c893249034-18x12.jpg 18w, https:\/\/fundacioncarf.org\/wp-content\/uploads\/2024\/06\/5f43cd90-4a0c-4422-9c69-78c893249034.jpg 1080w\" sizes=\"(max-width: 1024px) 100vw, 1024px\" \/><\/figure>\n\n\n\n<figure class=\"wp-block-image size-large\"><img decoding=\"async\" width=\"1024\" height=\"683\" data-id=\"195808\" src=\"https:\/\/fundacioncarf.org\/wp-content\/uploads\/2024\/06\/DSC03373-1024x683.jpg\" alt=\"\" class=\"wp-image-195808\" srcset=\"https:\/\/fundacioncarf.org\/wp-content\/uploads\/2024\/06\/DSC03373-1024x683.jpg 1024w, https:\/\/fundacioncarf.org\/wp-content\/uploads\/2024\/06\/DSC03373-300x200.jpg 300w, https:\/\/fundacioncarf.org\/wp-content\/uploads\/2024\/06\/DSC03373-768x512.jpg 768w, https:\/\/fundacioncarf.org\/wp-content\/uploads\/2024\/06\/DSC03373-18x12.jpg 18w, https:\/\/fundacioncarf.org\/wp-content\/uploads\/2024\/06\/DSC03373.jpg 1080w\" sizes=\"(max-width: 1024px) 100vw, 1024px\" \/><\/figure>\n\n\n\n<figure class=\"wp-block-image size-large\"><img decoding=\"async\" width=\"1024\" height=\"683\" data-id=\"195805\" src=\"https:\/\/fundacioncarf.org\/wp-content\/uploads\/2024\/06\/DSC03385-1024x683.jpg\" alt=\"\" class=\"wp-image-195805\" srcset=\"https:\/\/fundacioncarf.org\/wp-content\/uploads\/2024\/06\/DSC03385-1024x683.jpg 1024w, https:\/\/fundacioncarf.org\/wp-content\/uploads\/2024\/06\/DSC03385-300x200.jpg 300w, https:\/\/fundacioncarf.org\/wp-content\/uploads\/2024\/06\/DSC03385-768x512.jpg 768w, https:\/\/fundacioncarf.org\/wp-content\/uploads\/2024\/06\/DSC03385-18x12.jpg 18w, https:\/\/fundacioncarf.org\/wp-content\/uploads\/2024\/06\/DSC03385.jpg 1080w\" sizes=\"(max-width: 1024px) 100vw, 1024px\" \/><\/figure>\n\n\n\n<figure class=\"wp-block-image size-large\"><img decoding=\"async\" width=\"1024\" height=\"683\" data-id=\"195801\" src=\"https:\/\/fundacioncarf.org\/wp-content\/uploads\/2024\/06\/DSC03405-1024x683.jpg\" alt=\"\" class=\"wp-image-195801\" srcset=\"https:\/\/fundacioncarf.org\/wp-content\/uploads\/2024\/06\/DSC03405-1024x683.jpg 1024w, https:\/\/fundacioncarf.org\/wp-content\/uploads\/2024\/06\/DSC03405-300x200.jpg 300w, https:\/\/fundacioncarf.org\/wp-content\/uploads\/2024\/06\/DSC03405-768x512.jpg 768w, https:\/\/fundacioncarf.org\/wp-content\/uploads\/2024\/06\/DSC03405-18x12.jpg 18w, https:\/\/fundacioncarf.org\/wp-content\/uploads\/2024\/06\/DSC03405.jpg 1080w\" sizes=\"(max-width: 1024px) 100vw, 1024px\" \/><\/figure>\n\n\n\n<figure class=\"wp-block-image size-large\"><img decoding=\"async\" width=\"1024\" height=\"683\" data-id=\"195799\" src=\"https:\/\/fundacioncarf.org\/wp-content\/uploads\/2024\/06\/DSC03474-1024x683.jpg\" alt=\"\" class=\"wp-image-195799\" srcset=\"https:\/\/fundacioncarf.org\/wp-content\/uploads\/2024\/06\/DSC03474-1024x683.jpg 1024w, https:\/\/fundacioncarf.org\/wp-content\/uploads\/2024\/06\/DSC03474-300x200.jpg 300w, https:\/\/fundacioncarf.org\/wp-content\/uploads\/2024\/06\/DSC03474-768x512.jpg 768w, https:\/\/fundacioncarf.org\/wp-content\/uploads\/2024\/06\/DSC03474-18x12.jpg 18w, https:\/\/fundacioncarf.org\/wp-content\/uploads\/2024\/06\/DSC03474.jpg 1080w\" sizes=\"(max-width: 1024px) 100vw, 1024px\" \/><\/figure>\n\n\n\n<figure class=\"wp-block-image size-large\"><img decoding=\"async\" width=\"1024\" height=\"683\" data-id=\"195810\" src=\"https:\/\/fundacioncarf.org\/wp-content\/uploads\/2024\/06\/DSC03482-1024x683.jpg\" alt=\"\" class=\"wp-image-195810\" srcset=\"https:\/\/fundacioncarf.org\/wp-content\/uploads\/2024\/06\/DSC03482-1024x683.jpg 1024w, https:\/\/fundacioncarf.org\/wp-content\/uploads\/2024\/06\/DSC03482-300x200.jpg 300w, https:\/\/fundacioncarf.org\/wp-content\/uploads\/2024\/06\/DSC03482-768x512.jpg 768w, https:\/\/fundacioncarf.org\/wp-content\/uploads\/2024\/06\/DSC03482-18x12.jpg 18w, https:\/\/fundacioncarf.org\/wp-content\/uploads\/2024\/06\/DSC03482.jpg 1080w\" sizes=\"(max-width: 1024px) 100vw, 1024px\" \/><\/figure>\n\n\n\n<figure class=\"wp-block-image size-large\"><img decoding=\"async\" width=\"1024\" height=\"683\" data-id=\"195797\" src=\"https:\/\/fundacioncarf.org\/wp-content\/uploads\/2024\/06\/DSC03542-1024x683.jpg\" alt=\"\" class=\"wp-image-195797\" srcset=\"https:\/\/fundacioncarf.org\/wp-content\/uploads\/2024\/06\/DSC03542-1024x683.jpg 1024w, https:\/\/fundacioncarf.org\/wp-content\/uploads\/2024\/06\/DSC03542-300x200.jpg 300w, https:\/\/fundacioncarf.org\/wp-content\/uploads\/2024\/06\/DSC03542-768x512.jpg 768w, https:\/\/fundacioncarf.org\/wp-content\/uploads\/2024\/06\/DSC03542-18x12.jpg 18w, https:\/\/fundacioncarf.org\/wp-content\/uploads\/2024\/06\/DSC03542.jpg 1080w\" sizes=\"(max-width: 1024px) 100vw, 1024px\" \/><\/figure>\n\n\n\n<figure class=\"wp-block-image size-large\"><img decoding=\"async\" width=\"1024\" height=\"683\" data-id=\"195806\" src=\"https:\/\/fundacioncarf.org\/wp-content\/uploads\/2024\/06\/DSC03592-1024x683.jpg\" alt=\"\" class=\"wp-image-195806\" srcset=\"https:\/\/fundacioncarf.org\/wp-content\/uploads\/2024\/06\/DSC03592-1024x683.jpg 1024w, https:\/\/fundacioncarf.org\/wp-content\/uploads\/2024\/06\/DSC03592-300x200.jpg 300w, https:\/\/fundacioncarf.org\/wp-content\/uploads\/2024\/06\/DSC03592-768x512.jpg 768w, https:\/\/fundacioncarf.org\/wp-content\/uploads\/2024\/06\/DSC03592-18x12.jpg 18w, https:\/\/fundacioncarf.org\/wp-content\/uploads\/2024\/06\/DSC03592.jpg 1080w\" sizes=\"(max-width: 1024px) 100vw, 1024px\" \/><\/figure>\n\n\n\n<figure class=\"wp-block-image size-large\"><img decoding=\"async\" width=\"1024\" height=\"683\" data-id=\"195818\" src=\"https:\/\/fundacioncarf.org\/wp-content\/uploads\/2024\/06\/DSC03622-1024x683.jpg\" alt=\"\" class=\"wp-image-195818\" srcset=\"https:\/\/fundacioncarf.org\/wp-content\/uploads\/2024\/06\/DSC03622-1024x683.jpg 1024w, https:\/\/fundacioncarf.org\/wp-content\/uploads\/2024\/06\/DSC03622-300x200.jpg 300w, https:\/\/fundacioncarf.org\/wp-content\/uploads\/2024\/06\/DSC03622-768x512.jpg 768w, https:\/\/fundacioncarf.org\/wp-content\/uploads\/2024\/06\/DSC03622-18x12.jpg 18w, https:\/\/fundacioncarf.org\/wp-content\/uploads\/2024\/06\/DSC03622.jpg 1080w\" sizes=\"(max-width: 1024px) 100vw, 1024px\" \/><\/figure>\n\n\n\n<figure class=\"wp-block-image size-large\"><img decoding=\"async\" width=\"1024\" height=\"683\" data-id=\"195816\" src=\"https:\/\/fundacioncarf.org\/wp-content\/uploads\/2024\/06\/DSC03667-1024x683.jpg\" alt=\"\" class=\"wp-image-195816\" srcset=\"https:\/\/fundacioncarf.org\/wp-content\/uploads\/2024\/06\/DSC03667-1024x683.jpg 1024w, https:\/\/fundacioncarf.org\/wp-content\/uploads\/2024\/06\/DSC03667-300x200.jpg 300w, https:\/\/fundacioncarf.org\/wp-content\/uploads\/2024\/06\/DSC03667-768x512.jpg 768w, https:\/\/fundacioncarf.org\/wp-content\/uploads\/2024\/06\/DSC03667-18x12.jpg 18w, https:\/\/fundacioncarf.org\/wp-content\/uploads\/2024\/06\/DSC03667.jpg 1080w\" sizes=\"(max-width: 1024px) 100vw, 1024px\" \/><\/figure>\n\n\n\n<figure class=\"wp-block-image size-large\"><img decoding=\"async\" width=\"1024\" height=\"683\" data-id=\"195817\" src=\"https:\/\/fundacioncarf.org\/wp-content\/uploads\/2024\/06\/DSC03707-1024x683.jpg\" alt=\"\" class=\"wp-image-195817\" srcset=\"https:\/\/fundacioncarf.org\/wp-content\/uploads\/2024\/06\/DSC03707-1024x683.jpg 1024w, https:\/\/fundacioncarf.org\/wp-content\/uploads\/2024\/06\/DSC03707-300x200.jpg 300w, https:\/\/fundacioncarf.org\/wp-content\/uploads\/2024\/06\/DSC03707-768x512.jpg 768w, https:\/\/fundacioncarf.org\/wp-content\/uploads\/2024\/06\/DSC03707-18x12.jpg 18w, https:\/\/fundacioncarf.org\/wp-content\/uploads\/2024\/06\/DSC03707.jpg 1080w\" sizes=\"(max-width: 1024px) 100vw, 1024px\" \/><\/figure>\n\n\n\n<figure class=\"wp-block-image size-large\"><img decoding=\"async\" width=\"1024\" height=\"683\" data-id=\"195813\" src=\"https:\/\/fundacioncarf.org\/wp-content\/uploads\/2024\/06\/DSC03782-1024x683.jpg\" alt=\"\" class=\"wp-image-195813\" srcset=\"https:\/\/fundacioncarf.org\/wp-content\/uploads\/2024\/06\/DSC03782-1024x683.jpg 1024w, https:\/\/fundacioncarf.org\/wp-content\/uploads\/2024\/06\/DSC03782-300x200.jpg 300w, https:\/\/fundacioncarf.org\/wp-content\/uploads\/2024\/06\/DSC03782-768x512.jpg 768w, https:\/\/fundacioncarf.org\/wp-content\/uploads\/2024\/06\/DSC03782-18x12.jpg 18w, https:\/\/fundacioncarf.org\/wp-content\/uploads\/2024\/06\/DSC03782.jpg 1080w\" sizes=\"(max-width: 1024px) 100vw, 1024px\" \/><\/figure>\n\n\n\n<figure class=\"wp-block-image size-large\"><img decoding=\"async\" width=\"1024\" height=\"683\" data-id=\"195819\" src=\"https:\/\/fundacioncarf.org\/wp-content\/uploads\/2024\/06\/DSC03809-1024x683.jpg\" alt=\"\" class=\"wp-image-195819\" srcset=\"https:\/\/fundacioncarf.org\/wp-content\/uploads\/2024\/06\/DSC03809-1024x683.jpg 1024w, https:\/\/fundacioncarf.org\/wp-content\/uploads\/2024\/06\/DSC03809-300x200.jpg 300w, https:\/\/fundacioncarf.org\/wp-content\/uploads\/2024\/06\/DSC03809-768x512.jpg 768w, https:\/\/fundacioncarf.org\/wp-content\/uploads\/2024\/06\/DSC03809-18x12.jpg 18w, https:\/\/fundacioncarf.org\/wp-content\/uploads\/2024\/06\/DSC03809.jpg 1080w\" sizes=\"(max-width: 1024px) 100vw, 1024px\" \/><\/figure>\n\n\n\n<figure class=\"wp-block-image size-large\"><img decoding=\"async\" width=\"1024\" height=\"683\" data-id=\"195802\" src=\"https:\/\/fundacioncarf.org\/wp-content\/uploads\/2024\/06\/DSC03829-1024x683.jpg\" alt=\"\" class=\"wp-image-195802\" srcset=\"https:\/\/fundacioncarf.org\/wp-content\/uploads\/2024\/06\/DSC03829-1024x683.jpg 1024w, https:\/\/fundacioncarf.org\/wp-content\/uploads\/2024\/06\/DSC03829-300x200.jpg 300w, https:\/\/fundacioncarf.org\/wp-content\/uploads\/2024\/06\/DSC03829-768x512.jpg 768w, https:\/\/fundacioncarf.org\/wp-content\/uploads\/2024\/06\/DSC03829-18x12.jpg 18w, https:\/\/fundacioncarf.org\/wp-content\/uploads\/2024\/06\/DSC03829.jpg 1080w\" sizes=\"(max-width: 1024px) 100vw, 1024px\" \/><\/figure>\n\n\n\n<figure class=\"wp-block-image size-large\"><img decoding=\"async\" width=\"1024\" height=\"683\" data-id=\"195800\" src=\"https:\/\/fundacioncarf.org\/wp-content\/uploads\/2024\/06\/DSC06310-1024x683.jpg\" alt=\"\" class=\"wp-image-195800\" srcset=\"https:\/\/fundacioncarf.org\/wp-content\/uploads\/2024\/06\/DSC06310-1024x683.jpg 1024w, https:\/\/fundacioncarf.org\/wp-content\/uploads\/2024\/06\/DSC06310-300x200.jpg 300w, https:\/\/fundacioncarf.org\/wp-content\/uploads\/2024\/06\/DSC06310-768x512.jpg 768w, https:\/\/fundacioncarf.org\/wp-content\/uploads\/2024\/06\/DSC06310-18x12.jpg 18w, https:\/\/fundacioncarf.org\/wp-content\/uploads\/2024\/06\/DSC06310.jpg 1080w\" sizes=\"(max-width: 1024px) 100vw, 1024px\" \/><\/figure>\n\n\n\n<figure class=\"wp-block-image size-large\"><img decoding=\"async\" width=\"1024\" height=\"683\" data-id=\"195803\" src=\"https:\/\/fundacioncarf.org\/wp-content\/uploads\/2024\/06\/DSC06312-1024x683.jpg\" alt=\"\" class=\"wp-image-195803\" srcset=\"https:\/\/fundacioncarf.org\/wp-content\/uploads\/2024\/06\/DSC06312-1024x683.jpg 1024w, https:\/\/fundacioncarf.org\/wp-content\/uploads\/2024\/06\/DSC06312-300x200.jpg 300w, https:\/\/fundacioncarf.org\/wp-content\/uploads\/2024\/06\/DSC06312-768x512.jpg 768w, https:\/\/fundacioncarf.org\/wp-content\/uploads\/2024\/06\/DSC06312-18x12.jpg 18w, https:\/\/fundacioncarf.org\/wp-content\/uploads\/2024\/06\/DSC06312.jpg 1080w\" sizes=\"(max-width: 1024px) 100vw, 1024px\" \/><\/figure>\n\n\n\n<figure class=\"wp-block-image size-large\"><img decoding=\"async\" width=\"1024\" height=\"683\" data-id=\"195798\" src=\"https:\/\/fundacioncarf.org\/wp-content\/uploads\/2024\/06\/DSC06324-1024x683.jpg\" alt=\"\" class=\"wp-image-195798\" srcset=\"https:\/\/fundacioncarf.org\/wp-content\/uploads\/2024\/06\/DSC06324-1024x683.jpg 1024w, https:\/\/fundacioncarf.org\/wp-content\/uploads\/2024\/06\/DSC06324-300x200.jpg 300w, https:\/\/fundacioncarf.org\/wp-content\/uploads\/2024\/06\/DSC06324-768x512.jpg 768w, https:\/\/fundacioncarf.org\/wp-content\/uploads\/2024\/06\/DSC06324-18x12.jpg 18w, https:\/\/fundacioncarf.org\/wp-content\/uploads\/2024\/06\/DSC06324.jpg 1080w\" sizes=\"(max-width: 1024px) 100vw, 1024px\" \/><\/figure>\n\n\n\n<figure class=\"wp-block-image size-large\"><img decoding=\"async\" width=\"1024\" height=\"683\" data-id=\"195811\" src=\"https:\/\/fundacioncarf.org\/wp-content\/uploads\/2024\/06\/DSC06386-1024x683.jpg\" alt=\"\" class=\"wp-image-195811\" srcset=\"https:\/\/fundacioncarf.org\/wp-content\/uploads\/2024\/06\/DSC06386-1024x683.jpg 1024w, https:\/\/fundacioncarf.org\/wp-content\/uploads\/2024\/06\/DSC06386-300x200.jpg 300w, https:\/\/fundacioncarf.org\/wp-content\/uploads\/2024\/06\/DSC06386-768x512.jpg 768w, https:\/\/fundacioncarf.org\/wp-content\/uploads\/2024\/06\/DSC06386-18x12.jpg 18w, https:\/\/fundacioncarf.org\/wp-content\/uploads\/2024\/06\/DSC06386.jpg 1080w\" sizes=\"(max-width: 1024px) 100vw, 1024px\" \/><\/figure>\n\n\n\n<figure class=\"wp-block-image size-large\"><img decoding=\"async\" width=\"1024\" height=\"683\" data-id=\"195809\" src=\"https:\/\/fundacioncarf.org\/wp-content\/uploads\/2024\/06\/DSC06417-1024x683.jpg\" alt=\"\" class=\"wp-image-195809\" srcset=\"https:\/\/fundacioncarf.org\/wp-content\/uploads\/2024\/06\/DSC06417-1024x683.jpg 1024w, https:\/\/fundacioncarf.org\/wp-content\/uploads\/2024\/06\/DSC06417-300x200.jpg 300w, https:\/\/fundacioncarf.org\/wp-content\/uploads\/2024\/06\/DSC06417-768x512.jpg 768w, https:\/\/fundacioncarf.org\/wp-content\/uploads\/2024\/06\/DSC06417-18x12.jpg 18w, https:\/\/fundacioncarf.org\/wp-content\/uploads\/2024\/06\/DSC06417.jpg 1080w\" sizes=\"(max-width: 1024px) 100vw, 1024px\" \/><\/figure>\n\n\n\n<figure class=\"wp-block-image size-large\"><img decoding=\"async\" width=\"1024\" height=\"681\" data-id=\"195804\" src=\"https:\/\/fundacioncarf.org\/wp-content\/uploads\/2024\/06\/DSC06455-1024x681.jpg\" alt=\"\" class=\"wp-image-195804\" srcset=\"https:\/\/fundacioncarf.org\/wp-content\/uploads\/2024\/06\/DSC06455-1024x681.jpg 1024w, https:\/\/fundacioncarf.org\/wp-content\/uploads\/2024\/06\/DSC06455-300x199.jpg 300w, https:\/\/fundacioncarf.org\/wp-content\/uploads\/2024\/06\/DSC06455-768x511.jpg 768w, https:\/\/fundacioncarf.org\/wp-content\/uploads\/2024\/06\/DSC06455-18x12.jpg 18w, https:\/\/fundacioncarf.org\/wp-content\/uploads\/2024\/06\/DSC06455.jpg 1080w\" sizes=\"(max-width: 1024px) 100vw, 1024px\" \/><\/figure>\n\n\n\n<figure class=\"wp-block-image size-large\"><img decoding=\"async\" width=\"1024\" height=\"681\" data-id=\"195812\" src=\"https:\/\/fundacioncarf.org\/wp-content\/uploads\/2024\/06\/DSC06539-1024x681.jpg\" alt=\"\" class=\"wp-image-195812\" srcset=\"https:\/\/fundacioncarf.org\/wp-content\/uploads\/2024\/06\/DSC06539-1024x681.jpg 1024w, https:\/\/fundacioncarf.org\/wp-content\/uploads\/2024\/06\/DSC06539-300x199.jpg 300w, https:\/\/fundacioncarf.org\/wp-content\/uploads\/2024\/06\/DSC06539-768x511.jpg 768w, https:\/\/fundacioncarf.org\/wp-content\/uploads\/2024\/06\/DSC06539-18x12.jpg 18w, https:\/\/fundacioncarf.org\/wp-content\/uploads\/2024\/06\/DSC06539.jpg 1080w\" sizes=\"(max-width: 1024px) 100vw, 1024px\" \/><\/figure>\n\n\n\n<figure class=\"wp-block-image size-large\"><img decoding=\"async\" width=\"1024\" height=\"683\" data-id=\"195807\" src=\"https:\/\/fundacioncarf.org\/wp-content\/uploads\/2024\/06\/DSC06546-1024x683.jpg\" alt=\"\" class=\"wp-image-195807\" srcset=\"https:\/\/fundacioncarf.org\/wp-content\/uploads\/2024\/06\/DSC06546-1024x683.jpg 1024w, https:\/\/fundacioncarf.org\/wp-content\/uploads\/2024\/06\/DSC06546-300x200.jpg 300w, https:\/\/fundacioncarf.org\/wp-content\/uploads\/2024\/06\/DSC06546-768x512.jpg 768w, https:\/\/fundacioncarf.org\/wp-content\/uploads\/2024\/06\/DSC06546-18x12.jpg 18w, https:\/\/fundacioncarf.org\/wp-content\/uploads\/2024\/06\/DSC06546.jpg 1080w\" sizes=\"(max-width: 1024px) 100vw, 1024px\" \/><\/figure>\n\n\n\n<figure class=\"wp-block-image size-large\"><img decoding=\"async\" width=\"1024\" height=\"683\" data-id=\"195821\" src=\"https:\/\/fundacioncarf.org\/wp-content\/uploads\/2024\/06\/DSC06575-1024x683.jpg\" alt=\"\" class=\"wp-image-195821\" srcset=\"https:\/\/fundacioncarf.org\/wp-content\/uploads\/2024\/06\/DSC06575-1024x683.jpg 1024w, https:\/\/fundacioncarf.org\/wp-content\/uploads\/2024\/06\/DSC06575-300x200.jpg 300w, https:\/\/fundacioncarf.org\/wp-content\/uploads\/2024\/06\/DSC06575-768x512.jpg 768w, https:\/\/fundacioncarf.org\/wp-content\/uploads\/2024\/06\/DSC06575-18x12.jpg 18w, https:\/\/fundacioncarf.org\/wp-content\/uploads\/2024\/06\/DSC06575.jpg 1080w\" sizes=\"(max-width: 1024px) 100vw, 1024px\" \/><\/figure>\n\n\n\n<figure class=\"wp-block-image size-large\"><img decoding=\"async\" width=\"1024\" height=\"683\" data-id=\"195814\" src=\"https:\/\/fundacioncarf.org\/wp-content\/uploads\/2024\/06\/DSC06583-1024x683.jpg\" alt=\"\" class=\"wp-image-195814\" srcset=\"https:\/\/fundacioncarf.org\/wp-content\/uploads\/2024\/06\/DSC06583-1024x683.jpg 1024w, https:\/\/fundacioncarf.org\/wp-content\/uploads\/2024\/06\/DSC06583-300x200.jpg 300w, https:\/\/fundacioncarf.org\/wp-content\/uploads\/2024\/06\/DSC06583-768x512.jpg 768w, https:\/\/fundacioncarf.org\/wp-content\/uploads\/2024\/06\/DSC06583-18x12.jpg 18w, https:\/\/fundacioncarf.org\/wp-content\/uploads\/2024\/06\/DSC06583.jpg 1080w\" sizes=\"(max-width: 1024px) 100vw, 1024px\" \/><\/figure>\n\n\n\n<figure class=\"wp-block-image size-large\"><img decoding=\"async\" width=\"1024\" height=\"681\" data-id=\"195820\" src=\"https:\/\/fundacioncarf.org\/wp-content\/uploads\/2024\/06\/DSC06762-1024x681.jpg\" alt=\"\" class=\"wp-image-195820\" srcset=\"https:\/\/fundacioncarf.org\/wp-content\/uploads\/2024\/06\/DSC06762-1024x681.jpg 1024w, https:\/\/fundacioncarf.org\/wp-content\/uploads\/2024\/06\/DSC06762-300x199.jpg 300w, https:\/\/fundacioncarf.org\/wp-content\/uploads\/2024\/06\/DSC06762-768x511.jpg 768w, https:\/\/fundacioncarf.org\/wp-content\/uploads\/2024\/06\/DSC06762-18x12.jpg 18w, https:\/\/fundacioncarf.org\/wp-content\/uploads\/2024\/06\/DSC06762.jpg 1080w\" sizes=\"(max-width: 1024px) 100vw, 1024px\" \/><\/figure>\n<\/figure>\n\n\n\n<hr class=\"wp-block-separator has-alpha-channel-opacity\"\/>\n\n\n\n<p><strong>Marta Sant\u00edn, <\/strong>Dziennikarz specjalizuj\u0105cy si\u0119 w informacjach religijnych<\/p>","protected":false},"excerpt":{"rendered":"<p>24 maja w Pampelunie odby\u0142 si\u0119 Dzie\u0144 Dobroczy\u0144c\u00f3w, wydarzenie b\u0119d\u0105ce ho\u0142dem dla nich wszystkich. Odwiedzaj\u0105 oni uniwersytet, witaj\u0105 dziekana i spotykaj\u0105 si\u0119 ze studentami, kt\u00f3rzy w tym roku ko\u0144cz\u0105 studia i opuszczaj\u0105 Bidasoa. <\/p>","protected":false},"author":4,"featured_media":195789,"comment_status":"closed","ping_status":"closed","sticky":false,"template":"","format":"standard","meta":{"_acf_changed":false,"give_campaign_id":0,"footnotes":""},"categories":[109],"tags":[147,169,172,171,170,120,121,178],"class_list":["post-195782","post","type-post","status-publish","format-standard","has-post-thumbnail","hentry","category-historias","tag-benefactores","tag-bidasoa","tag-congregaciones-religiosas","tag-encuentro","tag-fundacion-carf","tag-sacerdote","tag-seminarista","tag-voluntarios"],"acf":[],"_links":{"self":[{"href":"https:\/\/fundacioncarf.org\/pl\/wp-json\/wp\/v2\/posts\/195782","targetHints":{"allow":["GET"]}}],"collection":[{"href":"https:\/\/fundacioncarf.org\/pl\/wp-json\/wp\/v2\/posts"}],"about":[{"href":"https:\/\/fundacioncarf.org\/pl\/wp-json\/wp\/v2\/types\/post"}],"author":[{"embeddable":true,"href":"https:\/\/fundacioncarf.org\/pl\/wp-json\/wp\/v2\/users\/4"}],"replies":[{"embeddable":true,"href":"https:\/\/fundacioncarf.org\/pl\/wp-json\/wp\/v2\/comments?post=195782"}],"version-history":[{"count":9,"href":"https:\/\/fundacioncarf.org\/pl\/wp-json\/wp\/v2\/posts\/195782\/revisions"}],"predecessor-version":[{"id":229489,"href":"https:\/\/fundacioncarf.org\/pl\/wp-json\/wp\/v2\/posts\/195782\/revisions\/229489"}],"wp:featuredmedia":[{"embeddable":true,"href":"https:\/\/fundacioncarf.org\/pl\/wp-json\/wp\/v2\/media\/195789"}],"wp:attachment":[{"href":"https:\/\/fundacioncarf.org\/pl\/wp-json\/wp\/v2\/media?parent=195782"}],"wp:term":[{"taxonomy":"category","embeddable":true,"href":"https:\/\/fundacioncarf.org\/pl\/wp-json\/wp\/v2\/categories?post=195782"},{"taxonomy":"post_tag","embeddable":true,"href":"https:\/\/fundacioncarf.org\/pl\/wp-json\/wp\/v2\/tags?post=195782"}],"curies":[{"name":"wp","href":"https:\/\/api.w.org\/{rel}","templated":true}]}}