{"id":183259,"date":"2026-09-05T02:00:00","date_gmt":"2026-09-05T00:00:00","guid":{"rendered":"https:\/\/staging.fundacioncarf.org\/como-funciona-la-fe\/"},"modified":"2026-09-03T16:47:19","modified_gmt":"2026-09-03T14:47:19","slug":"como-vivir-la-fe-fundacion-carf","status":"publish","type":"post","link":"https:\/\/fundacioncarf.org\/pl\/como-vivir-la-fe-fundacion-carf\/","title":{"rendered":"Jak prze\u017cywa\u0107 wiar\u0119? Czym ona jest i jaki ma zwi\u0105zek z rozumem?"},"content":{"rendered":"<p class=\"wp-block-paragraph\">Istniej\u0105 pytania, kt\u00f3re od zawsze towarzysz\u0105 cz\u0142owiekowi: czy B\u00f3g istnieje?, dlaczego tu jeste\u015bmy?, jaki jest sens naszego \u017cycia?, czy mo\u017cemy pozna\u0107 prawd\u0119?, co dzieje si\u0119 po \u015bmierci?<\/p>\n\n\n\n<p class=\"wp-block-paragraph\">Wiara chrze\u015bcija\u0144ska nie zach\u0119ca do zaprzestania zadawania sobie tych pyta\u0144. Wr\u0119cz przeciwnie, <strong>wiara d\u0105\u017cy do zrozumienia<\/strong> a opiera si\u0119 r\u00f3wnie\u017c na inteligencji, wolno\u015bci i ludzkim do\u015bwiadczeniu.<\/p>\n\n\n\n<p class=\"wp-block-paragraph\">Dla chrze\u015bcijanina wiara nie oznacza zamykania oczu na rzeczywisto\u015b\u0107. Oznacza natomiast otwarcie ich na rzeczywisto\u015b\u0107 o szerszym zasi\u0119gu: na mo\u017cliwo\u015b\u0107, \u017ce B\u00f3g istnieje, zna nas, kocha nas i pragnie nawi\u0105za\u0107 z nami relacj\u0119.<\/p>\n\n\n\n<h3 id=\"que-es-la-fe\" class=\"wp-block-heading\">Czym jest wiara?<\/h3>\n\n\n\n<p class=\"wp-block-paragraph\">Wiara to przede wszystkim, <strong>osobista odpowied\u017a cz\u0142owieka skierowana do Boga<\/strong>. Katechizm Ko\u015bcio\u0142a Katolickiego wyja\u015bnia, \u017ce B\u00f3g objawia si\u0119 cz\u0142owiekowi i zaprasza go do wej\u015bcia w komuni\u0119 z Nim. Odpowiedzi\u0105 na to zaproszenie jest wiara: osobiste przywi\u0105zanie do Boga, a jednocze\u015bnie dobrowolna zgoda na prawdy, kt\u00f3re On objawi\u0142.<\/p>\n\n\n\n<p class=\"wp-block-paragraph\">Dlatego wiara nie polega jedynie na zaakceptowaniu faktu, \u017ce \u00abB\u00f3g istnieje\u00bb. Wiara oznacza zaufanie Mu oraz kierowanie w\u0142asnym \u017cyciem zgodnie z tym zaufaniem.<\/p>\n\n\n\n<p class=\"wp-block-paragraph\">Dla chrze\u015bcijanina wiara w Boga jest ponadto nierozerwalnie zwi\u0105zana z wiar\u0105 w Jezusa Chrystusa, Syna Bo\u017cego, kt\u00f3ry sta\u0142 si\u0119 cz\u0142owiekiem, oraz w Ducha \u015awi\u0119tego. Wiara jest zatem, <strong>\u017cywa relacja z Bogiem<\/strong>.<\/p>\n\n\n\n<p class=\"wp-block-paragraph\">Nie chodzi tu wy\u0142\u0105cznie o poznanie szeregu prawd religijnych, lecz o poznanie Osoby i pozwolenie, by to spotkanie przemieni\u0142o nasz spos\u00f3b my\u015blenia, podejmowania decyzji i \u017cycia.<\/p>\n\n\n\n<h3 id=\"la-fe-es-un-don-de-dios\" class=\"wp-block-heading\">Czy wiara jest darem od Boga?<\/h3>\n\n\n\n<p class=\"wp-block-paragraph\">Ko\u015bci\u00f3\u0142 naucza, \u017ce <strong>wiara jest darem od Boga<\/strong>, \u0142aska, kt\u00f3r\u0105 On ofiarowuje cz\u0142owiekowi. Nie oznacza to jednak, \u017ce wierzymy automatycznie ani \u017ce tracimy nasz\u0105 wolno\u015b\u0107.<\/p>\n\n\n\n<p class=\"wp-block-paragraph\">Katechizm wyja\u015bnia, \u017ce aby wierzy\u0107, potrzebujemy \u0142aski Bo\u017cej i wewn\u0119trznego dzia\u0142ania Ducha \u015awi\u0119tego, ale r\u00f3wnie\u017c, \u017ce wiara jest aktem prawdziwie ludzkim. Rozum i wola wsp\u00f3\u0142pracuj\u0105 z \u0142ask\u0105.<\/p>\n\n\n\n<p class=\"wp-block-paragraph\">Mo\u017cna by powiedzie\u0107, \u017ce B\u00f3g czyni pierwszy krok, ale oczekuje naszej odpowiedzi. Dlatego wiary nie da si\u0119 narzuci\u0107. Jest to dobrowolna odpowied\u017a na zaproszenie. B\u00f3g wychodzi na spotkanie cz\u0142owiekowi i przemawia do niego; cz\u0142owiek mo\u017ce s\u0142ucha\u0107, szuka\u0107, pyta\u0107, przyj\u0105\u0107 to wezwanie i na nie odpowiedzie\u0107.<\/p>\n\n\n\n<figure class=\"wp-block-image size-full\"><img decoding=\"async\" width=\"1000\" height=\"667\" src=\"https:\/\/fundacioncarf.org\/wp-content\/uploads\/2026\/09\/vivir-la-fe-catolica.webp\" alt=\"Vivir la fe cat\u00f3lica\" class=\"wp-image-233030\" style=\"aspect-ratio:1.4992888417882142\" srcset=\"https:\/\/fundacioncarf.org\/wp-content\/uploads\/2026\/09\/vivir-la-fe-catolica.webp 1000w, https:\/\/fundacioncarf.org\/wp-content\/uploads\/2026\/09\/vivir-la-fe-catolica-300x200.webp 300w, https:\/\/fundacioncarf.org\/wp-content\/uploads\/2026\/09\/vivir-la-fe-catolica-150x100.webp 150w, https:\/\/fundacioncarf.org\/wp-content\/uploads\/2026\/09\/vivir-la-fe-catolica-768x512.webp 768w, https:\/\/fundacioncarf.org\/wp-content\/uploads\/2026\/09\/vivir-la-fe-catolica-18x12.webp 18w\" sizes=\"(max-width: 1000px) 100vw, 1000px\" \/><\/figure>\n\n\n\n<h3 id=\"fe-y-razon-son-compatibles\" class=\"wp-block-heading\">Wiara i rozum: czy s\u0105 ze sob\u0105 zgodne?<\/h3>\n\n\n\n<p class=\"wp-block-paragraph\">Jedno z najcz\u0119\u015bciej zadawanych pyta\u0144 brzmi w\u0142a\u015bnie tak: <strong>Czy mo\u017cna wierzy\u0107 w Boga i jednocze\u015bnie by\u0107 osob\u0105 racjonaln\u0105?<\/strong><\/p>\n\n\n\n<p class=\"wp-block-paragraph\">Odpowied\u017a Ko\u015bcio\u0142a brzmi: tak. Wiara i rozum nie s\u0105 sobie wrogie. Zajmuj\u0105 si\u0119 one r\u00f3\u017cnymi wymiarami rzeczywisto\u015bci, ale obie wsp\u00f3\u0142dzia\u0142aj\u0105 w poszukiwaniu prawdy.<\/p>\n\n\n\n<p class=\"wp-block-paragraph\">Wiara nie wymaga akceptacji czego\u015b jako prawdy tylko dlatego, \u017ce nie jeste\u015bmy w stanie tego poj\u0105\u0107. Nie oznacza to r\u00f3wnie\u017c rezygnacji z rozumu. Katechizm stwierdza, \u017ce zgoda wiary nie jest \u015blepym aktem oraz \u017ce istniej\u0105 podstawy wiarygodno\u015bci, kt\u00f3re pomagaj\u0105 wykaza\u0107, i\u017c wiara nie jest irracjonalna.<\/p>\n\n\n\n<p class=\"wp-block-paragraph\">Rozum mo\u017ce sk\u0142oni\u0107 nas do rozwa\u017cania kwestii istnienia Boga oraz do odkrycia, \u017ce rzeczywisto\u015b\u0107 nie ogranicza si\u0119 do tego, co mo\u017cemy bezpo\u015brednio zmierzy\u0107 lub do\u015bwiadczy\u0107. Wiara natomiast pozwala nam przyj\u0105\u0107 prawd\u0119, kt\u00f3r\u0105 objawia sam B\u00f3g i kt\u00f3ra wykracza poza to, do czego ludzki rozum m\u00f3g\u0142by dotrze\u0107 w\u0142asnymi si\u0142ami.<\/p>\n\n\n\n<p class=\"wp-block-paragraph\">Dlatego w\u0142a\u015bnie, <strong>wiara i rozum wzajemnie si\u0119 uzupe\u0142niaj\u0105 i wzbogacaj\u0105<\/strong>. Badania naukowe, o ile s\u0105 prowadzone w spos\u00f3b w\u0142a\u015bciwy, r\u00f3wnie\u017c nie musz\u0105 sta\u0107 w sprzeczno\u015bci z wiar\u0105. Nauka bada rzeczywisto\u015b\u0107 przyrodnicz\u0105 za pomoc\u0105 w\u0142asnych metod; wiara natomiast otwiera umys\u0142 na pytania dotycz\u0105ce jej ostatecznego sensu oraz tajemnicy Boga.<\/p>\n\n\n\n<p class=\"wp-block-paragraph\"><strong>Wiara nie oznacza wierzenia w byle co<\/strong><\/p>\n\n\n\n<p class=\"wp-block-paragraph\">Czasami u\u017cywamy s\u0142owa \u00abwiara\u00bb, aby po prostu odnie\u015b\u0107 si\u0119 do zaufania do czego\u015b lub kogo\u015b. Jednak wiara chrze\u015bcija\u0144ska ma konkretn\u0105 tre\u015b\u0107. Nie to samo jest powiedzie\u0107 \u00abwierz\u0119, \u017ce wszystko si\u0119 dobrze u\u0142o\u017cy\u00bb, co stwierdzi\u0107 \u00abwierz\u0119 w Boga\u00bb.<\/p>\n\n\n\n<p class=\"wp-block-paragraph\">W pierwszym przypadku wyra\u017camy osobist\u0105 nadziej\u0119 lub zaufanie. W drugim przypadku m\u00f3wimy o przywi\u0105zaniu do Boga i do Objawienia, kt\u00f3re On nam przekaza\u0142.<\/p>\n\n\n\n<p class=\"wp-block-paragraph\">Ostatecznym uzasadnieniem wiary chrze\u015bcija\u0144skiej nie jest to, \u017ce wszystkie objawione prawdy mo\u017cna udowodni\u0107 za pomoc\u0105 naszego rozumu naturalnego, lecz zaufanie do <strong>B\u00f3g, kt\u00f3ry objawia si\u0119 i kt\u00f3ry nie mo\u017ce si\u0119 oszuka\u0107 ani nas oszuka\u0107<\/strong>.<\/p>\n\n\n\n<p class=\"wp-block-paragraph\"><strong>Jak wiara przejawia si\u0119 w \u017cyciu cz\u0142owieka?<\/strong><\/p>\n\n\n\n<p class=\"wp-block-paragraph\">Wiara zaczyna si\u0119 jako odpowied\u017a, ale potem staje si\u0119 drog\u0105. Wiara stopniowo zmienia spos\u00f3b postrzegania rzeczywisto\u015bci.<\/p>\n\n\n\n<p class=\"wp-block-paragraph\">Osoba \u017cyj\u0105ca w wierze mo\u017ce nadal boryka\u0107 si\u0119 z problemami, w\u0105tpliwo\u015bciami, cierpieniami i chwilami ciemno\u015bci. R\u00f3\u017cnica polega na tym, \u017ce stara si\u0119 prze\u017cywa\u0107 je w duchu nowej ufno\u015bci: <strong>nie jest sama, a jej \u017cycie ma sens wykraczaj\u0105cy poza bie\u017c\u0105ce okoliczno\u015bci<\/strong>.<\/p>\n\n\n\n<p class=\"wp-block-paragraph\">Wiara pomaga spojrze\u0107 z innej perspektywy na prac\u0119, rodzin\u0119, relacje mi\u0119dzyludzkie, cierpienie, decyzje, a tak\u017ce na chwile rado\u015bci. Nie eliminuje ona trudno\u015bci, ale mo\u017ce zmieni\u0107 spos\u00f3b, w jaki si\u0119 z nimi zmagamy. Dlatego wiara chrze\u015bcija\u0144ska to nie tylko kwestia my\u015blenia. <strong>To co\u015b, czego si\u0119 do\u015bwiadcza.<\/strong><\/p>\n\n\n\n<h4 class=\"wp-block-heading\">W jaki spos\u00f3b mo\u017cna umocni\u0107 wiar\u0119?<\/h4>\n\n\n\n<p class=\"wp-block-paragraph\">Wiara jest darem, ale nale\u017cy j\u0105 r\u00f3wnie\u017c przyj\u0105\u0107, piel\u0119gnowa\u0107 i wzmacnia\u0107. Podobnie jak w przypadku ka\u017cdej relacji mi\u0119dzyludzkiej, przyja\u017a\u0144 z Bogiem rozwija si\u0119, gdy po\u015bwi\u0119ca si\u0119 jej czas.<\/p>\n\n\n\n<p class=\"wp-block-paragraph\"><strong>1. Poprzez modlitw\u0119<\/strong><\/p>\n\n\n\n<p class=\"wp-block-paragraph\"><strong>Modlitwa to dialog z Bogiem.<\/strong> Nie trzeba zaczyna\u0107 od wielkich przem\u00f3wie\u0144. Czasami wystarczy po prostu porozmawia\u0107 z Nim w prosty spos\u00f3b: podzi\u0119kowa\u0107 Mu, poprosi\u0107 o pomoc, zwierzy\u0107 si\u0119 Mu z naszych trosk lub sp\u0119dzi\u0107 kilka minut w ciszy w Jego obecno\u015bci.<\/p>\n\n\n\n<p class=\"wp-block-paragraph\"><strong>2. Z Pismem \u015awi\u0119tym<\/strong><\/p>\n\n\n\n<p class=\"wp-block-paragraph\">Biblia zajmuje zasadnicze miejsce w \u017cyciu wierz\u0105cego, poniewa\u017c pozwala pozna\u0107 histori\u0119 zbawienia, a przede wszystkim Jezusa Chrystusa.<\/p>\n\n\n\n<p class=\"wp-block-paragraph\">W lutym 2026 roku Leon XIV po\u015bwi\u0119ci\u0142 jedn\u0105 ze swoich katechez Konstytucji <em>Dei Verbum<\/em> i przypomnia\u0142 o g\u0142\u0119bokim zwi\u0105zku mi\u0119dzy S\u0142owem Bo\u017cym, Ko\u015bcio\u0142em i wiar\u0105. Zwr\u00f3ci\u0142 uwag\u0119, \u017ce Pismo \u015awi\u0119te ma swoje w\u0142a\u015bciwe miejsce we wsp\u00f3lnocie chrze\u015bcija\u0144skiej oraz \u017ce jego czytanie prowadzi do spotkania z Chrystusem i dialogu z Bogiem.<\/p>\n\n\n\n<p class=\"wp-block-paragraph\">Czytanie Ewangelii, rozwa\u017canie jej tre\u015bci oraz zastanawianie si\u0119 nad tym, co ma nam ona do przekazania dzisiaj, mo\u017ce w ten spos\u00f3b sta\u0107 si\u0119 prawdziw\u0105 szko\u0142\u0105 wiary.<\/p>\n\n\n\n<p class=\"wp-block-paragraph\"><strong>3. Poprzez sakramenty<\/strong><\/p>\n\n\n\n<p class=\"wp-block-paragraph\">Wiara nie ogranicza si\u0119 wy\u0142\u0105cznie do wn\u0119trza ka\u017cdego cz\u0142owieka. <strong>Sakramenty pomagaj\u0105 nam spotka\u0107 si\u0119 z Chrystusem i pog\u0142\u0119bia\u0107 nasz\u0105 relacj\u0119 z Nim.<\/strong><\/p>\n\n\n\n<p class=\"wp-block-paragraph\">W nich B\u00f3g towarzyszy nam na r\u00f3\u017cnych etapach naszego \u017cycia chrze\u015bcija\u0144skiego. <a href=\"https:\/\/fundacioncarf.org\/bautizar-ninos-pequenos-esperar-o-no\/\" data-type=\"link\" data-id=\"https:\/\/fundacioncarf.org\/bautizar-ninos-pequenos-esperar-o-no\/\" target=\"_blank\" rel=\"noreferrer noopener\">Chrzest<\/a> w\u0142\u0105cza nas do Ko\u015bcio\u0142a, a w Eucharystii przyjmujemy Chrystusa i w szczeg\u00f3lny spos\u00f3b jednoczymy si\u0119 z Nim. Dlatego te\u017c, <strong>Uczestnictwo w sakramentach jest r\u00f3wnie\u017c sposobem na piel\u0119gnowanie i umacnianie naszej wiary<\/strong>.<\/p>\n\n\n\n<figure class=\"wp-block-image size-full\"><img decoding=\"async\" width=\"1000\" height=\"667\" src=\"https:\/\/fundacioncarf.org\/wp-content\/uploads\/2026\/09\/comunion-fe-catolica.webp\" alt=\"Comuni\u00f3n\" class=\"wp-image-233029\" style=\"aspect-ratio:1.4992888417882142\" srcset=\"https:\/\/fundacioncarf.org\/wp-content\/uploads\/2026\/09\/comunion-fe-catolica.webp 1000w, https:\/\/fundacioncarf.org\/wp-content\/uploads\/2026\/09\/comunion-fe-catolica-300x200.webp 300w, https:\/\/fundacioncarf.org\/wp-content\/uploads\/2026\/09\/comunion-fe-catolica-150x100.webp 150w, https:\/\/fundacioncarf.org\/wp-content\/uploads\/2026\/09\/comunion-fe-catolica-768x512.webp 768w, https:\/\/fundacioncarf.org\/wp-content\/uploads\/2026\/09\/comunion-fe-catolica-18x12.webp 18w\" sizes=\"(max-width: 1000px) 100vw, 1000px\" \/><\/figure>\n\n\n\n<p class=\"wp-block-paragraph\"><strong>4. Wraz ze wsp\u00f3lnot\u0105 chrze\u015bcija\u0144sk\u0105<\/strong><\/p>\n\n\n\n<p class=\"wp-block-paragraph\">Wiara nie jest r\u00f3wnie\u017c przeznaczona do prze\u017cywania w samotno\u015bci. Ko\u015bci\u00f3\u0142 jest wsp\u00f3lnot\u0105 wierz\u0105cych, kt\u00f3rzy pod\u0105\u017caj\u0105 razem, pomagaj\u0105 sobie nawzajem, modl\u0105 si\u0119 za siebie i dziel\u0105 misj\u0119 g\u0142oszenia Ewangelii.<\/p>\n\n\n\n<p class=\"wp-block-paragraph\">Wsp\u00f3lnota chrze\u015bcija\u0144ska s\u0142u\u017cy nam r\u00f3wnie\u017c pomoc\u0105, gdy nasza w\u0142asna wiara s\u0142abnie. S\u0105 chwile, w kt\u00f3rych potrzebujemy oparcia w wierze innych os\u00f3b.<\/p>\n\n\n\n<p class=\"wp-block-paragraph\"><strong>5. Z mi\u0142o\u015bci\u0105<\/strong><\/p>\n\n\n\n<p class=\"wp-block-paragraph\">Wiara w Boga oznacza r\u00f3wnie\u017c nauk\u0119 postrzegania bli\u017aniego w inny spos\u00f3b, zw\u0142aszcza tego, kto cierpi lub potrzebuje pomocy.<\/p>\n\n\n\n<p class=\"wp-block-paragraph\">Wiara i mi\u0142o\u015b\u0107 bli\u017aniego nie s\u0105 dwiema odr\u0119bnymi drogami. Spotkanie z Bogiem przemienia nasze relacje z innymi i sk\u0142ania nas do s\u0142u\u017cby.<\/p>\n\n\n\n<p class=\"wp-block-paragraph\"><strong>Wiara w zmieniaj\u0105cym si\u0119 \u015bwiecie<\/strong><\/p>\n\n\n\n<p class=\"wp-block-paragraph\">W 2026 roku \u017cyjemy w otoczeniu osi\u0105gni\u0119\u0107 naukowych i technologicznych, kt\u00f3re zmieniaj\u0105 spos\u00f3b, w jaki pracujemy, komunikujemy si\u0119, a nawet postrzegamy samych siebie.<\/p>\n\n\n\n<p class=\"wp-block-paragraph\">W swojej encyklice <em>Magnifica Humanitas<\/em>, opublikowanej 15 maja 2026 r., Leon XIV rozwa\u017ca w\u0142a\u015bnie kwesti\u0119 osoby ludzkiej w erze sztucznej inteligencji i przypomina, \u017ce prawdziwa pe\u0142nia istnienia cz\u0142owieka nie polega na przekraczaniu w\u0142asnych ogranicze\u0144 za pomoc\u0105 technologii, lecz na otwarciu si\u0119 na \u0142ask\u0119 Bo\u017c\u0105 i wzrastaniu w mi\u0142o\u015bci.<\/p>\n\n\n\n<p class=\"wp-block-paragraph\">Podej\u015bcie to wi\u0105\u017ce si\u0119 z istotn\u0105 kwesti\u0105 wiary: <strong>Co naprawd\u0119 sprawia, \u017ce cz\u0142owiek jest szcz\u0119\u015bliwy?<\/strong><\/p>\n\n\n\n<p class=\"wp-block-paragraph\">Mo\u017cemy dysponowa\u0107 wi\u0119ksz\u0105 ilo\u015bci\u0105 informacji, zaawansowan\u0105 technologi\u0105 i szerszymi mo\u017cliwo\u015bciami ni\u017c kiedykolwiek wcze\u015bniej, a mimo to wci\u0105\u017c zadajemy sobie te same fundamentalne pytania. Kim jestem? Po co \u017cyj\u0119? Komu mog\u0119 powierzy\u0107 swoje \u017cycie? Gdzie le\u017cy prawdziwe szcz\u0119\u015bcie?<\/p>\n\n\n\n<h2 id=\"la-fe-se-convierte-en-una-forma-de-vivir\" class=\"wp-block-heading\">Wiara staje si\u0119 sposobem na \u017cycie<\/h2>\n\n\n\n<p class=\"wp-block-paragraph\">Leon XIV przypomnia\u0142 <a href=\"https:\/\/www.vatican.va\/content\/leo-xiv\/es\/apost_letters\/documents\/20251123-in-unitate-fidei.html\" data-type=\"link\" data-id=\"https:\/\/www.vatican.va\/content\/leo-xiv\/es\/apost_letters\/documents\/20251123-in-unitate-fidei.html\" target=\"_blank\" rel=\"noreferrer noopener\">w swoim li\u015bcie apostolskim <em>W jedno\u015bci wiary<\/em><\/a>, opublikowana z okazji 1700. rocznicy Soboru Nicejskiego, \u017ce wyznanie wiary nie mo\u017ce ogranicza\u0107 si\u0119 wy\u0142\u0105cznie do s\u0142\u00f3w. Jak podkre\u015bla Papie\u017c, <strong>\u00abTo, co wypowiadamy ustami, powinno p\u0142yn\u0105\u0107 z serca, tak aby znalaz\u0142o odzwierciedlenie w naszym \u017cyciu\u00bb<\/strong>. Dlatego zach\u0119ca nas do zastanowienia si\u0119, czy rzeczywi\u015bcie rozumiemy i \u017cyjemy zgodnie z tym, co wyznajemy w ka\u017cd\u0105 niedziel\u0119 w Credo.<\/p>\n\n\n\n<p class=\"wp-block-paragraph\">Jest to by\u0107 mo\u017ce jeden z najlepszych sposob\u00f3w na zrozumienie, na czym polega wiara: <strong>Wiara nie ogranicza si\u0119 do tego, w co wierzymy: zmienia ona nasz spos\u00f3b \u017cycia.<\/strong><\/p>\n\n\n\n<p class=\"wp-block-paragraph\" id=\"la-fe-una-respuesta-a-la-llamada-de-dios\"><strong>Wiara: odpowied\u017a na Bo\u017ce wezwanie<\/strong><\/p>\n\n\n\n<p class=\"wp-block-paragraph\">B\u00f3g wychodzi nam na spotkanie, objawia si\u0119 i zaprasza nas do nawi\u0105zania relacji z Nim. Oczekuje jednak na dobrowoln\u0105 odpowied\u017a. Dlatego pytanie \u00abjak dzia\u0142a wiara?\u00bb mo\u017ce ostatecznie doprowadzi\u0107 nas do znacznie bardziej osobistego pytania: <strong>Co mam zrobi\u0107 z zaproszeniem, kt\u00f3re kieruje do mnie B\u00f3g?<\/strong><\/p>\n\n\n\n<p class=\"wp-block-paragraph\">Odpowied\u017a ka\u017cdej osoby jest wyj\u0105tkowa. Dla niekt\u00f3rych wszystko zaczyna si\u0119 od pytania. Dla innych \u2013 od trudno\u015bci. Dla jeszcze innych \u2013 od czyjego\u015b \u015bwiadectwa, lektury, rozmowy lub chwili modlitwy.<\/p>\n\n\n\n<p class=\"wp-block-paragraph\">Droga zawsze mo\u017ce si\u0119 rozpocz\u0105\u0107. Wiara nie polega bowiem na tym, by zna\u0107 wszystkie odpowiedzi przed podj\u0119ciem pierwszego kroku. Polega ona na <strong>odwa\u017cy\u0107 si\u0119 szuka\u0107 Boga, zaufa\u0107 Mu i pozwoli\u0107, by to zaufanie przemieni\u0142o nasze \u017cycie<\/strong>.<\/p>\n\n\n\n<hr class=\"wp-block-separator has-alpha-channel-opacity\"\/>\n\n\n\n<p class=\"wp-block-paragraph\">Oryginalny artyku\u0142 z <strong>Francisco Varo Pineda<\/strong>, Uniwersytet w Navarze, Wydzia\u0142 Teologii.<\/p>\n\n\n\n<hr class=\"wp-block-separator has-alpha-channel-opacity\"\/>\n\n\n\n<div class=\"wp-block-rank-math-toc-block\" id=\"rank-math-toc\"><h2>Spis tre\u015bci<\/h2><nav><ul><li><a href=\"#que-es-la-fe\">Czym jest wiara?<\/a><\/li><li><a href=\"#la-fe-es-un-don-de-dios\">Czy wiara jest darem od Boga?<\/a><\/li><li><a href=\"#fe-y-razon-son-compatibles\">Wiara i rozum: czy s\u0105 ze sob\u0105 zgodne?<\/a><\/li><\/ul><\/nav><\/div>\n\n\n\n<hr class=\"wp-block-separator has-alpha-channel-opacity\"\/>","protected":false},"excerpt":{"rendered":"<p>Czy wiara w Boga jest uzasadniona? Czy wiara i rozum s\u0105 ze sob\u0105 zgodne? Czy wiara jest uczuciem, decyzj\u0105 czy darem od Boga? Wiara chrze\u015bcija\u0144ska nie polega na bezrefleksyjnym wierzeniu, lecz na dobrowolnej odpowiedzi na Boga, kt\u00f3ry wychodzi nam naprzeciw. Odkrywamy, czym jest wiara, jak ona funkcjonuje oraz w jaki spos\u00f3b mo\u017cemy j\u0105 prze\u017cywa\u0107 i umacnia\u0107 ka\u017cdego dnia.<\/p>","protected":false},"author":4,"featured_media":233025,"comment_status":"open","ping_status":"closed","sticky":false,"template":"","format":"standard","meta":{"_acf_changed":false,"footnotes":""},"categories":[13],"tags":[196,197,452,7,8,6],"class_list":["post-183259","post","type-post","status-publish","format-standard","has-post-thumbnail","hentry","category-blog","tag-dios","tag-fe","tag-fe-catolica","tag-oracion","tag-sacramentos","tag-vida-cristiana"],"acf":[],"_links":{"self":[{"href":"https:\/\/fundacioncarf.org\/pl\/wp-json\/wp\/v2\/posts\/183259","targetHints":{"allow":["GET"]}}],"collection":[{"href":"https:\/\/fundacioncarf.org\/pl\/wp-json\/wp\/v2\/posts"}],"about":[{"href":"https:\/\/fundacioncarf.org\/pl\/wp-json\/wp\/v2\/types\/post"}],"author":[{"embeddable":true,"href":"https:\/\/fundacioncarf.org\/pl\/wp-json\/wp\/v2\/users\/4"}],"replies":[{"embeddable":true,"href":"https:\/\/fundacioncarf.org\/pl\/wp-json\/wp\/v2\/comments?post=183259"}],"version-history":[{"count":7,"href":"https:\/\/fundacioncarf.org\/pl\/wp-json\/wp\/v2\/posts\/183259\/revisions"}],"predecessor-version":[{"id":233705,"href":"https:\/\/fundacioncarf.org\/pl\/wp-json\/wp\/v2\/posts\/183259\/revisions\/233705"}],"wp:featuredmedia":[{"embeddable":true,"href":"https:\/\/fundacioncarf.org\/pl\/wp-json\/wp\/v2\/media\/233025"}],"wp:attachment":[{"href":"https:\/\/fundacioncarf.org\/pl\/wp-json\/wp\/v2\/media?parent=183259"}],"wp:term":[{"taxonomy":"category","embeddable":true,"href":"https:\/\/fundacioncarf.org\/pl\/wp-json\/wp\/v2\/categories?post=183259"},{"taxonomy":"post_tag","embeddable":true,"href":"https:\/\/fundacioncarf.org\/pl\/wp-json\/wp\/v2\/tags?post=183259"}],"curies":[{"name":"wp","href":"https:\/\/api.w.org\/{rel}","templated":true}]}}