{"id":183032,"date":"2021-01-07T08:00:00","date_gmt":"2021-01-07T07:00:00","guid":{"rendered":"https:\/\/staging.fundacioncarf.org\/los-planes-de-los-cremades-la-audacia-de-los-imposibles\/"},"modified":"2026-01-12T12:37:40","modified_gmt":"2026-01-12T11:37:40","slug":"los-planes-de-los-cremades-libro","status":"publish","type":"post","link":"https:\/\/fundacioncarf.org\/pl\/los-planes-de-los-cremades-libro\/","title":{"rendered":"Plany Cremad\u00f3w: Zuchwa\u0142o\u015b\u0107 niemo\u017cliwego"},"content":{"rendered":"<p><mark class=\"rank-math-highlight\" style=\"background-color: #fee894\">Historia rodziny Cremades\u00f3w, a w szczeg\u00f3lno\u015bci posta\u0107 Don Javiera Cremadesa Sanza-Pastora (Saragossa, 27 stycznia 1946 r. - Madryt, 7 stycznia 2021 r.), stanowi wyj\u0105tkowe \u015bwiadectwo odwa\u017cnej wiary i synowskiego zaufania Bogu.<\/mark> Pa\u0144ska ksi\u0105\u017cka <em><a href=\"https:\/\/www.amazon.es\/Los-planes-los-Cremades-Josemar%C3%ADa-ebook\/dp\/B086HP2CZK\" data-type=\"link\" data-id=\"https:\/\/www.amazon.es\/Los-planes-los-Cremades-Josemar%C3%ADa-ebook\/dp\/B086HP2CZK\" target=\"_blank\" rel=\"noopener\">Plany Cremad\u00f3w<\/a><\/em> to g\u0142\u0119boko ludzkie dzie\u0142o, w kt\u00f3rym \u0142\u0105cz\u0105 si\u0119 rodzinne wspomnienia i anegdoty pe\u0142ne duchowego znaczenia. <mark class=\"rank-math-highlight\" style=\"background-color: #fee894\">Odzwierciedla r\u00f3wnie\u017c konkretne do\u015bwiadczenie matki, kt\u00f3ra wiedzia\u0142a, jak przekaza\u0107 swoim dzieciom odwag\u0119 do odwa\u017cnego \u017cycia wiar\u0105.<\/mark><\/p>\n\n\n\n<p>Dzie\u0142o to pozwala nam odkry\u0107, jak za ka\u017cdym codziennym gestem mo\u017ce kry\u0107 si\u0119 lekcja dla kap\u0142a\u0144skiego \u017cycia i po\u015bwi\u0119cenia si\u0119 kap\u0142a\u0144stwu. <a href=\"https:\/\/fundacioncarf.org\/servir-a-la-iglesia\/\" data-type=\"link\" data-id=\"https:\/\/fundacioncarf.org\/servir-a-la-iglesia\/\">Nabo\u017ce\u0144stwo w ko\u015bciele<\/a>.<\/p>\n\n\n\n<h2 class=\"wp-block-heading\" id=\"una-familia-marcada-por-la-confianza-en-dios\">Rodzina naznaczona zaufaniem do Boga<\/h2>\n\n\n\n<p>Matka Don Javiera, Do\u00f1a Pilar, pojawia si\u0119 w ksi\u0105\u017cce jako kluczowa posta\u0107. <mark class=\"rank-math-highlight\" style=\"background-color: #fee894\">Kobieta o silnym charakterze i g\u0142\u0119bokim oddaniu, wychowa\u0142a swoje dzieci w \u015brodowisku, w kt\u00f3rym zaufanie do Boga nie by\u0142o abstrakcyjne, ale realne.<\/mark> Jeden z najbardziej znacz\u0105cych epizod\u00f3w mia\u0142 miejsce w 1958 roku, kiedy zobaczy\u0142 samoch\u00f3d <a href=\"https:\/\/fundacioncarf.org\/san-josemaria-escriva-de-balaguer\/\" data-type=\"link\" data-id=\"https:\/\/fundacioncarf.org\/san-josemaria-escriva-de-balaguer\/\">\u015awi\u0119ty Josemar\u00eda Escriv\u00e1<\/a> przez ulice Saragossy. Bez wahania zdecydowa\u0142a si\u0119 p\u00f3j\u015b\u0107 za nim, przekonana, \u017ce powinna poprosi\u0107 go o b\u0142ogos\u0142awie\u0144stwo dla niej i jej dzieci.<\/p>\n\n\n\n<p><mark class=\"rank-math-highlight\" style=\"background-color: #fee894\">Ta scena, opisana przez Don Javiera z humorem i zdumieniem, jest przyk\u0142adem tego, jak \u015bmia\u0142o\u015b\u0107 mo\u017ce zrodzi\u0107 si\u0119 z najprostszej wiary:<\/mark> <mark class=\"rank-math-highlight\" style=\"background-color: #fee894\">Wiara pe\u0142na czu\u0142o\u015bci i duchowej intuicji matki.<\/mark><\/p>\n\n\n\n<figure class=\"wp-block-image size-full\"><img decoding=\"async\" width=\"600\" height=\"672\" src=\"https:\/\/fundacioncarf.org\/wp-content\/uploads\/2023\/05\/familia-cremades-con-san-jose-maria-escriva-de-balaguer-1.jpg\" alt=\"La familia Cremades con san Josemar\u00eda Escriv\u00e1 de Balaguer\" class=\"wp-image-183555\" srcset=\"https:\/\/fundacioncarf.org\/wp-content\/uploads\/2023\/05\/familia-cremades-con-san-jose-maria-escriva-de-balaguer-1.jpg 600w, https:\/\/fundacioncarf.org\/wp-content\/uploads\/2023\/05\/familia-cremades-con-san-jose-maria-escriva-de-balaguer-1-268x300.jpg 268w\" sizes=\"(max-width: 600px) 100vw, 600px\" \/><\/figure>\n\n\n\n<h3 class=\"wp-block-heading\" id=\"la-bendicion-de-san-josemaria-un-gesto-que-marco-a-toda-la-familia\">B\u0142ogos\u0142awie\u0144stwo \u015bwi\u0119tego Josemarii: gest, kt\u00f3ry naznaczy\u0142 ca\u0142\u0105 rodzin\u0119<\/h3>\n\n\n\n<p>Ten epizod, wielokrotnie opowiadany przez rodzin\u0119, podsumowuje istot\u0119 \u201cplan\u00f3w\u201d, kt\u00f3re nadaj\u0105 ksi\u0105\u017cce tytu\u0142. <mark class=\"rank-math-highlight\" style=\"background-color: #fee894\">Dla Cremad\u00f3w zaufanie Bogu oznacza\u0142o zdecydowane dzia\u0142anie i przecieranie szlak\u00f3w.<\/mark> <mark class=\"rank-math-highlight\" style=\"background-color: #fee894\">Chodzi\u0142o o pr\u00f3b\u0119 tego, co wydawa\u0142o si\u0119 trudne i za\u0142o\u017cenie, \u017ce Opatrzno\u015b\u0107 objawia si\u0119 r\u00f3wnie\u017c poprzez ma\u0142e gesty.<\/mark><\/p>\n\n\n\n<p><mark class=\"rank-math-highlight\" style=\"background-color: #fee894\">Postawa Do\u00f1y Pilar wywar\u0142a g\u0142\u0119boki wp\u0142yw na jej dzieci, zw\u0142aszcza na Javiera, kt\u00f3ry odkry\u0142, \u017ce mi\u0142o\u015b\u0107 do Boga wyra\u017ca si\u0119 w konkretnych inicjatywach i zdolno\u015bci do zanurzenia si\u0119 bez strachu.<\/mark> <mark class=\"rank-math-highlight\" style=\"background-color: #fee894\">W ten spos\u00f3b ukszta\u0142towa\u0142a si\u0119 jedna z charakterystycznych cech jego kap\u0142a\u0144skiego \u017cycia.<\/mark><\/p>\n\n\n\n<figure class=\"wp-block-image size-full\"><img decoding=\"async\" width=\"600\" height=\"767\" src=\"https:\/\/fundacioncarf.org\/wp-content\/uploads\/2021\/01\/opus-dei-javier-cremades-sanz-pastor.jpg\" alt=\"Sacerdote mayor con gafas y alzacuellos, mirando a c\u00e1mara con expresi\u00f3n serena.\" class=\"wp-image-175023\" srcset=\"https:\/\/fundacioncarf.org\/wp-content\/uploads\/2021\/01\/opus-dei-javier-cremades-sanz-pastor.jpg 600w, https:\/\/fundacioncarf.org\/wp-content\/uploads\/2021\/01\/opus-dei-javier-cremades-sanz-pastor-235x300.jpg 235w\" sizes=\"(max-width: 600px) 100vw, 600px\" \/><figcaption class=\"wp-element-caption\">Portret Don Javiera Cremadesa, kt\u00f3ry przekazuje blisko\u015b\u0107 i spok\u00f3j w swojej pracy duszpasterskiej.<\/figcaption><\/figure>\n\n\n\n<h2 class=\"wp-block-heading\" id=\"un-estilo-sacerdotal-alegre-y-profundamente-humano\">Radosny i g\u0142\u0119boko ludzki styl kap\u0142a\u0144ski<\/h2>\n\n\n\n<p>Na kartach ksi\u0105\u017cki znajd\u0105 Pa\u0144stwo szereg historii, kt\u00f3re ukazuj\u0105 radosn\u0105, przyjazn\u0105 i g\u0142\u0119boko uduchowion\u0105 osobowo\u015b\u0107 Don Javiera. Jego bezpo\u015bredni styl i umiej\u0119tno\u015b\u0107 opowiadania anegdot z humorem ujawniaj\u0105 spos\u00f3b prze\u017cywania wiary, kt\u00f3ry nie oddziela sacrum od codzienno\u015bci.<\/p>\n\n\n\n<p>Od lat m\u0142odzie\u0144czych po prac\u0119 duszpastersk\u0105, pojawia si\u0119 jako <a href=\"https:\/\/fundacioncarf.org\/sacerdocio\/que-es-un-sacerdote\/\" data-type=\"link\" data-id=\"https:\/\/fundacioncarf.org\/sacerdocio\/que-es-un-sacerdote\/\">ksi\u0105dz<\/a> kt\u00f3ry rozumia\u0142 pos\u0142ug\u0119 jako nieustann\u0105 s\u0142u\u017cb\u0119. <mark class=\"rank-math-highlight\" style=\"background-color: #fee894\">Jest to nie tylko kwestia przekazywania doktryny, ale tak\u017ce towarzyszenia ludziom z cierpliwo\u015bci\u0105 i pocieszania ich z \u0142agodno\u015bci\u0105.<\/mark><\/p>\n\n\n\n<p><mark class=\"rank-math-highlight\" style=\"background-color: #fee894\">Wiele epizod\u00f3w w ksi\u0105\u017cce pokazuje, jak Don Javier radzi\u0142 sobie z niepowodzeniami i niespodziankami.<\/mark> <mark class=\"rank-math-highlight\" style=\"background-color: #fee894\">Przekszta\u0142ci\u0142 te sytuacje w okazje do realizacji.<\/mark> <mark class=\"rank-math-highlight\" style=\"background-color: #fee894\">Jego matka nauczy\u0142a go, \u017ce nic nie jest poza Bo\u017cym planem, a on zastosowa\u0142 to przekonanie w swojej s\u0142u\u017cbie.<\/mark><\/p>\n\n\n\n<p>\u015amia\u0142o\u015b\u0107, kt\u00f3rej nauczy\u0142 si\u0119 w domu, sta\u0142a si\u0119 stylem duszpasterskim: <mark class=\"rank-math-highlight\" style=\"background-color: #fee894\">nie ba\u0107 si\u0119 wyzwa\u0144 i przekazywa\u0107 pewno\u015b\u0107 siebie innym.<\/mark> <mark class=\"rank-math-highlight\" style=\"background-color: #fee894\">Dlatego podtytu\u0142 ksi\u0105\u017cki, \u201c\u015bmia\u0142o\u015b\u0107 niemo\u017cliwego\u201d, opisuje konkretny spos\u00f3b prze\u017cywania wiary.<\/mark><\/p>\n\n\n\n<p><mark class=\"rank-math-highlight\" style=\"background-color: #fee894\">Znaczenie, jakie Don Javier przywi\u0105zywa\u0142 do przyja\u017ani, mo\u017cna zobaczy\u0107 na jego stronach.<\/mark> <mark class=\"rank-math-highlight\" style=\"background-color: #fee894\">Rozumia\u0142 prac\u0119 kap\u0142a\u0144sk\u0105 jako osobiste towarzyszenie.<\/mark> <mark class=\"rank-math-highlight\" style=\"background-color: #fee894\">Ka\u017cda dusza zas\u0142uguje na czas, uwag\u0119 i \u017cyczliwe traktowanie.<\/mark><\/p>\n\n\n\n<p><mark class=\"rank-math-highlight\" style=\"background-color: #fee894\">W jego pismach mo\u017cna znale\u017a\u0107 historie m\u0142odych ludzi, kt\u00f3rych zach\u0119ca\u0142 do odkrycia swojego powo\u0142ania, par, kt\u00f3rym pom\u00f3g\u0142 umocni\u0107 wiar\u0119, a tak\u017ce ludzi, kt\u00f3rzy znale\u017ali w nim m\u0105drego i radosnego przewodnika duchowego.<\/mark><\/p>\n\n\n\n<h3 class=\"wp-block-heading\" id=\"un-testimonio-que-ilumina-la-mision-formativa-de-la-fundacion-carf\"><em>Plany Cremad\u00f3w<\/em>, \u015bwiadectwo, kt\u00f3re rzuca \u015bwiat\u0142o na formacyjn\u0105 misj\u0119 Fundacji CARF.<\/h3>\n\n\n\n<p>Lektura tej ksi\u0105\u017cki jest cenna dla zrozumienia zwi\u0105zku mi\u0119dzy \u015bmia\u0142o\u015bci\u0105 a misj\u0105. <mark class=\"rank-math-highlight\" style=\"background-color: #fee894\">Zaufanie rodziny Cremades do Opatrzno\u015bci nie by\u0142o naiwno\u015bci\u0105, ale g\u0142\u0119bokim przekonaniem, \u017ce wiara wymaga inicjatywy.<\/mark> Don Javier stosowa\u0142 t\u0119 wizj\u0119 przez ca\u0142e swoje \u017cycie.<\/p>\n\n\n\n<p><mark class=\"rank-math-highlight\" style=\"background-color: #fee894\">Jego pos\u0142uga zawsze mia\u0142a konstruktywny i zach\u0119caj\u0105cy ton, zdolny zach\u0119ci\u0107 innych do spojrzenia w g\u00f3r\u0119.<\/mark> Takie podej\u015bcie jest kluczowe dla <strong>zrozumie\u0107 znaczenie formowania kap\u0142an\u00f3w<\/strong> aby\u015bmy stawili czo\u0142a dzisiejszym wyzwaniom ze spokojem i os\u0105dem.<\/p>\n\n\n\n<p>W tym sensie, <em>Plany Cremad\u00f3w<\/em> ma specjaln\u0105 warto\u015b\u0107 dla <strong><a href=\"https:\/\/fundacioncarf.org\/conoce-fundacion-carf\/\" data-type=\"link\" data-id=\"https:\/\/fundacioncarf.org\/conoce-fundacion-carf\/\">misja Fundacji CARF<\/a><\/strong>. Jego tre\u015b\u0107 przypomina, \u017ce <strong><a href=\"https:\/\/fundacioncarf.org\/sacerdocio\/formacion-de-sacerdotes\/\" data-type=\"link\" data-id=\"https:\/\/fundacioncarf.org\/sacerdocio\/formacion-de-sacerdotes\/\">formacja kap\u0142a\u0144ska<\/a><\/strong> musz\u0105 by\u0107 poparte \u017cywymi przyk\u0142adami.<\/p>\n\n\n\n<p><mark class=\"rank-math-highlight\" style=\"background-color: #fee894\">\u015awiadectwo chrze\u015bcija\u0144skich rodzin, takich jak Cremades, pomaga zilustrowa\u0107 znaczenie wychowania przysz\u0142ych kap\u0142an\u00f3w w duchu s\u0142u\u017cby i silnej wiary.<\/mark><\/p>\n\n\n\n<p>Ponadto ksi\u0105\u017cka zach\u0119ca do refleksji nad <strong>rola rodziny w powstawaniu powo\u0142a\u0144<\/strong>. <mark class=\"rank-math-highlight\" style=\"background-color: #fee894\">Historia Do\u00f1y Pilar jest przyk\u0142adem tego, jak matka mo\u017ce mie\u0107 decyduj\u0105cy wp\u0142yw na duchow\u0105 \u015bcie\u017ck\u0119 swoich dzieci.<\/mark> <mark class=\"rank-math-highlight\" style=\"background-color: #fee894\">Jego spos\u00f3b prze\u017cywania wiary i zaufanie Opatrzno\u015bci stworzy\u0142y Ksaweremu sprzyjaj\u0105ce warunki do s\u0142uchania g\u0142osu Boga.<\/mark><\/p>\n\n\n\n<p>The <strong><a href=\"https:\/\/fundacioncarf.org\/sacerdocio\/\" data-type=\"link\" data-id=\"https:\/\/fundacioncarf.org\/sacerdocio\/\">seminarzy\u015bci i ksi\u0119\u017ca<\/a><\/strong> kt\u00f3rzy dzi\u015b przygotowuj\u0105 si\u0119 do <strong>s\u0142u\u017c\u0105c Ko\u015bcio\u0142owi<\/strong> odnajduj\u0105 w swoim \u015bwiadectwie wezwanie do docenienia swoich korzeni i piel\u0119gnowania wdzi\u0119czno\u015bci, kt\u00f3ra wzmacnia ich zaanga\u017cowanie.<\/p>\n\n\n\n<p>Wreszcie, ksi\u0105\u017cka pozostawia jasn\u0105 nauk\u0119: <mark class=\"rank-math-highlight\" style=\"background-color: #fee894\">G\u0142\u0119boko prze\u017cywana wiara poszerza horyzonty.<\/mark> <mark class=\"rank-math-highlight\" style=\"background-color: #fee894\">Zaprasza do dzia\u0142ania i zmienia codzienne \u017cycie w spotkanie z Bogiem.<\/mark><\/p>\n\n\n\n<p><mark class=\"rank-math-highlight\" style=\"background-color: #fee894\">Chrze\u015bcija\u0144ska odwaga nie jest wyj\u0105tkow\u0105 cech\u0105, ale postaw\u0105, kt\u00f3r\u0105 ka\u017cdy mo\u017ce kultywowa\u0107.<\/mark> <mark class=\"rank-math-highlight\" style=\"background-color: #fee894\">Jest to spokojna, pokorna i wytrwa\u0142a odwaga, zrodzona ze \u015bwiadomo\u015bci, \u017ce B\u00f3g nie opuszcza tych, kt\u00f3rzy Mu ufaj\u0105.<\/mark><\/p>\n\n\n\n<p><mark class=\"rank-math-highlight\" style=\"background-color: #fee894\">Rodzina Cremades i posta\u0107 Don Javiera stanowi\u0105 wsp\u00f3\u0142czesne \u015bwiadectwo.<\/mark> <mark class=\"rank-math-highlight\" style=\"background-color: #fee894\">Jego historia inspiruje i przypomina nam, \u017ce \u201cniemo\u017cliwo\u015bci\u201d s\u0105 okazj\u0105, by pozwoli\u0107 Bogu dzia\u0142a\u0107.<\/mark><\/p>\n\n\n\n<p><mark class=\"rank-math-highlight\" style=\"background-color: #fee894\">Dla tych, kt\u00f3rzy pracuj\u0105 w formacji ksi\u0119\u017cy i seminarzyst\u00f3w, ksi\u0105\u017cka ta jest zaproszeniem do odnowienia zaufania do misji i przekazywania rado\u015bci wiary prze\u017cywanej w spos\u00f3b odpowiedzialny.<\/mark><\/p>\n\n\n\n<hr class=\"wp-block-separator has-alpha-channel-opacity\"\/>\n\n\n\n<p><strong>Antonio R. Rubio Plo<\/strong>Absolwent historii i prawa.  Pisarz i analityk mi\u0119dzynarodowy @blogculturayfe \/ @arubioplo<\/p>\n\n\n\n<hr class=\"wp-block-separator has-alpha-channel-opacity\"\/>\n\n\n\n<div class=\"wp-block-rank-math-toc-block\" id=\"rank-math-toc\"><p><strong>Spis tre\u015bci<\/strong><\/p><nav><ul><li class=\"\"><a href=\"#una-familia-marcada-por-la-confianza-en-dios\">Rodzina naznaczona zaufaniem do Boga<\/a><ul><li class=\"\"><a href=\"#la-bendicion-de-san-josemaria-un-gesto-que-marco-a-toda-la-familia\">B\u0142ogos\u0142awie\u0144stwo \u015bwi\u0119tego Josemarii: gest, kt\u00f3ry naznaczy\u0142 ca\u0142\u0105 rodzin\u0119<\/a><\/li><\/ul><\/li><li class=\"\"><a href=\"#un-estilo-sacerdotal-alegre-y-profundamente-humano\">Radosny i g\u0142\u0119boko ludzki styl kap\u0142a\u0144ski<\/a><ul><li class=\"\"><a href=\"#un-testimonio-que-ilumina-la-mision-formativa-de-la-fundacion-carf\">Plany Cremade'\u00f3w, \u015bwiadectwo, kt\u00f3re rzuca \u015bwiat\u0142o na formacyjn\u0105 misj\u0119 Fundacji CARF.<\/a><\/li><\/ul><\/li><\/ul><\/nav><\/div>","protected":false},"excerpt":{"rendered":"<p>Po raz pierwszy spotka\u0142am Don Javiera Cremadesa, gdy by\u0142 kapelanem Wydzia\u0142u Dziennikarstwa Uniwersytetu Complutense. To by\u0142o jakie\u015b dwadzie\u015bcia lat temu.<\/p>","protected":false},"author":4,"featured_media":227569,"comment_status":"closed","ping_status":"closed","sticky":false,"template":"","format":"standard","meta":{"_acf_changed":false,"give_campaign_id":0,"footnotes":""},"categories":[13],"tags":[330,6],"class_list":["post-183032","post","type-post","status-publish","format-standard","has-post-thumbnail","hentry","category-blog","tag-formacion-sacerdotal","tag-vida-cristiana"],"acf":[],"_links":{"self":[{"href":"https:\/\/fundacioncarf.org\/pl\/wp-json\/wp\/v2\/posts\/183032","targetHints":{"allow":["GET"]}}],"collection":[{"href":"https:\/\/fundacioncarf.org\/pl\/wp-json\/wp\/v2\/posts"}],"about":[{"href":"https:\/\/fundacioncarf.org\/pl\/wp-json\/wp\/v2\/types\/post"}],"author":[{"embeddable":true,"href":"https:\/\/fundacioncarf.org\/pl\/wp-json\/wp\/v2\/users\/4"}],"replies":[{"embeddable":true,"href":"https:\/\/fundacioncarf.org\/pl\/wp-json\/wp\/v2\/comments?post=183032"}],"version-history":[{"count":10,"href":"https:\/\/fundacioncarf.org\/pl\/wp-json\/wp\/v2\/posts\/183032\/revisions"}],"predecessor-version":[{"id":227596,"href":"https:\/\/fundacioncarf.org\/pl\/wp-json\/wp\/v2\/posts\/183032\/revisions\/227596"}],"wp:featuredmedia":[{"embeddable":true,"href":"https:\/\/fundacioncarf.org\/pl\/wp-json\/wp\/v2\/media\/227569"}],"wp:attachment":[{"href":"https:\/\/fundacioncarf.org\/pl\/wp-json\/wp\/v2\/media?parent=183032"}],"wp:term":[{"taxonomy":"category","embeddable":true,"href":"https:\/\/fundacioncarf.org\/pl\/wp-json\/wp\/v2\/categories?post=183032"},{"taxonomy":"post_tag","embeddable":true,"href":"https:\/\/fundacioncarf.org\/pl\/wp-json\/wp\/v2\/tags?post=183032"}],"curies":[{"name":"wp","href":"https:\/\/api.w.org\/{rel}","templated":true}]}}