{"id":167790,"date":"2022-09-14T14:01:16","date_gmt":"2022-09-14T12:01:16","guid":{"rendered":"https:\/\/carfundacion.roymo.info\/blog\/quien-es-el-beato-alvaro-del-portillo\/"},"modified":"2024-10-10T13:41:57","modified_gmt":"2024-10-10T11:41:57","slug":"quien-es-el-beato-alvaro-del-portillo","status":"publish","type":"post","link":"https:\/\/fundacioncarf.org\/pl\/quien-es-el-beato-alvaro-del-portillo\/","title":{"rendered":"Kim jest b\u0142. Alvaro del Portillo?"},"content":{"rendered":"<div class=\"et_pb_section et_pb_section_59 et_section_regular\">\n<div class=\"et_pb_row et_pb_row_445\">\n<div class=\"et_pb_column et_pb_column_1_5 et_pb_column_1170  et_pb_css_mix_blend_mode_passthrough et_pb_column_empty\"><\/div>\n<div class=\"et_pb_column et_pb_column_3_5 et_pb_column_1171  et_pb_css_mix_blend_mode_passthrough\">\n<h3 class=\"et_pb_module et_pb_text et_pb_text_403 post-excerpt  et_pb_text_align_center et_pb_bg_layout_light\"><span style=\"color: revert; font-size: revert; font-weight: revert;\">Beatyfikacja Alvaro del Portillo: 27 wrze\u015bnia<\/span><\/h3>\n<\/div>\n<\/div>\n<div class=\"et_pb_row et_pb_row_446 et_pb_gutters2\">\n<div class=\"et_pb_column et_pb_column_3_5 et_pb_column_1174 b-col-2  et_pb_css_mix_blend_mode_passthrough\">\n<div class=\"et_pb_module et_pb_text et_pb_text_404  et_pb_text_align_left et_pb_bg_layout_light\">\n<div class=\"et_pb_text_inner\">\n<p>Do jego beatyfikacji, <strong>uczestniczy\u0142o ponad 200 000 os\u00f3b z ca\u0142ego \u015bwiata.<\/strong>. Ceremonii przewodniczy\u0142 kardyna\u0142 Angelo Amato. Towarzyszy\u0142 mu kardyna\u0142 Antonio Mar\u00eda Rouco, emerytowany arcybiskup Madrytu i by\u0142y pra\u0142at Opus Dei, Don Javier Echevarr\u00eda. Podczas tej samej uroczysto\u015bci koncelebrowa\u0142o siedemnastu kardyna\u0142\u00f3w i 170 biskup\u00f3w z ca\u0142ego \u015bwiata.<\/p>\n<p>Kardyna\u0142 Angelo Amato podkre\u015bli\u0142 w swojej homilii, <strong>Wierno\u015b\u0107 Don Alvaro del Portillo wobec Ewangelii, Ko\u015bcio\u0142a i papie\u017ca.<\/strong> Wyja\u015bni\u0142: \"uciek\u0142 od wszelkiego personalizmu, poniewa\u017c przekazywa\u0142 prawd\u0119 Ewangelii, a nie w\u0142asne opinie\". I podkre\u015bli\u0142, \u017ce Don \u00c1lvaro \"wyr\u00f3\u017cnia\u0142 si\u0119 rozwag\u0105 i prostot\u0105 w ocenie wydarze\u0144 i ludzi; sprawiedliwo\u015bci\u0105 w poszanowaniu honoru i wolno\u015bci innych\".<\/p>\n<p>Papie\u017c Franciszek by\u0142 obecny na uroczysto\u015bci w li\u015bcie, w kt\u00f3rym odmalowa\u0142 taki oto portret nowego b\u0142ogos\u0142awionego: \"Szczeg\u00f3lnie wyr\u00f3\u017cnia\u0142a go mi\u0142o\u015b\u0107 do Ko\u015bcio\u0142a, Oblubienicy Chrystusa, kt\u00f3rej s\u0142u\u017cy\u0142 sercem pozbawionym \u015bwiatowych interes\u00f3w, dalekim od niezgody, przyjaznym dla wszystkich i zawsze szukaj\u0105cym w innych tego, co pozytywne, co jednoczy, co buduje. Josemarii, zawsze odpowiada\u0142a modlitw\u0105, przebaczeniem, zrozumieniem i szczer\u0105 mi\u0142o\u015bci\u0105.<\/p>\n<\/div>\n<\/div>\n<\/div>\n<div class=\"et_pb_column et_pb_column_1_5 et_pb_column_1175 b-col-3  et_pb_css_mix_blend_mode_passthrough et-last-child et_pb_column_empty\"><\/div>\n<\/div>\n<div class=\"et_pb_row et_pb_row_447\">\n<div class=\"et_pb_column et_pb_column_1_5 et_pb_column_1176  et_pb_css_mix_blend_mode_passthrough et_pb_column_empty\"><\/div>\n<div class=\"et_pb_column et_pb_column_3_5 et_pb_column_1177  et_pb_css_mix_blend_mode_passthrough\">\n<div class=\"et_pb_module et_pb_testimonial et_pb_testimonial_7 clearfix  et_pb_text_align_left et_pb_bg_layout_light et_pb_testimonial_no_image\">\n<div class=\"et_pb_testimonial_portrait\" style=\"background-image: url('https:\/\/fundacioncarf.org\/wp-content\/uploads\/2022\/09\/Javier-Echevarria.jpg');\"><\/div>\n<div class=\"et_pb_testimonial_description\">\n<div class=\"et_pb_testimonial_description_inner\">\n<div class=\"et_pb_testimonial_content\">\n<p>\"Wyniesienie na o\u0142tarze Alvaro del Portillo przypomina nam raz jeszcze o powszechnym powo\u0142aniu do \u015bwi\u0119to\u015bci, og\u0142oszonym z wielk\u0105 moc\u0105 przez Sob\u00f3r Watyka\u0144ski II. Josemar\u00edi Escriv\u00e1, \u017ce ten jego najwierniejszy syn zosta\u0142 zaproponowany jako or\u0119downik i przyk\u0142ad dla wszystkich wiernych.<\/p>\n<p><strong>Biskup Javier Echevarr\u00eda, z okazji beatyfikacji Don \u00c1lvaro del Portillo.<\/strong><\/p>\n<\/div>\n<\/div>\n<p class=\"et_pb_testimonial_meta\">\n<\/div>\n<\/div>\n<\/div>\n<div class=\"et_pb_column et_pb_column_1_5 et_pb_column_1178  et_pb_css_mix_blend_mode_passthrough et-last-child et_pb_column_empty\"><\/div>\n<\/div>\n<div class=\"et_pb_row et_pb_row_448\">\n<div class=\"et_pb_column et_pb_column_1_5 et_pb_column_1179  et_pb_css_mix_blend_mode_passthrough et_pb_column_empty\"><\/div>\n<div class=\"et_pb_column et_pb_column_3_5 et_pb_column_1180  et_pb_css_mix_blend_mode_passthrough\">\n<div class=\"et_pb_module et_pb_text et_pb_text_405  et_pb_text_align_left et_pb_bg_layout_light\">\n<div class=\"et_pb_text_inner\">\n<h2>\u017bycie Don \u00c1lvaro del Portillo<\/h2>\n<p>Jego \u017cycie jest wielk\u0105 lekcj\u0105 dla dzisiejszych m\u0119\u017cczyzn. <a href=\"https:\/\/fundacioncarf.org\/expertos\/san-josemaria\/\">\u015awi\u0119ty Josemar\u00eda<\/a> bardzo wcze\u015bnie zwr\u00f3ci\u0142 si\u0119 do niego <em><strong>\"ska\u0142a\"<\/strong><\/em>, <em>saxum<\/em>przydomek, kt\u00f3ry okre\u015bla\u0142 go od najm\u0142odszych lat. <strong>Alvaro del Portillo by\u0142 cz\u0142owiekiem wiernym, niestrudzonym pracownikiem w s\u0142u\u017cbie Ko\u015bcio\u0142a i Opus Dei.<\/strong> Josemar\u00edi i zosta\u0142 jego pierwszym nast\u0119pc\u0105 na czele Opus Dei w 1975 roku, po \u015bmierci za\u0142o\u017cyciela. Przyk\u0142ad, kt\u00f3ry jest bliski ka\u017cdemu, mimo \u017ce \u017cyje w okoliczno\u015bciach odmiennych od jego w\u0142asnych.<\/p>\n<p>Urodzi\u0142 si\u0119 w Madrycie w licznej i pobo\u017cnej rodzinie 11 marca 1914 roku. By\u0142 doktorem in\u017cynierii l\u0105dowej, doktorem filozofii i doktorem prawa kanonicznego.<\/p>\n<h3>1935: wst\u0105pi\u0142 do Opus Dei<\/h3>\n<p>Podczas studi\u00f3w in\u017cynierskich wst\u0105pi\u0142 do Opus Dei, instytucji za\u0142o\u017conej siedem lat wcze\u015bniej. <strong>Otrzyma\u0142 bezpo\u015brednio od \u015bw. Josemarii Escrivy formacj\u0119 i ducha w\u0142a\u015bciwego dla tej nowej drogi Ko\u015bcio\u0142a.<\/strong>. Prowadzi\u0142 szeroko zakrojon\u0105 dzia\u0142alno\u015b\u0107 ewangelizacyjn\u0105 w\u015br\u00f3d swoich koleg\u00f3w i wsp\u00f3\u0142pracownik\u00f3w.<\/p>\n<p>Podczas hiszpa\u0144skiej wojny domowej bardzo cierpia\u0142 i prawie straci\u0142 \u017cycie, ale Don Alvaro rzadko m\u00f3wi\u0142 o tym okresie. Jedna z tych nielicznych okazji mia\u0142a miejsce w Cebu, pod koniec 1987 roku. I zrobi\u0142 to, aby podkre\u015bli\u0107 potrzeb\u0119 <strong>kocha\u0107 i promowa\u0107 pok\u00f3j<\/strong>Przy okazji nawi\u0105za\u0142 do prze\u015bladowa\u0144 Ko\u015bcio\u0142a, kt\u00f3re wybuch\u0142y w Hiszpanii podczas wojny domowej: \"Nie by\u0142em zaanga\u017cowany w \u017cadn\u0105 dzia\u0142alno\u015b\u0107 polityczn\u0105, nie by\u0142em ksi\u0119dzem, ani zakonnikiem, ani klerykiem, tylko studentem in\u017cynierii; i wsadzili mnie do wi\u0119zienia, tylko za to, \u017ce by\u0142em z katolickiej rodziny. W tym czasie nosi\u0142em okulary i pewnego razu jeden ze stra\u017cnik\u00f3w - nazywali go Petrof, rosyjskie nazwisko - podszed\u0142 do mnie, przy\u0142o\u017cy\u0142 mi pistolet do skroni i powiedzia\u0142: jeste\u015b ksi\u0119dzem, bo nosisz okulary. W ka\u017cdej chwili m\u00f3g\u0142 mnie zabi\u0107. Nie zrobi\u0142 tego dlatego, \u017ce B\u00f3g uwa\u017ca\u0142, \u017ce mo\u017ce jeszcze da\u0107 diab\u0142u zbyt wiele do walki, albo \u017ce nie jest godzien nieba. To by\u0142a ogromna rzecz. Od 1939 roku prowadzi\u0142 intensywny apostolat w r\u00f3\u017cnych miastach Hiszpanii, kt\u00f3ry kontynuowa\u0142 przez ca\u0142e \u017cycie.<\/p>\n<h3>1944: \u015awi\u0119cenia kap\u0142a\u0144skie<\/h3>\n<p>25 czerwca 1944 r. zosta\u0142 wy\u015bwi\u0119cony razem z Jos\u00e9 Mar\u00eda Hern\u00e1ndez Garnica i Jos\u00e9 Luis M\u00fazquiz: <strong>byli pierwszymi trzema ksi\u0119\u017cmi Opus Dei, po za\u0142o\u017cycielu. <\/strong>Od tego czasu, <strong>po\u015bwi\u0119ci\u0142 si\u0119 ca\u0142kowicie pos\u0142udze duszpasterskiej<\/strong>w s\u0142u\u017cbie cz\u0142onkom Opus Dei i wszystkim duszom.<\/p>\n<h3>1946-1975: mieszka\u0142 w Rzymie u \u015bw.<\/h3>\n<p>Swoj\u0105 niestrudzon\u0105 s\u0142u\u017cb\u0119 Ko\u015bcio\u0142owi pokaza\u0142, po\u015bwi\u0119caj\u0105c si\u0119 licznym zadaniom Stolicy Apostolskiej jako konsultant r\u00f3\u017cnych dykasterii Kurii Rzymskiej. Bra\u0142 aktywny udzia\u0142 w Soborze Watyka\u0144skim II. W latach 1947-1950 <strong>Promowa\u0142 chrze\u015bcija\u0144sk\u0105 dzia\u0142alno\u015b\u0107 formacyjn\u0105 i jako kap\u0142an s\u0142u\u017cy\u0142 wielu ludziom.<\/strong> Przyczyni\u0142 si\u0119 do apostolskiej ekspansji Opus Dei w r\u00f3\u017cnych miastach W\u0142och.<\/p>\n<p>W 1948 r. uzyska\u0142 doktorat z prawa kanonicznego na Papieskim Uniwersytecie \u015bw. Tomasza (Angelicum). W tym samym roku w Rzymie powsta\u0142o Kolegium Rzymskie \u015awi\u0119tego Krzy\u017ca jako mi\u0119dzynarodowy o\u015brodek dla <a href=\"https:\/\/fundacioncarf.org\/sacerdocio\/formacion-de-sacerdotes\/\">formacja kap\u0142a\u0144ska.<\/a><\/p>\n<p>Ponadto, <strong>\u00c1lvaro del Portillo by\u0142 zawsze u boku \u015awi\u0119tego Josemar\u00edi, pomagaj\u0105c mu w zadaniach ewangelizacji i zarz\u0105dzania duszpasterskiego Opus Dei, a tak\u017ce towarzyszy\u0142 mu w jego licznych podr\u00f3\u017cach apostolskich.<\/strong> do kraj\u00f3w Europy i Ameryki.<\/p>\n<h3>1975-1994: nast\u0119pca \u015bw.<\/h3>\n<p><strong>15 wrze\u015bnia 1975 r. zosta\u0142 wybrany na pierwszego nast\u0119pc\u0119 \u015bw.<\/strong>. A 28 listopada 1982 r., eryguj\u0105c Dzie\u0142o jako Pra\u0142atur\u0119 Personaln\u0105, Ojciec \u015awi\u0119ty Jan Pawe\u0142 II mianowa\u0142 go Pra\u0142atem Opus Dei.<\/p>\n<h3>1991: otrzyma\u0142 \u015bwi\u0119cenia kap\u0142a\u0144skie<\/h3>\n<p><strong>\u015awi\u0119ty Jan Pawe\u0142 II udzieli\u0142 mu \u015bwi\u0119ce\u0144 biskupich.<\/strong> w dniu 6 stycznia tego roku. Ca\u0142\u0105 jego prac\u0119 cechowa\u0142a wierno\u015b\u0107 Za\u0142o\u017cycielowi i jego przes\u0142aniu oraz Ko\u015bcio\u0142owi, a tak\u017ce niestrudzona praca duszpasterska nad rozszerzeniem apostolstwa Pra\u0142atury w s\u0142u\u017cbie Ko\u015bcio\u0142a.<\/p>\n<p>Don \u00c1lvaro del Portillo<strong> Szuka\u0142 identyfikacji z Chrystusem w ufnym poddaniu si\u0119 woli Boga Ojca, stale karmionym modlitw\u0105, Eucharysti\u0105 i czu\u0142ym nabo\u017ce\u0144stwem do Naj\u015bwi\u0119tszej Dziewicy. Jego mi\u0142o\u015b\u0107 do Ko\u015bcio\u0142a przejawia\u0142a si\u0119 w g\u0142\u0119bokiej komunii z papie\u017cem i biskupami.<\/strong> Jego mi\u0142o\u015b\u0107 do wszystkich, jego niestrudzona troska o c\u00f3rki i syn\u00f3w w Opus Dei, jego pokora, roztropno\u015b\u0107 i hart ducha, jego rado\u015b\u0107 i prostota, jego zapomnienie o sobie i jego gor\u0105ce pragnienie zdobywania dusz dla Chrystusa, znalaz\u0142y r\u00f3wnie\u017c odzwierciedlenie w jego motcie biskupim - \"Mi\u0142o\u015b\u0107 Pana do wszystkich\".<em>Regnare Christum volumus!<\/em>-, wraz z \u017cyczliwo\u015bci\u0105, pogod\u0105 ducha i dobrym humorem, kt\u00f3re promieniowa\u0142y z jego osoby, to cechy, kt\u00f3re sk\u0142adaj\u0105 si\u0119 na portret jego duszy.<\/p>\n<h3>1994: Droga do nieba<\/h3>\n<p>Zmar\u0142 nagle we wczesnych godzinach rannych 23 marca 1994 r. w siedzibie Pra\u0142atury w Rzymie, kilka godzin po powrocie z pielgrzymki do Ziemi \u015awi\u0119tej, gdzie z wielk\u0105 pobo\u017cno\u015bci\u0105 pod\u0105\u017ca\u0142 ziemskimi \u015bladami naszego Pana Jezusa. Poprzedniego ranka odprawi\u0142 swoj\u0105 ostatni\u0105 Msz\u0119 \u015bw. w Wieczerniku w Jerozolimie.<\/p>\n<\/div>\n<\/div>\n<\/div>\n<div class=\"et_pb_column et_pb_column_1_5 et_pb_column_1181  et_pb_css_mix_blend_mode_passthrough et-last-child et_pb_column_empty\"><\/div>\n<\/div>\n<div class=\"et_pb_row et_pb_row_449\">\n<div class=\"et_pb_column et_pb_column_1_5 et_pb_column_1182  et_pb_css_mix_blend_mode_passthrough et_pb_column_empty\"><\/div>\n<div class=\"et_pb_column et_pb_column_3_5 et_pb_column_1183  et_pb_css_mix_blend_mode_passthrough\">\n<div class=\"et_pb_module et_pb_image et_pb_image_64\">\n<p><span class=\"et_pb_image_wrap\"><img decoding=\"async\" class=\"wp-image-159068\" title=\"oracion-don-alvaro-del-portillo\" src=\"https:\/\/fundacioncarf.org\/wp-content\/uploads\/2023\/02\/oracion-don-alvaro-del-portillo.png\" sizes=\"(max-width: 600px) 100vw, 600px\" srcset=\"https:\/\/fundacioncarf.org\/wp-content\/uploads\/2023\/02\/oracion-don-alvaro-del-portillo.png 600w, https:\/\/fundacioncarf.org\/wp-content\/uploads\/2023\/02\/oracion-don-alvaro-del-portillo-225x300.png 225w, https:\/\/fundacioncarf.org\/wp-content\/uploads\/2023\/02\/oracion-don-alvaro-del-portillo-9x12-1.png 9w, https:\/\/fundacioncarf.org\/wp-content\/uploads\/2023\/02\/oracion-don-alvaro-del-portillo.png 480w\" alt=\"Oraci\u00f3n Don Alvaro del Portillo: Dios Padre misericordioso, que concediste al Beato \u00c1lvaro, Obispo, la gracia de ser, con la ayuda de Santa Mar\u00eda, Pastor ejemplar en el servicio a la Iglesia y fidel\u00edsimo hijo y sucesor de San Josemar\u00eda, Fundador del Opus Dei: haz que yo sepa tambi\u00e9n responder con fidelidad a las exigencias de la vocaci\u00f3n cristiana, convirtiendo todos los momentos y circunstancias de mi vida en ocasi\u00f3n de amarte y de servir al Reino de Jesucristo. D\u00edgnate otorgar la canonizaci\u00f3n del Beato \u00c1lvaro, y conc\u00e9deme por su intercesi\u00f3n el favor que te pido... (p\u00eddase). As\u00ed sea.\" \/><\/span><\/p>\n<\/div>\n<div class=\"et_pb_with_border et_pb_module et_pb_text et_pb_text_406 leyenda  et_pb_text_align_left et_pb_bg_layout_light\">\n<div class=\"et_pb_text_inner\">\n<p><strong>Modlitwa do b\u0142ogos\u0142awionego Alvaro del Portillo<\/strong>. Je\u015bli chc\u0105 Pa\u0144stwo wys\u0142a\u0107 <a href=\"https:\/\/opusdei.org\/es-es\/favor\/alvaro-del-portillo\/\" target=\"_blank\" rel=\"noopener\">tutaj<\/a> relacja o \u0142askach otrzymanych przez b\u0142ogos\u0142awionego Alvaro del Portillo.<\/p>\n<\/div>\n<\/div>\n<\/div>\n<div class=\"et_pb_column et_pb_column_1_5 et_pb_column_1184  et_pb_css_mix_blend_mode_passthrough et-last-child et_pb_column_empty\"><\/div>\n<\/div>\n<div class=\"et_pb_row et_pb_row_450\">\n<div class=\"et_pb_column et_pb_column_1_5 et_pb_column_1185  et_pb_css_mix_blend_mode_passthrough et_pb_column_empty\"><\/div>\n<div class=\"et_pb_column et_pb_column_3_5 et_pb_column_1186  et_pb_css_mix_blend_mode_passthrough\">\n<div class=\"et_pb_module et_pb_text et_pb_text_407  et_pb_text_align_left et_pb_bg_layout_light\">\n<div class=\"et_pb_text_inner\">\n<p>Tego samego dnia, 23 marca, \u015bw. Jan Pawe\u0142 II uda\u0142 si\u0119 na modlitw\u0119 przed <strong>Jego doczesne szcz\u0105tki spoczywaj\u0105 obecnie w krypcie ko\u015bcio\u0142a pra\u0142at\u00f3w Santa Maria della Pace w Rzymie. <\/strong>Nieustannie towarzysz\u0105 mu modlitwy i uczucia wiernych Opus Dei i tysi\u0119cy innych ludzi.<\/p>\n<p>Od dnia jego \u015bmierci wielu ludzi zacz\u0119\u0142o prosi\u0107 o jego wstawiennictwo, aby uzyska\u0107 \u0142aski z nieba. Ponadto tysi\u0105ce ludzi \u015bwiadczy\u0142o o jego mi\u0142o\u015bci do Ko\u015bcio\u0142a.<\/p>\n<p>W 2004 roku, dziesi\u0119\u0107 lat po jego \u015bmierci, w Rzymie rozpocz\u0119to proces jego beatyfikacji i kanonizacji. Po intensywnej analizie ca\u0142ej dokumentacji przedstawionej przez postulatora ds, <strong>28 czerwca 2012 roku biskup \u00c1lvaro del Portillo y Diez de Sollano zosta\u0142 og\u0142oszony Czcigodnym, a 27 wrze\u015bnia 2014 roku zosta\u0142 ostatecznie beatyfikowany.<\/strong> Jego \u015bwi\u0119to obchodzone jest 12 maja, w rocznic\u0119 jego pierwszej komunii.<\/p>\n<h2>B\u0142ogos\u0142awiony Alvaro del Portillo<\/h2>\n<p>\u015awi\u0119ty Josemar\u00eda Escriv\u00e1 kaza\u0142 wyry\u0107 na drzwiach gabinetu Don \u00c1lvaro zdanie z Ksi\u0119gi Przys\u0142\u00f3w: <em>Vir fidelis multum laudabitur.<\/em> (Wierny cz\u0142owiek b\u0119dzie bardzo chwalony).<\/p>\n<p>Jego \u017cycie jest tak pot\u0119\u017cne, \u017ce porusza nas do wiernego prze\u017cywania w\u0142asnego powo\u0142ania z tak\u0105 sam\u0105 rado\u015bci\u0105, jak\u0105 on okazywa\u0142 wszystkim.<\/p>\n<p style=\"text-align: center;\">\n<\/div>\n<\/div>\n<\/div>\n<div class=\"et_pb_column et_pb_column_1_5 et_pb_column_1187  et_pb_css_mix_blend_mode_passthrough et-last-child et_pb_column_empty\"><\/div>\n<\/div>\n<div class=\"et_pb_row et_pb_row_451 et_pb_gutters2\">\n<div class=\"et_pb_column et_pb_column_1_5 et_pb_column_1188 b-col-1  et_pb_css_mix_blend_mode_passthrough et_pb_column_empty\"><\/div>\n<div class=\"et_pb_column et_pb_column_3_5 et_pb_column_1189 b-col-2  et_pb_css_mix_blend_mode_passthrough\">\n<div class=\"et_pb_with_border et_pb_module et_pb_text et_pb_text_408 elemento-firma  et_pb_text_align_left et_pb_bg_layout_light\">\n<div class=\"et_pb_text_inner\">\n<p><strong>Bibliografia<br \/>\n<\/strong><\/p>\n<p>Opusdei.org.<\/p>\n<p style=\"text-align: center;\">\n<\/div>\n<\/div>\n<\/div>\n<div class=\"et_pb_column et_pb_column_1_5 et_pb_column_1190 b-col-3  et_pb_css_mix_blend_mode_passthrough et-last-child et_pb_column_empty\"><\/div>\n<\/div>\n<\/div>","protected":false},"excerpt":{"rendered":"<p>W sobot\u0119 rano, 27 wrze\u015bnia 2014 roku, Alvaro del Portillo, in\u017cynier, biskup i pierwszy nast\u0119pca \u015bwi\u0119tego Josemar\u00edi na czele Opus Dei, zosta\u0142 beatyfikowany w Madrycie przed t\u0142umem wiernych z osiemdziesi\u0119ciu kraj\u00f3w. By\u0142 r\u00f3wnie\u017c jednym z protagonist\u00f3w Soboru Watyka\u0144skiego II.<\/p>","protected":false},"author":5,"featured_media":163545,"comment_status":"closed","ping_status":"closed","sticky":false,"template":"","format":"standard","meta":{"_acf_changed":false,"give_campaign_id":0,"footnotes":""},"categories":[13],"tags":[10],"class_list":["post-167790","post","type-post","status-publish","format-standard","has-post-thumbnail","hentry","category-blog","tag-vida-de-santos"],"acf":[],"_links":{"self":[{"href":"https:\/\/fundacioncarf.org\/pl\/wp-json\/wp\/v2\/posts\/167790","targetHints":{"allow":["GET"]}}],"collection":[{"href":"https:\/\/fundacioncarf.org\/pl\/wp-json\/wp\/v2\/posts"}],"about":[{"href":"https:\/\/fundacioncarf.org\/pl\/wp-json\/wp\/v2\/types\/post"}],"author":[{"embeddable":true,"href":"https:\/\/fundacioncarf.org\/pl\/wp-json\/wp\/v2\/users\/5"}],"replies":[{"embeddable":true,"href":"https:\/\/fundacioncarf.org\/pl\/wp-json\/wp\/v2\/comments?post=167790"}],"version-history":[{"count":5,"href":"https:\/\/fundacioncarf.org\/pl\/wp-json\/wp\/v2\/posts\/167790\/revisions"}],"predecessor-version":[{"id":199192,"href":"https:\/\/fundacioncarf.org\/pl\/wp-json\/wp\/v2\/posts\/167790\/revisions\/199192"}],"wp:featuredmedia":[{"embeddable":true,"href":"https:\/\/fundacioncarf.org\/pl\/wp-json\/wp\/v2\/media\/163545"}],"wp:attachment":[{"href":"https:\/\/fundacioncarf.org\/pl\/wp-json\/wp\/v2\/media?parent=167790"}],"wp:term":[{"taxonomy":"category","embeddable":true,"href":"https:\/\/fundacioncarf.org\/pl\/wp-json\/wp\/v2\/categories?post=167790"},{"taxonomy":"post_tag","embeddable":true,"href":"https:\/\/fundacioncarf.org\/pl\/wp-json\/wp\/v2\/tags?post=167790"}],"curies":[{"name":"wp","href":"https:\/\/api.w.org\/{rel}","templated":true}]}}