{"id":167731,"date":"2026-04-30T02:00:00","date_gmt":"2026-04-30T00:00:00","guid":{"rendered":"https:\/\/carfundacion.roymo.info\/blog\/mayo-es-el-mes-de-la-virgen-maria-conoce-el-por-que\/"},"modified":"2026-04-22T12:09:27","modified_gmt":"2026-04-22T10:09:27","slug":"mayo-mes-de-la-virgen-maria-nuestra-madre","status":"publish","type":"post","link":"https:\/\/fundacioncarf.org\/pl\/mayo-mes-de-la-virgen-maria-nuestra-madre\/","title":{"rendered":"Dlaczego 30 dni maja dla Maryi Panny?"},"content":{"rendered":"<p>Ko\u015bci\u00f3\u0142 po\u015bwi\u0119ca ten miesi\u0105c Maryi, aby lepiej J\u0105 pozna\u0107 i pokocha\u0107. W Europie maj jest miesi\u0105cem kwiat\u00f3w, wiosny.  Jest to idealny miesi\u0105c na przebywanie na \u015bwie\u017cym powietrzu, w otoczeniu pi\u0119kna natury. W\u0142a\u015bnie dlatego, \u017ce wszystko wok\u00f3\u0142 nas powinno przypomina\u0107 nam o naszym Stw\u00f3rcy, po\u015bwi\u0119camy ten miesi\u0105c Naj\u015bwi\u0119tszej Maryi Pannie, delikatnej duszy, kt\u00f3ra ofiarowa\u0142a swoje \u017cycie opiece i s\u0142u\u017cbie Jezusa Chrystusa, naszego Odkupiciela.<\/p>\n\n\n\n<blockquote class=\"wp-block-quote is-layout-flow wp-block-quote-is-layout-flow\">\n<p class=\"has-text-align-left\"><em><strong>\u00abW spos\u00f3b spontaniczny i naturalny rodzi si\u0119 w nas pragnienie, by traktowa\u0107 Matk\u0119 Bo\u017c\u0105, kt\u00f3ra jest tak\u017ce nasz\u0105 Matk\u0105. Traktowa\u0107 J\u0105 tak, jak traktuje si\u0119 \u017cyw\u0105 osob\u0119: poniewa\u017c \u015bmier\u0107 nad Ni\u0105 nie zatriumfowa\u0142a, ale Ona jest cia\u0142em i dusz\u0105 z Bogiem Ojcem, z Jej Synem, z Duchem \u015awi\u0119tym. Aby zrozumie\u0107 rol\u0119, jak\u0105 Maryja odgrywa w \u017cyciu chrze\u015bcija\u0144skim, aby czu\u0107 si\u0119 do Niej poci\u0105gni\u0119tym, aby szuka\u0107 Jej \u017cyczliwego towarzystwa z synowskim uczuciem, nie s\u0105 konieczne wielkie dyskusje, chocia\u017c tajemnica Bo\u017cego Macierzy\u0144stwa ma bogactwo tre\u015bci, nad kt\u00f3rymi nigdy nie mo\u017cemy si\u0119 wystarczaj\u0105co zastanowi\u0107\u00bb.\u00bb <\/strong><\/em><a href=\"https:\/\/escriva.org\/es\/es-cristo-que-pasa\/142\/\" data-type=\"link\" data-id=\"https:\/\/escriva.org\/es\/es-cristo-que-pasa\/142\/\" target=\"_blank\" rel=\"noreferrer noopener\">(\u015aw. Josemar\u00eda, Chrystus przechodzi obok, 142<\/a>).<\/p>\n<\/blockquote>\n\n\n\n<p><strong>Maj, miesi\u0105c Maryi Dziewicy<\/strong>. Za\u0142o\u017cyciel Opus Dei wyja\u015bnia, jak mo\u017ce wygl\u0105da\u0107 nasza mi\u0142o\u015b\u0107 do Matki Bo\u017cej.<\/p>\n\n\n\n<h2 class=\"wp-block-heading\" id=\"por-que-mayo-es-el-mes-de-la-virgen-maria\">Dlaczego maj jest miesi\u0105cem Maryi Panny?<\/h2>\n\n\n\n<p>Ten chrze\u015bcija\u0144ski zwyczaj obowi\u0105zuje od dw\u00f3ch wiek\u00f3w i zbiega si\u0119 z pocz\u0105tkiem wiosny i ko\u0144cem zimy. Triumf \u017cycia\" symbolizowany przez wiosn\u0119 jest jednym z powod\u00f3w, dla kt\u00f3rych maj jest miesi\u0105cem Maryi Dziewicy, Matki \u017bycia Jezusa. Pi\u0119kno natury m\u00f3wi nam r\u00f3wnie\u017c o Maryi, o Jej wewn\u0119trznym pi\u0119knie i cnocie.<\/p>\n\n\n\n<p>W staro\u017cytnej Grecji miesi\u0105c maj by\u0142 po\u015bwi\u0119cony Artemidzie, bogini p\u0142odno\u015bci. Podobnie w staro\u017cytnym Rzymie, maj by\u0142 po\u015bwi\u0119cony Florze, bogini ro\u015blinno\u015bci. W tym czasie \u015bwi\u0119towano <em>ludi florals<\/em> lub gry kwiatowe pod koniec kwietnia i poprosi\u0142 o jej wstawiennictwo.<\/p>\n\n\n\n<p>P\u00f3\u017aniej, w czasach \u015bredniowiecza, istnia\u0142o wiele podobnych zwyczaj\u00f3w, z kt\u00f3rych wszystkie koncentrowa\u0142y si\u0119 na nadej\u015bciu dobrej pogody i ko\u0144cu zimy. 1 maja by\u0142 uwa\u017cany za szczyt wiosny.<\/p>\n\n\n\n<p>Przed XII wiekiem obchodzono \u015bwi\u0119to \"Trzydziestodniowego nabo\u017ce\u0144stwa do Maryi\" lub \"Trzydziestodniowego nabo\u017ce\u0144stwa do Maryi\". <em>Tricesimum<\/em>, kt\u00f3re mia\u0142y miejsce mi\u0119dzy drug\u0105 po\u0142ow\u0105 sierpnia a pierwszymi 14 dniami wrze\u015bnia.<\/p>\n\n\n\n<p>Idea miesi\u0105ca maja, miesi\u0105ca Maryi, si\u0119ga czas\u00f3w baroku lub XVII wieku. Obejmowa\u0142 on trzydzie\u015bci codziennych \u0107wicze\u0144 duchowych ku czci Matki Bo\u017cej. Zwyczaj ten rozprzestrzeni\u0142 si\u0119 szczeg\u00f3lnie w XIX wieku i jest praktykowany do dzi\u015b, czyni\u0105c to \u015bwi\u0119to specjalnymi nabo\u017ce\u0144stwami organizowanymi codziennie przez ca\u0142y miesi\u0105c.<\/p>\n\n\n\n<p>Prosz\u0119 \u015bwi\u0119towa\u0107&nbsp;<strong>Miesi\u0105c maj to co\u015b wi\u0119cej ni\u017c chrze\u015bcija\u0144ska tradycja, to ho\u0142d i dzi\u0119kczynienie dla Tej, kt\u00f3ra jest nasz\u0105 Matk\u0105.<\/strong>. Mo\u017cna zaoferowa\u0107 Pa\u0144stwu wiele r\u00f3\u017cnych szczeg\u00f3\u0142\u00f3w. Do najcz\u0119stszych nale\u017c\u0105&nbsp;<a href=\"https:\/\/fundacioncarf.org\/oracion-en-familia-como-aprender-a-orar\/\" target=\"_blank\" rel=\"noreferrer noopener\">modlitwa rodzinna<\/a>Modlitwa r\u00f3\u017ca\u0144cowa, ofiarowanie kwiat\u00f3w i rozwa\u017canie dogmat\u00f3w.<\/p>\n\n\n\n<h2 class=\"wp-block-heading\" id=\"la-devocion-a-la-virgen-maria-en-el-mes-de-mayo\">Nabo\u017ce\u0144stwo do Naj\u015bwi\u0119tszej Maryi Panny w maju<\/h2>\n\n\n\n<p>Sposoby oddawania czci Maryi w maju s\u0105 tak r\u00f3\u017cnorodne, jak ludzie i zwyczaje tych, kt\u00f3rzy J\u0105 czcz\u0105. Powszechne jest, \u017ce w maju parafie codziennie odmawiaj\u0105 R\u00f3\u017caniec \u015awi\u0119ty, a wiele z nich wznosi specjalny o\u0142tarz z figur\u0105 lub wizerunkiem Maryi.<\/p>\n\n\n\n<p>Ponadto wieloletni\u0105 tradycj\u0105 jest koronowanie Jej figury, zwyczaj znany jako Koronacja Majowa. Cz\u0119sto korona jest wykonana z pi\u0119knych kwiat\u00f3w, kt\u00f3re reprezentuj\u0105 pi\u0119kno i cnot\u0119 Maryi, a tak\u017ce przypominaj\u0105 wiernym, aby starali si\u0119 na\u015bladowa\u0107 Jej cnoty. Koronacja ta jest w niekt\u00f3rych regionach wielkim \u015bwi\u0119tem i zwykle odbywa si\u0119 poza Msz\u0105 \u015awi\u0119t\u0105.<\/p>\n\n\n\n<p><strong>O\u0142tarze i koronacje w tym miesi\u0105cu to nie tylko przywilej parafii. R\u00f3wnie\u017c w domu mo\u017cna w pe\u0142ni uczestniczy\u0107 w \u017cyciu Ko\u015bcio\u0142a.&nbsp;<\/strong>Powinni\u015bmy po\u015bwi\u0119ci\u0107 szczeg\u00f3lne miejsce Maryi nie dlatego, \u017ce taka jest tradycja lub ze wzgl\u0119du na szczeg\u00f3lne \u0142aski, kt\u00f3re mo\u017cna uzyska\u0107, ale dlatego, \u017ce Maryja jest nasz\u0105 Matk\u0105, Matk\u0105 ca\u0142ego \u015bwiata i poniewa\u017c troszczy si\u0119 o nas wszystkich, wstawiaj\u0105c si\u0119 nawet w najmniejszych sprawach.<\/p>\n\n\n\n<h3 class=\"wp-block-heading\" id=\"como-se-comportan-un-hijo-con-su-madre\">Jak syn zachowuje si\u0119 wobec matki?<\/h3>\n\n\n\n<p>\"Jak zachowuje si\u0119 normalny syn lub c\u00f3rka wobec swojej matki? Na tysi\u0105ce sposob\u00f3w, ale zawsze z uczuciem i zaufaniem. Z uczuciem, kt\u00f3re w ka\u017cdym przypadku b\u0119dzie przebiega\u0107 przez okre\u015blone kana\u0142y, zrodzone z samego \u017cycia, kt\u00f3re nigdy nie s\u0105 czym\u015b zimnym, ale raczej ujmuj\u0105cymi zwyczajami domowymi, drobnymi codziennymi szczeg\u00f3\u0142ami, kt\u00f3re syn musi mie\u0107 z matk\u0105 i za kt\u00f3rymi matka t\u0119skni, je\u015bli syn kiedykolwiek o nich zapomni: poca\u0142unek lub pieszczota podczas wychodzenia lub powrotu do domu, ma\u0142y prezent, kilka wyrazistych s\u0142\u00f3w \".<\/p>\n\n\n\n<figure class=\"wp-block-embed is-type-video is-provider-youtube wp-block-embed-youtube wp-embed-aspect-4-3 wp-has-aspect-ratio\"><div class=\"wp-block-embed__wrapper\">\n<iframe loading=\"lazy\" title=\"\u015awi\u0119ty Josemar\u00eda, za\u0142o\u017cyciel Opus Dei i mi\u0142o\u015b\u0107 do Naj\u015bwi\u0119tszej Maryi Panny\" width=\"500\" height=\"375\" src=\"https:\/\/www.youtube.com\/embed\/MdvlTYpbMvE?feature=oembed\" frameborder=\"0\" allow=\"accelerometer; autoplay; clipboard-write; encrypted-media; gyroscope; picture-in-picture; web-share\" referrerpolicy=\"strict-origin-when-cross-origin\" allowfullscreen><\/iframe>\n<\/div><\/figure>\n\n\n\n<p>\"W naszych relacjach z Niebia\u0144sk\u0105 Matk\u0105 istniej\u0105 r\u00f3wnie\u017c zasady synowskiej pobo\u017cno\u015bci, kt\u00f3re s\u0105 kana\u0142em naszego zwyczajowego zachowania wobec Niej. Wielu chrze\u015bcijan czyni w\u0142asnym staro\u017cytny zwyczaj&nbsp;<a href=\"https:\/\/fundacioncarf.org\/blog\/escapulario-virgen-del-carmen\/\" target=\"_blank\" rel=\"noreferrer noopener\">szkaplerz<\/a>lub nabra\u0142y nawyku witania si\u0119 - nie s\u0105 potrzebne \u017cadne s\u0142owa, wystarczy sama my\u015bl.&nbsp;<strong>wizerunki Maryi, kt\u00f3re znajduj\u0105 si\u0119 w ka\u017cdym chrze\u015bcija\u0144skim domu lub kt\u00f3re zdobi\u0105 ulice tak wielu miast<\/strong>.<\/p>\n\n\n\n<p><em><strong>Albo \u017cyj\u0105 t\u0105 cudown\u0105 modlitw\u0105, jak\u0105 jest r\u00f3\u017caniec \u015bwi\u0119ty, w kt\u00f3rej dusza nigdy nie m\u0119czy si\u0119 ci\u0105g\u0142ym powtarzaniem tych samych rzeczy, tak jak kochankowie nigdy nie m\u0119cz\u0105 si\u0119 kochaniem siebie nawzajem, i w kt\u00f3rej ucz\u0105 si\u0119 prze\u017cywa\u0107 centralne momenty \u017cycia Pana; albo s\u0105 przyzwyczajeni do po\u015bwi\u0119cania jednego dnia w tygodniu Pani - w\u0142a\u015bnie tego dnia, w kt\u00f3rym si\u0119 teraz zebrali\u015bmy: w sobot\u0119 - ofiarowuj\u0105c Jej jaki\u015b ma\u0142y przysmak i medytuj\u0105c szczeg\u00f3lnie o Jej macierzy\u0144stwie \u00bb. <\/strong><\/em>(\u015aw. Josemaria, Chrystus przechodzi obok, 142).<\/p>\n\n\n\n<p><strong>Manifestowanie mi\u0142o\u015bci do Maryi<\/strong><\/p>\n\n\n\n<p>\u00abIstnieje wiele innych nabo\u017ce\u0144stw maryjnych, kt\u00f3rych nie trzeba tutaj przypomina\u0107. Nie wszystkie musz\u0105 by\u0107 w\u0142\u0105czone w \u017cycie ka\u017cdego chrze\u015bcijanina - wzrastanie w \u017cyciu nadprzyrodzonym jest czym\u015b zupe\u0142nie innym ni\u017c zwyk\u0142e gromadzenie nabo\u017ce\u0144stw - ale musz\u0119 jednocze\u015bnie stwierdzi\u0107, \u017ce nie posiada pe\u0142ni wiary ten, kto nie \u017cyje niekt\u00f3rymi z nich, kto nie manifestuje w jaki\u015b spos\u00f3b swojej mi\u0142o\u015bci do Maryi\u00bb.<\/p>\n\n\n\n<p>\"Ci, kt\u00f3rzy uwa\u017caj\u0105 nabo\u017ce\u0144stwa do Naj\u015bwi\u0119tszej Dziewicy za przestarza\u0142e, pokazuj\u0105, \u017ce utracili g\u0142\u0119bokie chrze\u015bcija\u0144skie znaczenie, kt\u00f3re zawieraj\u0105, \u017ce zapomnieli o \u017ar\u00f3dle, z kt\u00f3rego si\u0119 rodz\u0105: wiara w zbawcz\u0105 wol\u0119 Boga Ojca, mi\u0142o\u015b\u0107 do Boga Syna, kt\u00f3ry naprawd\u0119 sta\u0142 si\u0119 cz\u0142owiekiem i narodzi\u0142 si\u0119 z kobiety, zaufanie do Boga Ducha \u015awi\u0119tego, kt\u00f3ry u\u015bwi\u0119ca nas swoj\u0105 \u0142ask\u0105.&nbsp;<strong>To B\u00f3g da\u0142 nam Maryj\u0119 i nie mamy prawa Jej odrzuca\u0107, ale musimy i\u015b\u0107 do Niej z mi\u0142o\u015bci\u0105 i rado\u015bci\u0105 dzieci\u00bb.\u00bb<\/strong>,Josemar\u00eda.&nbsp;<em>To Chrystus przechodzi obok, 142<\/em>.<\/p>\n\n\n\n<blockquote class=\"wp-block-quote alignleft is-layout-flow wp-block-quote-is-layout-flow\">\n<p><strong><em>-Czy chce Pan kocha\u0107 Matk\u0119 Bo\u017c\u0105? -Dobrze, niech j\u0105 Pan potraktuje! Jak? - Poprzez dobre odmawianie R\u00f3\u017ca\u0144ca Matki Bo\u017cej.<\/em><\/strong> <em>(\u015aw. Josemar\u00eda<\/em>, R\u00f3\u017caniec \u015awi\u0119ty).<\/p>\n<\/blockquote>\n\n\n\n<h2 class=\"wp-block-heading\" id=\"para-aprovechar-el-mes-de-mayo\">Aby jak najlepiej wykorzysta\u0107 maj<\/h2>\n\n\n\n<p>Naj\u015bwi\u0119tsza Maryja Panna zawsze troszczy si\u0119 o nas i pomaga nam we wszystkim, czego potrzebujemy. Pomaga nam przezwyci\u0119\u017cy\u0107 pokusy i zachowa\u0107 stan \u0142aski i przyja\u017ani z Bogiem, aby\u015bmy mogli osi\u0105gn\u0105\u0107 Niebo. Maryja jest Matk\u0105 Ko\u015bcio\u0142a.<\/p>\n\n\n\n<p>Maryja by\u0142a kobiet\u0105 o g\u0142\u0119bokim \u017cyciu modlitewnym, zawsze \u017cy\u0142a blisko Boga. By\u0142a prost\u0105 kobiet\u0105; by\u0142a hojna, zapomnia\u0142a o sobie, aby da\u0107 siebie innym; mia\u0142a wielkie mi\u0142osierdzie, kocha\u0142a i pomaga\u0142a wszystkim jednakowo; by\u0142a pomocna, opiekowa\u0142a si\u0119 J\u00f3zefem i Jezusem z mi\u0142o\u015bci\u0105; \u017cy\u0142a rado\u015bnie; by\u0142a cierpliwa wobec swojej rodziny; wiedzia\u0142a, jak przyj\u0105\u0107 wol\u0119 Bo\u017c\u0105 w swoim \u017cyciu. Wszystkie te cnoty s\u0105 przyk\u0142adem \u017cycia dla nas chrze\u015bcijan, chcemy \u017cy\u0107 jako Jego godne dzieci, dlatego pod\u0105\u017camy za Jego przyk\u0142adem.<\/p>\n\n\n\n<h3 class=\"wp-block-heading\" id=\"que-se-acostumbra-hacer-este-mes\"><strong>Jaki jest zwyczaj w tym miesi\u0105cu?<\/strong><\/h3>\n\n\n\n<p><strong>Prosz\u0119 pami\u0119ta\u0107 o objawieniach Matki Bo\u017cej.<\/strong>&nbsp;Jest ich wiele i wszystkie s\u0105 bardzo wyj\u0105tkowe. The&nbsp;<a href=\"https:\/\/fundacioncarf.org\/blog\/virgen-del-pilar\/\" target=\"_blank\" rel=\"noreferrer noopener\">Virgin<\/a>&nbsp;Maryja przekazuje swoje przes\u0142anie bezpo\u015brednio, wszystkie s\u0105 zwi\u0105zane z mi\u0142o\u015bci\u0105, jak\u0105 ma dla nas wszystkich, swoich dzieci.<\/p>\n\n\n\n<p><strong>Prosz\u0119 zastanowi\u0107 si\u0119 nad g\u0142\u00f3wnymi cnotami Maryi Dziewicy.<\/strong><\/p>\n\n\n\n<ul class=\"wp-block-list\">\n<li>Pa\u0144stwa <strong>Niepokalane Pocz\u0119cie:<\/strong> Maryja Dziewica urodzi\u0142a si\u0119 bez grzechu pierworodnego, poniewa\u017c mia\u0142a by\u0107 matk\u0105 Chrystusa.<\/li>\n\n\n\n<li>Jak \u017cy\u0142 <strong>boskie macierzy\u0144stwo<\/strong>Maryja jest matk\u0105 Jezusa Chrystusa na ziemi. Jak wygl\u0105da\u0142 dzie\u0144 z \u017cycia Maryi Dziewicy?<\/li>\n\n\n\n<li>Jego wieczny <strong>dziewictwo<\/strong>Maryja pocz\u0119\u0142a za spraw\u0105 Ducha \u015awi\u0119tego.<\/li>\n\n\n\n<li><strong>Za\u0142o\u017cenie <\/strong>Maryi Panny do nieba: pod koniec \u017cycia zosta\u0142a wzi\u0119ta cia\u0142em i dusz\u0105 do nieba.<\/li>\n<\/ul>\n\n\n\n<p><strong>\u017by\u0107 rzeczywistym i prawdziwym nabo\u017ce\u0144stwem do Maryi.<\/strong>&nbsp;Prosz\u0119 spojrze\u0107 na Maryj\u0119 jak na matk\u0119. Rozmawia\u0107 z Ni\u0105 o wszystkim, co nam si\u0119 przydarza: o dobrych i z\u0142ych rzeczach. Wiedzie\u0107, jak zwraca\u0107 si\u0119 do Niej w ka\u017cdej chwili. Medytowa\u0107 nad 7 bole\u015bciami Maryi Dziewicy, tymi momentami w \u017cyciu Maryi Dziewicy, w kt\u00f3rych by\u0142a zjednoczona z Jezusem w szczeg\u00f3lny spos\u00f3b i kt\u00f3re pozwoli\u0142y Jej dzieli\u0107 g\u0142\u0119bi\u0119 smutku Jej Syna i mi\u0142o\u015b\u0107 Jego ofiary.<\/p>\n\n\n\n<p><strong>Prosz\u0119 na\u015bladowa\u0107 ich cnoty:<\/strong>&nbsp;To najlepszy spos\u00f3b na okazanie jej mi\u0142o\u015bci. Okazywanie jej uczu\u0107: Prosz\u0119 robi\u0107 to, czego od nas oczekuje i pami\u0119ta\u0107 o niej przez ca\u0142y dzie\u0144.<\/p>\n\n\n\n<p><strong>Mie\u0107 do niego pe\u0142ne zaufanie:<\/strong>&nbsp;poniewa\u017c to Dziewica Maryja wstawia si\u0119 przed Jezusem za naszymi trudno\u015bciami. Wszystkie \u0142aski, kt\u00f3re Jezus nam daje, przechodz\u0105 przez r\u0119ce Maryi.<\/p>\n\n\n\n<h4 class=\"wp-block-heading\" id=\"varias-oraciones-marianas\">R\u00f3\u017cne modlitwy maryjne<\/h4>\n\n\n\n<p>Traktowanie Maryi jest dobrym sposobem na zbli\u017cenie si\u0119 do Jej Syna. Prosz\u0119 modli\u0107 si\u0119 jako rodzina, zw\u0142aszcza modlitwami po\u015bwi\u0119conymi Naj\u015bwi\u0119tszej Maryi Pannie.<\/p>\n\n\n\n<p>Chrze\u015bcijanie maj\u0105 pi\u0119kne modlitwy po\u015bwi\u0119cone Dziewicy Maryi, a tak\u017ce wiele pie\u015bni ku jej czci, kt\u00f3re pomagaj\u0105 nam pami\u0119ta\u0107 o ogromnej mi\u0142o\u015bci naszej matki do nas, jej dzieci.<\/p>\n\n\n\n<ul class=\"wp-block-list\">\n<li>Odmawianie R\u00f3\u017ca\u0144ca \u015awi\u0119tego z g\u0142\u0119bi serca, samotnie lub w towarzystwie. Medytacja nad tajemnicami, kt\u00f3re przewijaj\u0105 si\u0119 przez wiele wa\u017cnych chwil Maryi: \n<ul class=\"wp-block-list\">\n<li>Tajemnice rado\u015bci: poniedzia\u0142ki i soboty<\/li>\n\n\n\n<li>Tajemnice bolesne: wtorki i pi\u0105tki<\/li>\n\n\n\n<li>Tajemnice \u015bwiat\u0142a: czwartek<\/li>\n\n\n\n<li>Tajemnice Chwalebne: niedziele i \u015brody<\/li>\n<\/ul>\n<\/li>\n<\/ul>\n\n\n\n<p>Odmawiaj\u0105c modlitw\u0119 Anio\u0142 Pa\u0144ski (kt\u00f3r\u0105 zwyczajowo odmawia si\u0119 w po\u0142udnie)&nbsp;<em>Regina Coeli<\/em>&nbsp;lub Po\u015bwi\u0119cenie si\u0119 Maryi. W\u015br\u00f3d innych modlitw. Mo\u017cna r\u00f3wnie\u017c po\u015bwi\u0119ci\u0107 Matce Bo\u017cej nowenn\u0119, aby poprosi\u0107 J\u0105 o szczeg\u00f3ln\u0105 \u0142ask\u0119 lub podzi\u0119kowa\u0107.<\/p>\n\n\n\n<figure class=\"wp-block-image size-large is-resized\"><img decoding=\"async\" width=\"821\" height=\"1024\" src=\"https:\/\/fundacioncarf.org\/wp-content\/uploads\/2024\/05\/1080x1350-angelus-e1776783674254-821x1024.jpg\" alt=\"mayo mes de mar\u00eda \u00e1ngelus\" class=\"wp-image-229341\" style=\"aspect-ratio:0.7998138370921964;width:793px;height:auto\" srcset=\"https:\/\/fundacioncarf.org\/wp-content\/uploads\/2024\/05\/1080x1350-angelus-e1776783674254-821x1024.jpg 821w, https:\/\/fundacioncarf.org\/wp-content\/uploads\/2024\/05\/1080x1350-angelus-e1776783674254-240x300.jpg 240w, https:\/\/fundacioncarf.org\/wp-content\/uploads\/2024\/05\/1080x1350-angelus-e1776783674254-120x150.jpg 120w, https:\/\/fundacioncarf.org\/wp-content\/uploads\/2024\/05\/1080x1350-angelus-e1776783674254-768x958.jpg 768w, https:\/\/fundacioncarf.org\/wp-content\/uploads\/2024\/05\/1080x1350-angelus-e1776783674254-10x12.jpg 10w, https:\/\/fundacioncarf.org\/wp-content\/uploads\/2024\/05\/1080x1350-angelus-e1776783674254.jpg 972w\" sizes=\"(max-width: 821px) 100vw, 821px\" \/><\/figure>\n\n\n\n<hr class=\"wp-block-separator has-alpha-channel-opacity\"\/>\n\n\n\n<div class=\"wp-block-rank-math-toc-block\" id=\"rank-math-toc\"><p><strong>Spis tre\u015bci<\/strong><\/p><nav><ul><li class=\"\"><a href=\"#por-que-mayo-es-el-mes-de-la-virgen-maria\">Dlaczego maj jest miesi\u0105cem Maryi Panny?<\/a><\/li><li class=\"\"><a href=\"#la-devocion-a-la-virgen-maria-en-el-mes-de-mayo\">Nabo\u017ce\u0144stwo do Naj\u015bwi\u0119tszej Maryi Panny w maju<\/a><ul><li class=\"\"><a href=\"#como-se-comportan-un-hijo-con-su-madre\">Jak syn zachowuje si\u0119 wobec matki?<\/a><\/li><\/ul><\/li><li class=\"\"><a href=\"#para-aprovechar-el-mes-de-mayo\">Aby jak najlepiej wykorzysta\u0107 maj<\/a><ul><li class=\"\"><a href=\"#que-se-acostumbra-hacer-este-mes\">Jaki jest zwyczaj w tym miesi\u0105cu?<\/a><\/li><\/ul><\/li><\/ul><\/nav><\/div>\n\n\n\n<hr class=\"wp-block-separator has-alpha-channel-opacity\"\/>","protected":false},"excerpt":{"rendered":"<p>Miesi\u0105c maj po\u015bwi\u0119camy szczeg\u00f3lnie naszej Matce, Maryi Dziewicy. Ale dlaczego maj jest miesi\u0105cem Dziewicy? Je\u015bli Ko\u015bci\u00f3\u0142 \u015bwi\u0119tuje Zmartwychwstanie Jezusa, dlaczego Maryja jest r\u00f3wnie\u017c czczona w tym miesi\u0105cu?<\/p>","protected":false},"author":4,"featured_media":229339,"comment_status":"closed","ping_status":"closed","sticky":false,"template":"","format":"standard","meta":{"_acf_changed":false,"give_campaign_id":0,"footnotes":""},"categories":[13],"tags":[172,120,121,9,178],"class_list":["post-167731","post","type-post","status-publish","format-standard","has-post-thumbnail","hentry","category-blog","tag-congregaciones-religiosas","tag-sacerdote","tag-seminarista","tag-virgen-maria","tag-voluntarios"],"acf":[],"_links":{"self":[{"href":"https:\/\/fundacioncarf.org\/pl\/wp-json\/wp\/v2\/posts\/167731","targetHints":{"allow":["GET"]}}],"collection":[{"href":"https:\/\/fundacioncarf.org\/pl\/wp-json\/wp\/v2\/posts"}],"about":[{"href":"https:\/\/fundacioncarf.org\/pl\/wp-json\/wp\/v2\/types\/post"}],"author":[{"embeddable":true,"href":"https:\/\/fundacioncarf.org\/pl\/wp-json\/wp\/v2\/users\/4"}],"replies":[{"embeddable":true,"href":"https:\/\/fundacioncarf.org\/pl\/wp-json\/wp\/v2\/comments?post=167731"}],"version-history":[{"count":14,"href":"https:\/\/fundacioncarf.org\/pl\/wp-json\/wp\/v2\/posts\/167731\/revisions"}],"predecessor-version":[{"id":229487,"href":"https:\/\/fundacioncarf.org\/pl\/wp-json\/wp\/v2\/posts\/167731\/revisions\/229487"}],"wp:featuredmedia":[{"embeddable":true,"href":"https:\/\/fundacioncarf.org\/pl\/wp-json\/wp\/v2\/media\/229339"}],"wp:attachment":[{"href":"https:\/\/fundacioncarf.org\/pl\/wp-json\/wp\/v2\/media?parent=167731"}],"wp:term":[{"taxonomy":"category","embeddable":true,"href":"https:\/\/fundacioncarf.org\/pl\/wp-json\/wp\/v2\/categories?post=167731"},{"taxonomy":"post_tag","embeddable":true,"href":"https:\/\/fundacioncarf.org\/pl\/wp-json\/wp\/v2\/tags?post=167731"}],"curies":[{"name":"wp","href":"https:\/\/api.w.org\/{rel}","templated":true}]}}