{"id":167717,"date":"2026-05-01T02:00:00","date_gmt":"2026-05-01T00:00:00","guid":{"rendered":"https:\/\/carfundacion.roymo.info\/blog\/san-jose-obrero-quien-fue-jose-de-nazaret-el-padre-de-jesus\/"},"modified":"2026-04-21T16:33:54","modified_gmt":"2026-04-21T14:33:54","slug":"san-jose-obrero-quien-fue-el-padre-de-jesus","status":"publish","type":"post","link":"https:\/\/fundacioncarf.org\/pl\/san-jose-obrero-quien-fue-el-padre-de-jesus\/","title":{"rendered":"1 maja, \u015bw. J\u00f3zef Robotnik: Kto by\u0142 ojcem Jezusa?"},"content":{"rendered":"<p>\u015awi\u0119ty J\u00f3zef ma kilka dni \u015bwi\u0105tecznych w naszym kalendarzu. W maju, pierwszego dnia miesi\u0105ca, obchodzimy \u015bwi\u0119to \u015bw. J\u00f3zefa Robotnika, patrona robotnik\u00f3w. To on wspiera\u0142 i opiekowa\u0142 si\u0119 Jezusem i Maryj\u0105 dzi\u0119ki swoim umiej\u0119tno\u015bciom stolarskim. W dniu jego \u015bwi\u0119ta, 19 marca, papie\u017c Leon XIV zach\u0119ci\u0142 nas do zwr\u00f3cenia szczeg\u00f3lnej uwagi na posta\u0107 \u015bw. W tym celu wskaza\u0142 na dwie wyj\u0105tkowe cnoty, kt\u00f3re definiuj\u0105 ojca Jezusa: <strong>\u00abJ\u00f3zef pokazuje nam, \u017ce obecno\u015b\u0107 i opieka s\u0105 nieroz\u0142\u0105cznymi wymiarami.<\/strong>\u00bb y <strong>\u00abUznajemy w nim, \u017ce przyjmowanie, opr\u00f3cz bycia obecnym, oznacza r\u00f3wnie\u017c trosk\u0119. By\u0107 opiekunem oznacza by\u0107 uwa\u017cnym na innych, szanowa\u0107 ich wybory i troszczy\u0107 si\u0119 o nich\u00bb.<\/strong><\/p>\n\n\n\n<p>\u00abProsz\u0119 bardzo kocha\u0107 \u015bwi\u0119tego J\u00f3zefa, kocha\u0107 go ca\u0142ym sercem, poniewa\u017c jest on osob\u0105, kt\u00f3ra wraz z Jezusem najbardziej kocha\u0142a \u015bwi\u0119t\u0105 Maryj\u0119, i t\u0105, kt\u00f3ra najbardziej traktowa\u0142a Boga: t\u0105, kt\u00f3ra kocha\u0142a Go najbardziej po naszej Matce. Zas\u0142uguje na twoje uczucie i dobrze jest, aby\u015b go traktowa\u0142, poniewa\u017c jest Mistrzem \u017cycia wewn\u0119trznego i mo\u017ce wiele uczyni\u0107 przed Panem i Matk\u0105 Bo\u017c\u0105,&nbsp;<em><a href=\"https:\/\/escriva.org\/es\/forja\/554\/\" target=\"_blank\" data-type=\"link\" data-id=\"https:\/\/escriva.org\/es\/forja\/554\/\" rel=\"noreferrer noopener\">Ku\u017ania, 554<\/a>.<\/em><\/p>\n\n\n\n<h2 class=\"wp-block-heading\" id=\"biografia-de-san-jose-el-obrero-de-nazaret\">Biografia \u015bwi\u0119tego J\u00f3zefa Robotnika z Nazaretu<\/h2>\n\n\n\n<p>Zar\u00f3wno Mateusz, jak i \u0141ukasz m\u00f3wi\u0105 o \u015bw. J\u00f3zefie jako o cz\u0142owieku wywodz\u0105cym si\u0119 ze znakomitego rodu: Dawida i Salomona, kr\u00f3l\u00f3w Izraela. Szczeg\u00f3\u0142y tego rodowodu s\u0105 z historycznego punktu widzenia nieco niejasne: nie wiemy, kt\u00f3ra z dw\u00f3ch genealogii podanych przez ewangelist\u00f3w odpowiada Maryi, a kt\u00f3ra \u015bwi\u0119temu J\u00f3zefowi, kt\u00f3ry by\u0142 jej ojcem zgodnie z prawem \u017cydowskim. Nie wiemy, czy jego rodzinnym miastem by\u0142o Betlejem, gdzie zosta\u0142 zarejestrowany, czy Nazaret, gdzie mieszka\u0142 i pracowa\u0142.<\/p>\n\n\n\n<p>Wiemy jednak, \u017ce nie by\u0142 bogaczem: by\u0142 robotnikiem, jak miliony innych ludzi na ca\u0142ym \u015bwiecie; wykonywa\u0142 ci\u0119\u017ck\u0105 i pokorn\u0105 prac\u0119, kt\u00f3r\u0105 B\u00f3g wybra\u0142 dla siebie, przyjmuj\u0105c nasze cia\u0142o i chc\u0105c \u017cy\u0107 przez trzydzie\u015bci lat jako jeden z nas.<\/p>\n\n\n\n<p>Pismo \u015awi\u0119te m\u00f3wi, \u017ce J\u00f3zef by\u0142 rzemie\u015blnikiem. Kilku Ojc\u00f3w dodaje, \u017ce by\u0142 stolarzem. \u015aw. Justyn, m\u00f3wi\u0105c o \u017cyciu zawodowym Jezusa, m\u00f3wi, \u017ce wykonywa\u0142 p\u0142ugi i jarzma.&nbsp;<em>(\u015aw. Justyn, Dialogus cum Tryphone, 88, 2, 8 (PG 6, 687).<\/em>By\u0107 mo\u017ce na podstawie tych s\u0142\u00f3w \u015bw. Izydor z Sewilli wnioskuje, \u017ce J\u00f3zef by\u0142 kowalem. W ka\u017cdym razie robotnik, kt\u00f3ry pracowa\u0142 w s\u0142u\u017cbie swoim wsp\u00f3\u0142obywatelom, kt\u00f3ry mia\u0142 zdolno\u015bci manualne, owoc wieloletniego wysi\u0142ku i potu.<\/p>\n\n\n\n<p>Wielka osobowo\u015b\u0107 ludzka J\u00f3zefa jest widoczna w narracjach ewangelicznych: w \u017cadnym momencie nie jawi si\u0119 nam jako cz\u0142owiek boja\u017aliwy lub boj\u0105cy si\u0119 \u017cycia; wr\u0119cz przeciwnie,&nbsp;<strong>wie, jak rozwi\u0105zywa\u0107 problemy, radzi\u0107 sobie w trudnych sytuacjach, przejmowa\u0107 odpowiedzialno\u015b\u0107 i inicjatyw\u0119 za powierzone mu zadania.<\/strong><\/p>\n\n\n\n<figure class=\"wp-block-image size-full is-resized\"><img decoding=\"async\" width=\"1000\" height=\"667\" src=\"https:\/\/fundacioncarf.org\/wp-content\/uploads\/2025\/02\/siete_domingos_san_jose-copia.webp\" alt=\"Siete domingos de san Jos\u00e9\" class=\"wp-image-228212\" style=\"aspect-ratio:1.4992888417882142;width:793px;height:auto\" srcset=\"https:\/\/fundacioncarf.org\/wp-content\/uploads\/2025\/02\/siete_domingos_san_jose-copia.webp 1000w, https:\/\/fundacioncarf.org\/wp-content\/uploads\/2025\/02\/siete_domingos_san_jose-copia-300x200.webp 300w, https:\/\/fundacioncarf.org\/wp-content\/uploads\/2025\/02\/siete_domingos_san_jose-copia-150x100.webp 150w, https:\/\/fundacioncarf.org\/wp-content\/uploads\/2025\/02\/siete_domingos_san_jose-copia-768x512.webp 768w, https:\/\/fundacioncarf.org\/wp-content\/uploads\/2025\/02\/siete_domingos_san_jose-copia-18x12.webp 18w\" sizes=\"(max-width: 1000px) 100vw, 1000px\" \/><\/figure>\n\n\n\n<h3 class=\"wp-block-heading\" id=\"quien-fue-san-jose-obrero-en-la-iglesia-catolica\">Kim by\u0142 \u015bw. J\u00f3zef Robotnik w Ko\u015bciele katolickim?<\/h3>\n\n\n\n<p>Ca\u0142y Ko\u015bci\u00f3\u0142 uznaje w \u015bwi\u0119tym J\u00f3zefie swojego opiekuna i patrona. Przez wieki m\u00f3wiono o nim, podkre\u015blaj\u0105c r\u00f3\u017cne aspekty jego \u017cycia, nieustannie wiernego misji powierzonej mu przez Boga.<\/p>\n\n\n\n<ul class=\"wp-block-list\">\n<li>W XVII wieku papie\u017c Grzegorz XV po raz pierwszy ustanowi\u0142 \u015bwi\u0119to liturgiczne jego imienia.<\/li>\n\n\n\n<li>W 1870 roku papie\u017c Pius IX uczyni\u0142 \u015bw. J\u00f3zefa uniwersalnym patronem Ko\u015bcio\u0142a.<\/li>\n\n\n\n<li>Nast\u0119pnie Leon XIII po\u015bwi\u0119ci\u0142 \u015bwi\u0119temu patriarsze encyklik\u0119<\/li>\n\n\n\n<li>100 lat po tym dokumencie \u015bw. Jan Pawe\u0142 II napisa\u0142 adhortacj\u0119 apostolsk\u0105 Redemptoris custos.<\/li>\n\n\n\n<li>Papie\u017c Franciszek opublikowa\u0142 r\u00f3wnie\u017c w 2020 roku list o \u015bw. J\u00f3zefie, zatytu\u0142owany&nbsp;<em>Patris corde<\/em>serce Ojca.<\/li>\n<\/ul>\n\n\n\n<p>Wed\u0142ug s\u0142\u00f3w \u015bw. Josemarii, \u015bwi\u0119ty J\u00f3zef jest naprawd\u0119&nbsp;<strong>Ojciec i Pan, kt\u00f3ry chroni i towarzyszy tym, kt\u00f3rzy go czcz\u0105, w jego ziemskiej w\u0119dr\u00f3wce, tak jak chroni\u0142 i towarzyszy\u0142 Jezusowi, gdy ten wzrasta\u0142 i stawa\u0142 si\u0119 cz\u0142owiekiem.<\/strong>&nbsp;W kontaktach z nim odkrywa si\u0119, \u017ce \u015awi\u0119ty Patriarcha jest r\u00f3wnie\u017c Mistrzem \u017cycia wewn\u0119trznego: poniewa\u017c&nbsp;<strong>uczy nas poznawa\u0107 Jezusa, \u017cy\u0107 razem z Nim<\/strong>wiedzie\u0107, \u017ce jeste\u015bmy cz\u0119\u015bci\u0105 Bo\u017cej rodziny. Ten \u015bwi\u0119ty daje nam te lekcje, b\u0119d\u0105c, tak jak on, zwyk\u0142ym cz\u0142owiekiem, ojcem rodziny, robotnikiem, kt\u00f3ry zarabia\u0142 na \u017cycie wysi\u0142kiem swoich r\u0105k.<\/p>\n\n\n\n<p id=\"las-virtudes-de-jose-de-nazaret\"><strong>Cnoty J\u00f3zefa z Nazaretu<\/strong><\/p>\n\n\n\n<p>Kim jest \u015bwi\u0119ty J\u00f3zef Robotnik? By\u0142 rzemie\u015blnikiem z Galilei, cz\u0142owiekiem jak wielu innych. W swoich czasach mia\u0142 tylko&nbsp;<a href=\"https:\/\/fundacioncarf.org\/expertos\/san-jose-el-trabajo-y-la-paternidad\/\">rodzicielstwo i praca<\/a>ka\u017cdego dnia, zawsze z takim samym wysi\u0142kiem. A na koniec ma\u0142y, biedny domek, aby odzyska\u0107 si\u0142y i zacz\u0105\u0107 od nowa.<\/p>\n\n\n\n<p>Ale&nbsp;<strong>Imi\u0119 J\u00f3zef oznacza po hebrajsku: B\u00f3g doda<\/strong>. B\u00f3g dodaje do \u015bwi\u0119tego \u017cycia tych, kt\u00f3rzy wype\u0142niaj\u0105 jego wol\u0119, niepodejrzane wymiary: to, co jest wa\u017cne, co nadaje warto\u015b\u0107 wszystkiemu, co jest boskie.  B\u00f3g, do skromnego i \u015bwi\u0119tego \u017cycia J\u00f3zefa, doda\u0142 \u017cycie Maryi Dziewicy i Jezusa, naszego Pana.<\/p>\n\n\n\n<p>\u017by\u0107 z wiary - te s\u0142owa w pe\u0142ni realizuj\u0105 si\u0119 w \u015bw. J\u00f3zefie.&nbsp;<strong>Jego wype\u0142nianie woli Bo\u017cej jest spontaniczne i g\u0142\u0119bokie.<\/strong>.<\/p>\n\n\n\n<p>Dla historii \u015awi\u0119tego Patriarchy by\u0142o to \u017cycie proste, ale nie \u0142atwe. Po udr\u0119czonych chwilach wiedzia\u0142, \u017ce Syn Maryi zosta\u0142 pocz\u0119ty przez Ducha \u015awi\u0119tego. I to Dziecko, Syn Bo\u017cy, potomek Dawida wed\u0142ug cia\u0142a, rodzi si\u0119 w jaskini. Anio\u0142owie \u015bwi\u0119tuj\u0105 jego narodziny, a ludzie z odleg\u0142ych krain przybywaj\u0105, aby go uwielbia\u0107, ale kr\u00f3l Judei \u017cyczy mu \u015bmierci i trzeba ucieka\u0107. Syn Bo\u017cy jest na poz\u00f3r bezbronnym dzieckiem, kt\u00f3re b\u0119dzie \u017cy\u0142o w Egipcie.<\/p>\n\n\n\n<p>W swojej Ewangelii,&nbsp;<strong>Mateusz nieustannie podkre\u015bla wierno\u015b\u0107 J\u00f3zefa w wype\u0142nianiu bez wahania Bo\u017cych polece\u0144,<\/strong>&nbsp;nawet je\u015bli czasami znaczenie tych polece\u0144 mo\u017ce wydawa\u0107 si\u0119 niejasne lub ich zwi\u0105zek z reszt\u0105 boskich plan\u00f3w mo\u017ce by\u0107 przed nim ukryty.<\/p>\n\n\n\n<p><strong>Wiara i nadzieja<\/strong><\/p>\n\n\n\n<p>Przy wielu okazjach Ojcowie Ko\u015bcio\u0142a podkre\u015blaj\u0105 stanowczo\u015b\u0107 wiary \u015bw.&nbsp;<strong>Wiara J\u00f3zefa nie s\u0142abnie, jego pos\u0142usze\u0144stwo jest zawsze \u015bcis\u0142e i szybkie.<\/strong><\/p>\n\n\n\n<p>Aby lepiej zrozumie\u0107 t\u0119 lekcj\u0119 dan\u0105 nam tutaj przez \u015awi\u0119tego Patriarch\u0119, dobrze jest rozwa\u017cy\u0107, \u017ce&nbsp;<strong>ich wiara jest aktywna<\/strong>. Wiara chrze\u015bcija\u0144ska jest bowiem przeciwie\u0144stwem konformizmu, czyli braku wewn\u0119trznej aktywno\u015bci i energii.<\/p>\n\n\n\n<p>W r\u00f3\u017cnych okoliczno\u015bciach swojego \u017cycia Patriarcha nie rezygnuje z my\u015blenia, ani nie uchyla si\u0119 od odpowiedzialno\u015bci.&nbsp;<strong>Wr\u0119cz przeciwnie: ca\u0142e swoje ludzkie do\u015bwiadczenie oddaje w s\u0142u\u017cb\u0119 wiary.<\/strong>.<\/p>\n\n\n\n<p><strong>Wiara, mi\u0142o\u015b\u0107, nadzieja: to kamienie w\u0119gielne \u017cycia \u015bwi\u0119tego i ka\u017cdego chrze\u015bcijanina.<\/strong>. Z tego splotu wiernej mi\u0142o\u015bci, kochaj\u0105cej wiary i ufnej nadziei utkany jest dar z siebie J\u00f3zefa z Nazaretu.<\/p>\n\n\n\n<p>Tego uczy nas \u017cycie \u015bw. J\u00f3zefa: proste, normalne i zwyczajne, sk\u0142adaj\u0105ce si\u0119 z lat pracy, kt\u00f3re zawsze s\u0105 takie same, z ludzkich monotonnych dni, kt\u00f3re nast\u0119puj\u0105 jeden po drugim.<\/p>\n\n\n\n<figure class=\"wp-block-image size-full is-resized\"><img decoding=\"async\" width=\"1000\" height=\"677\" src=\"https:\/\/fundacioncarf.org\/wp-content\/uploads\/2025\/02\/siete_domingos_san_jose_egipto.webp\" alt=\"Siete domingos de san Jos\u00e9\" class=\"wp-image-228218\" style=\"aspect-ratio:1.4771665659174589;width:793px;height:auto\" srcset=\"https:\/\/fundacioncarf.org\/wp-content\/uploads\/2025\/02\/siete_domingos_san_jose_egipto.webp 1000w, https:\/\/fundacioncarf.org\/wp-content\/uploads\/2025\/02\/siete_domingos_san_jose_egipto-300x203.webp 300w, https:\/\/fundacioncarf.org\/wp-content\/uploads\/2025\/02\/siete_domingos_san_jose_egipto-150x102.webp 150w, https:\/\/fundacioncarf.org\/wp-content\/uploads\/2025\/02\/siete_domingos_san_jose_egipto-768x520.webp 768w, https:\/\/fundacioncarf.org\/wp-content\/uploads\/2025\/02\/siete_domingos_san_jose_egipto-18x12.webp 18w\" sizes=\"(max-width: 1000px) 100vw, 1000px\" \/><\/figure>\n\n\n\n<p id=\"san-jose-el-padre-de-jesus\"><strong>\u015aw. J\u00f3zef, ojciec Jezusa<\/strong><\/p>\n\n\n\n<p>\u00abTraktuj J\u00f3zefa, a znajdziesz Jezusa\u00bb, <em>\u015awi\u0119ty Josemar\u00eda Escriva de Balaguer<\/em>.<\/p>\n\n\n\n<p>&nbsp;Za po\u015brednictwem anio\u0142a B\u00f3g sam zwierza si\u0119 J\u00f3zefowi, jakie s\u0105 jego plany i jak bardzo liczy na to, \u017ce je zrealizuje.&nbsp;<strong>J\u00f3zef jest powo\u0142any, aby by\u0107 ojcem Jezusa; to b\u0119dzie jego powo\u0142anie, jego misja.<\/strong><\/p>\n\n\n\n<p>J\u00f3zef by\u0142 po ludzku nauczycielem Jezusa; traktowa\u0142 Go codziennie, z delikatn\u0105 czu\u0142o\u015bci\u0105, i opiekowa\u0142 si\u0119 Nim z radosn\u0105 abnegacj\u0105.<\/p>\n\n\n\n<p><strong>J\u00f3zefa uczymy si\u0119, co to znaczy by\u0107 z Boga i w pe\u0142ni by\u0107 w\u015br\u00f3d ludzi, u\u015bwi\u0119caj\u0105c \u015bwiat.<\/strong>&nbsp;Traktujcie J\u00f3zefa, a znajdziecie Jezusa. Potraktujcie J\u00f3zefa, a znajdziecie Maryj\u0119, kt\u00f3ra zawsze nape\u0142nia\u0142a pokojem \u017cyczliwy warsztat z Nazaretu.<\/p>\n\n\n\n<p>J\u00f3zef z Nazaretu zaopiekowa\u0142 si\u0119 Synem Bo\u017cym i jako cz\u0142owiek wprowadzi\u0142 Go w nadziej\u0119 narodu izraelskiego. I to w\u0142a\u015bnie robi&nbsp;<strong>z nami: swoim pot\u0119\u017cnym wstawiennictwem przyprowadza nas do Jezusa<\/strong>. Josemar\u00eda, kt\u00f3rego nabo\u017ce\u0144stwo do \u015bw. J\u00f3zefa wzrasta\u0142o przez ca\u0142e jego \u017cycie, powiedzia\u0142, \u017ce jest on naprawd\u0119 Ojcem i Panem, kt\u00f3ry chroni i towarzyszy tym, kt\u00f3rzy go czcz\u0105, w ich ziemskiej w\u0119dr\u00f3wce, tak jak chroni\u0142 i towarzyszy\u0142 Jezusowi, gdy ten wzrasta\u0142 i sta\u0142 si\u0119 cz\u0142owiekiem.<\/p>\n\n\n\n<p>B\u00f3g ci\u0105gle wymaga wi\u0119cej, a Jego drogi nie s\u0105 naszymi ludzkimi drogami.&nbsp;<strong>\u015awi\u0119ty J\u00f3zef, jak nikt przed nim ani po nim, nauczy\u0142 si\u0119 od Jezusa uwa\u017cno\u015bci, aby rozpoznawa\u0107 cuda Bo\u017ce, mie\u0107 otwarte serce i dusz\u0119.<\/strong><\/p>\n\n\n\n<p id=\"la-fiesta-de-san-jose\"><strong>Uroczysto\u015b\u0107 \u015bw. J\u00f3zefa<\/strong><\/p>\n\n\n\n<p>19 marca Ko\u015bci\u00f3\u0142 obchodzi \u015bwi\u0119to \u015awi\u0119tego Patriarchy, patrona Ko\u015bcio\u0142a i Dzie\u0142a, dzie\u0144, w kt\u00f3rym w Opus Dei odnawiamy zobowi\u0105zanie mi\u0142o\u015bci, kt\u00f3re jednoczy nas z naszym Panem. Ale na ca\u0142ym \u015bwiecie obchodzimy r\u00f3wnie\u017c \u015bwi\u0119to \u015bw. J\u00f3zefa Robotnika, patrona wszystkich robotnik\u00f3w, 1 maja.<\/p>\n\n\n\n<p>Uroczysto\u015b\u0107 \u015bw. J\u00f3zefa ukazuje nam pi\u0119kno wiernego \u017cycia. J\u00f3zef zaufa\u0142 Bogu: dlatego m\u00f3g\u0142 by\u0107 Jego zaufanym cz\u0142owiekiem na ziemi, aby opiekowa\u0107 si\u0119 Maryj\u0105 i Jezusem, a z nieba jest dobrym ojcem, kt\u00f3ry troszczy si\u0119 o wierno\u015b\u0107 chrze\u015bcijan.<\/p>\n\n\n\n<p><strong>Siedem niedziel \u015bw. J\u00f3zefa<\/strong><\/p>\n\n\n\n<p>S\u0105 one zwyczajem Ko\u015bcio\u0142a, kt\u00f3ry przygotowuje do \u015bwi\u0119ta 19 marca. Siedem niedziel poprzedzaj\u0105cych to \u015bwi\u0119to po\u015bwi\u0119cone jest \u015awi\u0119temu Patriarsze na pami\u0105tk\u0119 g\u0142\u00f3wnych rado\u015bci i smutk\u00f3w jego \u017cycia.<\/p>\n\n\n\n<p>Medytacja&nbsp;<strong>Bole\u015bci i rado\u015bci \u015bw. J\u00f3zefa<\/strong>&nbsp;pomaga lepiej pozna\u0107 \u015bwi\u0119tego Patriarch\u0119 i pami\u0119ta\u0107, \u017ce on r\u00f3wnie\u017c do\u015bwiadcza\u0142 rado\u015bci i trud\u00f3w.<\/p>\n\n\n\n<p>To papie\u017c Grzegorz XVI zach\u0119ca\u0142 do nabo\u017ce\u0144stwa siedmiu niedziel \u015bw. J\u00f3zefa, udzielaj\u0105c mu wielu odpust\u00f3w, ale Pius IX uczyni\u0142 je wiecznie aktualnymi swoim \u017cyczeniem, aby \u015bwi\u0119ty by\u0142 wzywany w celu z\u0142agodzenia \u00f3wczesnej trudnej sytuacji Ko\u015bcio\u0142a powszechnego.<\/p>\n\n\n\n<p>Pewnego dnia kto\u015b zapyta\u0142 \u015bw. Josemar\u00ed\u0119, jak zbli\u017cy\u0107 si\u0119 do Jezusa: \"Prosz\u0119 pomy\u015ble\u0107 o tym wspania\u0142ym cz\u0142owieku, wybranym przez Boga na ojca na ziemi; prosz\u0119 pomy\u015ble\u0107 o jego smutkach i rado\u015bciach. Czy obchodzi pan siedem niedziel? Je\u015bli nie, to radz\u0119, aby pan je odprawia\u0142.<\/p>\n\n\n\n<p>Jak\u0105 wielko\u015b\u0107 zyskuje cicha i ukryta posta\u0107 \u015bw. J\u00f3zefa\" - powiedzia\u0142 \u015bw. Jan XXIII - \"dzi\u0119ki duchowi, w jakim wype\u0142nia\u0142 misj\u0119 powierzon\u0105 mu przez Boga. Prawdziwa godno\u015b\u0107 cz\u0142owieka nie jest bowiem mierzona blaskiem widocznych wynik\u00f3w, ale wewn\u0119trznymi dyspozycjami porz\u0105dku i dobrej woli\".<\/p>\n\n\n\n<p id=\"curiosidades-de-san-jose-obrero\"><strong>Ciekawostki o \u015bwi\u0119tym J\u00f3zefie Robotniku<\/strong><\/p>\n\n\n\n<figure class=\"wp-block-embed is-type-video is-provider-youtube wp-block-embed-youtube wp-embed-aspect-16-9 wp-has-aspect-ratio\"><div class=\"wp-block-embed__wrapper\">\n<iframe loading=\"lazy\" title=\"Papie\u017c wyja\u015bnia sw\u00f3j nowy list o \u015bw. J\u00f3zefie\" width=\"500\" height=\"281\" src=\"https:\/\/www.youtube.com\/embed\/sQfOig4-fYA?feature=oembed\" frameborder=\"0\" allow=\"accelerometer; autoplay; clipboard-write; encrypted-media; gyroscope; picture-in-picture; web-share\" referrerpolicy=\"strict-origin-when-cross-origin\" allowfullscreen><\/iframe>\n<\/div><\/figure>\n\n\n\n<p><strong>Nabo\u017ce\u0144stwo papie\u017ca Leona XIV<\/strong><\/p>\n\n\n\n<p>\u00abJ\u00f3zef porzuca swoje ludzkie zabezpieczenia i ca\u0142kowicie oddaje si\u0119 Bogu, wyp\u0142ywaj\u0105c \u201cna g\u0142\u0119bi\u0119\u201d ku przysz\u0142o\u015bci powierzonej ca\u0142kowicie Opatrzno\u015bci. Augustyn tak opisuje jego zgod\u0119: \"Z pobo\u017cno\u015bci i mi\u0142o\u015bci J\u00f3zefa narodzi\u0142 si\u0119 syn z Maryi Dziewicy, a zarazem Syn Bo\u017cy\u00ab (Kazanie 51, 30)\".<\/p>\n\n\n\n<p id=\"devocion-del-papa-francisco\"><strong>Nabo\u017ce\u0144stwo papie\u017ca Franciszka<\/strong><\/p>\n\n\n\n<p>\"Chcia\u0142abym r\u00f3wnie\u017c powiedzie\u0107 Panu co\u015b bardzo osobistego. Bardzo kocham \u015awi\u0119tego J\u00f3zefa. Poniewa\u017c jest silnym i cichym cz\u0142owiekiem. A na biurku mam zdj\u0119cie \u015bpi\u0105cego \u015bw. J\u00f3zefa. A kiedy \u015bpi, zajmuje si\u0119 Ko\u015bcio\u0142em. Tak, mo\u017ce to zrobi\u0107. Nie mo\u017cemy. A kiedy mam problem, trudno\u015b\u0107. A kiedy mam jaki\u015b problem, trudno\u015b\u0107, pisz\u0119 na ma\u0142ej kartce i k\u0142ad\u0119 j\u0105 pod figur\u0105 \u015awi\u0119tego, \u017ceby mu si\u0119 przy\u015bni\u0142a. To znaczy, \u017ce modl\u0119 si\u0119 o ten problem.<\/p>\n\n\n\n<p id=\"devocion-de-san-josemaria\"><strong>Nabo\u017ce\u0144stwo do \u015bwi\u0119tego Josemarii<\/strong><\/p>\n\n\n\n<p>\u015awi\u0119ty J\u00f3zef jest patronem tej rodziny, jak\u0105 jest Dzie\u0142o. W pierwszych latach dzia\u0142alno\u015bci Dzie\u0142a \u015bw. Josemaria zwraca\u0142 si\u0119 do niego w szczeg\u00f3lny spos\u00f3b, aby Jezus w Naj\u015bwi\u0119tszym Sakramencie by\u0142 obecny w pierwszym o\u015brodku Opus Dei. Dzi\u0119ki jego wstawiennictwu w marcu 1935 r. mo\u017cliwe by\u0142o zarezerwowanie dla Pana oratorium Academia-Residencia DYA przy ulicy Ferraz w Madrycie.<\/p>\n\n\n\n<p>Od tego czasu za\u0142o\u017cyciel Dzie\u0142a chcia\u0142, aby kluczem do tabernakul\u00f3w o\u015brodk\u00f3w Opus Dei by\u0142 ma\u0142y medalik \u015bw. J\u00f3zefa z napisem&nbsp;<em>Ite ad Ioseph<\/em>Chodzi o to, aby pami\u0119ta\u0107, \u017ce w podobny spos\u00f3b, jak J\u00f3zef ze Starego Testamentu czyni to ze swoim ludem, \u015bwi\u0119ty patriarcha dostarczy\u0142 nam najcenniejszy pokarm: Eucharysti\u0119.<\/p>\n\n\n\n<p id=\"san-jose-obrero-el-santo-del-silencio-el-protector\"><strong>\u015awi\u0119ty J\u00f3zef Robotnik, \u015bwi\u0119ty milczenia, obro\u0144ca<\/strong><\/p>\n\n\n\n<p>Nie znamy \u017cadnych s\u0142\u00f3w wypowiedzianych przez niego, znamy tylko jego czyny, jego akty wiary, mi\u0142o\u015bci i ochrony. Chroni\u0142 Niepokalan\u0105 Matk\u0119 Bo\u017c\u0105 i by\u0142 ojcem Jezusa na ziemi. Jednak w Ewangeliach nie ma o nim \u017cadnej wzmianki. By\u0142 raczej cichym i pokornym s\u0142ug\u0105 Bo\u017cym, kt\u00f3ry w pe\u0142ni odegra\u0142 swoj\u0105 rol\u0119. Ci\u0119\u017cko pracowa\u0142, aby wspiera\u0107 \u015awi\u0119t\u0105 Rodzin\u0119.<\/p>\n\n\n\n<p>Jednym z pierwszych tytu\u0142\u00f3w, jakimi go uhonorowano, by\u0142&nbsp;<em>Nutritor Domini<\/em>\"Lord's Feeder\" pochodzi co najmniej z IX wieku.<\/p>\n\n\n\n<p id=\"celebraciones-en-su-honor\"><strong>Uroczysto\u015bci na jego cze\u015b\u0107<\/strong><\/p>\n\n\n\n<p>Uroczysto\u015b\u0107 \u015bw. J\u00f3zefa przypada na 19 marca, a \u015bwi\u0119to \u015bw. J\u00f3zefa Robotnika (Mi\u0119dzynarodowy Dzie\u0144 Pracy) na 1 maja. Jest on r\u00f3wnie\u017c cz\u0119\u015bci\u0105 \u015awi\u0119ta \u015awi\u0119tej Rodziny (30 grudnia) i bez w\u0105tpienia jest cz\u0119\u015bci\u0105 historii Bo\u017cego Narodzenia.<\/p>\n\n\n\n<p id=\"san-jose-tiene-multiples-patronazgos\"><strong>\u015awi\u0119ty J\u00f3zef ma wielu patron\u00f3w<\/strong><\/p>\n\n\n\n<p>Jest patronem Ko\u015bcio\u0142a powszechnego, dobrej \u015bmierci, rodzin, rodzic\u00f3w, kobiet w ci\u0105\u017cy, podr\u00f3\u017cnik\u00f3w, imigrant\u00f3w, rzemie\u015blnik\u00f3w, in\u017cynier\u00f3w i robotnik\u00f3w. Jest tak\u017ce patronem obu Ameryk, Kanady, Chin, Chorwacji, Meksyku, Korei, Austrii, Belgii, Peru, Filipin i Wietnamu.<\/p>\n\n\n\n<p>Pro\u015bmy \u015bwi\u0119tego J\u00f3zefa Robotnika, aby nadal pomaga\u0142 nam zbli\u017ca\u0107 si\u0119 do Jezusa w Naj\u015bwi\u0119tszym Sakramencie, kt\u00f3ry jest pokarmem, kt\u00f3rym karmi si\u0119 Ko\u015bci\u00f3\u0142. Uczyni\u0142 to z Maryj\u0105 w Nazarecie i uczyni to samo z Ni\u0105 w naszych domach.<\/p>\n\n\n\n<hr class=\"wp-block-separator has-alpha-channel-opacity\"\/>\n\n\n\n<div class=\"wp-block-rank-math-toc-block\" id=\"rank-math-toc\"><p><strong>Spis tre\u015bci<\/strong><\/p><nav><ul><li class=\"\"><a href=\"#biografia-de-san-jose-el-obrero-de-nazaret\">Biografia \u015bwi\u0119tego J\u00f3zefa Robotnika z Nazaretu<\/a><ul><li class=\"\"><a href=\"#quien-fue-san-jose-obrero-en-la-iglesia-catolica\">Kim by\u0142 \u015bw. J\u00f3zef Robotnik w Ko\u015bciele katolickim?<\/a><\/li><\/ul><\/li><\/ul><\/nav><\/div>\n\n\n\n<hr class=\"wp-block-separator has-alpha-channel-opacity\"\/>\n\n\n\n<p><\/p>","protected":false},"excerpt":{"rendered":"<p>J\u00f3zefowi B\u00f3g powierzy\u0142 ogromn\u0105 odpowiedzialno\u015b\u0107 i przywilej bycia m\u0119\u017cem Maryi Dziewicy i opiekunem \u015awi\u0119tej Rodziny. W tym celu pracowa\u0142 niestrudzenie, aby zapewni\u0107 im utrzymanie. To on jest najbli\u017cej Jezusa i Maryi Dziewicy.<\/p>","protected":false},"author":4,"featured_media":229327,"comment_status":"closed","ping_status":"closed","sticky":false,"template":"","format":"standard","meta":{"_acf_changed":false,"give_campaign_id":0,"footnotes":""},"categories":[13],"tags":[172,120,121,6,10,178],"class_list":["post-167717","post","type-post","status-publish","format-standard","has-post-thumbnail","hentry","category-blog","tag-congregaciones-religiosas","tag-sacerdote","tag-seminarista","tag-vida-cristiana","tag-vida-de-santos","tag-voluntarios"],"acf":[],"_links":{"self":[{"href":"https:\/\/fundacioncarf.org\/pl\/wp-json\/wp\/v2\/posts\/167717","targetHints":{"allow":["GET"]}}],"collection":[{"href":"https:\/\/fundacioncarf.org\/pl\/wp-json\/wp\/v2\/posts"}],"about":[{"href":"https:\/\/fundacioncarf.org\/pl\/wp-json\/wp\/v2\/types\/post"}],"author":[{"embeddable":true,"href":"https:\/\/fundacioncarf.org\/pl\/wp-json\/wp\/v2\/users\/4"}],"replies":[{"embeddable":true,"href":"https:\/\/fundacioncarf.org\/pl\/wp-json\/wp\/v2\/comments?post=167717"}],"version-history":[{"count":28,"href":"https:\/\/fundacioncarf.org\/pl\/wp-json\/wp\/v2\/posts\/167717\/revisions"}],"predecessor-version":[{"id":229454,"href":"https:\/\/fundacioncarf.org\/pl\/wp-json\/wp\/v2\/posts\/167717\/revisions\/229454"}],"wp:featuredmedia":[{"embeddable":true,"href":"https:\/\/fundacioncarf.org\/pl\/wp-json\/wp\/v2\/media\/229327"}],"wp:attachment":[{"href":"https:\/\/fundacioncarf.org\/pl\/wp-json\/wp\/v2\/media?parent=167717"}],"wp:term":[{"taxonomy":"category","embeddable":true,"href":"https:\/\/fundacioncarf.org\/pl\/wp-json\/wp\/v2\/categories?post=167717"},{"taxonomy":"post_tag","embeddable":true,"href":"https:\/\/fundacioncarf.org\/pl\/wp-json\/wp\/v2\/tags?post=167717"}],"curies":[{"name":"wp","href":"https:\/\/api.w.org\/{rel}","templated":true}]}}