{"id":229004,"date":"2026-04-10T02:00:00","date_gmt":"2026-04-10T00:00:00","guid":{"rendered":"https:\/\/fundacioncarf.org\/?p=229004"},"modified":"2026-03-31T13:20:12","modified_gmt":"2026-03-31T11:20:12","slug":"legado-solidario-herencia-formacion-sacerdotes","status":"publish","type":"post","link":"https:\/\/fundacioncarf.org\/it\/legado-solidario-herencia-formacion-sacerdotes\/","title":{"rendered":"Legacy of Solidarity trasforma la sua eredit\u00e0 in formazione integrale per i sacerdoti"},"content":{"rendered":"<p>Parlare di lasciare una parte del testamento e fare un'eredit\u00e0 di solidariet\u00e0 a una fondazione o a un'organizzazione no-profit non \u00e8 mai facile. Ci mette di fronte a decisioni profonde e trascendentali che ci invitano a pensare al futuro, quando non ci saremo pi\u00f9. Tuttavia, un numero sempre maggiore di persone generose sta scoprendo che fare un testamento solidale \u00e8 un modo concreto di <strong>per continuare a fare del bene in questo mondo,<\/strong> quando la vita terrena sar\u00e0 finita.<\/p>\n\n\n\n<figure class=\"wp-block-image size-full is-resized\"><img decoding=\"async\" width=\"800\" height=\"600\" src=\"https:\/\/fundacioncarf.org\/wp-content\/uploads\/2025\/03\/legados-y-testamenos-solidarios-fundacion-carf.webp\" alt=\"iglesia futuro legados testamentos solidarios\" class=\"wp-image-214412\" style=\"width:785px;height:auto\" srcset=\"https:\/\/fundacioncarf.org\/wp-content\/uploads\/2025\/03\/legados-y-testamenos-solidarios-fundacion-carf.webp 800w, https:\/\/fundacioncarf.org\/wp-content\/uploads\/2025\/03\/legados-y-testamenos-solidarios-fundacion-carf-300x225.webp 300w, https:\/\/fundacioncarf.org\/wp-content\/uploads\/2025\/03\/legados-y-testamenos-solidarios-fundacion-carf-150x113.webp 150w, https:\/\/fundacioncarf.org\/wp-content\/uploads\/2025\/03\/legados-y-testamenos-solidarios-fundacion-carf-768x576.webp 768w, https:\/\/fundacioncarf.org\/wp-content\/uploads\/2025\/03\/legados-y-testamenos-solidarios-fundacion-carf-16x12.webp 16w\" sizes=\"(max-width: 800px) 100vw, 800px\" \/><\/figure>\n\n\n\n<h2 class=\"wp-block-heading\" id=\"la-vida-de-una-tia-soltera\">La vita generosa di una zia nubile<\/h2>\n\n\n\n<p>Questo \u00e8 esattamente ci\u00f2 che \u00c1lvaro e Ana hanno vissuto quindici anni fa. Hanno scoperto la Fondazione CARF grazie a una zia nubile che ha deciso di fare un testamento solidale a favore della Fondazione. La notizia \u00e8 stata una sorpresa per la famiglia, ma perch\u00e9 la zia ha deciso di includere la Fondazione nella sua eredit\u00e0? Mossi dall'interesse e dalla curiosit\u00e0, hanno iniziato a saperne di pi\u00f9.<\/p>\n\n\n\n<p>Hanno scoperto che la Fondazione CARF <strong><a href=\"https:\/\/www.cope.es\/religion\/hoy-en-dia\/iglesia-espanola\/noticias\/formar-lideres-iglesia-futuro-carf-destina-seis-millones-euros-seminaristas-sacerdotes-84-paises-20250805_3195597.html\" target=\"_blank\" data-type=\"link\" data-id=\"https:\/\/www.cope.es\/religion\/hoy-en-dia\/iglesia-espanola\/noticias\/formar-lideres-iglesia-futuro-carf-destina-seis-millones-euros-seminaristas-sacerdotes-84-paises-20250805_3195597.html\" rel=\"noreferrer noopener\">il sostegno alla formazione integrale dei seminaristi e dei sacerdoti diocesani, nonch\u00e9 dei religiosi e delle religiose<\/a><\/strong>, Hanno capito che questa decisione non era n\u00e9 improvvisata n\u00e9 simbolica: era un modo concreto ed efficace di sostenere la Chiesa nel futuro, al di l\u00e0 delle loro vite. Hanno capito che questa decisione non era n\u00e9 improvvisata n\u00e9 simbolica: era un modo concreto ed efficace di sostenere la Chiesa nel futuro, al di l\u00e0 delle loro vite.<\/p>\n\n\n\n<p>Questa esperienza li ha segnati entrambi. Oggi lo spiegano chiaramente in questo video: \u00abun lascito o un testamento solidale \u00e8 un modo sereno e consapevole di <strong>per dare continuit\u00e0 a una vita di sforzi<\/strong>; Trasformare il patrimonio in vocazioni; trasformare un'eredit\u00e0 in un futuro migliore per la Chiesa nei Paesi bisognosi. \u00c8 una brillante opportunit\u00e0 per preparare una casa in cielo.<\/p>\n\n\n\n<figure class=\"wp-block-embed is-type-video is-provider-youtube wp-block-embed-youtube wp-embed-aspect-16-9 wp-has-aspect-ratio\"><div class=\"wp-block-embed__wrapper\">\n<iframe loading=\"lazy\" title=\"Perch\u00e9 abbiamo deciso di lasciare un&#039;eredit\u00e0 di solidariet\u00e0 alla Fondazione CARF\" width=\"500\" height=\"281\" src=\"https:\/\/www.youtube.com\/embed\/T_H5oqus0A4?feature=oembed\" frameborder=\"0\" allow=\"accelerometer; autoplay; clipboard-write; encrypted-media; gyroscope; picture-in-picture; web-share\" referrerpolicy=\"strict-origin-when-cross-origin\" allowfullscreen><\/iframe>\n<\/div><\/figure>\n\n\n\n<p>Le sue parole riassumono il significato pi\u00f9 profondo di questa decisione: la <a href=\"https:\/\/fundacioncarf.org\/donar\/legado-testamento-solidario\/\" target=\"_blank\" data-type=\"link\" data-id=\"https:\/\/fundacioncarf.org\/donar\/legado-testamento-solidario\/\" rel=\"noreferrer noopener\">eredit\u00e0 di solidariet\u00e0<\/a> non sottrae alla famiglia, ma aggiunge al mondo.<\/p>\n\n\n\n<h2 class=\"wp-block-heading\" id=\"el-mundo-necesita-sacerdotes-bien-formados\">Il mondo ha bisogno di sacerdoti ben formati<\/h2>\n\n\n\n<p><strong>G.P.M. e M.M. sono una coppia sposata. <\/strong>che hanno conosciuto la Fondazione CARF 25 anni fa attraverso amici sacerdoti. \u00abCi\u00f2 che ci colpisce di pi\u00f9 \u00e8 il lavoro di raccolta fondi, le loro difficolt\u00e0 e la loro perseveranza, e i miracoli che Dio compie quando c'\u00e8 bisogno di denaro per completare le borse di studio di tanti seminaristi, sacerdoti e religiosi\u00bb, dicono.<\/p>\n\n\n\n<p>Per loro, <a href=\"https:\/\/es.pusc.it\/\" target=\"_blank\" data-type=\"link\" data-id=\"https:\/\/es.pusc.it\/\" rel=\"noreferrer noopener\">Il mondo ha bisogno di sacerdoti ben formati<\/a>. \u00ab<strong>Abbiamo quindi deciso di fare un testamento solidale a favore della Fondazione CARF.<\/strong> perch\u00e9 vediamo il bisogno di sacerdoti nel mondo e perch\u00e9 nessuna vocazione vada persa per motivi economici\u00bb, affermano.<\/p>\n\n\n\n<p>Avremmo potuto trovare un notaio da soli, ma grazie alla Fondazione CARF, tutto \u00e8 stato pi\u00f9 facile.<\/p>\n\n\n\n<p>Infine, incoraggiano gli altri a fare un testamento solidale per \u00abcollaborare con questo lavoro buono, provvidenziale e pieno di fede di alcune persone, per il bene di tutta l'umanit\u00e0\u00bb. Qualsiasi altro lascito sarebbe sembrato inutile. E, inoltre, pregare ogni giorno per i benefattori vivi e defunti, che \u00e8 molto necessario\".<\/p>\n\n\n\n<p>La stessa opinione \u00e8 sostenuta da<strong> J.M., ingegnere in pensione. <\/strong>Ha conosciuto pi\u00f9 da vicino la Fondazione CARF nel 2014, durante un viaggio in Terra Santa e \u00abmi sono interessato al suo lavoro perch\u00e9 sono stato colpito dall'entusiasmo del suo staff\u00bb, dice.<\/p>\n\n\n\n<p>Spiega che il suo testamento \u00e8 a favore della Fondazione CARF per i seguenti motivi <strong>\u00abl'impatto mondiale delle persone formate a Pamplona e a Roma\".<\/strong>. Inoltre, ho amici che collaborano finanziariamente per aiutare le persone povere con vocazione al sacerdozio a migliorare la loro formazione e i loro studi, perch\u00e9 hanno bisogno di aiuto finanziario. Altre persone pi\u00f9 generose donano persino case alla Fondazione CARF\u201d, afferma.<\/p>\n\n\n\n<p>J.M. incoraggia sempre pi\u00f9 persone a fare un testamento solidale o un contributo finanziario alla Fondazione CARF, poich\u00e9 il loro contributo \u00abaiuta le vocazioni al sacerdozio a studiare in Europa, per poi tornare nei loro Paesi e restituire la formazione ricevuta\u00bb.<\/p>\n\n\n\n<figure class=\"wp-block-image size-full is-resized\"><img decoding=\"async\" width=\"1000\" height=\"667\" src=\"https:\/\/fundacioncarf.org\/wp-content\/uploads\/2026\/03\/testamento-solidario-fundacioncarf.webp\" alt=\"Testamento solidario, figuras clave para hacer un legado a favor de la Fundaci\u00f3n CARF\" class=\"wp-image-228587\" style=\"aspect-ratio:1.4992888417882142;width:780px;height:auto\" srcset=\"https:\/\/fundacioncarf.org\/wp-content\/uploads\/2026\/03\/testamento-solidario-fundacioncarf.webp 1000w, https:\/\/fundacioncarf.org\/wp-content\/uploads\/2026\/03\/testamento-solidario-fundacioncarf-300x200.webp 300w, https:\/\/fundacioncarf.org\/wp-content\/uploads\/2026\/03\/testamento-solidario-fundacioncarf-150x100.webp 150w, https:\/\/fundacioncarf.org\/wp-content\/uploads\/2026\/03\/testamento-solidario-fundacioncarf-768x512.webp 768w, https:\/\/fundacioncarf.org\/wp-content\/uploads\/2026\/03\/testamento-solidario-fundacioncarf-18x12.webp 18w\" sizes=\"(max-width: 1000px) 100vw, 1000px\" \/><\/figure>\n\n\n\n<h2 class=\"wp-block-heading\" id=\"que-es-un-legado-o-testamento-solidario\">Che cos'\u00e8 un lascito o un testamento congiunto?<\/h2>\n\n\n\n<p>Fare un testamento congiunto \u00e8 una procedura semplice, accessibile e poco costosa che le permette di decidere come verranno distribuiti i suoi beni. Ogni persona pu\u00f2 <strong>pu\u00f2 includere un'entit\u00e0 non profit come erede o legatario, destinando una parte specifica del suo patrimonio a una causa che considera importante.<\/strong><\/p>\n\n\n\n<p>Nel caso della Fondazione CARF, questa eredit\u00e0 di solidariet\u00e0 manterr\u00e0 vivo lo sforzo di realizzare un mondo migliore sia per i cristiani che per i non credenti, perch\u00e9 il sacerdote non rispetta le persone o il credo quando si tratta di aiutare un altro essere umano in qualsiasi parte del mondo. <\/p>\n\n\n\n<p>Molti di questi seminaristi e sacerdoti provengono da <strong>diocesi in Africa, Asia o America Latina che non dispongono di risorse sufficienti per i loro studi. <\/strong>Ma la vita di ogni cristiano sostiene ed edifica la Chiesa.<\/p>\n\n\n\n<p>Un lascito solidale pu\u00f2 assumere diverse forme: una somma di denaro specifica, una percentuale dell'eredit\u00e0, beni immobili, titoli o fondi di investimento o beni mobili. Si tratta di una decisione libera e flessibile, che pu\u00f2 essere modificata in qualsiasi momento durante la vita della persona. <\/p>\n\n\n\n<p>D'altra parte, enti come la CARF Foundation sono esenti dall'imposta di successione, il che significa che il cento per cento del lascito va interamente allo scopo prescelto.<\/p>\n\n\n\n<figure class=\"wp-block-image size-large\"><img decoding=\"async\" width=\"1024\" height=\"586\" src=\"https:\/\/fundacioncarf.org\/wp-content\/uploads\/2023\/02\/testamento-solidario-1.jpg-1024x586.webp\" alt=\"\" class=\"wp-image-178776\" srcset=\"https:\/\/fundacioncarf.org\/wp-content\/uploads\/2023\/02\/testamento-solidario-1.jpg-1024x586.webp 1024w, https:\/\/fundacioncarf.org\/wp-content\/uploads\/2023\/02\/testamento-solidario-1.jpg-600x343.webp 600w, https:\/\/fundacioncarf.org\/wp-content\/uploads\/2023\/02\/testamento-solidario-1.jpg-300x172.webp 300w, https:\/\/fundacioncarf.org\/wp-content\/uploads\/2023\/02\/testamento-solidario-1.jpg-768x439.webp 768w, https:\/\/fundacioncarf.org\/wp-content\/uploads\/2023\/02\/testamento-solidario-1.jpg.webp 1290w\" sizes=\"(max-width: 1024px) 100vw, 1024px\" \/><\/figure>\n\n\n\n<h2 class=\"wp-block-heading\" id=\"una-herencia-que-se-convierte-en-mision\">Un'eredit\u00e0 che diventa una missione<\/h2>\n\n\n\n<p>\u00c1lvaro e Ana lo esprimono con emozione: \u00abPensare di poter aiutare a formare sacerdoti che porteranno la fede e i sacramenti in tanti luoghi... ne vale la pena\u00bb. <\/p>\n\n\n\n<p id=\"muchas-personas-generosas-descubren-que-esta-decision-no-compite-con-el-amor-a-los-hijos-o-familiares-al-contrario-lo-complementa\"><strong>Molte persone generose scoprono che questa decisione non \u00e8 in competizione con l'amore per i figli o i parenti. Al contrario, la completa.<\/strong><\/p>\n\n\n\n<p>Ogni vocazione accompagnata, ogni sacerdote ben formato, ha un impatto per decenni su decine di migliaia di persone: comunit\u00e0 rurali, parrocchie in quartieri poveri, missioni in territori isolati... Includere la Fondazione CARF nella volont\u00e0 di solidariet\u00e0 significa scommettere su questa catena silenziosa di favori e di bene. \u00c8 confidare che il lavoro di una vita - risparmi, patrimonio e sforzi - possa continuare a dare frutti sotto forma di sacramenti, accompagnamento spirituale, educazione alla fede e speranza per intere comunit\u00e0.<\/p>\n\n\n\n<figure class=\"wp-block-image size-large\"><img decoding=\"async\" width=\"1024\" height=\"427\" src=\"https:\/\/fundacioncarf.org\/wp-content\/uploads\/2025\/10\/origen-historia-orden-sacerdotal-fundacion-carf-1024x427.webp\" alt=\"Origen e historia del sacerdocio\" class=\"wp-image-225481\" srcset=\"https:\/\/fundacioncarf.org\/wp-content\/uploads\/2025\/10\/origen-historia-orden-sacerdotal-fundacion-carf-1024x427.webp 1024w, https:\/\/fundacioncarf.org\/wp-content\/uploads\/2025\/10\/origen-historia-orden-sacerdotal-fundacion-carf-300x125.webp 300w, https:\/\/fundacioncarf.org\/wp-content\/uploads\/2025\/10\/origen-historia-orden-sacerdotal-fundacion-carf-150x63.webp 150w, https:\/\/fundacioncarf.org\/wp-content\/uploads\/2025\/10\/origen-historia-orden-sacerdotal-fundacion-carf-768x320.webp 768w, https:\/\/fundacioncarf.org\/wp-content\/uploads\/2025\/10\/origen-historia-orden-sacerdotal-fundacion-carf-18x8.webp 18w, https:\/\/fundacioncarf.org\/wp-content\/uploads\/2025\/10\/origen-historia-orden-sacerdotal-fundacion-carf.webp 1200w\" sizes=\"(max-width: 1024px) 100vw, 1024px\" \/><\/figure>\n\n\n\n<h3 class=\"wp-block-heading\" id=\"no-se-trata-de-grandes-fortunas\">Non si tratta di grandi fortune<\/h3>\n\n\n\n<p>Oggi, \u00c1lvaro e Ana invitano gli altri a riflettere con calma. \u00abNon si tratta di grandi fortune, ma di grandi decisioni. Si tratta di chiedersi: cosa voglio che rimanga quando non ci sar\u00f2 pi\u00f9? <strong>Che segno desidero lasciare?\u00bb<\/strong>. <\/p>\n\n\n\n<p>Pertanto, il<strong> <\/strong><a href=\"https:\/\/fundacioncarf.org\/donar\/legado-testamento-solidario\/\"><strong>Fondazione CARF<\/strong><\/a> (cliccare sul link) offre informazioni personalizzate e riservate a coloro che desiderano saperne di pi\u00f9 su come funziona questa forma di donazione e di sostegno, risolvere dubbi legali o ricevere indicazioni pratiche.<\/p>\n\n\n\n<h4 class=\"wp-block-heading\" id=\"transformar-una-herencia-en-esperanza-esta-al-alcance-de-cualquiera-y-como-recuerdan-ana-y-alvaro-merece-la-pena\"><strong>Trasformare un'eredit\u00e0 di solidariet\u00e0 in speranza \u00e8 alla portata di tutti. E come ci ricordano Ana e \u00c1lvaro, \u00abne vale la pena\u00bb.<\/strong><\/h4>\n\n\n\n<figure class=\"wp-block-embed is-type-video is-provider-youtube wp-block-embed-youtube wp-embed-aspect-16-9 wp-has-aspect-ratio\"><div class=\"wp-block-embed__wrapper\">\n<iframe loading=\"lazy\" title=\"UN SEMINARISTA DELLA TANZANIA SI FORMA A PAMPLONA \u271d\ufe0f\" width=\"500\" height=\"281\" src=\"https:\/\/www.youtube.com\/embed\/gs_y6d47uB8?feature=oembed\" frameborder=\"0\" allow=\"accelerometer; autoplay; clipboard-write; encrypted-media; gyroscope; picture-in-picture; web-share\" referrerpolicy=\"strict-origin-when-cross-origin\" allowfullscreen><\/iframe>\n<\/div><\/figure>\n\n\n\n<hr class=\"wp-block-separator has-alpha-channel-opacity\"\/>\n\n\n\n<div class=\"wp-block-rank-math-toc-block\" id=\"rank-math-toc\"><h4>Indice dei contenuti<\/h4><nav><ul><li><a href=\"#la-vida-de-una-tia-soltera\">La vita generosa di una zia nubile<\/a><\/li><li><a href=\"#el-mundo-necesita-sacerdotes-bien-formados\">Il mondo ha bisogno di sacerdoti ben formati<\/a><\/li><li><a href=\"#que-es-un-legado-o-testamento-solidario\">Che cos'\u00e8 un lascito o un testamento congiunto?<\/a><\/li><li><a href=\"#una-herencia-que-se-convierte-en-mision\">Un'eredit\u00e0 che diventa una missione<\/a><ul><li><a href=\"#no-se-trata-de-grandes-fortunas\">Non si tratta di grandi fortune<\/a><\/li><\/ul><\/li><\/ul><\/nav><\/div>\n\n\n\n<hr class=\"wp-block-separator has-alpha-channel-opacity\"\/>","protected":false},"excerpt":{"rendered":"<p>L'eredit\u00e0 e il testamento solidale generano entusiasmo tra i benefattori e gli amici della Fondazione CARF, a causa della trascendenza che una vita diventa. Le diciamo cosa pensano alcuni di loro: \u00abPensare di poter contribuire a formare sacerdoti che porteranno la fede e i sacramenti in cos\u00ec tanti luoghi... ne vale la pena\u00bb.<\/p>","protected":false},"author":4,"featured_media":229007,"comment_status":"closed","ping_status":"closed","sticky":false,"template":"","format":"standard","meta":{"_acf_changed":false,"give_campaign_id":0,"footnotes":""},"categories":[13],"tags":[370,301,245],"class_list":["post-229004","post","type-post","status-publish","format-standard","has-post-thumbnail","hentry","category-blog","tag-herencias","tag-iglesia","tag-legados-y-testamentos"],"acf":[],"_links":{"self":[{"href":"https:\/\/fundacioncarf.org\/it\/wp-json\/wp\/v2\/posts\/229004","targetHints":{"allow":["GET"]}}],"collection":[{"href":"https:\/\/fundacioncarf.org\/it\/wp-json\/wp\/v2\/posts"}],"about":[{"href":"https:\/\/fundacioncarf.org\/it\/wp-json\/wp\/v2\/types\/post"}],"author":[{"embeddable":true,"href":"https:\/\/fundacioncarf.org\/it\/wp-json\/wp\/v2\/users\/4"}],"replies":[{"embeddable":true,"href":"https:\/\/fundacioncarf.org\/it\/wp-json\/wp\/v2\/comments?post=229004"}],"version-history":[{"count":10,"href":"https:\/\/fundacioncarf.org\/it\/wp-json\/wp\/v2\/posts\/229004\/revisions"}],"predecessor-version":[{"id":229063,"href":"https:\/\/fundacioncarf.org\/it\/wp-json\/wp\/v2\/posts\/229004\/revisions\/229063"}],"wp:featuredmedia":[{"embeddable":true,"href":"https:\/\/fundacioncarf.org\/it\/wp-json\/wp\/v2\/media\/229007"}],"wp:attachment":[{"href":"https:\/\/fundacioncarf.org\/it\/wp-json\/wp\/v2\/media?parent=229004"}],"wp:term":[{"taxonomy":"category","embeddable":true,"href":"https:\/\/fundacioncarf.org\/it\/wp-json\/wp\/v2\/categories?post=229004"},{"taxonomy":"post_tag","embeddable":true,"href":"https:\/\/fundacioncarf.org\/it\/wp-json\/wp\/v2\/tags?post=229004"}],"curies":[{"name":"wp","href":"https:\/\/api.w.org\/{rel}","templated":true}]}}