{"id":225357,"date":"2025-11-03T06:00:00","date_gmt":"2025-11-03T05:00:00","guid":{"rendered":"https:\/\/fundacioncarf.org\/?p=225357"},"modified":"2025-11-12T09:50:39","modified_gmt":"2025-11-12T08:50:39","slug":"san-carlos-borromeo-patron-de-seminaristas","status":"publish","type":"post","link":"https:\/\/fundacioncarf.org\/it\/san-carlos-borromeo-patron-de-seminaristas\/","title":{"rendered":"San Carlo Borromeo, patrono dei seminaristi"},"content":{"rendered":"<p>San Carlo Borromeo fu uno dei personaggi pi\u00f9 importanti della Riforma cattolica, nota anche come Controriforma, nel XVI secolo. Un uomo che, nato nell'opulenza della nobilt\u00e0, scelse il servizio e l'austerit\u00e0.<\/p>\n\n\n\n<p>La sua vita mostra come un <strong>sacerdote<\/strong>, Armato di una volont\u00e0 di ferro e di fede, pu\u00f2 aiutare a trasformare la Chiesa. Viene ricordato come un pastore modello per il suo amore per la Chiesa. <a href=\"https:\/\/fundacioncarf.org\/formacion-de-sacerdotes\/\" data-type=\"link\" data-id=\"https:\/\/fundacioncarf.org\/formacion-de-sacerdotes\/\">formazione dei seminaristi<\/a> e catechisti.<\/p>\n\n\n\n<h2 class=\"wp-block-heading\" id=\"la-familia-borromeo\">La famiglia Borromeo<\/h2>\n\n\n\n<p>Carlo Borromeo nacque il 2 ottobre 1538 nel castello di Arona, sul Lago Maggiore (Italia). La sua famiglia, i Borromeo, era una delle pi\u00f9 antiche e influenti della nobilt\u00e0 lombarda. Suo padre era il conte Gilberto II Borromeo e sua madre Margherita de Medici.<\/p>\n\n\n\n<p>Questo rapporto materno avrebbe avuto un'influenza decisiva sul suo destino. Suo zio materno, Giovanni Angelo Medici, sarebbe diventato Papa Pio IV. Fin da giovane, Carlo mostr\u00f2 una notevole piet\u00e0 e una seria inclinazione allo studio, nonostante soffrisse di un leggero difetto di pronuncia.<\/p>\n\n\n\n<p>All'et\u00e0 di dodici anni, la sua famiglia lo aveva gi\u00e0 destinato alla carriera ecclesiastica, e ricevette la tonsura e il titolo di abate commendatario. Studi\u00f2 <a href=\"https:\/\/fundacioncarf.org\/estudio-derecho-canonico-formacion-cristiana\/\" data-type=\"link\" data-id=\"https:\/\/fundacioncarf.org\/estudio-derecho-canonico-formacion-cristiana\/\">Diritto canonico<\/a> e Ingegneria Civile presso l'Universit\u00e0 di Pavia.<\/p>\n\n\n\n<h2 class=\"wp-block-heading\" id=\"un-cardenal-laico-a-los-22-anos\">Un cardinale laico all'et\u00e0 di 22 anni<\/h2>\n\n\n\n<p>La vita di <strong>San Carlo Borromeo<\/strong> cambiato nel 1559. Dopo la morte di Papa Paolo IV, suo zio materno fu eletto Papa, assumendo il nome di Pio IV. Quasi immediatamente, il nuovo Papa chiam\u00f2 suo nipote a Roma.<\/p>\n\n\n\n<p>Nel 1560, all'et\u00e0 di soli 22 anni e senza essere stato ordinato <strong>sacerdote<\/strong> Carlo fu comunque nominato cardinale diacono. \u00c8 fondamentale capire che, a quel tempo, il cardinalato era spesso un ufficio politico e amministrativo. Pio IV lo nomin\u00f2 anche segretario di Stato presso la Santa Sede.<\/p>\n\n\n\n<p>\u00c8 diventato, <em>de facto<\/em>, l'uomo pi\u00f9 potente del mondo. <a href=\"https:\/\/fundacioncarf.org\/peregrinaciones-roma-tierra-santa-fundacion-carf\/peregrina-carf-roma\/\" data-type=\"link\" data-id=\"https:\/\/fundacioncarf.org\/peregrinaciones-roma-tierra-santa-fundacion-carf\/peregrina-carf-roma\/\">Roma<\/a> dopo il Papa. Amministr\u00f2 gli affari dello Stato Pontificio, gest\u00ec la diplomazia vaticana e supervision\u00f2 innumerevoli progetti. Visse come un principe del Rinascimento, circondato dal lusso, anche se personalmente mantenne la sua piet\u00e0.<\/p>\n\n\n\n<figure class=\"wp-block-image size-large is-resized\"><img decoding=\"async\" width=\"823\" height=\"1024\" src=\"https:\/\/fundacioncarf.org\/wp-content\/uploads\/2025\/10\/Orazio_Borgianni_-_St_Carlo_Borromeo_-_WGA2468-823x1024.webp\" alt=\"San Carlos Borromeo de Orazio Borgianni\" class=\"wp-image-225361\" style=\"width:792px;height:auto\" srcset=\"https:\/\/fundacioncarf.org\/wp-content\/uploads\/2025\/10\/Orazio_Borgianni_-_St_Carlo_Borromeo_-_WGA2468-823x1024.webp 823w, https:\/\/fundacioncarf.org\/wp-content\/uploads\/2025\/10\/Orazio_Borgianni_-_St_Carlo_Borromeo_-_WGA2468-241x300.webp 241w, https:\/\/fundacioncarf.org\/wp-content\/uploads\/2025\/10\/Orazio_Borgianni_-_St_Carlo_Borromeo_-_WGA2468-121x150.webp 121w, https:\/\/fundacioncarf.org\/wp-content\/uploads\/2025\/10\/Orazio_Borgianni_-_St_Carlo_Borromeo_-_WGA2468-768x955.webp 768w, https:\/\/fundacioncarf.org\/wp-content\/uploads\/2025\/10\/Orazio_Borgianni_-_St_Carlo_Borromeo_-_WGA2468-10x12.webp 10w, https:\/\/fundacioncarf.org\/wp-content\/uploads\/2025\/10\/Orazio_Borgianni_-_St_Carlo_Borromeo_-_WGA2468.webp 1000w\" sizes=\"(max-width: 823px) 100vw, 823px\" \/><figcaption class=\"wp-element-caption\"><em>San Carlo Borromeo<\/em>&nbsp;da&nbsp;<a href=\"https:\/\/es.wikipedia.org\/wiki\/Orazio_Borgianni\" target=\"_blank\" rel=\"noopener\">Orazio Borgianni<\/a>.<\/figcaption><\/figure>\n\n\n\n<h3 class=\"wp-block-heading\" id=\"la-conversion-de-san-carlos-borromeo-y-su-llamada-al-sacerdocio\">La conversione e la sua chiamata al sacerdozio<\/h3>\n\n\n\n<p>La vita di <strong>San Carlo Borromeo<\/strong> a Roma, sebbene efficiente dal punto di vista amministrativo, fu banale. Tuttavia, un evento tragico scosse la sua coscienza: la morte improvvisa del fratello maggiore Federico nel 1562.<\/p>\n\n\n\n<p>Questa perdita lo port\u00f2 a riflettere profondamente sulla vanit\u00e0 della vita quotidiana. <a href=\"https:\/\/fundacioncarf.org\/thiago-santana-fe-y-esperanza-en-su-camino\/\" data-type=\"link\" data-id=\"https:\/\/fundacioncarf.org\/thiago-santana-fe-y-esperanza-en-su-camino\/\">vita terrena<\/a> e l'urgenza della salvezza eterna. Federico era l'erede della famiglia e la sua morte fece pressione su Carlo affinch\u00e9 lasciasse la vita ecclesiastica per garantire la prole.<\/p>\n\n\n\n<p>Charles rifiut\u00f2 questa idea. Sub\u00ec una profonda conversione spirituale. Decise che non sarebbe pi\u00f9 stato un amministratore laico con un titolo cardinalizio, ma un vero e proprio <a href=\"https:\/\/fundacioncarf.org\/san-juan-pablo-ii-y-su-fe-infinita\/\" data-type=\"link\" data-id=\"https:\/\/fundacioncarf.org\/san-juan-pablo-ii-y-su-fe-infinita\/\">uomo di Dio<\/a>. Nel 1563, chiese l'ordinazione e <a href=\"https:\/\/fundacioncarf.org\/cura-de-ars-san-juan-maria-vianney-sacerdotes\/\" data-type=\"link\" data-id=\"https:\/\/fundacioncarf.org\/cura-de-ars-san-juan-maria-vianney-sacerdotes\/\">\u00e8 stato consacrato <strong>sacerdote<\/strong><\/a>, e poco dopo, vescovo. La sua vita cambi\u00f2 radicalmente: adott\u00f2 uno stile di vita di estrema austerit\u00e0, digiuno e preghiera.<\/p>\n\n\n\n<h3 class=\"wp-block-heading\" id=\"el-motor-del-concilio-de-trento\">La forza trainante del Concilio di Trento<\/h3>\n\n\n\n<p>La grande opera del pontificato di Pio IV \u00e8 stata la ripresa e il completamento dell'opera di <a href=\"https:\/\/ec.aciprensa.com\/wiki\/Concilio_de_Trento\" data-type=\"link\" data-id=\"https:\/\/ec.aciprensa.com\/wiki\/Concilio_de_Trento\" target=\"_blank\" rel=\"noopener\">Consiglio di Trento<\/a> (1545-1563), che era stato bloccato per anni. <strong>San Carlo Borromeo<\/strong>, Nella sua posizione presso la Segreteria di Stato, \u00e8 stato il motore diplomatico e organizzativo che ha portato il Consiglio a una conclusione di successo nella sua fase finale.<\/p>\n\n\n\n<p>Fu lui a gestire le tese trattative tra le potenze europee (Spagna e Francia), i legati papali e i vescovi. La sua tenacia fu la chiave del Concilio che defin\u00ec la dottrina cattolica di fronte alla riforma protestante e, cosa fondamentale, stabil\u00ec i decreti per la riforma interna della Chiesa.<\/p>\n\n\n\n<p>Il Consiglio \u00e8 terminato, <strong>San Carlo Borromeo<\/strong> Non si ripos\u00f2. Si dedic\u00f2 anima e corpo all'attuazione dei suoi decreti. Presiedette la commissione che redasse il Catechismo Romano (o Catechismo di Trento), uno strumento fondamentale per istruire i fedeli e unificare l'insegnamento.<\/p>\n\n\n\n<figure class=\"wp-block-image size-full is-resized\"><img decoding=\"async\" width=\"1000\" height=\"677\" src=\"https:\/\/fundacioncarf.org\/wp-content\/uploads\/2025\/10\/san-carlo-borromeo-regreso-a-milan.webp\" alt=\"\" class=\"wp-image-225362\" style=\"width:792px;height:auto\" srcset=\"https:\/\/fundacioncarf.org\/wp-content\/uploads\/2025\/10\/san-carlo-borromeo-regreso-a-milan.webp 1000w, https:\/\/fundacioncarf.org\/wp-content\/uploads\/2025\/10\/san-carlo-borromeo-regreso-a-milan-300x203.webp 300w, https:\/\/fundacioncarf.org\/wp-content\/uploads\/2025\/10\/san-carlo-borromeo-regreso-a-milan-150x102.webp 150w, https:\/\/fundacioncarf.org\/wp-content\/uploads\/2025\/10\/san-carlo-borromeo-regreso-a-milan-768x520.webp 768w, https:\/\/fundacioncarf.org\/wp-content\/uploads\/2025\/10\/san-carlo-borromeo-regreso-a-milan-18x12.webp 18w\" sizes=\"(max-width: 1000px) 100vw, 1000px\" \/><figcaption class=\"wp-element-caption\"><em>L'ingresso trionfale di San Carlo Borromeo a Milano<\/em>&nbsp;di Filippo Abbiati, Duomo di Milano.<\/figcaption><\/figure>\n\n\n\n<h3 class=\"wp-block-heading\" id=\"san-carlos-borromeo-arzobispo-residente-de-milan\">San Carlo Borromeo: Arcivescovo residente di Milano<\/h3>\n\n\n\n<p>Mentre si trova a Roma, <strong>San Carlo Borromeo<\/strong> era stato nominato arcivescovo di Milano nel 1560. Tuttavia, come era consuetudine dell'epoca, govern\u00f2 la sua diocesi \"in absentia\" attraverso dei vicari. Era un \"pastore senza gregge\".<\/p>\n\n\n\n<p>Lo stesso Concilio di Trento, che egli contribu\u00ec a concludere, proib\u00ec questa pratica e richiese ai vescovi di risiedere nelle loro diocesi. Fedele ai suoi principi, Carlo preg\u00f2 suo zio, il Papa, di permettergli di lasciare la gloria di Roma per la difficile Milano.<\/p>\n\n\n\n<p>Nel 1565, Pio IV accett\u00f2. L'ingresso di <strong>San Carlo Borromeo<\/strong> a Milano segn\u00f2 l'inizio di una nuova era. Per la prima volta in quasi 80 anni, Milano aveva un arcivescovo residente.<\/p>\n\n\n\n<p><strong>La sfida di Milano: una diocesi in rovina<\/strong><\/p>\n\n\n\n<p>L'arcidiocesi di Milano che ha trovato <strong>Carlo Borromeo<\/strong> era un riflesso dei mali della Chiesa pre-tridentina. Era una delle diocesi pi\u00f9 grandi e ricche d'Europa, ma spiritualmente era nell'anarchia.<\/p>\n\n\n\n<p>Il clero era profondamente rilassato e mal formato. Molti <a href=\"https:\/\/fundacioncarf.org\/historias\/\" data-type=\"link\" data-id=\"https:\/\/fundacioncarf.org\/historias\/\">sacerdoti<\/a> Non osservavano il celibato, vivevano in modo lussuoso o semplicemente ignoravano la dottrina di base. L'ignoranza religiosa del popolo era vasta. I monasteri, sia maschili che femminili, avevano perso la loro disciplina ed erano diventati centri di vita sociale.<\/p>\n\n\n\n<p><strong>L'implacabile riforma di San Carlo Borromeo<\/strong><\/p>\n\n\n\n<p><strong>San Carlo Borromeo<\/strong> Applic\u00f2 i decreti di Trento con un'energia sovrumana. Il suo metodo era chiaro: visitare, regolamentare, formare e <a href=\"https:\/\/fundacioncarf.org\/san-bartolome-apostol-martir-testigo-24-agosto\/\" data-type=\"link\" data-id=\"https:\/\/fundacioncarf.org\/san-bartolome-apostol-martir-testigo-24-agosto\/\">dare l'esempio<\/a>.<\/p>\n\n\n\n<p>Inizi\u00f2 riformando la propria casa arcivescovile. Vendette gli arredi lussuosi, ridusse drasticamente la sua servit\u00f9 e adott\u00f2 un regime di vita quasi monastico. Il suo esempio come <a href=\"https:\/\/fundacioncarf.org\/santa-teresa-de-jesus-diez-mensajes-sacerdotes\/\" data-type=\"link\" data-id=\"https:\/\/fundacioncarf.org\/santa-teresa-de-jesus-diez-mensajes-sacerdotes\/\"><strong>sacerdote<\/strong> austero<\/a> \u00e8 stato il suo primo strumento di riforma.<\/p>\n\n\n\n<p>Inizi\u00f2 le visite pastorali, visitando instancabilmente ognuna delle oltre 800 parrocchie della sua diocesi, molte delle quali situate in aree montuose difficili da raggiungere nelle Alpi. Ispezion\u00f2 le chiese, esamin\u00f2 il clero e predic\u00f2 alla gente.<\/p>\n\n\n\n<p>Per attuare la riforma, convoc\u00f2 numerosi sinodi diocesani e consigli provinciali, dove promulg\u00f2 leggi severe per correggere gli abusi del clero e dei laici. Non ebbe paura di confrontarsi con i nobili e i governatori spagnoli, che vedevano la sua autorit\u00e0 come un'intrusione.<\/p>\n\n\n\n<p><strong>La creazione del seminario<\/strong><\/p>\n\n\n\n<p><strong>San Carlo Borromeo<\/strong> aveva capito perfettamente che la riforma del <a href=\"https:\/\/fundacioncarf.org\/servir-a-la-iglesia\/\" data-type=\"link\" data-id=\"https:\/\/fundacioncarf.org\/servir-a-la-iglesia\/\">Chiesa<\/a> era impossibile senza un clero ben formato. Il <a href=\"https:\/\/fundacioncarf.org\/san-jeronimo-biblia-vulgata-amor-palabra-de-dios\/\" data-type=\"link\" data-id=\"https:\/\/fundacioncarf.org\/san-jeronimo-biblia-vulgata-amor-palabra-de-dios\/\">Consiglio di Trento<\/a> aveva ordinato la creazione di <a href=\"https:\/\/fundacioncarf.org\/formacion-de-seminaristas-que-estudian\/\" data-type=\"link\" data-id=\"https:\/\/fundacioncarf.org\/formacion-de-seminaristas-que-estudian\/\">seminari<\/a> per questo scopo, ma l'idea era a un livello molto teorico.<\/p>\n\n\n\n<p>Carlo fu il pioniere assoluto nella sua attuazione pratica. Fond\u00f2 il seminario maggiore a Milano nel 1564, facendone il modello per l'intera Chiesa cattolica. Continu\u00f2 poi a fondare seminari minori e <a href=\"https:\/\/fundacioncarf.org\/fundacion-carf-y-altomonte-para-la-formacion\/\" data-type=\"link\" data-id=\"https:\/\/fundacioncarf.org\/fundacion-carf-y-altomonte-para-la-formacion\/\">scuole<\/a> (come gli Elvetici, per formare il clero contro il Calvinismo).<\/p>\n\n\n\n<p>Stabil\u00ec regole rigorose per la vita spirituale, accademica e disciplinare di ciascuno. <strong>seminarista<\/strong>. Volevo il futuro <strong>sacerdote<\/strong> era un uomo di profonda preghiera, dotto in teologia e moralmente irreprensibile. Il <a href=\"https:\/\/fundacioncarf.org\/malawi-paul-benson-seminarista-africa\/\" data-type=\"link\" data-id=\"https:\/\/fundacioncarf.org\/malawi-paul-benson-seminarista-africa\/\">figura del <strong>seminarista<\/strong> moderno<\/a>, dedicato esclusivamente alla sua formazione per il ministero, \u00e8 un'eredit\u00e0 diretta della visione di <strong>San Carlo Borromeo<\/strong>. Per questo motivo, \u00e8 considerato il Santo Patrono di tutti i <strong>seminarista<\/strong>.<\/p>\n\n\n\n<figure class=\"wp-block-image size-full is-resized\"><img decoding=\"async\" width=\"611\" height=\"1000\" src=\"https:\/\/fundacioncarf.org\/wp-content\/uploads\/2025\/10\/Tanzio_Carlo_Borromeo_Domodossola.webp\" alt=\"\" class=\"wp-image-225364\" style=\"width:789px;height:auto\" srcset=\"https:\/\/fundacioncarf.org\/wp-content\/uploads\/2025\/10\/Tanzio_Carlo_Borromeo_Domodossola.webp 611w, https:\/\/fundacioncarf.org\/wp-content\/uploads\/2025\/10\/Tanzio_Carlo_Borromeo_Domodossola-183x300.webp 183w, https:\/\/fundacioncarf.org\/wp-content\/uploads\/2025\/10\/Tanzio_Carlo_Borromeo_Domodossola-92x150.webp 92w, https:\/\/fundacioncarf.org\/wp-content\/uploads\/2025\/10\/Tanzio_Carlo_Borromeo_Domodossola-7x12.webp 7w\" sizes=\"(max-width: 611px) 100vw, 611px\" \/><figcaption class=\"wp-element-caption\"><em>San Carlo Borromeo d\u00e0 la comunione alle vittime della peste<\/em>, di Tanzio da Varallo, 1616 circa (Domodossola, Italia).<\/figcaption><\/figure>\n\n\n\n<p><strong>Un sacerdote per il suo popolo<\/strong><\/p>\n\n\n\n<p>Il momento che ha definito l'eroismo di <strong>San Carlo Borromeo<\/strong> fu la terribile peste che devast\u00f2 Milano tra il 1576 e il 1577, conosciuta come la peste di San Carlo.<\/p>\n\n\n\n<p>Quando scoppi\u00f2 l'epidemia, le autorit\u00e0 civili e la maggior parte dei nobili fuggirono dalla citt\u00e0 per salvarsi. <strong>San Carlo Borromeo<\/strong> rimase. Divenne il leader morale, spirituale e, in molti modi, civile della citt\u00e0 afflitta dalla malattia.<\/p>\n\n\n\n<p>Organizz\u00f2 ospedali da campo (lazzaretti), riun\u00ec il suo clero fedele e lo esort\u00f2 a prendersi cura dei moribondi. Egli stesso percorreva le strade pi\u00f9 infette, dando la Comunione e l'Estrema Unzione a coloro che erano infetti, senza temere il contagio.<\/p>\n\n\n\n<p>Vendette i suoi beni rimanenti, compresi gli arazzi del suo palazzo, per comprare cibo e medicine per i poveri. Per consentire ai malati che non potevano lasciare le loro case di partecipare alla Messa, ordin\u00f2 che l'Eucaristia fosse celebrata nelle piazze pubbliche. La sua figura, che guidava processioni penitenziali a piedi nudi attraverso la citt\u00e0, divenne un'icona della citt\u00e0. <a href=\"https:\/\/fundacioncarf.org\/jesucristo-esperanza-catequesis-papa-leon-xiv\/\" data-type=\"link\" data-id=\"https:\/\/fundacioncarf.org\/jesucristo-esperanza-catequesis-papa-leon-xiv\/\">simbolo di speranza<\/a>.<\/p>\n\n\n\n<p><strong>Opposizione e attacco<\/strong><\/p>\n\n\n\n<p>La riforma di <strong>San Carlo Borromeo<\/strong> non fu n\u00e9 facile n\u00e9 popolare. Il suo rigore gli fece guadagnare potenti nemici. Si scontr\u00f2 costantemente con i governatori spagnoli di Milano, che cercarono di limitare la sua giurisdizione.<\/p>\n\n\n\n<p>Ma l'opposizione pi\u00f9 violenta venne dall'interno della Chiesa. Il <em>Umiliati<\/em>, I frati, un ordine religioso che era diventato moralmente lassista e possedeva grandi ricchezze, rifiutarono di accettare la sua riforma. Nel 1569, un membro di quest'ordine, fra Girolamo Donato Farina, tent\u00f2 di assassinarlo.<\/p>\n\n\n\n<p>Mentre <strong>San Carlo Borromeo<\/strong> Mentre stava pregando in ginocchio nella sua cappella, il frate gli spar\u00f2 alla schiena con un archibugio a bruciapelo. Miracolosamente, il proiettile gli lacer\u00f2 solo la veste e gli caus\u00f2 un leggero livido. Il popolo vide questo come un segno divino e Papa Pio V abol\u00ec l'ordine dei frati. <em>Umiliati <\/em>poco dopo.<\/p>\n\n\n\n<p><strong>Eredit\u00e0, morte e canonizzazione<\/strong><\/p>\n\n\n\n<p>Lo sforzo costante, le penitenze estreme e il lavoro instancabile hanno esaurito la salute di <strong>San Carlo Borromeo<\/strong>. Nel 1584, mentre eseguiva un <a href=\"https:\/\/fundacioncarf.org\/el-sacerdote-necesita-oracion-direccion-espiritual-y-confesion-frecuentes\/\" data-type=\"link\" data-id=\"https:\/\/fundacioncarf.org\/el-sacerdote-necesita-oracion-direccion-espiritual-y-confesion-frecuentes\/\">ritiro spirituale<\/a> sul Monte Varallo, contrasse la febbre.<\/p>\n\n\n\n<p>Torn\u00f2 a Milano gravemente malato e mor\u00ec nella notte del 3 novembre 1584, all'et\u00e0 di 46 anni. Le sue ultime parole furono <em>Ecce venio<\/em> (Arrivo).<\/p>\n\n\n\n<p>La sua reputazione di santit\u00e0 fu immediata. Il popolo di Milano lo venerava come il <strong><a href=\"https:\/\/fundacioncarf.org\/marcus-muros-ordenado-sacerdote-el-plan-de-dios\/\" data-type=\"link\" data-id=\"https:\/\/fundacioncarf.org\/marcus-muros-ordenado-sacerdote-el-plan-de-dios\/\">sacerdote<\/a><\/strong> martire della carit\u00e0 e della riforma. Il processo di canonizzazione fu straordinariamente rapido per l'epoca. Fu beatificato nel 1602 e canonizzato da Papa Paolo V nel 1610.<\/p>\n\n\n\n<p><strong>San Carlo Borromeo<\/strong> \u00e8 universalmente riconosciuto come patrono dei vescovi, dei catechisti e, in modo molto speciale, di tutti i vescovi e i catechisti. <strong><a href=\"https:\/\/fundacioncarf.org\/ordenacion-diaconal-melwin-thurakal-seminarista\/\" data-type=\"link\" data-id=\"https:\/\/fundacioncarf.org\/ordenacion-diaconal-melwin-thurakal-seminarista\/\">seminarista<\/a><\/strong> e direttore spirituale. La sua influenza sulla definizione del <strong>sacerdote<\/strong> post-tridentino - formato, pio e dedicato al suo popolo - \u00e8 incalcolabile.<\/p>\n\n\n\n<figure class=\"wp-block-embed is-type-video is-provider-youtube wp-block-embed-youtube wp-embed-aspect-16-9 wp-has-aspect-ratio\"><div class=\"wp-block-embed__wrapper\">\n<iframe loading=\"lazy\" title=\"SAN CARLO BORROMEO - 4 novembre - VITE DEI SANTI\" width=\"500\" height=\"281\" src=\"https:\/\/www.youtube.com\/embed\/YrOgY9dUh3A?feature=oembed\" frameborder=\"0\" allow=\"accelerometer; autoplay; clipboard-write; encrypted-media; gyroscope; picture-in-picture; web-share\" referrerpolicy=\"strict-origin-when-cross-origin\" allowfullscreen><\/iframe>\n<\/div><\/figure>\n\n\n\n<hr class=\"wp-block-separator has-alpha-channel-opacity\"\/>\n\n\n\n<div class=\"wp-block-rank-math-toc-block\" id=\"rank-math-toc\"><p><strong>Indice dei contenuti<\/strong><\/p><nav><div><div class=\"\"><a href=\"#la-familia-borromeo\">La famiglia Borromeo<\/a><\/div><div class=\"\"><a href=\"#un-cardenal-laico-a-los-22-anos\">Un cardinale laico all'et\u00e0 di 22 anni<\/a><div><div class=\"\"><a href=\"#la-conversion-de-san-carlos-borromeo-y-su-llamada-al-sacerdocio\">La conversione e la sua chiamata al sacerdozio<\/a><\/div><div class=\"\"><a href=\"#el-motor-del-concilio-de-trento\">La forza trainante del Concilio di Trento<\/a><\/div><div class=\"\"><a href=\"#san-carlos-borromeo-arzobispo-residente-de-milan\">San Carlo Borromeo: Arcivescovo residente di Milano<\/a><\/div><\/div><\/div><\/div><\/nav><\/div>","protected":false},"excerpt":{"rendered":"<p>San Carlo Borromeo, pilastro della Controriforma e santo sacerdote. Patrono dei seminaristi, ha trasformato la Chiesa con la sua fede, il suo rigore e la sua carit\u00e0. Fu cardinale quando era un laico e aveva solo 22 anni.<\/p>","protected":false},"author":4,"featured_media":225360,"comment_status":"closed","ping_status":"closed","sticky":false,"template":"","format":"standard","meta":{"_acf_changed":false,"give_campaign_id":0,"footnotes":""},"categories":[13],"tags":[6,10],"class_list":["post-225357","post","type-post","status-publish","format-standard","has-post-thumbnail","hentry","category-blog","tag-vida-cristiana","tag-vida-de-santos"],"acf":[],"_links":{"self":[{"href":"https:\/\/fundacioncarf.org\/it\/wp-json\/wp\/v2\/posts\/225357","targetHints":{"allow":["GET"]}}],"collection":[{"href":"https:\/\/fundacioncarf.org\/it\/wp-json\/wp\/v2\/posts"}],"about":[{"href":"https:\/\/fundacioncarf.org\/it\/wp-json\/wp\/v2\/types\/post"}],"author":[{"embeddable":true,"href":"https:\/\/fundacioncarf.org\/it\/wp-json\/wp\/v2\/users\/4"}],"replies":[{"embeddable":true,"href":"https:\/\/fundacioncarf.org\/it\/wp-json\/wp\/v2\/comments?post=225357"}],"version-history":[{"count":13,"href":"https:\/\/fundacioncarf.org\/it\/wp-json\/wp\/v2\/posts\/225357\/revisions"}],"predecessor-version":[{"id":225898,"href":"https:\/\/fundacioncarf.org\/it\/wp-json\/wp\/v2\/posts\/225357\/revisions\/225898"}],"wp:featuredmedia":[{"embeddable":true,"href":"https:\/\/fundacioncarf.org\/it\/wp-json\/wp\/v2\/media\/225360"}],"wp:attachment":[{"href":"https:\/\/fundacioncarf.org\/it\/wp-json\/wp\/v2\/media?parent=225357"}],"wp:term":[{"taxonomy":"category","embeddable":true,"href":"https:\/\/fundacioncarf.org\/it\/wp-json\/wp\/v2\/categories?post=225357"},{"taxonomy":"post_tag","embeddable":true,"href":"https:\/\/fundacioncarf.org\/it\/wp-json\/wp\/v2\/tags?post=225357"}],"curies":[{"name":"wp","href":"https:\/\/api.w.org\/{rel}","templated":true}]}}