{"id":213494,"date":"2025-03-03T07:00:00","date_gmt":"2025-03-03T06:00:00","guid":{"rendered":"https:\/\/staging.fundacioncarf.org\/?p=213494"},"modified":"2025-03-18T10:19:33","modified_gmt":"2025-03-18T09:19:33","slug":"youtube-vocacion-sacerdote-stephen-sharpe","status":"publish","type":"post","link":"https:\/\/fundacioncarf.org\/it\/youtube-vocacion-sacerdote-stephen-sharpe\/","title":{"rendered":"YouTube, dove Stefano divenne sacerdote"},"content":{"rendered":"<p>\"Su YouTube ho sentito degli atei affermare che il cristianesimo non ha basi logiche e mi sono resa conto che non conoscevo i fondamenti per difendere la mia fede. <\/p>\n\n\n\n<figure class=\"wp-block-embed is-type-video is-provider-youtube wp-block-embed-youtube wp-embed-aspect-16-9 wp-has-aspect-ratio\"><div class=\"wp-block-embed__wrapper\">\n<iframe loading=\"lazy\" title=\"STEPHEN SHARPE HA SENTITO FORTEMENTE LA CHIAMATA AL SACERDOZIO ????????\u271d\" width=\"500\" height=\"281\" src=\"https:\/\/www.youtube.com\/embed\/nmNDxCQDlJc?feature=oembed\" frameborder=\"0\" allow=\"accelerometer; autoplay; clipboard-write; encrypted-media; gyroscope; picture-in-picture; web-share\" referrerpolicy=\"strict-origin-when-cross-origin\" allowfullscreen><\/iframe>\n<\/div><\/figure>\n\n\n\n<p>Stephen Sharpe \u00e8 un giovane religioso del Maryland, USA. \u00c8 nato il 5 gennaio 1994. Dopo aver studiato alla Loyola University Maryland<em> <\/em>e lavorando in un'azienda di tecnologia militare, ha scoperto che la sua vera vocazione non era nel mondo secolare, ma al servizio di Dio. Durante un programma di studio in Spagna, ha conosciuto la comunit\u00e0 dei Servi di Dio. <a href=\"https:\/\/www.hogardelamadre.org\/es\/\" data-type=\"link\" data-id=\"https:\/\/www.hogardelamadre.org\/es\/\" target=\"_blank\" rel=\"noreferrer noopener\">Casa della Madre<\/a> e, durante un ritiro, ha sentito fortemente la chiamata al sacerdozio.<\/p>\n\n\n\n<p>Oggi, \u00e8 membro di questa comunit\u00e0 da sette anni, si \u00e8 dedicato completamente a Dio e si sta preparando a diventare sacerdote presso il monastero di San Paolo. <a href=\"https:\/\/es.pusc.it\/\" data-type=\"link\" data-id=\"https:\/\/es.pusc.it\/\" target=\"_blank\" rel=\"noopener\">Pontificia Universit\u00e0 della Santa Croce<\/a> (PUSC), a Roma, dove sta studiando il primo ciclo della propedeutica biennale di Filosofia, prima di accedere al primo ciclo di Teologia.<\/p>\n\n\n\n<figure class=\"wp-block-image size-full is-resized\"><img decoding=\"async\" width=\"910\" height=\"586\" src=\"https:\/\/fundacioncarf.org\/wp-content\/uploads\/2025\/02\/Stephen-hermano-gemelo.webp\" alt=\"\" class=\"wp-image-213495\" style=\"width:654px;height:auto\" srcset=\"https:\/\/fundacioncarf.org\/wp-content\/uploads\/2025\/02\/Stephen-hermano-gemelo.webp 910w, https:\/\/fundacioncarf.org\/wp-content\/uploads\/2025\/02\/Stephen-hermano-gemelo-300x193.webp 300w, https:\/\/fundacioncarf.org\/wp-content\/uploads\/2025\/02\/Stephen-hermano-gemelo-150x97.webp 150w, https:\/\/fundacioncarf.org\/wp-content\/uploads\/2025\/02\/Stephen-hermano-gemelo-768x495.webp 768w, https:\/\/fundacioncarf.org\/wp-content\/uploads\/2025\/02\/Stephen-hermano-gemelo-18x12.webp 18w\" sizes=\"(max-width: 910px) 100vw, 910px\" \/><\/figure>\n\n\n\n<h3 class=\"wp-block-heading\">Incontrare Stephen<\/h3>\n\n\n\n<p>Si chiama Fratel Stephen Sharpe, ha 31 anni (nato nel 1994) e viene dal Maryland, negli Stati Uniti. Appartiene alla comunit\u00e0 religiosa dei Servi della Casa della Madre. Fa parte della Casa da 7 anni e, in questo periodo, ha potuto lavorare con i giovani in Irlanda, negli Stati Uniti e in Spagna.<\/p>\n\n\n\n<p>\u00c8 profondamente grato alla Fondazione CARF per avergli dato l'opportunit\u00e0 di iniziare gli studi alla PUSC, dove si sta preparando intellettualmente per diventare sacerdote. Ama la sua vocazione di servitore e non vede l'ora di servire un giorno la Chiesa come sacerdote.<\/p>\n\n\n\n<p>Ha un fratello gemello che \u00e8 anche il suo migliore amico. Si \u00e8 sposato di recente e sono ancora molto uniti, nonostante la distanza. Ha anche un fratello maggiore che aspetta la sua prima figlia. La loro madre, che li ha cresciuti nella fede, ha insegnato loro con il suo esempio l'importanza di mettere Dio al centro della vita.<\/p>\n\n\n\n<h3 class=\"wp-block-heading\">I dubbi degli adolescenti, YouTube e il desiderio di credere in Dio<\/h3>\n\n\n\n<p>Durante l'adolescenza, inizi\u00f2 a sentire una profonda sete di comprensione della sua esistenza. Le domande esistenziali cominciarono a turbarlo e desiderava delle risposte. Verso i 15 o 16 anni, inizi\u00f2 a chiedersi: \"... qual \u00e8 il significato della vita?<strong>Qual \u00e8 il significato della mia vita, perch\u00e9 sono qui, come faccio a sapere che Dio esiste davvero?<\/strong>\"Un giorno, mentre era su YouTube, ha sentito degli atei che prendevano in giro il Cristianesimo e sostenevano che non avesse alcuna base logica.<\/p>\n\n\n\n<figure class=\"wp-block-image size-full is-resized\"><img decoding=\"async\" width=\"400\" height=\"300\" src=\"https:\/\/fundacioncarf.org\/wp-content\/uploads\/2025\/03\/LoughDerg3.jpg\" alt=\"stephen-sharpe-youtube-vocacion-sacerdote\" class=\"wp-image-214114\" style=\"width:653px;height:auto\" srcset=\"https:\/\/fundacioncarf.org\/wp-content\/uploads\/2025\/03\/LoughDerg3.jpg 400w, https:\/\/fundacioncarf.org\/wp-content\/uploads\/2025\/03\/LoughDerg3-300x225.jpg 300w, https:\/\/fundacioncarf.org\/wp-content\/uploads\/2025\/03\/LoughDerg3-150x113.jpg 150w, https:\/\/fundacioncarf.org\/wp-content\/uploads\/2025\/03\/LoughDerg3-16x12.jpg 16w\" sizes=\"(max-width: 400px) 100vw, 400px\" \/><\/figure>\n\n\n\n<p>Fu allora che si rese conto di non conoscere i fondamenti della difesa della sua fede e cap\u00ec che se non avesse iniziato a istruirsi intellettualmente, avrebbe rischiato di perderla. <\/p>\n\n\n\n<p>\"Questa consapevolezza mi ha spronato ad agire: ho iniziato a leggere la Bibbia, i libri di apologetica, a guardare le discussioni su YouTube e a pregare pi\u00f9 profondamente, chiedendo a Dio di aiutarmi a capire e di guidarmi attraverso la mia confusione\", dice Stephen.<\/p>\n\n\n\n<p>Durante questo periodo, si convinse sempre pi\u00f9 che la fede nell'esistenza di Dio era una posizione logica. Non \u00e8 mai stato ateo, ma la sua convinzione dell'esistenza di Dio \u00e8 diventata pi\u00f9 solida. \"Quando avvenne questo cambiamento, ricordo di aver sentito il desiderio di diventare sacerdote. Questo desiderio si \u00e8 impadronito del mio cuore e non l'ha pi\u00f9 abbandonato. Il mio ragionamento era semplice: se Dio esiste, allora la cosa pi\u00f9 significativa che posso fare \u00e8 vivere completamente per Lui, come sacerdote. Tuttavia, ho tenuto segreto questo desiderio e non l'ho messo in pratica immediatamente.<\/p>\n\n\n\n<figure class=\"wp-block-image size-full is-resized\"><img decoding=\"async\" width=\"900\" height=\"675\" src=\"https:\/\/fundacioncarf.org\/wp-content\/uploads\/2025\/02\/Stephen-Sharp-Sacerdote.webp\" alt=\"\" class=\"wp-image-213502\" style=\"width:584px;height:auto\" srcset=\"https:\/\/fundacioncarf.org\/wp-content\/uploads\/2025\/02\/Stephen-Sharp-Sacerdote.webp 900w, https:\/\/fundacioncarf.org\/wp-content\/uploads\/2025\/02\/Stephen-Sharp-Sacerdote-300x225.webp 300w, https:\/\/fundacioncarf.org\/wp-content\/uploads\/2025\/02\/Stephen-Sharp-Sacerdote-150x113.webp 150w, https:\/\/fundacioncarf.org\/wp-content\/uploads\/2025\/02\/Stephen-Sharp-Sacerdote-768x576.webp 768w, https:\/\/fundacioncarf.org\/wp-content\/uploads\/2025\/02\/Stephen-Sharp-Sacerdote-16x12.webp 16w\" sizes=\"(max-width: 900px) 100vw, 900px\" \/><\/figure>\n\n\n\n<p>Dopo il diploma, ha frequentato la Loyola University Maryland, dove ha studiato economia internazionale. Ha lavorato come stagista presso Textron, un'azienda statunitense di tecnologia militare specializzata in velivoli senza pilota per uso militare. <\/p>\n\n\n\n<p>Nonostante questi risultati, c'era una voce dentro di lui che gli diceva che non apparteneva a quel mondo. \"Il mio cuore desiderava qualcos'altro: volevo dedicarmi completamente a Dio, non a nulla di questo mondo. Il desiderio di essere sacerdote continuava a crescere e, dopo quattro anni, divenne impossibile da ignorare\".<\/p>\n\n\n\n<h3 class=\"wp-block-heading\">La Spagna e le serve della casa della madre<\/h3>\n\n\n\n<p>Un'opportunit\u00e0 di studio in Spagna \u00e8 diventata provvidenziale per l'incontro con i Servi della Casa della Madre, una comunit\u00e0 di seminaristi e sacerdoti che ricevono aiuto dalla Fondazione CARF sotto forma di borse di studio parziali.<\/p>\n\n\n\n<p>Le Serve della Casa della Madre sono una comunit\u00e0 religiosa nata sotto l'ispirazione del Vangelo e il carisma del suo fondatore, <a href=\"https:\/\/www.hogardelamadre.org\/es\/quienes-somos\/fundador\/biografia\" data-type=\"link\" data-id=\"https:\/\/www.hogardelamadre.org\/es\/quienes-somos\/fundador\/biografia\" target=\"_blank\" rel=\"noreferrer noopener\">Sig. Rafael Alonso<\/a>. Si sentono scelte da Dio attraverso la Vergine Maria e vivono la loro spiritualit\u00e0 con una forte identificazione con Ges\u00f9 Cristo, facendo della loro anima un santuario esclusivo per Dio. La loro vocazione si basa sulla fedelt\u00e0 al Papa, alla Tradizione e al Magistero della Chiesa.<\/p>\n\n\n\n<p>La loro vita ruota attorno all'Eucaristia, celebrando quotidianamente la Santa Messa e dedicando tempo all'adorazione. Praticano la preghiera, la penitenza e la <a href=\"https:\/\/fundacioncarf.org\/es\/misterios-dolorosos-del-santo-rosario\/\" data-type=\"link\" data-id=\"https:\/\/fundacioncarf.org\/es\/misterios-dolorosos-del-santo-rosario\/\" target=\"_blank\" rel=\"noreferrer noopener\">recita del rosario<\/a>Cercano la santit\u00e0 e l'unione con Dio. Seguono anche una vita comunitaria basata sulla fraternit\u00e0 e sull'obbedienza, sotto la guida dello Spirito Santo e la protezione della Vergine Maria. <\/p>\n\n\n\n<p>La sua missione \u00e8 di <a href=\"https:\/\/fundacioncarf.org\/es\/servir-a-la-iglesia\/\" data-type=\"link\" data-id=\"https:\/\/fundacioncarf.org\/es\/servir-a-la-iglesia\/\">servire la Chiesa<\/a> con gioia e amore disinteressato e sono molto attive sui social network, in particolare su YouTube, dove hanno diversi canali e produzioni audiovisive in varie lingue, tra cui <a href=\"https:\/\/www.youtube.com\/@cosascatolicas\" data-type=\"link\" data-id=\"https:\/\/www.youtube.com\/@cosascatolicas\" target=\"_blank\" rel=\"noreferrer noopener\">Cose cattoliche<\/a>dove cercano di presentare il Vangelo in un modo che piaccia ai giovani, pur rimanendo fedeli alla dottrina della Chiesa cattolica.\u00a0<\/p>\n\n\n\n<p>\"Incontrare i Servitori \u00e8 stata una grazia. Ho avuto l'opportunit\u00e0 di studiare in Spagna, grazie a un programma della mia universit\u00e0. Vivevo ad Alcal\u00e1 de Henares, dove ero coinvolto nel gruppo giovanile locale e partecipavo alla Messa quotidiana. Un giorno, durante la Messa, ho incontrato un gruppo di suore, fratelli e sacerdoti che appartenevano a una comunit\u00e0 chiamata Hogar de la Madre. <\/p>\n\n\n\n<p>La loro autenticit\u00e0, integrit\u00e0 e zelo mi hanno colpito profondamente. Uno dei fratelli mi invit\u00f2 a partecipare a un fine settimana di esercizi spirituali, secondo il metodo di Sant'Ignazio di Loyola, guidato dal superiore generale, Don Felix Lopez.<\/p>\n\n\n\n<p>Quel ritiro divenne l'esperienza spirituale pi\u00f9 profonda della sua vita. \"Sono stato sopraffatto. Mentre meditavo sulla vita di nostro Signore, il mio cuore assorbiva le verit\u00e0 della fede come se le sentisse per la prima volta. <\/p>\n\n\n\n<figure class=\"wp-block-image size-full is-resized\"><img decoding=\"async\" width=\"300\" height=\"195\" src=\"https:\/\/fundacioncarf.org\/wp-content\/uploads\/2025\/03\/Captura.3.jpg\" alt=\"stephen-sharpe-youtube-vocacion-sacerdote\" class=\"wp-image-214113\" style=\"width:534px;height:auto\" srcset=\"https:\/\/fundacioncarf.org\/wp-content\/uploads\/2025\/03\/Captura.3.jpg 300w, https:\/\/fundacioncarf.org\/wp-content\/uploads\/2025\/03\/Captura.3-150x98.jpg 150w, https:\/\/fundacioncarf.org\/wp-content\/uploads\/2025\/03\/Captura.3-18x12.jpg 18w\" sizes=\"(max-width: 300px) 100vw, 300px\" \/><\/figure>\n\n\n\n<p>Dopo il pensionamento, torn\u00f2 negli Stati Uniti per terminare gli studi universitari, ma non era pi\u00f9 lo stesso. Aveva scoperto ci\u00f2 che aveva cercato per tutta la vita: la pienezza della verit\u00e0. Dopo un lungo discernimento, decise di lasciare tutto, la sua carriera universitaria, la sua carriera professionale, il suo Paese e di unirsi alla Casa Madre, dedicando la sua vita interamente a Dio.<\/p>\n\n\n\n<h3 class=\"wp-block-heading\">Il sacerdozio, una vocazione che non \u00e8 facile da realizzare<\/h3>\n\n\n\n<p>Essere sacerdote non \u00e8 una vocazione facile, ma \u00e8 il risultato di una profonda lotta interiore e della fede in Dio:<strong> \"Amare Ges\u00f9 \u00e8 il segreto della vera felicit\u00e0\".<\/strong>.<\/p>\n\n\n\n<p>All'inizio, non \u00e8 stato facile. Sebbene sentisse la chiamata a essere sacerdote, Stefano ha dovuto affrontare molte lotte interne. In effetti, \u00e8 stato necessario un grande salto psicologico e spirituale per prendere in considerazione l'idea di unirsi a questa comunit\u00e0. Ma pi\u00f9 pregava, pi\u00f9 vedeva chiaramente che Dio lo stava davvero chiamando.<\/p>\n\n\n\n<p>\"Sette anni dopo, posso dire onestamente che questi sono stati gli anni pi\u00f9 felici della mia vita, non perch\u00e9 non abbia sofferto, ma perch\u00e9, nel dare la mia vita a Dio, ho iniziato a scoprire (e continuo a scoprire) che amare Ges\u00f9 \u00e8 il segreto della vera felicit\u00e0.<\/p>\n\n\n\n<p>Nel corso degli anni, \u00e8 stato coinvolto in diversi apostolati ed \u00e8 profondamente grato di poter studiare presso l'Istituto. <em>Santa Croce<\/em> (Santa Cruz), grazie all'aiuto della Fondazione CARF, che ha fatto tanto per centinaia di giovani seminaristi come lui, nella speranza di aiutare altri a scoprire la verit\u00e0 di Ges\u00f9 Cristo.<\/p>\n\n\n\n<hr class=\"wp-block-separator has-alpha-channel-opacity\"\/>\n\n\n\n<p><strong>Gerardo Ferrara,<\/strong>&nbsp;Laureata in Storia e Scienze Politiche, specializzata in Medio Oriente. Responsabile del corpo studentesco dell'Universit\u00e0 della Santa Croce a Roma.<\/p>","protected":false},"excerpt":{"rendered":"<p>Stephen Sharpe, un americano che scopre ad Alcal\u00e1 de Henares la sua vocazione sacerdotale grazie a Youtube e alla Comunit\u00e0 della Casa della Madre. <\/p>","protected":false},"author":4,"featured_media":213498,"comment_status":"closed","ping_status":"closed","sticky":false,"template":"","format":"standard","meta":{"_acf_changed":false,"give_campaign_id":0,"footnotes":""},"categories":[109],"tags":[240,154,126,120,182],"class_list":["post-213494","post","type-post","status-publish","format-standard","has-post-thumbnail","hentry","category-historias","tag-hogar-de-maria","tag-pusc","tag-roma","tag-sacerdote","tag-testimonio"],"acf":[],"_links":{"self":[{"href":"https:\/\/fundacioncarf.org\/it\/wp-json\/wp\/v2\/posts\/213494","targetHints":{"allow":["GET"]}}],"collection":[{"href":"https:\/\/fundacioncarf.org\/it\/wp-json\/wp\/v2\/posts"}],"about":[{"href":"https:\/\/fundacioncarf.org\/it\/wp-json\/wp\/v2\/types\/post"}],"author":[{"embeddable":true,"href":"https:\/\/fundacioncarf.org\/it\/wp-json\/wp\/v2\/users\/4"}],"replies":[{"embeddable":true,"href":"https:\/\/fundacioncarf.org\/it\/wp-json\/wp\/v2\/comments?post=213494"}],"version-history":[{"count":18,"href":"https:\/\/fundacioncarf.org\/it\/wp-json\/wp\/v2\/posts\/213494\/revisions"}],"predecessor-version":[{"id":214503,"href":"https:\/\/fundacioncarf.org\/it\/wp-json\/wp\/v2\/posts\/213494\/revisions\/214503"}],"wp:featuredmedia":[{"embeddable":true,"href":"https:\/\/fundacioncarf.org\/it\/wp-json\/wp\/v2\/media\/213498"}],"wp:attachment":[{"href":"https:\/\/fundacioncarf.org\/it\/wp-json\/wp\/v2\/media?parent=213494"}],"wp:term":[{"taxonomy":"category","embeddable":true,"href":"https:\/\/fundacioncarf.org\/it\/wp-json\/wp\/v2\/categories?post=213494"},{"taxonomy":"post_tag","embeddable":true,"href":"https:\/\/fundacioncarf.org\/it\/wp-json\/wp\/v2\/tags?post=213494"}],"curies":[{"name":"wp","href":"https:\/\/api.w.org\/{rel}","templated":true}]}}