{"id":205059,"date":"2025-02-01T06:00:00","date_gmt":"2025-02-01T05:00:00","guid":{"rendered":"https:\/\/staging.fundacioncarf.org\/?p=205059"},"modified":"2025-04-10T11:54:22","modified_gmt":"2025-04-10T09:54:22","slug":"universidad-santa-croce-entrevista-fernando-puig","status":"publish","type":"post","link":"https:\/\/fundacioncarf.org\/it\/universidad-santa-croce-entrevista-fernando-puig\/","title":{"rendered":"Fernando Puig, nuovo rettore di Santa Croce, giunta al 40\u00b0 anno di vita."},"content":{"rendered":"<p>Il <a href=\"https:\/\/es.pusc.it\/\" target=\"_blank\" rel=\"noreferrer noopener\">Pontificia Universit\u00e0 della Santa Croce<\/a> festeggia 40 anni al servizio della Chiesa, avendo formato pi\u00f9 di 15.000 studenti da tutto il mondo. Il suo nuovo rettore, Don Fernando Puig, ne sottolinea i risultati, le sfide e il ruolo chiave nell'evangelizzazione.<\/p>\n\n\n\n<h3 class=\"wp-block-heading\">La Santa Croce celebra il suo 40\u00b0 anniversario quest'anno accademico<\/h3>\n\n\n\n<p><strong>- Quali sono gli obiettivi raggiunti da questa universit\u00e0 al servizio della Chiesa e del Santo Padre durante questo periodo?<\/strong><\/p>\n\n\n\n<p>Prima di tutto, vorrei ringraziare la Fondazione CARF - ogni singola persona che lavora all'interno e con la Fondazione - per questi 40 anni di sostegno, preghiere e incoraggiamento. Pu\u00f2 sembrare una semplice cortesia, ma non \u00e8 cos\u00ec. La Santa Croce esiste perch\u00e9 ci sono persone che la fanno esistere, da coloro che l'hanno avviata con una visione del futuro e una grande fede, fino alle persone che la sostengono. <a href=\"https:\/\/fundacioncarf.org\/como-vivieron-confinados-seminaristas-de-23-paises-en-el-seminario-roma\/\" data-type=\"link\" data-id=\"https:\/\/fundacioncarf.org\/como-vivieron-confinados-seminaristas-de-23-paises-en-el-seminario-roma\/\">seminarista<\/a> o il sacerdote che sente il bisogno di formazione, per vivere la sua vocazione e donarsi alla missione in comunione con il suo vescovo.<\/p>\n\n\n\n<p>Inoltre, sempre pi\u00f9 laici ci chiedono formazione perch\u00e9 ne hanno bisogno per la loro vocazione di trasformatori del mondo. Se \u00e8 cos\u00ec, \u00e8 un obiettivo raggiunto che migliaia di persone vogliono che Santa Croce esista. Noi che ci lavoriamo accumuliamo debiti su debiti. <\/p>\n\n\n\n<p>I numeri sono freddi e sempre parziali, ma aver accolto 15.000 studenti provenienti da 1.300 diocesi diverse nel corso degli anni, o il fatto che i nostri professori abbiano pubblicato 1.800 libri, non \u00e8 qualcosa che si pu\u00f2 improvvisare. In ogni caso, \u00e8 solo alla fine della vita di uno studente, di un insegnante o di un dipendente di Santa Croce che vedremo la portata dell'impatto evangelizzatore del loro lavoro.<\/p>\n\n\n\n<figure class=\"wp-block-image size-full\"><img decoding=\"async\" width=\"799\" height=\"532\" src=\"https:\/\/fundacioncarf.org\/wp-content\/uploads\/2025\/02\/inauguracion-curso.jpg\" alt=\"Fernando Puig, rector de la PUSC, universidad santa croce nuevo curso\" class=\"wp-image-205169\" srcset=\"https:\/\/fundacioncarf.org\/wp-content\/uploads\/2025\/02\/inauguracion-curso.jpg 799w, https:\/\/fundacioncarf.org\/wp-content\/uploads\/2025\/02\/inauguracion-curso-300x200.jpg 300w, https:\/\/fundacioncarf.org\/wp-content\/uploads\/2025\/02\/inauguracion-curso-150x100.jpg 150w, https:\/\/fundacioncarf.org\/wp-content\/uploads\/2025\/02\/inauguracion-curso-768x511.jpg 768w, https:\/\/fundacioncarf.org\/wp-content\/uploads\/2025\/02\/inauguracion-curso-18x12.jpg 18w\" sizes=\"(max-width: 799px) 100vw, 799px\" \/><\/figure>\n\n\n\n<h3 class=\"wp-block-heading\">Le sfide dell'universit\u00e0 per il signor Fernando Puig<\/h3>\n\n\n\n<p><strong>- Quali sono le sue sfide e i suoi obiettivi per i prossimi quattro anni?<\/strong><\/p>\n\n\n\n<p>Non sono fissi, predeterminati. Abbiamo gli occhi ben aperti sulle esigenze dell'evangelizzazione. Come ci\u00f2 che facciamo - aiutare a formare, insegnare a pensare, incoraggiare a trasmettere la fede - si svolge senza fretta, con calma e con una prospettiva ampia.<\/p>\n\n\n\n<p>Abbiamo ben presente l'esempio dei nostri predecessori (alcuni dei quali sono santi, forse quelli \"della porta accanto\" di cui parla il Papa) e un motto fondamentale che li contraddistingueva: lavoro, lavoro, lavoro. Ma, naturalmente, il pi\u00f9 possibile uniti e cercando di far s\u00ec che tutti noi, uno per uno, a Santa Croce, cresciamo professionalmente e personalmente.<\/p>\n\n\n\n<p><strong>- Il Papa le ha chiesto qualcosa di concreto alla guida del PUSC?<\/strong><\/p>\n\n\n\n<p>Non ho potuto salutare il Papa dopo l'appuntamento, ma mi piace immaginarlo mentre ci racconta i suoi <em>andate avanti<\/em> (\"vai avanti\") che comunica a tante persone. Queste parole si traducono per me nella <em>Duc in altum!<\/em> (\"nel profondo\") che Ges\u00f9 grid\u00f2 al suo popolo. Credo che siano utili anche per il lavoro in un'universit\u00e0 come la nostra.<\/p>\n\n\n\n<p><strong>- Come ho detto <strong>in un'intervista<\/strong><\/strong> <strong>Luis Navarro, ex rettore, la PUSC si caratterizza per la sua apertura al mondo. Come si pu\u00f2 rafforzare questo messaggio affinch\u00e9 il servizio che questa Universit\u00e0 svolge per la Chiesa universale sia realmente conosciuto?<\/strong><\/p>\n\n\n\n<p>Don Luis era solito dire che i nostri migliori ambasciatori sono i nostri ex studenti (i <em>alumni<\/em>). Ne sono prova i numerosi sacerdoti, seminaristi, religiosi, religiose e laici, provenienti da diverse parti del mondo e da diversi carismi e congregazioni, che studiano a Santa Croce. Questo perch\u00e9 nel loro servizio reale, generoso e disinteressato, portano con s\u00e9 qualcosa dell'Universit\u00e0. <\/p>\n\n\n\n<p>Ci\u00f2 non toglie che lavoriamo professionalmente per pubblicizzare le nostre attivit\u00e0, come fa qualsiasi istituzione educativa. In ogni caso, il messaggio si rafforza camminando: lavoro, lavoro, lavoro.<\/p>\n\n\n\n<p><strong>- La Conferenza dei Rettori associati a CRUIPRO \u00e8 un organo di coordinamento e promozione dell'azione comune delle Istituzioni Universitarie Pontificie di Roma. Qual \u00e8 il contributo della PUSC a questo organo e cosa pu\u00f2 imparare Santa Croce dalle altre universit\u00e0?<\/strong><\/p>\n\n\n\n<p>Tre dei miei predecessori nel Rettorato di Santa Croce hanno presieduto il CRUIPRO, con dedizione e slancio. Il nostro desiderio \u00e8 quello di contribuire lealmente a un impegno comune, non competitivo. Infatti, noi rettori andiamo d'accordo, condividiamo le esperienze e ci sosteniamo a vicenda.<\/p>\n\n\n\n<figure class=\"wp-block-image size-full\"><img decoding=\"async\" width=\"800\" height=\"1007\" src=\"https:\/\/fundacioncarf.org\/wp-content\/uploads\/2025\/01\/fernando-puig-fundacion-carf.webp\" alt=\"Fernando Puig, rector en la Santa Croce\" class=\"wp-image-205095\" srcset=\"https:\/\/fundacioncarf.org\/wp-content\/uploads\/2025\/01\/fernando-puig-fundacion-carf.webp 800w, https:\/\/fundacioncarf.org\/wp-content\/uploads\/2025\/01\/fernando-puig-fundacion-carf-238x300.webp 238w, https:\/\/fundacioncarf.org\/wp-content\/uploads\/2025\/01\/fernando-puig-fundacion-carf-119x150.webp 119w, https:\/\/fundacioncarf.org\/wp-content\/uploads\/2025\/01\/fernando-puig-fundacion-carf-768x967.webp 768w, https:\/\/fundacioncarf.org\/wp-content\/uploads\/2025\/01\/fernando-puig-fundacion-carf-10x12.webp 10w\" sizes=\"(max-width: 800px) 100vw, 800px\" \/><figcaption class=\"wp-element-caption\">Don Fernando Puig, Rettore dell'Universit\u00e0 di Santa Croce.<\/figcaption><\/figure>\n\n\n\n<p><strong>- Lei \u00e8 professore di Diritto dell'Organizzazione della Chiesa e del Governo all'universit\u00e0. Con la Costituzione apostolica <em>Praedicate Evangelium<\/em> Come pu\u00f2 il Rettore di Santa Croce spiegarci questo nei \"titoli\" e nei messaggi chiave per i cattolici in generale?<\/strong><\/p>\n\n\n\n<p>La Curia romana \u00e8 un'istituzione complessa con una storia millenaria. Spesso dico scherzosamente che tra alcune questioni stilistiche uniche che certamente possiede e altre che le vengono attribuite, soprattutto nei film, \u00e8 stato creato un \"mostro\". Non \u00e8 vero: aiutare il Papa \u00e8 difficile; affrontare le dinamiche mutevoli degli ultimi decenni mette alla prova tutte le istituzioni.<\/p>\n\n\n\n<p>Ho i miei dubbi che sia davvero cos\u00ec importante capire la Curia romana: la Chiesa \u00e8 viva in ogni comunit\u00e0 e nel cuore di ogni fedele e questo corrisponde all'efficacia dell'azione sacramentale della Chiesa in ogni luogo. <\/p>\n\n\n\n<p>Ogni luogo (anzi, ogni Eucaristia) \u00e8 altrettanto o pi\u00f9 centrale della Curia romana. Tuttavia, il ministero dell'unit\u00e0 visibile del Papa \u00e8 insostituibile ed \u00e8 la condizione di possibilit\u00e0 della carit\u00e0 di Cristo: la Curia romana \u00e8 giustificata da questa missione. Molte persone vi lavorano con seriet\u00e0 e abnegazione.<\/p>\n\n\n\n<figure class=\"wp-block-image size-full\"><img decoding=\"async\" width=\"799\" height=\"532\" src=\"https:\/\/fundacioncarf.org\/wp-content\/uploads\/2025\/02\/inauguracion-curso-24-25.jpg\" alt=\"Fernando Puig, rector de la PUSC, universidad santa croce nuevo curso\" class=\"wp-image-205174\" srcset=\"https:\/\/fundacioncarf.org\/wp-content\/uploads\/2025\/02\/inauguracion-curso-24-25.jpg 799w, https:\/\/fundacioncarf.org\/wp-content\/uploads\/2025\/02\/inauguracion-curso-24-25-300x200.jpg 300w, https:\/\/fundacioncarf.org\/wp-content\/uploads\/2025\/02\/inauguracion-curso-24-25-150x100.jpg 150w, https:\/\/fundacioncarf.org\/wp-content\/uploads\/2025\/02\/inauguracion-curso-24-25-768x511.jpg 768w, https:\/\/fundacioncarf.org\/wp-content\/uploads\/2025\/02\/inauguracion-curso-24-25-18x12.jpg 18w\" sizes=\"(max-width: 799px) 100vw, 799px\" \/><\/figure>\n\n\n\n<p><strong>- Tra gli altri cambiamenti, forse non viene compreso appieno il fatto che il Papa ha nominato una religiosa come primo prefetto di un dicastero e ora ha annunciato una religiosa come presidente del Governatorato dello Stato Vaticano. Pu\u00f2 spiegarci questo?<\/strong><\/p>\n\n\n\n<p>Come dicevo, ci sono elementi della Curia romana che richiedono uno studio specializzato. Il Papa ha insistito sul fatto che, in condizioni di parit\u00e0 di competenze, non si devono fare distinzioni tra uomini e donne nell'esercizio delle funzioni governative. \u00c8 normale che questo accada nella pratica. <\/p>\n\n\n\n<p>Ci sono questioni tecniche sull'esercizio delle cariche da parte di persone non ordinate (sia donne che uomini) che meritano un fine adeguamento giuridico, ma \u00e8 sufficiente elaborarle, se si vuole adempiere alla missione di servizio della Curia.<\/p>\n\n\n\n<p><strong>- Da quanto ho capito, e attendo la sua correzione se mi sbaglio, Papa Francesco ha sottolineato l'importanza di un diritto canonico pi\u00f9 pastorale, accessibile e incentrato sulla misericordia. Le recenti riforme riflettono questa visione: quali sono le questioni che vengono adattate e i cambiamenti nella protezione dei minori e nella nullit\u00e0 del matrimonio vanno a beneficio dei fedeli?<\/strong><\/p>\n\n\n\n<p>Le due questioni a cui lei allude sono importanti e si stanno compiendo buoni passi. Non dobbiamo perdere di vista il fatto che il servizio del diritto canonico \u00e8 modesto a favore di grandi beni come la famiglia e la difesa dei deboli, soprattutto se sono stati danneggiati. <\/p>\n\n\n\n<p>Occorre molto apostolato familiare, molta formazione delle persone e il coinvolgimento di tutti, in modo che si ricorra il meno possibile ai processi di sanzione e di nullit\u00e0. Alla fine tutto si riduce all'impegno di rispondere alla chiamata universale alla santit\u00e0, che non \u00e8 uno slogan ma un disegno divino che sfida anche i canonisti.<\/p>\n\n\n\n<hr class=\"wp-block-separator has-alpha-channel-opacity\"\/>\n\n\n\n<p><strong>Marta Sant\u00edn<\/strong>Giornalista specializzato in informazione religiosa<\/p>","protected":false},"excerpt":{"rendered":"<p>In occasione del quarantesimo anniversario della Pontificia Universit\u00e0 della Santa Croce (PUSC), conosciuta in Italia come Santa Croce, abbiamo approfittato di un congresso in corso a Roma per parlare con Fernando Puig, recentemente nominato rettore dell'universit\u00e0.<\/p>","protected":false},"author":719,"featured_media":205089,"comment_status":"closed","ping_status":"closed","sticky":false,"template":"","format":"standard","meta":{"_acf_changed":false,"give_campaign_id":0,"footnotes":""},"categories":[109],"tags":[230,227,154,229,228],"class_list":["post-205059","post","type-post","status-publish","format-standard","has-post-thumbnail","hentry","category-historias","tag-entrevista","tag-fernando-puig","tag-pusc","tag-santa-croce","tag-universidad-pontificia-de-la-santa-cruz"],"acf":[],"_links":{"self":[{"href":"https:\/\/fundacioncarf.org\/it\/wp-json\/wp\/v2\/posts\/205059","targetHints":{"allow":["GET"]}}],"collection":[{"href":"https:\/\/fundacioncarf.org\/it\/wp-json\/wp\/v2\/posts"}],"about":[{"href":"https:\/\/fundacioncarf.org\/it\/wp-json\/wp\/v2\/types\/post"}],"author":[{"embeddable":true,"href":"https:\/\/fundacioncarf.org\/it\/wp-json\/wp\/v2\/users\/719"}],"replies":[{"embeddable":true,"href":"https:\/\/fundacioncarf.org\/it\/wp-json\/wp\/v2\/comments?post=205059"}],"version-history":[{"count":11,"href":"https:\/\/fundacioncarf.org\/it\/wp-json\/wp\/v2\/posts\/205059\/revisions"}],"predecessor-version":[{"id":205201,"href":"https:\/\/fundacioncarf.org\/it\/wp-json\/wp\/v2\/posts\/205059\/revisions\/205201"}],"wp:featuredmedia":[{"embeddable":true,"href":"https:\/\/fundacioncarf.org\/it\/wp-json\/wp\/v2\/media\/205089"}],"wp:attachment":[{"href":"https:\/\/fundacioncarf.org\/it\/wp-json\/wp\/v2\/media?parent=205059"}],"wp:term":[{"taxonomy":"category","embeddable":true,"href":"https:\/\/fundacioncarf.org\/it\/wp-json\/wp\/v2\/categories?post=205059"},{"taxonomy":"post_tag","embeddable":true,"href":"https:\/\/fundacioncarf.org\/it\/wp-json\/wp\/v2\/tags?post=205059"}],"curies":[{"name":"wp","href":"https:\/\/api.w.org\/{rel}","templated":true}]}}