{"id":201215,"date":"2024-12-21T06:00:00","date_gmt":"2024-12-21T05:00:00","guid":{"rendered":"https:\/\/staging.fundacioncarf.org\/?p=201215"},"modified":"2025-11-27T16:48:31","modified_gmt":"2025-11-27T15:48:31","slug":"navidad-en-paises-devastados-por-guerra-y-paz","status":"publish","type":"post","link":"https:\/\/fundacioncarf.org\/it\/navidad-en-paises-devastados-por-guerra-y-paz\/","title":{"rendered":"Natale in 4 Paesi devastati dalla guerra"},"content":{"rendered":"<p>Il Natale \u00e8 un momento di amore, rinnovamento e pace. Tuttavia, per milioni di persone che vivono in Paesi devastati da guerre e conflitti armati, credere nella pace \u00e8 un'ulteriore sfida.<\/p>\n\n\n\n<p>In luoghi come l'Ucraina, Israele, il Libano o la Nigeria, le tradizioni natalizie coesistono con il dolore, l'incertezza e la ricerca di conforto. Il lavoro dei sacerdoti diocesani o missionari diventa cruciale in questi contesti, offrendo una luce di speranza.<\/p>\n\n\n\n<p>La Fondazione CARF sostiene la formazione integrale di questi sacerdoti, fornendo loro le risorse necessarie per servire in futuro anche nelle condizioni pi\u00f9 avverse.<\/p>\n\n\n\n<figure class=\"wp-block-image size-large\"><img decoding=\"async\" src=\"https:\/\/cloudfront-eu-central-1.images.arcpublishing.com\/prisa\/LXXSNLDL4YESVC7HDTFMVCQX5Y.jpg\" alt=\"\"\/><\/figure>\n\n\n\n<h2 class=\"wp-block-heading\">Natale in Ucraina: un appello alla fede nel freddo<\/h2>\n\n\n\n<p>In Ucraina, il Natale arriva nel bel mezzo di una guerra che ha sfollato milioni di persone. Le famiglie, segnate dal conflitto, si riuniscono sottoterra in rifugi o in chiese parzialmente distrutte per celebrare la nascita di Cristo. Nonostante le circostanze di pace, la fede rimane una fonte di forza e di speranza.<\/p>\n\n\n\n<p>Il <strong>Padre Roman Ostrovskyy, Vice-Rettore del Seminario Greco-Cattolico di Kiev<\/strong>Ha detto con fermezza: \"La fede ci aiuta ad andare avanti nei giorni peggiori\", sottolineando come la spiritualit\u00e0 sostenga i cristiani ucraini in questi momenti di avversit\u00e0 (<a href=\"https:\/\/www.vaticannews.va\/es\/iglesia\/news\/2024-06\/ucrania-sacerdotes-cansados-guerra-pisotea-nuestra-dignidad.html\" target=\"_blank\" rel=\"noopener\">Notizie dal Vaticano<\/a>).<\/p>\n\n\n\n<p>La Chiesa in Ucraina \u00e8 stata un rifugio non solo fisico, ma anche spirituale. Nelle parrocchie, i sacerdoti non solo distribuiscono cibo e vestiti alle persone colpite, ma soprattutto offrono parole di conforto e celebrano la Messa che rinnova la speranza nelle loro comunit\u00e0. Il loro lavoro non solo sostiene i corpi esausti, ma anche le anime abbattute.<\/p>\n\n\n\n<figure class=\"wp-block-image size-large\"><img decoding=\"async\" src=\"https:\/\/www.humanitas.cl\/images\/revistas\/h90\/alepo-01.jpg\" alt=\"\"\/><\/figure>\n\n\n\n<h2 class=\"wp-block-heading\">Le tradizioni natalizie sono sotto tiro in Israele e in Siria<\/h2>\n\n\n\n<p><a href=\"https:\/\/fundacioncarf.org\/peregrinaciones-fundacion-carf\/tierra-santa-peregrina\/\" type=\"link\" id=\"https:\/\/fundacioncarf.org\/peregrinaciones\/tierra-santa-el-viaje-de-tu-vida\/\">Terra Santa<\/a>La culla della cristianit\u00e0 affronta un Natale segnato da tensioni belliche. <strong>A Gaza, i cristiani sono una minoranza che lotta per mantenere le proprie tradizioni.<\/strong> Le chiese organizzano veglie con risorse scarse, e i presepi sono spesso realizzati con materiali riciclati a causa della scarsit\u00e0.<\/p>\n\n\n\n<p>\"Nonostante questa grande violenza, non dobbiamo dimenticare che il messaggio del Natale rimane, forse in questo momento ancora pi\u00f9 importante che mai. Dio si fa carne per amore e ci comunica un nuovo modo di essere nel mondo, che \u00e8 quello di dare la propria vita per amore, per gli altri\". (Cardinale Pizzaballa, Messaggio di Natale 2023).<\/p>\n\n\n\n<p>In Israele, i pellegrini stanno diminuendo a causa dei conflitti. Tuttavia, le celebrazioni a Betlemme, come il <a href=\"https:\/\/fundacioncarf.org\/misa-del-gallo-historia-significado\/\" data-type=\"link\" data-id=\"https:\/\/fundacioncarf.org\/misa-del-gallo-historia-significado\/\">Messa di mezzanotte<\/a>rimangono un simbolo di unit\u00e0 e perseveranza. La formazione di sacerdoti in grado di guidare queste celebrazioni in mezzo alle avversit\u00e0 \u00e8 una missione in cui la Fondazione CARF svolge un ruolo chiave. <\/p>\n\n\n\n<p>A Gaza, le famiglie cristiane decorano piccoli alberi e partecipano alla Messa in chiese circondate da soldati. Come disse San Josemaria, \"finch\u00e9 mi rester\u00e0 fiato, non smetter\u00f2 di predicare la necessit\u00e0 primordiale di essere un'anima di preghiera, sempre, in ogni occasione e in ogni modo\". <strong>nelle circostanze pi\u00f9 disparate, perch\u00e9 Dio non ci abbandona mai.<\/strong> Non \u00e8 cristiano pensare all'amicizia divina esclusivamente come una risorsa estrema\". (Amici di Dio, 242).<\/p>\n\n\n\n<figure class=\"wp-block-image size-large\"><img decoding=\"async\" src=\"https:\/\/www.manosunidas.org\/sites\/default\/files\/imce\/noticias\/manos-unidas-nigeria-situacion-2024-violencia-proyectos-dbvtc-koko_3.jpg\" alt=\"\"\/><figcaption class=\"wp-element-caption\">Nigeria : Centro di formazione professionale Don Bosco : Fonte: Manos Unidas.<\/figcaption><\/figure>\n\n\n\n<h2 class=\"wp-block-heading\">La lotta per la pace in Nigeria<\/h2>\n\n\n\n<p>La Nigeria, un Paese devastato dal conflitto religioso, vive sempre un Natale pieno di contrasti e di resilienza. Nel nord del Paese, dove gli attacchi di gruppi estremisti come Boko Haram hanno costretto a sfollare intere comunit\u00e0, <strong>le chiese diventano roccaforti della fede<\/strong>. Nonostante le minacce e le strette misure di sicurezza, i cristiani partecipano alla Messa con uno spirito incrollabile, mantenendo vive le loro tradizioni natalizie.<\/p>\n\n\n\n<p>Il perdono e la preghiera sono le loro armi contro l'odio. I sacerdoti nelle peggiori zone di conflitto organizzano veglie notturne, in modo che le famiglie possano riunirsi per pregare l'una per l'altra. <a href=\"https:\/\/fundacioncarf.org\/oracion-en-tiempos-inciertos\/\" data-type=\"link\" data-id=\"https:\/\/fundacioncarf.org\/oracion-en-tiempos-inciertos\/\">preghiera<\/a> in un'atmosfera di relativa sicurezza. Questi incontri offrono non solo uno spazio di culto, ma anche un momento di conforto e di speranza nel mezzo delle avversit\u00e0.<\/p>\n\n\n\n<p>Il Natale in Nigeria non \u00e8 solo un momento di festa, ma anche di riaffermazione della fede e dell'unit\u00e0 in una societ\u00e0 profondamente ferita dalla guerra. Le comunit\u00e0 cristiane dimostrano che <strong>La luce della nascita di Cristo pu\u00f2 risplendere anche nei luoghi pi\u00f9 bui.<\/strong>portando conforto e forza a coloro che hanno pi\u00f9 bisogno di pace.<\/p>\n\n\n\n<figure class=\"wp-block-image size-large\"><img decoding=\"async\" width=\"1024\" height=\"683\" src=\"https:\/\/fundacioncarf.org\/wp-content\/uploads\/2024\/12\/chico-joven-edificio-ruinas-esperanza-1024x683.jpg\" alt=\"\" class=\"wp-image-201217\" srcset=\"https:\/\/fundacioncarf.org\/wp-content\/uploads\/2024\/12\/chico-joven-edificio-ruinas-esperanza-1024x683.jpg 1024w, https:\/\/fundacioncarf.org\/wp-content\/uploads\/2024\/12\/chico-joven-edificio-ruinas-esperanza-300x200.jpg 300w, https:\/\/fundacioncarf.org\/wp-content\/uploads\/2024\/12\/chico-joven-edificio-ruinas-esperanza-150x100.jpg 150w, https:\/\/fundacioncarf.org\/wp-content\/uploads\/2024\/12\/chico-joven-edificio-ruinas-esperanza-768x512.jpg 768w, https:\/\/fundacioncarf.org\/wp-content\/uploads\/2024\/12\/chico-joven-edificio-ruinas-esperanza-18x12.jpg 18w, https:\/\/fundacioncarf.org\/wp-content\/uploads\/2024\/12\/chico-joven-edificio-ruinas-esperanza.jpg 1200w\" sizes=\"(max-width: 1024px) 100vw, 1024px\" \/><figcaption class=\"wp-element-caption\">Fotografia di <a href=\"https:\/\/unsplash.com\/es\/@khalidkwaik?utm_content=creditCopyText&amp;utm_medium=referral&amp;utm_source=unsplash\" target=\"_blank\" rel=\"noopener\">khalid kwaik<\/a> a <a href=\"https:\/\/unsplash.com\/es\/fotos\/un-hombre-de-pie-frente-a-un-monton-de-escombros-t7RtOKho3u8?utm_content=creditCopyText&amp;utm_medium=referral&amp;utm_source=unsplash\" target=\"_blank\" rel=\"noopener\">Unsplash<\/a>.<\/figcaption><\/figure>\n\n\n\n<h2 class=\"wp-block-heading\">Natale in Libano: speranza tra le macerie<\/h2>\n\n\n\n<p>Il Libano, un Paese profondamente colpito dalla crisi economica e dalle conseguenze di tragiche esplosioni, celebra il Natale con umilt\u00e0 e pazienza. Molte famiglie decorano alberi di fortuna con materiali riciclati e preparano cene con il poco che hanno a disposizione, dimostrando che il vero spirito natalizio trascende le avversit\u00e0 materiali.<\/p>\n\n\n\n<p>A Beirut, le chiese svolgono un ruolo cruciale, organizzando concerti, veglie e attivit\u00e0 comunitarie che richiamano il significato profondo della stagione. \"Nel mezzo della sofferenza, il Natale ci invita ad essere una luce per gli altri\", ha detto Papa Francesco durante il suo messaggio del 25 dicembre 2020 nella Basilica di San Pietro, riferendosi alla chiamata ad aprire i nostri cuori a coloro che hanno pi\u00f9 bisogno.<\/p>\n\n\n\n<p>I sacerdoti diocesani in Libano sono testimoni attivi di questo <a href=\"https:\/\/fundacioncarf.org\/discurso-papa-francisco-la-valentia-esperanza\/\" data-type=\"link\" data-id=\"https:\/\/fundacioncarf.org\/discurso-papa-francisco-la-valentia-esperanza\/\">speranza<\/a>. Attraverso le loro azioni quotidiane, offrono sostegno spirituale e materiale, portando un messaggio di conforto e di fede alle comunit\u00e0 che si trovano ad affrontare incertezze e necessit\u00e0. Il loro lavoro rafforza l'importanza di vedere Cristo negli altri.<\/p>\n\n\n\n<figure class=\"wp-block-image size-large\"><img decoding=\"async\" width=\"1024\" height=\"683\" src=\"https:\/\/fundacioncarf.org\/wp-content\/uploads\/2024\/11\/orar-por-los-sacerdotes-1024x683.jpg\" alt=\"C\u00f3mo y qu\u00e9 orar por los sacerdotes\" class=\"wp-image-200185\" srcset=\"https:\/\/fundacioncarf.org\/wp-content\/uploads\/2024\/11\/orar-por-los-sacerdotes-1024x683.jpg 1024w, https:\/\/fundacioncarf.org\/wp-content\/uploads\/2024\/11\/orar-por-los-sacerdotes-300x200.jpg 300w, https:\/\/fundacioncarf.org\/wp-content\/uploads\/2024\/11\/orar-por-los-sacerdotes-150x100.jpg 150w, https:\/\/fundacioncarf.org\/wp-content\/uploads\/2024\/11\/orar-por-los-sacerdotes-768x512.jpg 768w, https:\/\/fundacioncarf.org\/wp-content\/uploads\/2024\/11\/orar-por-los-sacerdotes-18x12.jpg 18w, https:\/\/fundacioncarf.org\/wp-content\/uploads\/2024\/11\/orar-por-los-sacerdotes.jpg 1200w\" sizes=\"(max-width: 1024px) 100vw, 1024px\" \/><\/figure>\n\n\n\n<h3 class=\"wp-block-heading\">Il ruolo di integrazione della Fondazione CARF<\/h3>\n\n\n\n<p>In contesti come questi, il ruolo dei sacerdoti \u00e8 fondamentale. Non solo presiedono alle celebrazioni liturgiche, ma forniscono anche un sostegno emotivo e spirituale. <strong>La missione della Fondazione CARF \u00e8 la formazione integrale dei seminaristi e dei sacerdoti diocesani.<\/strong>assicurando che siano pronti a servire nelle condizioni pi\u00f9 avverse.<\/p>\n\n\n\n<p>Ogni donazione alla Fondazione CARF contribuisce direttamente ai costi di questa formazione completa dei sacerdoti diocesani poveri di tutto il mondo. Grazie a questo lavoro, \u00e8 possibile portare il messaggio di pace e di speranza di Ges\u00f9 anche nelle zone pi\u00f9 martoriate dalla guerra.<\/p>\n\n\n\n<h3 class=\"wp-block-heading\">Come possiamo aiutare i Paesi in guerra?<\/h3>\n\n\n\n<ul class=\"wp-block-list\">\n<li>Facendo un <a href=\"https:\/\/fundacioncarf.org\/donar\/\" data-type=\"link\" data-id=\"https:\/\/fundacioncarf.org\/donar\/\">donazione<\/a>Il suo contributo permette di formare un maggior numero di sacerdoti e di portare conforto spirituale nei luoghi dove c'\u00e8 un conflitto.<\/li>\n\n\n\n<li>Condividi questo messaggio: contribuisci a diffondere il lavoro della CARF Foundation per raggiungere pi\u00f9 persone.<\/li>\n\n\n\n<li>Preghi per loro: la sua preghiera \u00e8 un sostegno insostituibile per coloro che vivono nel mezzo del conflitto.<\/li>\n<\/ul>\n\n\n\n<p>Il Natale, anche nei luoghi pi\u00f9 devastati dalla guerra, rimane un faro di speranza. Nei Paesi devastati dalla guerra, le comunit\u00e0 cristiane trovano conforto nella loro fede, guidate da sacerdoti impegnati che affrontano sfide inimmaginabili. <\/p>\n\n\n\n<p>La Fondazione CARF la invita a far parte di questa missione contribuendo a formare coloro che portano la pace di Cristo nel mondo. Il suo sostegno pu\u00f2 fare la differenza. La gioia dell'uomo sta nel dare, non nel ricevere e questo \u00e8 lo spirito del Natale, uno spirito che ci permette di condividere con coloro che ne hanno pi\u00f9 bisogno.<\/p>","protected":false},"excerpt":{"rendered":"<p>Il Natale e la guerra sono opposti l'uno all'altro. Di fronte alla speranza e all'amore, ci addoloriamo e soffriamo quando vediamo Paesi devastati dall'orrore della mancanza di pace.<\/p>","protected":false},"author":719,"featured_media":201217,"comment_status":"closed","ping_status":"closed","sticky":false,"template":"","format":"standard","meta":{"_acf_changed":false,"give_campaign_id":0,"footnotes":""},"categories":[13],"tags":[218,221,220,219,223,222],"class_list":["post-201215","post","type-post","status-publish","format-standard","has-post-thumbnail","hentry","category-blog","tag-navidad","tag-nigeria","tag-paises-en-guerra","tag-paz","tag-siria","tag-ucrania"],"acf":[],"_links":{"self":[{"href":"https:\/\/fundacioncarf.org\/it\/wp-json\/wp\/v2\/posts\/201215","targetHints":{"allow":["GET"]}}],"collection":[{"href":"https:\/\/fundacioncarf.org\/it\/wp-json\/wp\/v2\/posts"}],"about":[{"href":"https:\/\/fundacioncarf.org\/it\/wp-json\/wp\/v2\/types\/post"}],"author":[{"embeddable":true,"href":"https:\/\/fundacioncarf.org\/it\/wp-json\/wp\/v2\/users\/719"}],"replies":[{"embeddable":true,"href":"https:\/\/fundacioncarf.org\/it\/wp-json\/wp\/v2\/comments?post=201215"}],"version-history":[{"count":11,"href":"https:\/\/fundacioncarf.org\/it\/wp-json\/wp\/v2\/posts\/201215\/revisions"}],"predecessor-version":[{"id":226838,"href":"https:\/\/fundacioncarf.org\/it\/wp-json\/wp\/v2\/posts\/201215\/revisions\/226838"}],"wp:featuredmedia":[{"embeddable":true,"href":"https:\/\/fundacioncarf.org\/it\/wp-json\/wp\/v2\/media\/201217"}],"wp:attachment":[{"href":"https:\/\/fundacioncarf.org\/it\/wp-json\/wp\/v2\/media?parent=201215"}],"wp:term":[{"taxonomy":"category","embeddable":true,"href":"https:\/\/fundacioncarf.org\/it\/wp-json\/wp\/v2\/categories?post=201215"},{"taxonomy":"post_tag","embeddable":true,"href":"https:\/\/fundacioncarf.org\/it\/wp-json\/wp\/v2\/tags?post=201215"}],"curies":[{"name":"wp","href":"https:\/\/api.w.org\/{rel}","templated":true}]}}