{"id":192298,"date":"2024-11-17T06:00:00","date_gmt":"2024-11-17T05:00:00","guid":{"rendered":"https:\/\/staging.fundacioncarf.org\/?p=192298"},"modified":"2024-11-18T13:48:31","modified_gmt":"2024-11-18T12:48:31","slug":"mercadillo-solidario-fundacion-carf-pas","status":"publish","type":"post","link":"https:\/\/fundacioncarf.org\/it\/mercadillo-solidario-fundacion-carf-pas\/","title":{"rendered":"Il 28\u00b0 mercato di beneficenza della Fondazione CARF \u00e8 tornato!"},"content":{"rendered":"<p>Il <a href=\"https:\/\/fundacioncarf.org\/voluntariado-patronato-accion-social\/\">volontari del Consiglio di Amministrazione della Fondazione CARF per l'Azione Sociale<\/a> (PAS) sta organizzando il suo tradizionale mercatino di beneficenza per raccogliere fondi per la formazione di seminaristi, sacerdoti diocesani e religiosi di tutto il mondo.&nbsp;<\/p>\n\n\n\n<p>Il mercatino delle pulci, giunto alla sua 28esima edizione, si terr\u00e0 dal 26 al 30 novembre nei locali della chiesa parrocchiale di Saint Louis des Fran\u00e7ais, nella zona di <a href=\"https:\/\/maps.app.goo.gl\/WQaZphr2NrBuJWHD9\" data-type=\"link\" data-id=\"https:\/\/maps.app.goo.gl\/WQaZphr2NrBuJWHD9\" target=\"_blank\" rel=\"noreferrer noopener\">9 Padilla Street<\/a>Madrid, tutti i giorni dalle 11.00 alle 21.00.&nbsp;<\/p>\n\n\n\n<p>I volontari della PAS organizzano questo mercatino delle pulci da molti anni, il cui scopo principale \u00e8 quello di collaborare con la Chiesa diocesana in tutto il mondo.&nbsp;<\/p>\n\n\n\n<p>Grazie alla vendita di mobili <a href=\"https:\/\/www.eldebate.com\/espana\/madrid\/20241112\/fundacion-catolica-carf-convoca-mercadillo-solidario-madrid-apoyar-sacerdotes-diocesanos_243823.html\" target=\"_blank\" rel=\"noopener\">restaurato<\/a>oggetti d'antiquariato, pezzi di antiquariato, alcune opere d'arte, abbigliamento, ecc. <em>vintage<\/em>Il progetto, con vestiti per bambini fatti a mano, articoli per la casa e oggetti decorativi, serve a sostenere gli aiuti allo studio, ma soprattutto a contribuire al costo degli zaini di vasi sacri che i seminaristi che si laureano e tornano nei loro Paesi ricevono.<\/p>\n\n\n\n<h3 class=\"wp-block-heading\">Dove e quando?<\/h3>\n\n\n\n<ul class=\"wp-block-list\">\n<li>???? Date: 26-30 novembre<\/li>\n\n\n\n<li>???? Luogo: Padilla, 9 - Madrid<\/li>\n\n\n\n<li>Orari di apertura: dalle ore 11:00 alle ore 21:00<\/li>\n<\/ul>\n\n\n\n<p>Venga a contribuire ad una grande causa! Aiutate la Fondazione CARF a continuare a formare sacerdoti impegnati, mentre trovate regali speciali per i vostri cari, vi aspettiamo!<\/p>\n\n\n\n<h3 class=\"wp-block-heading\">Il mercato di beneficenza pi\u00f9 tradizionale del quartiere di Salamanca<\/h3>\n\n\n\n<p>Il mercato di beneficenza, uno dei pi\u00f9 tradizionali della capitale spagnola, si svolge ancora una volta nei locali della parrocchia di San Luis de los Franceses, nel quartiere di Salamanca. \"Quest'anno abbiamo raggiunto la 28esima edizione, un grande successo\", dicono Carmen e Rosana, coordinatrici del PAS.<\/p>\n\n\n\n<p>Grazie al lavoro dei volontari PAS, il mercatino delle pulci presenta un'ampia variet\u00e0 di mobili, abiti e vestiti per bambini fatti a mano dai volontari stessi; si possono trovare anche opere d'arte, posate vintage, tra le altre cose.<\/p>\n\n\n\n<figure class=\"wp-block-image size-large\"><img decoding=\"async\" width=\"1024\" height=\"682\" src=\"https:\/\/fundacioncarf.org\/wp-content\/uploads\/2023\/11\/mercadillo-solidario-fundacion-carf-vajillas-1024x682.jpg\" alt=\"\" class=\"wp-image-200285\" srcset=\"https:\/\/fundacioncarf.org\/wp-content\/uploads\/2023\/11\/mercadillo-solidario-fundacion-carf-vajillas-1024x682.jpg 1024w, https:\/\/fundacioncarf.org\/wp-content\/uploads\/2023\/11\/mercadillo-solidario-fundacion-carf-vajillas-300x200.jpg 300w, https:\/\/fundacioncarf.org\/wp-content\/uploads\/2023\/11\/mercadillo-solidario-fundacion-carf-vajillas-150x100.jpg 150w, https:\/\/fundacioncarf.org\/wp-content\/uploads\/2023\/11\/mercadillo-solidario-fundacion-carf-vajillas-768x511.jpg 768w, https:\/\/fundacioncarf.org\/wp-content\/uploads\/2023\/11\/mercadillo-solidario-fundacion-carf-vajillas-1536x1023.jpg 1536w, https:\/\/fundacioncarf.org\/wp-content\/uploads\/2023\/11\/mercadillo-solidario-fundacion-carf-vajillas-18x12.jpg 18w, https:\/\/fundacioncarf.org\/wp-content\/uploads\/2023\/11\/mercadillo-solidario-fundacion-carf-vajillas.jpg 2000w\" sizes=\"(max-width: 1024px) 100vw, 1024px\" \/><\/figure>\n\n\n\n<p>Il ricavato va a coprire i costi di formazione di seminaristi, sacerdoti diocesani e religiosi in tutto il mondo. Inoltre, ci aiuta anche a coprire i costi della <a href=\"https:\/\/fundacioncarf.org\/dona-albas-a-medida-seminaristas-y-sacerdotes\/\" data-type=\"link\" data-id=\"https:\/\/fundacioncarf.org\/dona-albas-a-medida-seminaristas-y-sacerdotes\/\">zaini vasi sacri<\/a> che ogni seminarista riceve al termine dei suoi studi a Roma e a Pamplona (seminari Sedes Sapientiae e Bidasoa).<\/p>\n\n\n\n<p>Fin dalle prime ore del mattino, numerosi antiquari, fedeli al loro appuntamento annuale e consapevoli del valore e della qualit\u00e0 degli oggetti in vendita, affolleranno i locali di Calle Padilla, 9.<\/p>\n\n\n\n<h3 class=\"wp-block-heading\">Il team dietro il mercato di beneficenza<\/h3>\n\n\n\n<p>Rosana Diez-Canseco e Carmen Ortega, in qualit\u00e0 di presidenti del Consiglio di fondazione, hanno guidato un team, per lo pi\u00f9 femminile, il cui lavoro raggiunge l'apice in occasione del mercatino delle pulci, ma che si svolge durante tutto l'anno. Mese dopo mese, le volontarie ricevono e catalogano gli oggetti da mettere in vendita, restaurano i mobili, lavorano a maglia i vestiti per bambini e ricamano gli abiti che saranno dati ai seminaristi.<\/p>\n\n\n\n<figure class=\"wp-block-image size-large\"><img decoding=\"async\" width=\"1024\" height=\"768\" src=\"https:\/\/fundacioncarf.org\/wp-content\/uploads\/2024\/04\/mercadillo-solidario-ropa-mujer-1024x768.jpeg\" alt=\"Rosana y Carmen, de izquierda a derecha, sonr\u00eden en un local lleno de ropa.\" class=\"wp-image-194961\" srcset=\"https:\/\/fundacioncarf.org\/wp-content\/uploads\/2024\/04\/mercadillo-solidario-ropa-mujer-1024x768.jpeg 1024w, https:\/\/fundacioncarf.org\/wp-content\/uploads\/2024\/04\/mercadillo-solidario-ropa-mujer-300x225.jpeg 300w, https:\/\/fundacioncarf.org\/wp-content\/uploads\/2024\/04\/mercadillo-solidario-ropa-mujer-768x576.jpeg 768w, https:\/\/fundacioncarf.org\/wp-content\/uploads\/2024\/04\/mercadillo-solidario-ropa-mujer-1536x1152.jpeg 1536w, https:\/\/fundacioncarf.org\/wp-content\/uploads\/2024\/04\/mercadillo-solidario-ropa-mujer-16x12.jpeg 16w, https:\/\/fundacioncarf.org\/wp-content\/uploads\/2024\/04\/mercadillo-solidario-ropa-mujer.jpeg 2000w\" sizes=\"(max-width: 1024px) 100vw, 1024px\" \/><figcaption class=\"wp-element-caption\">Bazar di beneficenza di abbigliamento femminile<\/figcaption><\/figure>\n\n\n\n<blockquote class=\"instagram-media\" data-instgrm-captioned data-instgrm-permalink=\"https:\/\/www.instagram.com\/p\/DCEIuSPMa6c\/?utm_source=ig_embed&amp;utm_campaign=loading\" data-instgrm-version=\"14\" style=\" background:#FFF; border:0; border-radius:3px; box-shadow:0 0 1px 0 rgba(0,0,0,0.5),0 1px 10px 0 rgba(0,0,0,0.15); margin: 1px; max-width:540px; min-width:326px; padding:0; width:99.375%; width:-webkit-calc(100% - 2px); width:calc(100% - 2px);\"><div style=\"padding:16px;\"> <a href=\"https:\/\/www.instagram.com\/p\/DCEIuSPMa6c\/?utm_source=ig_embed&amp;utm_campaign=loading\" style=\" background:#FFFFFF; line-height:0; padding:0 0; text-align:center; text-decoration:none; width:100%;\" target=\"_blank\" rel=\"noopener\"> <div style=\" display: flex; flex-direction: row; align-items: center;\"> <div style=\"background-color: #F4F4F4; border-radius: 50%; flex-grow: 0; height: 40px; margin-right: 14px; width: 40px;\"><\/div> <div style=\"display: flex; flex-direction: column; flex-grow: 1; justify-content: center;\"> <div style=\" background-color: #F4F4F4; border-radius: 4px; flex-grow: 0; height: 14px; margin-bottom: 6px; width: 100px;\"><\/div> <div style=\" background-color: #F4F4F4; border-radius: 4px; flex-grow: 0; height: 14px; width: 60px;\"><\/div><\/div><\/div><div style=\"padding: 19% 0;\"><\/div> <div style=\"display:block; height:50px; margin:0 auto 12px; width:50px;\"><svg width=\"50px\" height=\"50px\" viewbox=\"0 0 60 60\" version=\"1.1\" xmlns=\"https:\/\/www.w3.org\/2000\/svg\" xmlns:xlink=\"https:\/\/www.w3.org\/1999\/xlink\"><g stroke=\"none\" stroke-width=\"1\" fill=\"none\" fill-rule=\"evenodd\"><g transform=\"translate(-511.000000, -20.000000)\" fill=\"#000000\"><g><path d=\"M556.869,30.41 C554.814,30.41 553.148,32.076 553.148,34.131 C553.148,36.186 554.814,37.852 556.869,37.852 C558.924,37.852 560.59,36.186 560.59,34.131 C560.59,32.076 558.924,30.41 556.869,30.41 M541,60.657 C535.114,60.657 530.342,55.887 530.342,50 C530.342,44.114 535.114,39.342 541,39.342 C546.887,39.342 551.658,44.114 551.658,50 C551.658,55.887 546.887,60.657 541,60.657 M541,33.886 C532.1,33.886 524.886,41.1 524.886,50 C524.886,58.899 532.1,66.113 541,66.113 C549.9,66.113 557.115,58.899 557.115,50 C557.115,41.1 549.9,33.886 541,33.886 M565.378,62.101 C565.244,65.022 564.756,66.606 564.346,67.663 C563.803,69.06 563.154,70.057 562.106,71.106 C561.058,72.155 560.06,72.803 558.662,73.347 C557.607,73.757 556.021,74.244 553.102,74.378 C549.944,74.521 548.997,74.552 541,74.552 C533.003,74.552 532.056,74.521 528.898,74.378 C525.979,74.244 524.393,73.757 523.338,73.347 C521.94,72.803 520.942,72.155 519.894,71.106 C518.846,70.057 518.197,69.06 517.654,67.663 C517.244,66.606 516.755,65.022 516.623,62.101 C516.479,58.943 516.448,57.996 516.448,50 C516.448,42.003 516.479,41.056 516.623,37.899 C516.755,34.978 517.244,33.391 517.654,32.338 C518.197,30.938 518.846,29.942 519.894,28.894 C520.942,27.846 521.94,27.196 523.338,26.654 C524.393,26.244 525.979,25.756 528.898,25.623 C532.057,25.479 533.004,25.448 541,25.448 C548.997,25.448 549.943,25.479 553.102,25.623 C556.021,25.756 557.607,26.244 558.662,26.654 C560.06,27.196 561.058,27.846 562.106,28.894 C563.154,29.942 563.803,30.938 564.346,32.338 C564.756,33.391 565.244,34.978 565.378,37.899 C565.522,41.056 565.552,42.003 565.552,50 C565.552,57.996 565.522,58.943 565.378,62.101 M570.82,37.631 C570.674,34.438 570.167,32.258 569.425,30.349 C568.659,28.377 567.633,26.702 565.965,25.035 C564.297,23.368 562.623,22.342 560.652,21.575 C558.743,20.834 556.562,20.326 553.369,20.18 C550.169,20.033 549.148,20 541,20 C532.853,20 531.831,20.033 528.631,20.18 C525.438,20.326 523.257,20.834 521.349,21.575 C519.376,22.342 517.703,23.368 516.035,25.035 C514.368,26.702 513.342,28.377 512.574,30.349 C511.834,32.258 511.326,34.438 511.181,37.631 C511.035,40.831 511,41.851 511,50 C511,58.147 511.035,59.17 511.181,62.369 C511.326,65.562 511.834,67.743 512.574,69.651 C513.342,71.625 514.368,73.296 516.035,74.965 C517.703,76.634 519.376,77.658 521.349,78.425 C523.257,79.167 525.438,79.673 528.631,79.82 C531.831,79.965 532.853,80.001 541,80.001 C549.148,80.001 550.169,79.965 553.369,79.82 C556.562,79.673 558.743,79.167 560.652,78.425 C562.623,77.658 564.297,76.634 565.965,74.965 C567.633,73.296 568.659,71.625 569.425,69.651 C570.167,67.743 570.674,65.562 570.82,62.369 C570.966,59.17 571,58.147 571,50 C571,41.851 570.966,40.831 570.82,37.631\"><\/path><\/g><\/g><\/g><\/svg><\/div><div style=\"padding-top: 8px;\"> <div style=\" color:#3897f0; font-family:Arial,sans-serif; font-size:14px; font-style:normal; font-weight:550; line-height:18px;\">Visualizza questo post su Instagram<\/div><\/div><div style=\"padding: 12.5% 0;\"><\/div> <div style=\"display: flex; flex-direction: row; margin-bottom: 14px; align-items: center;\"><div> <div style=\"background-color: #F4F4F4; border-radius: 50%; height: 12.5px; width: 12.5px; transform: translateX(0px) translateY(7px);\"><\/div> <div style=\"background-color: #F4F4F4; height: 12.5px; transform: rotate(-45deg) translateX(3px) translateY(1px); width: 12.5px; flex-grow: 0; margin-right: 14px; margin-left: 2px;\"><\/div> <div style=\"background-color: #F4F4F4; border-radius: 50%; height: 12.5px; width: 12.5px; transform: translateX(9px) translateY(-18px);\"><\/div><\/div><div style=\"margin-left: 8px;\"> <div style=\" background-color: #F4F4F4; border-radius: 50%; flex-grow: 0; height: 20px; width: 20px;\"><\/div> <div style=\" width: 0; height: 0; border-top: 2px solid transparent; border-left: 6px solid #f4f4f4; border-bottom: 2px solid transparent; transform: translateX(16px) translateY(-4px) rotate(30deg)\"><\/div><\/div><div style=\"margin-left: auto;\"> <div style=\" width: 0px; border-top: 8px solid #F4F4F4; border-right: 8px solid transparent; transform: translateY(16px);\"><\/div> <div style=\" background-color: #F4F4F4; flex-grow: 0; height: 12px; width: 16px; transform: translateY(-4px);\"><\/div> <div style=\" width: 0; height: 0; border-top: 8px solid #F4F4F4; border-left: 8px solid transparent; transform: translateY(-4px) translateX(8px);\"><\/div><\/div><\/div> <div style=\"display: flex; flex-direction: column; flex-grow: 1; justify-content: center; margin-bottom: 24px;\"> <div style=\" background-color: #F4F4F4; border-radius: 4px; flex-grow: 0; height: 14px; margin-bottom: 6px; width: 224px;\"><\/div> <div style=\" background-color: #F4F4F4; border-radius: 4px; flex-grow: 0; height: 14px; width: 144px;\"><\/div><\/div><\/a><p style=\" color:#c9c8cd; font-family:Arial,sans-serif; font-size:14px; line-height:17px; margin-bottom:0; margin-top:8px; overflow:hidden; padding:8px 0 7px; text-align:center; text-overflow:ellipsis; white-space:nowrap;\"><a href=\"https:\/\/www.instagram.com\/p\/DCEIuSPMa6c\/?utm_source=ig_embed&amp;utm_campaign=loading\" style=\" color:#c9c8cd; font-family:Arial,sans-serif; font-size:14px; font-style:normal; font-weight:normal; line-height:17px; text-decoration:none;\" target=\"_blank\" rel=\"noopener\">Un post condiviso da Fundaci\u00f3n CARF (@fundacion_carf)<\/a><\/p><\/div><\/blockquote> <script async src=\"\/\/www.instagram.com\/embed.js\"><\/script>\n\n\n\n<h3 class=\"wp-block-heading\">Zaini di vasi sacri con albo personalizzato<\/h3>\n\n\n\n<p>Questi zaini contengono tutto il necessario per celebrare la Santa Messa in qualsiasi parte del mondo: una piccola tovaglia d'altare in seta, calice, patena, pisside, due ampolle, stola, issopo, olio di crisma, cingolo, un'alba su misura e persino due candele e un crocifisso.&nbsp;<\/p>\n\n\n\n<p>Emmanuel, Paul, Modest, Halalisane, Thomas, John... sono alcuni dei nomi dei 19 seminaristi che si diplomeranno quest'anno presso il Seminario Internazionale Bidasoa (Pamplona) e che stanno studiando presso l'Universit\u00e0 di Navarra.<\/p>\n\n\n\n<figure class=\"wp-block-image size-large\"><img decoding=\"async\" width=\"1024\" height=\"926\" src=\"https:\/\/fundacioncarf.org\/wp-content\/uploads\/2021\/10\/mochilaabierta-1024x926.jpg\" alt=\"Mochila de vasos sagrados con todo lo necesario para celebrar la Santa Misa\" class=\"wp-image-175426\" srcset=\"https:\/\/fundacioncarf.org\/wp-content\/uploads\/2021\/10\/mochilaabierta-1024x926.jpg 1024w, https:\/\/fundacioncarf.org\/wp-content\/uploads\/2021\/10\/mochilaabierta-600x543.jpg 600w, https:\/\/fundacioncarf.org\/wp-content\/uploads\/2021\/10\/mochilaabierta-300x271.jpg 300w, https:\/\/fundacioncarf.org\/wp-content\/uploads\/2021\/10\/mochilaabierta-768x695.jpg 768w, https:\/\/fundacioncarf.org\/wp-content\/uploads\/2021\/10\/mochilaabierta.jpg 1433w\" sizes=\"(max-width: 1024px) 100vw, 1024px\" \/><figcaption class=\"wp-element-caption\">Zaino per vasi sacri con tutto il necessario per celebrare la Santa Messa.<\/figcaption><\/figure>\n\n\n\n<p>Tutti loro riceveranno, dalle mani dei responsabili dell'ASP, i loro zaini con gli oggetti liturgici e gli albi cuciti su misura per ciascuno dei seminaristi.&nbsp;<\/p>\n\n\n\n<p>Con questo aiuto, potranno celebrare l'Eucaristia e i sacramenti con dignit\u00e0, sia in un villaggio remoto dell'America Latina che in Africa, dove la presenza di sacerdoti \u00e8 scarsa.&nbsp;<\/p>\n\n\n\n<p>Lo zaino e tutto il suo contenuto, che costa 600 euro, sono realizzati da Granda, un rinomato laboratorio artigianale di oggetti liturgici situato a Madrid. Il mercatino di beneficenza \u00e8 uno degli eventi che ci aiuta a coprire questo costo.<\/p>\n\n\n\n<p>Ogni anno accademico vengono formati circa 300 seminaristi tra Pamplona e Roma. E circa 1.700 sacerdoti diocesani presso la Pontificia Universit\u00e0 della Santa Croce, a Roma, e presso le Facolt\u00e0 Ecclesiastiche dell'Universit\u00e0 di Navarra, a Pamplona, oltre a un centinaio di persone nella vita consacrata.<\/p>","protected":false},"excerpt":{"rendered":"<p>Questa \u00e8 la 28esima edizione ed \u00e8 organizzata dai volontari del Patronato de Acci\u00f3n Social della fondazione per raccogliere fondi per la formazione di seminaristi e sacerdoti diocesani e religiosi. <\/p>","protected":false},"author":719,"featured_media":200060,"comment_status":"closed","ping_status":"closed","sticky":false,"template":"","format":"standard","meta":{"_acf_changed":false,"give_campaign_id":0,"footnotes":""},"categories":[13],"tags":[207,208],"class_list":["post-192298","post","type-post","status-publish","format-standard","has-post-thumbnail","hentry","category-blog","tag-mercadillo-solidario","tag-voluntariado"],"acf":[],"_links":{"self":[{"href":"https:\/\/fundacioncarf.org\/it\/wp-json\/wp\/v2\/posts\/192298","targetHints":{"allow":["GET"]}}],"collection":[{"href":"https:\/\/fundacioncarf.org\/it\/wp-json\/wp\/v2\/posts"}],"about":[{"href":"https:\/\/fundacioncarf.org\/it\/wp-json\/wp\/v2\/types\/post"}],"author":[{"embeddable":true,"href":"https:\/\/fundacioncarf.org\/it\/wp-json\/wp\/v2\/users\/719"}],"replies":[{"embeddable":true,"href":"https:\/\/fundacioncarf.org\/it\/wp-json\/wp\/v2\/comments?post=192298"}],"version-history":[{"count":10,"href":"https:\/\/fundacioncarf.org\/it\/wp-json\/wp\/v2\/posts\/192298\/revisions"}],"predecessor-version":[{"id":200357,"href":"https:\/\/fundacioncarf.org\/it\/wp-json\/wp\/v2\/posts\/192298\/revisions\/200357"}],"wp:featuredmedia":[{"embeddable":true,"href":"https:\/\/fundacioncarf.org\/it\/wp-json\/wp\/v2\/media\/200060"}],"wp:attachment":[{"href":"https:\/\/fundacioncarf.org\/it\/wp-json\/wp\/v2\/media?parent=192298"}],"wp:term":[{"taxonomy":"category","embeddable":true,"href":"https:\/\/fundacioncarf.org\/it\/wp-json\/wp\/v2\/categories?post=192298"},{"taxonomy":"post_tag","embeddable":true,"href":"https:\/\/fundacioncarf.org\/it\/wp-json\/wp\/v2\/tags?post=192298"}],"curies":[{"name":"wp","href":"https:\/\/api.w.org\/{rel}","templated":true}]}}