{"id":183259,"date":"2026-09-05T02:00:00","date_gmt":"2026-09-05T00:00:00","guid":{"rendered":"https:\/\/staging.fundacioncarf.org\/como-funciona-la-fe\/"},"modified":"2026-09-03T16:47:19","modified_gmt":"2026-09-03T14:47:19","slug":"como-vivir-la-fe-fundacion-carf","status":"publish","type":"post","link":"https:\/\/fundacioncarf.org\/it\/como-vivir-la-fe-fundacion-carf\/","title":{"rendered":"Come vivere la fede? Che cos\u2019\u00e8 e in che modo si rapporta alla ragione"},"content":{"rendered":"<p class=\"wp-block-paragraph\">Ci sono domande che accompagnano l\u2019essere umano da sempre: Dio esiste?, perch\u00e9 siamo qui?, che senso ha la nostra vita?, possiamo conoscere la verit\u00e0?, cosa succede dopo la morte?<\/p>\n\n\n\n<p class=\"wp-block-paragraph\">La fede cristiana non invita a smettere di porsi queste domande. Al contrario, <strong>la fede cerca di comprendere<\/strong> e si fonda anche sull\u2019intelligenza, sulla libert\u00e0 e sull\u2019esperienza umana.<\/p>\n\n\n\n<p class=\"wp-block-paragraph\">Per un cristiano, credere non significa chiudere gli occhi di fronte alla realt\u00e0. Significa aprirli a una realt\u00e0 pi\u00f9 grande: la possibilit\u00e0 che Dio esista, ci conosca, ci ami e desideri entrare in relazione con noi.<\/p>\n\n\n\n<h3 id=\"que-es-la-fe\" class=\"wp-block-heading\">Che cos\u2019\u00e8 la fede?<\/h3>\n\n\n\n<p class=\"wp-block-paragraph\">La fede \u00e8, innanzitutto, <strong>una risposta personale dell\u2019essere umano a Dio<\/strong>. Il Catechismo della Chiesa Cattolica spiega che Dio si rivela all\u2019uomo e lo invita a entrare in comunione con Lui. La risposta a tale invito \u00e8 la fede: un\u2019adesione personale a Dio e, al tempo stesso, un libero assenso alle verit\u00e0 che Egli ha rivelato.<\/p>\n\n\n\n<p class=\"wp-block-paragraph\">Per questo motivo, la fede non consiste semplicemente nell\u2019accettare che \u00abDio esiste\u00bb. Credere implica riporre fiducia in Lui e orientare la propria vita in base a tale fiducia.<\/p>\n\n\n\n<p class=\"wp-block-paragraph\">Per il cristiano, inoltre, credere in Dio \u00e8 indissolubilmente legato al credere in Ges\u00f9 Cristo, il Figlio di Dio fatto uomo, e nello Spirito Santo. La fede \u00e8, pertanto, <strong>un rapporto vivo con Dio<\/strong>.<\/p>\n\n\n\n<p class=\"wp-block-paragraph\">Non si tratta semplicemente di conoscere una serie di verit\u00e0 religiose, ma di conoscere una Persona e di lasciare che tale incontro trasformi il nostro modo di pensare, di decidere e di vivere.<\/p>\n\n\n\n<h3 id=\"la-fe-es-un-don-de-dios\" class=\"wp-block-heading\">La fede \u00e8 un dono di Dio?<\/h3>\n\n\n\n<p class=\"wp-block-paragraph\">La Chiesa insegna che <strong>La fede \u00e8 un dono di Dio<\/strong>, una grazia che Egli offre all\u2019essere umano. Ma ci\u00f2 non significa che crediamo automaticamente n\u00e9 che la nostra libert\u00e0 venga meno.<\/p>\n\n\n\n<p class=\"wp-block-paragraph\">Il Catechismo spiega che per credere abbiamo bisogno della grazia di Dio e dell\u2019azione interiore dello Spirito Santo, ma anche che credere \u00e8 un atto veramente umano. L\u2019intelletto e la volont\u00e0 collaborano con la grazia.<\/p>\n\n\n\n<p class=\"wp-block-paragraph\">Si potrebbe dire che Dio compia il primo passo, ma attende la nostra risposta. Per questo motivo, la fede non pu\u00f2 essere imposta. \u00c8 una risposta libera a un invito. Dio va incontro all\u2019uomo e gli parla; l\u2019uomo pu\u00f2 ascoltare, cercare, interrogarsi, accogliere quella chiamata e rispondere.<\/p>\n\n\n\n<figure class=\"wp-block-image size-full\"><img decoding=\"async\" width=\"1000\" height=\"667\" src=\"https:\/\/fundacioncarf.org\/wp-content\/uploads\/2026\/09\/vivir-la-fe-catolica.webp\" alt=\"Vivir la fe cat\u00f3lica\" class=\"wp-image-233030\" style=\"aspect-ratio:1.4992888417882142\" srcset=\"https:\/\/fundacioncarf.org\/wp-content\/uploads\/2026\/09\/vivir-la-fe-catolica.webp 1000w, https:\/\/fundacioncarf.org\/wp-content\/uploads\/2026\/09\/vivir-la-fe-catolica-300x200.webp 300w, https:\/\/fundacioncarf.org\/wp-content\/uploads\/2026\/09\/vivir-la-fe-catolica-150x100.webp 150w, https:\/\/fundacioncarf.org\/wp-content\/uploads\/2026\/09\/vivir-la-fe-catolica-768x512.webp 768w, https:\/\/fundacioncarf.org\/wp-content\/uploads\/2026\/09\/vivir-la-fe-catolica-18x12.webp 18w\" sizes=\"(max-width: 1000px) 100vw, 1000px\" \/><\/figure>\n\n\n\n<h3 id=\"fe-y-razon-son-compatibles\" class=\"wp-block-heading\">Fede e ragione: sono compatibili?<\/h3>\n\n\n\n<p class=\"wp-block-paragraph\">Una delle domande pi\u00f9 frequenti \u00e8 proprio questa: <strong>\u00c8 possibile credere in Dio ed essere, al tempo stesso, una persona razionale?<\/strong><\/p>\n\n\n\n<p class=\"wp-block-paragraph\">La risposta della Chiesa \u00e8 s\u00ec. Fede e ragione non sono nemiche. Si occupano di dimensioni diverse della realt\u00e0, ma entrambe collaborano nella ricerca della verit\u00e0.<\/p>\n\n\n\n<p class=\"wp-block-paragraph\">La fede non esige che si accetti come vero qualcosa semplicemente perch\u00e9 non siamo in grado di comprenderlo. N\u00e9 significa rinunciare all\u2019intelletto. Il Catechismo afferma che l\u2019assenso di fede non \u00e8 un atto cieco e che esistono motivi di credibilit\u00e0 che contribuiscono a dimostrare che credere non \u00e8 irrazionale.<\/p>\n\n\n\n<p class=\"wp-block-paragraph\">La ragione pu\u00f2 indurci a riflettere sull\u2019esistenza di Dio e a scoprire che la realt\u00e0 non si esaurisce in ci\u00f2 che possiamo misurare o sperimentare direttamente. La fede, dal canto suo, permette di accogliere una verit\u00e0 che Dio stesso rivela e che va oltre ci\u00f2 che la ragione umana potrebbe raggiungere con le proprie sole forze.<\/p>\n\n\n\n<p class=\"wp-block-paragraph\">Ecco perch\u00e9, <strong>La fede e la ragione si completano a vicenda e si arricchiscono reciprocamente<\/strong>. La ricerca scientifica, se condotta correttamente, non deve necessariamente entrare in conflitto con la fede. La scienza studia la realt\u00e0 naturale attraverso i propri metodi; la fede apre la mente a interrogativi sul suo significato ultimo e sul mistero di Dio.<\/p>\n\n\n\n<p class=\"wp-block-paragraph\"><strong>Credere non significa credere a qualsiasi cosa<\/strong><\/p>\n\n\n\n<p class=\"wp-block-paragraph\">A volte utilizziamo la parola \u00abfede\u00bb per riferirci semplicemente all\u2019avere fiducia in qualcosa o in qualcuno. Ma la fede cristiana ha un contenuto concreto. Non \u00e8 la stessa cosa dire \u00abho fiducia che tutto andr\u00e0 bene\u00bb e affermare \u00abcredo in Dio\u00bb.<\/p>\n\n\n\n<p class=\"wp-block-paragraph\">Nel primo caso esprimiamo una speranza o una fiducia personale. Nel secondo, parliamo di un\u2019adesione a Dio e alla Rivelazione che Egli ha comunicato.<\/p>\n\n\n\n<p class=\"wp-block-paragraph\">Il motivo ultimo della fede cristiana non \u00e8 che tutte le verit\u00e0 rivelate possano essere dimostrate mediante la nostra ragione naturale, bens\u00ec la fiducia in <strong>Dio, che rivela e che non pu\u00f2 ingannare n\u00e9 ingannarci<\/strong>.<\/p>\n\n\n\n<p class=\"wp-block-paragraph\"><strong>In che modo la fede si manifesta nella vita di una persona?<\/strong><\/p>\n\n\n\n<p class=\"wp-block-paragraph\">La fede nasce come una risposta, ma poi si trasforma in un percorso. Credere cambia poco a poco il modo di guardare alla realt\u00e0.<\/p>\n\n\n\n<p class=\"wp-block-paragraph\">Una persona che vive nella fede pu\u00f2 continuare ad affrontare problemi, dubbi, sofferenze e momenti di oscurit\u00e0. La differenza sta nel fatto che cerca di affrontarli con una fiducia rinnovata: <strong>non \u00e8 sola e la sua vita ha un significato che va oltre le circostanze immediate<\/strong>.<\/p>\n\n\n\n<p class=\"wp-block-paragraph\">La fede aiuta a guardare con occhi diversi al lavoro, alla famiglia, alle relazioni personali, alla sofferenza, alle decisioni e anche ai momenti di gioia. Non elimina le difficolt\u00e0, ma pu\u00f2 cambiare il modo di affrontarle. Per questo motivo, la fede cristiana non \u00e8 solo qualcosa su cui si riflette. <strong>\u00c8 un\u2019esperienza che si vive.<\/strong><\/p>\n\n\n\n<h4 class=\"wp-block-heading\">Come si rafforza la fede?<\/h4>\n\n\n\n<p class=\"wp-block-paragraph\">La fede \u00e8 un dono, ma deve anche essere accolta, curata e alimentata. Come accade in ogni relazione personale, l\u2019amicizia con Dio cresce quando le si dedica del tempo.<\/p>\n\n\n\n<p class=\"wp-block-paragraph\"><strong>1. Con la preghiera<\/strong><\/p>\n\n\n\n<p class=\"wp-block-paragraph\"><strong>La preghiera \u00e8 il dialogo con Dio.<\/strong> Non \u00e8 necessario iniziare con grandi discorsi. A volte basta parlargli con semplicit\u00e0: ringraziarlo, chiedergli aiuto, confidargli le nostre preoccupazioni o rimanere qualche minuto in silenzio alla Sua presenza.<\/p>\n\n\n\n<p class=\"wp-block-paragraph\"><strong>2. Con la Sacra Scrittura<\/strong><\/p>\n\n\n\n<p class=\"wp-block-paragraph\">La Bibbia occupa un posto fondamentale nella vita di fede poich\u00e9 consente di conoscere la storia della salvezza e, in particolare, Ges\u00f9 Cristo.<\/p>\n\n\n\n<p class=\"wp-block-paragraph\">Nel febbraio del 2026, Leone XIV dedic\u00f2 una delle sue catechesi alla Costituzione <em>Dei Verbum<\/em> e ha ricordato il profondo legame tra la Parola di Dio, la Chiesa e la fede. Ha sottolineato che la Scrittura trova il proprio posto nella comunit\u00e0 cristiana e che la sua lettura conduce all\u2019incontro con Cristo e al dialogo con Dio.<\/p>\n\n\n\n<p class=\"wp-block-paragraph\">Leggere il Vangelo, meditarlo e chiederci cosa ci dice oggi pu\u00f2 diventare cos\u00ec una vera e propria scuola di fede.<\/p>\n\n\n\n<p class=\"wp-block-paragraph\"><strong>3. Attraverso i sacramenti<\/strong><\/p>\n\n\n\n<p class=\"wp-block-paragraph\">La fede non si vive solo nell\u2019intimo di ogni persona. <strong>I sacramenti ci aiutano a incontrare Cristo e a crescere nel nostro rapporto con Lui.<\/strong><\/p>\n\n\n\n<p class=\"wp-block-paragraph\">In essi, Dio ci accompagna nelle diverse fasi della nostra vita cristiana. <a href=\"https:\/\/fundacioncarf.org\/bautizar-ninos-pequenos-esperar-o-no\/\" data-type=\"link\" data-id=\"https:\/\/fundacioncarf.org\/bautizar-ninos-pequenos-esperar-o-no\/\" target=\"_blank\" rel=\"noreferrer noopener\">Il battesimo<\/a> ci accoglie nella Chiesa e nell\u2019Eucaristia accogliamo Cristo e ci uniamo a Lui in modo speciale. Per questo motivo, <strong>Partecipare ai sacramenti \u00e8 anche un modo per alimentare e rafforzare la nostra fede<\/strong>.<\/p>\n\n\n\n<figure class=\"wp-block-image size-full\"><img decoding=\"async\" width=\"1000\" height=\"667\" src=\"https:\/\/fundacioncarf.org\/wp-content\/uploads\/2026\/09\/comunion-fe-catolica.webp\" alt=\"Comuni\u00f3n\" class=\"wp-image-233029\" style=\"aspect-ratio:1.4992888417882142\" srcset=\"https:\/\/fundacioncarf.org\/wp-content\/uploads\/2026\/09\/comunion-fe-catolica.webp 1000w, https:\/\/fundacioncarf.org\/wp-content\/uploads\/2026\/09\/comunion-fe-catolica-300x200.webp 300w, https:\/\/fundacioncarf.org\/wp-content\/uploads\/2026\/09\/comunion-fe-catolica-150x100.webp 150w, https:\/\/fundacioncarf.org\/wp-content\/uploads\/2026\/09\/comunion-fe-catolica-768x512.webp 768w, https:\/\/fundacioncarf.org\/wp-content\/uploads\/2026\/09\/comunion-fe-catolica-18x12.webp 18w\" sizes=\"(max-width: 1000px) 100vw, 1000px\" \/><\/figure>\n\n\n\n<p class=\"wp-block-paragraph\"><strong>4. Con la comunit\u00e0 cristiana<\/strong><\/p>\n\n\n\n<p class=\"wp-block-paragraph\">Neppure la fede \u00e8 pensata per essere vissuta in solitudine. La Chiesa \u00e8 una comunit\u00e0 di credenti che camminano insieme, si aiutano a vicenda, pregano gli uni per gli altri e condividono la missione di annunciare il Vangelo.<\/p>\n\n\n\n<p class=\"wp-block-paragraph\">La comunit\u00e0 cristiana ci aiuta anche quando la nostra fede si indebolisce. Ci sono momenti in cui abbiamo bisogno di fare affidamento sulla fede degli altri.<\/p>\n\n\n\n<p class=\"wp-block-paragraph\"><strong>5. Con carit\u00e0<\/strong><\/p>\n\n\n\n<p class=\"wp-block-paragraph\">Credere in Dio significa anche imparare a guardare il prossimo con occhi diversi, specialmente chi soffre o ha bisogno di aiuto.<\/p>\n\n\n\n<p class=\"wp-block-paragraph\">La fede e la carit\u00e0 non sono due percorsi distinti. L\u2019incontro con Dio trasforma il nostro rapporto con gli altri e ci spinge a servire.<\/p>\n\n\n\n<p class=\"wp-block-paragraph\"><strong>La fede in un mondo che cambia<\/strong><\/p>\n\n\n\n<p class=\"wp-block-paragraph\">Nel 2026 vivremo circondati da progressi scientifici e tecnologici che stanno trasformando il nostro modo di lavorare, di comunicare e persino di comprendere noi stessi.<\/p>\n\n\n\n<p class=\"wp-block-paragraph\">Nella sua enciclica <em>Magnifica Humanitas<\/em>, pubblicata il 15 maggio 2026, Leone XIV riflette proprio sulla persona umana nell\u2019era dell\u2019intelligenza artificiale e ricorda che la vera pienezza dell\u2019essere umano non consiste nel superare i propri limiti attraverso la tecnologia, bens\u00ec nell\u2019aprirsi alla grazia di Dio e nel crescere nell\u2019amore.<\/p>\n\n\n\n<p class=\"wp-block-paragraph\">Questo approccio si ricollega a una questione fondamentale della fede: <strong>Cosa rende veramente felice l\u2019essere umano?<\/strong><\/p>\n\n\n\n<p class=\"wp-block-paragraph\">Possiamo disporre di pi\u00f9 informazioni, pi\u00f9 tecnologia e pi\u00f9 possibilit\u00e0 che mai e, tuttavia, continuare a porci le stesse domande fondamentali. Chi sono? Per cosa vivo? A chi posso affidare la mia vita? Dove si trova la vera felicit\u00e0?<\/p>\n\n\n\n<h2 id=\"la-fe-se-convierte-en-una-forma-de-vivir\" class=\"wp-block-heading\">La fede diventa uno stile di vita<\/h2>\n\n\n\n<p class=\"wp-block-paragraph\">Leone XIV ricord\u00f2 <a href=\"https:\/\/www.vatican.va\/content\/leo-xiv\/es\/apost_letters\/documents\/20251123-in-unitate-fidei.html\" data-type=\"link\" data-id=\"https:\/\/www.vatican.va\/content\/leo-xiv\/es\/apost_letters\/documents\/20251123-in-unitate-fidei.html\" target=\"_blank\" rel=\"noreferrer noopener\">nella Sua lettera apostolica <em>In unit\u00e0 di fede<\/em><\/a>, pubblicata in occasione del 1700\u00b0 anniversario del Concilio di Nicea, secondo cui la professione di fede non pu\u00f2 limitarsi alle sole parole. Come sottolinea il Papa, <strong>\u00abCi\u00f2 che diciamo con la bocca deve provenire dal cuore, affinch\u00e9 trovi riscontro nella vita\u00bb<\/strong>. Per questo ci invita a chiederci se comprendiamo e viviamo davvero ci\u00f2 che professiamo ogni domenica nel Credo.<\/p>\n\n\n\n<p class=\"wp-block-paragraph\">Questo \u00e8, forse, uno dei modi migliori per comprendere come funziona la fede: <strong>La fede non si limita a ci\u00f2 in cui crediamo: trasforma il nostro modo di vivere.<\/strong><\/p>\n\n\n\n<p class=\"wp-block-paragraph\" id=\"la-fe-una-respuesta-a-la-llamada-de-dios\"><strong>La fede: una risposta alla chiamata di Dio<\/strong><\/p>\n\n\n\n<p class=\"wp-block-paragraph\">Dio viene incontro a noi, si rivela e ci invita a entrare in relazione con Lui. Ma attende una risposta libera. Per questo motivo, la domanda \u00abCome funziona la fede?\u00bb pu\u00f2 condurci infine a una domanda molto pi\u00f9 personale: <strong>Come devo comportarmi di fronte all\u2019invito che Dio mi sta rivolgendo?<\/strong><\/p>\n\n\n\n<p class=\"wp-block-paragraph\">La risposta di ogni persona \u00e8 unica. Per alcuni inizia con una domanda. Per altri, con una difficolt\u00e0. Per altri ancora, con la testimonianza di qualcuno, una lettura, una conversazione o un momento di preghiera.<\/p>\n\n\n\n<p class=\"wp-block-paragraph\">Il cammino pu\u00f2 sempre avere inizio. Perch\u00e9 la fede non consiste nell\u2019avere tutte le risposte prima di compiere il primo passo. Consiste nel <strong>osare cercare Dio, riporre in Lui la propria fiducia e lasciare che tale fiducia trasformi la nostra vita<\/strong>.<\/p>\n\n\n\n<hr class=\"wp-block-separator has-alpha-channel-opacity\"\/>\n\n\n\n<p class=\"wp-block-paragraph\">Articolo originale tratto da <strong>Francisco Varo Pineda<\/strong>, Universit\u00e0 di Navarra, Facolt\u00e0 di Teologia.<\/p>\n\n\n\n<hr class=\"wp-block-separator has-alpha-channel-opacity\"\/>\n\n\n\n<div class=\"wp-block-rank-math-toc-block\" id=\"rank-math-toc\"><h2>Indice dei contenuti<\/h2><nav><ul><li><a href=\"#que-es-la-fe\">Che cos\u2019\u00e8 la fede?<\/a><\/li><li><a href=\"#la-fe-es-un-don-de-dios\">La fede \u00e8 un dono di Dio?<\/a><\/li><li><a href=\"#fe-y-razon-son-compatibles\">Fede e ragione: sono compatibili?<\/a><\/li><\/ul><\/nav><\/div>\n\n\n\n<hr class=\"wp-block-separator has-alpha-channel-opacity\"\/>","protected":false},"excerpt":{"rendered":"<p>\u00c8 ragionevole credere in Dio? La fede e la ragione sono compatibili? La fede \u00e8 un sentimento, una decisione o un dono di Dio? La fede cristiana non consiste nel credere senza riflettere, ma nel rispondere liberamente a Dio che viene incontro a noi. Scopriremo cos\u2019\u00e8 la fede, come funziona e come possiamo viverla e rafforzarla ogni giorno.<\/p>","protected":false},"author":4,"featured_media":233025,"comment_status":"open","ping_status":"closed","sticky":false,"template":"","format":"standard","meta":{"_acf_changed":false,"footnotes":""},"categories":[13],"tags":[196,197,452,7,8,6],"class_list":["post-183259","post","type-post","status-publish","format-standard","has-post-thumbnail","hentry","category-blog","tag-dios","tag-fe","tag-fe-catolica","tag-oracion","tag-sacramentos","tag-vida-cristiana"],"acf":[],"_links":{"self":[{"href":"https:\/\/fundacioncarf.org\/it\/wp-json\/wp\/v2\/posts\/183259","targetHints":{"allow":["GET"]}}],"collection":[{"href":"https:\/\/fundacioncarf.org\/it\/wp-json\/wp\/v2\/posts"}],"about":[{"href":"https:\/\/fundacioncarf.org\/it\/wp-json\/wp\/v2\/types\/post"}],"author":[{"embeddable":true,"href":"https:\/\/fundacioncarf.org\/it\/wp-json\/wp\/v2\/users\/4"}],"replies":[{"embeddable":true,"href":"https:\/\/fundacioncarf.org\/it\/wp-json\/wp\/v2\/comments?post=183259"}],"version-history":[{"count":7,"href":"https:\/\/fundacioncarf.org\/it\/wp-json\/wp\/v2\/posts\/183259\/revisions"}],"predecessor-version":[{"id":233705,"href":"https:\/\/fundacioncarf.org\/it\/wp-json\/wp\/v2\/posts\/183259\/revisions\/233705"}],"wp:featuredmedia":[{"embeddable":true,"href":"https:\/\/fundacioncarf.org\/it\/wp-json\/wp\/v2\/media\/233025"}],"wp:attachment":[{"href":"https:\/\/fundacioncarf.org\/it\/wp-json\/wp\/v2\/media?parent=183259"}],"wp:term":[{"taxonomy":"category","embeddable":true,"href":"https:\/\/fundacioncarf.org\/it\/wp-json\/wp\/v2\/categories?post=183259"},{"taxonomy":"post_tag","embeddable":true,"href":"https:\/\/fundacioncarf.org\/it\/wp-json\/wp\/v2\/tags?post=183259"}],"curies":[{"name":"wp","href":"https:\/\/api.w.org\/{rel}","templated":true}]}}