{"id":167809,"date":"2025-12-25T06:00:00","date_gmt":"2025-12-25T05:00:00","guid":{"rendered":"https:\/\/carfundacion.roymo.info\/blog\/fiesta-de-la-sagrada-familia-cuna-de-la-vocacion-al-amor\/"},"modified":"2026-02-26T14:09:01","modified_gmt":"2026-02-26T13:09:01","slug":"fiesta-de-la-sagrada-familia-cuna-del-amor","status":"publish","type":"post","link":"https:\/\/fundacioncarf.org\/it\/fiesta-de-la-sagrada-familia-cuna-del-amor\/","title":{"rendered":"28 dicembre, festa della Sacra Famiglia, culla dell'amore"},"content":{"rendered":"<p>La famiglia \u00e8 definita come una scuola d'amore. Quest'anno, poich\u00e9 il Natale non cade di domenica, celebriamo la festa l'ultima domenica dell'anno invece del venerd\u00ec precedente.<\/p>\n\n\n\n<blockquote class=\"wp-block-quote is-layout-flow wp-block-quote-is-layout-flow\">\n<p>\u00abIl Redentore del mondo ha scelto la famiglia come luogo della sua nascita e della sua crescita, santificando cos\u00ec questa istituzione fondamentale di ogni societ\u00e0\u00bb. Papa San Giovanni Paolo II, messaggio dell'Angelus, 30 dicembre 2001.<\/p>\n<\/blockquote>\n\n\n\n<h2 class=\"wp-block-heading\" id=\"las-ensenanzas\">Gli insegnamenti<\/h2>\n\n\n\n<p>Il&nbsp;<a href=\"https:\/\/fundacioncarf.org\/familia-cristiana-amoris-laetitia\/\">famiglia<\/a>&nbsp;La famiglia \u00e8 un'intima comunione di vita e di amore, fondata sul matrimonio tra un uomo e una donna, aperta al dono della vita umana e dell'amore per sempre.&nbsp;<strong>Questa festa indica la Sacra Famiglia di Nazareth come il vero modello di vita.<\/strong>&nbsp;Tutte le famiglie del mondo dovrebbero sempre rivolgersi alla protezione della Sacra Famiglia per imparare a vivere nell'amore e nel sacrificio.<\/p>\n\n\n\n<p>La famiglia \u00e8 definita come una scuola d'amore e una Chiesa domestica. La famiglia \u00e8 il luogo provvidenziale in cui ci formiamo come esseri umani e come cristiani. La nostra famiglia \u00e8 il luogo in cui cresciamo in saggezza, et\u00e0 e grazia davanti a Dio e agli uomini.<\/p>\n\n\n\n<p>Deve essere un luogo di dialogo tra Dio e l'uomo, aperto alla Parola e all'ascolto. Con il sostegno del\u00a0<strong><a href=\"https:\/\/fundacioncarf.org\/oracion-en-familia-como-aprender-a-orar\/\">preghiera in famiglia<\/a><\/strong>\u00a0che unisce con forza. San Giovanni Paolo II raccomandava vivamente la recita del Santo Rosario all'interno delle famiglie e aveva ben presente quella frase che dice: \u00abLa famiglia che prega unita, rimane unita\u00bb.<\/p>\n\n\n\n<p>Ecco perch\u00e9 la Festa della Sacra Famiglia ci invita ad abbracciare, vivere e proclamare la verit\u00e0 e la bellezza della famiglia, secondo il piano di Dio.<\/p>\n\n\n\n<figure class=\"wp-block-image size-full is-resized\"><img decoding=\"async\" width=\"1000\" height=\"667\" src=\"https:\/\/fundacioncarf.org\/wp-content\/uploads\/2024\/12\/familia-que-reza-unida.webp\" alt=\"Una familia en Torreciudad rezando como la Sagrada Familia nos ense\u00f1\u00f3, unidos. \" class=\"wp-image-227214\" style=\"aspect-ratio:1.4992888417882142;width:796px;height:auto\" srcset=\"https:\/\/fundacioncarf.org\/wp-content\/uploads\/2024\/12\/familia-que-reza-unida.webp 1000w, https:\/\/fundacioncarf.org\/wp-content\/uploads\/2024\/12\/familia-que-reza-unida-300x200.webp 300w, https:\/\/fundacioncarf.org\/wp-content\/uploads\/2024\/12\/familia-que-reza-unida-150x100.webp 150w, https:\/\/fundacioncarf.org\/wp-content\/uploads\/2024\/12\/familia-que-reza-unida-768x512.webp 768w, https:\/\/fundacioncarf.org\/wp-content\/uploads\/2024\/12\/familia-que-reza-unida-18x12.webp 18w\" sizes=\"(max-width: 1000px) 100vw, 1000px\" \/><figcaption class=\"wp-element-caption\">Una famiglia a Torreciudad che rende grazie alla Vergine.<\/figcaption><\/figure>\n\n\n\n<h3 class=\"wp-block-heading\" id=\"fuente-de-vocaciones-sacerdotales\">Fonte di vocazioni sacerdotali<\/h3>\n\n\n\n<p>L'identit\u00e0 di Cristo e la sua missione hanno preso forma nella storia e nel mondo all'interno della Sacra Famiglia. Possiamo dire che questo \u00e8 il modello all'interno del quale, nella stragrande maggioranza dei casi, avviene la chiamata del Signore ai figli delle famiglie cristiane per la loro consacrazione e vocazione al sacerdozio. Ecco perch\u00e9 il ruolo delle famiglie cristiane \u00e8 fondamentale per l'emergere delle vocazioni.<\/p>\n\n\n\n<p>Sia il&nbsp;<strong><a href=\"https:\/\/fundacioncarf.org\/sacerdocio\/\">sacerdozio<\/a><\/strong>&nbsp;e la vita consacrata sono doni gratuiti del Signore ed \u00e8 indiscutibile che&nbsp;<strong>la stragrande maggioranza delle vocazioni nasce all'interno di famiglie che credono e praticano, da ambienti in cui si vivono i valori della Sacra Famiglia di Nazareth.<\/strong><\/p>\n\n\n\n<p>Nella scoperta di questa vocazione, il ruolo dei genitori nella formazione dei figli \u00e8 fondamentale. Nessuna istituzione pu\u00f2 sostituire il loro ruolo nell'educazione, soprattutto nella formazione della coscienza. Qualsiasi interferenza in questa sfera sacra deve essere denunciata perch\u00e9 viola il diritto dei genitori di fornire ai propri figli un'educazione conforme ai loro valori e alle loro convinzioni,<\/p>\n\n\n\n<h3 class=\"wp-block-heading\" id=\"cuna-de-la-vocacion-al-amor\">Culla della vocazione all'amore<\/h3>\n\n\n\n<p>Nel<em>&nbsp;Familiaris consortio<\/em>Papa Giovanni Paolo II ha insegnato che \"il matrimonio cristiano e la famiglia cristiana edificano la Chiesa: perch\u00e9 nella famiglia cristiana la persona umana non solo viene fatta nascere e introdotta progressivamente nella comunit\u00e0 umana attraverso l'educazione, ma attraverso la rinascita della persona umana, attraverso la rinascita della persona umana, attraverso una nuova vita, attraverso una nuova vita, attraverso una nuova vita, attraverso una nuova vita, attraverso una nuova vita, attraverso una nuova vita, attraverso una nuova vita.&nbsp;<a href=\"https:\/\/fundacioncarf.org\/simbologia-del-bautismo\/\"><strong>battesimo<\/strong><\/a>&nbsp;e l'educazione alla fede, in cui il bambino viene anche introdotto nella famiglia di Dio, che \u00e8 la Chiesa\".<\/p>\n\n\n\n<p><strong>La casa che vive seguendo l'esempio della Sacra Famiglia \u00e8 una scuola di preghiera.&nbsp;<\/strong>Fin da piccoli, i bambini imparano a mettere Dio spontaneamente al primo posto, riconoscendolo ed entrando in dialogo con Lui in ogni circostanza. T<strong>\u00c8 anche una scuola di fede vissuta,<\/strong>&nbsp;dove l'apprendimento non avviene in modo teorico, ma \u00e8 incarnato nel lavoro quotidiano. Inoltre&nbsp;<strong>\u00e8 una scuola di diffusione missionaria&nbsp;<\/strong>come promotori attivi delle vocazioni consacrate.<\/p>\n\n\n\n<p>Vivere il Vangelo non \u00e8 facile oggi, ancor pi\u00f9 in questi tempi. Tuttavia,&nbsp;<strong>Nel Vangelo troviamo la via per vivere una vita santa a livello personale e familiare,<\/strong>&nbsp;Un percorso impegnativo ma affascinante.&nbsp;<strong>Possiamo seguire l'esempio di Ges\u00f9 di Nazareth e ringraziare la sua intercessione.<\/strong><\/p>\n\n\n\n<p>In ogni casa ci sono momenti felici e tristi, sereni e difficili. Vivere il Vangelo non ci esime dallo sperimentare difficolt\u00e0 e tensioni, dal trovare momenti di forza felice e momenti di fragilit\u00e0 triste. Dobbiamo capire che \u00e8 lo Spirito Santo a guidare ogni essere umano oggi. Ma dobbiamo ascoltare lo Spirito che parla in noi; abbiamo bisogno di uno sguardo di fede per cogliere la realt\u00e0 al di l\u00e0 delle apparenze.<\/p>\n\n\n\n<figure class=\"wp-block-image size-full is-resized\"><img decoding=\"async\" width=\"1000\" height=\"677\" src=\"https:\/\/fundacioncarf.org\/wp-content\/uploads\/2024\/12\/mons-javier-echevarria.webp\" alt=\"\" class=\"wp-image-227215\" style=\"aspect-ratio:1.4771665659174589;width:795px;height:auto\" srcset=\"https:\/\/fundacioncarf.org\/wp-content\/uploads\/2024\/12\/mons-javier-echevarria.webp 1000w, https:\/\/fundacioncarf.org\/wp-content\/uploads\/2024\/12\/mons-javier-echevarria-300x203.webp 300w, https:\/\/fundacioncarf.org\/wp-content\/uploads\/2024\/12\/mons-javier-echevarria-150x102.webp 150w, https:\/\/fundacioncarf.org\/wp-content\/uploads\/2024\/12\/mons-javier-echevarria-768x520.webp 768w, https:\/\/fundacioncarf.org\/wp-content\/uploads\/2024\/12\/mons-javier-echevarria-18x12.webp 18w\" sizes=\"(max-width: 1000px) 100vw, 1000px\" \/><\/figure>\n\n\n\n<p><strong>Monsignor Javier Echevarr\u00eda<\/strong>&nbsp;al santuario di Torreciudad ha alluso al fatto che \u00e8 la casa familiare \"dove si forgiano le varie vocazioni nella Chiesa\", e ha espresso il desiderio che le famiglie siano \"veramente cristiane, che considerino la chiamata di alcuni dei loro figli al sacerdozio una grande benedizione divina\".<\/p>\n\n\n\n<h3 class=\"wp-block-heading\" id=\"discernimiento-de-la-vocacion-en-el-hogar-cristiano\">Discernimento della vocazione nella casa cristiana<\/h3>\n\n\n\n<p>Papa Francesco ci offre nell'Esortazione Apostolica&nbsp;<a href=\"https:\/\/www.vatican.va\/content\/francesco\/es\/apost_exhortations\/documents\/papa-francesco_esortazione-ap_20190325_christus-vivit.html\" target=\"_blank\" rel=\"noreferrer noopener\"><em>Christus<\/em>&nbsp;vivit<\/a>dieci linee guida per riflettere sulla festa, sull'educazione domestica e per facilitare il processo di discernimento vocazionale dei bambini.<\/p>\n\n\n\n<ul class=\"wp-block-list\">\n<li><strong>\u00c8 il luogo privilegiato per ascoltare la chiamata del Signore.<\/strong>&nbsp;e imparare a rispondere ad essa con generosit\u00e0, perch\u00e9 \"\u00e8 l'ambito in cui si \u00e8 amati per se stessi, non per ci\u00f2 che si produce o per ci\u00f2 che si possiede\".<\/li>\n\n\n\n<li>L'importanza di&nbsp;<strong>educazione alla fede<\/strong>. \u00c8 l\u00ec che si impara meglio la relazione con Ges\u00f9 Cristo vivo. Per questo motivo, incoraggiano le persone a pregare insieme e a partecipare alle attivit\u00e0 di preghiera.&nbsp;<a href=\"https:\/\/fundacioncarf.org\/oracion-misa-y-mision-cristiana\/\">sacramenti<\/a>.<\/li>\n\n\n\n<li><strong>Formazione alle virt\u00f9<\/strong>&nbsp;\"affinch\u00e9 coloro che sono chiamati possano dare il loro generoso s\u00ec al Signore e rimanere fedeli a questo s\u00ec\". Tra queste virt\u00f9, ha sottolineato la forza d'animo, \"per essere in grado di andare controcorrente di fronte alla societ\u00e0 del benessere\".<\/li>\n\n\n\n<li>Il Papa esorta&nbsp;<strong>vivere l'esperienza dell'incontro con Cristo<\/strong>L'obiettivo \u00e8 \"ascoltare la Sua Parola e riconoscere la Sua voce attraverso il discernimento\", aprendosi alla possibilit\u00e0 di consacrarsi a Dio nel sacerdozio o nella vita consacrata.<\/li>\n\n\n\n<li>Consigliano inoltre ai genitori di tenere presente che \"... nell'educazione dei figli, i genitori devono essere consapevoli del fatto che<strong>Non siamo i proprietari del dono, ma i suoi attenti amministratori.<\/strong>&nbsp;insegnando loro a riconoscere se stessi come un dono e ad accompagnarli nel discernimento, ma non a prendere decisioni per loro.<\/li>\n\n\n\n<li><strong>Consideri la vita come un'offerta<\/strong>. Instillare che \"sono una missione su questa terra, ed \u00e8 per questo che sono in questo mondo\".<\/li>\n<\/ul>\n\n\n\n<h3 class=\"wp-block-heading\" id=\"forjar-en-la-caridad\">Forgiare nella carit\u00e0<\/h3>\n\n\n\n<ul class=\"wp-block-list\">\n<li><strong>Forgiando i bambini nella carit\u00e0<\/strong>&nbsp;perch\u00e9 \"la famiglia non \u00e8 una cellula isolata in se stessa, che non si preoccupa di ci\u00f2 che accade intorno a lei. Questa dimensione caritatevole inizia nella famiglia allargata, che si prende cura soprattutto dei nonni e degli anziani, ma deve essere aperta ai bisogni degli altri.<\/li>\n\n\n\n<li><strong>Promuovere la consapevolezza delle diverse vocazioni<\/strong>&nbsp;e di stabilire una cultura delle vocazioni. Il Papa si rammarica che le famiglie cristiane \"si oppongano alla vocazione dei loro figli al sacerdozio o alla vita consacrata o chiedano loro di dare priorit\u00e0 al loro futuro professionale, rimandando la chiamata del Signore\". Per quanto riguarda la vocazione al matrimonio, \"non c'\u00e8 niente di pi\u00f9 stimolante per i bambini che vedere i loro genitori vivere il matrimonio e la famiglia come una missione, con felicit\u00e0 e pazienza, nonostante le difficolt\u00e0, i momenti tristi e le prove\".<\/li>\n\n\n\n<li><strong>Come Chiesa, \"abbiamo la missione di accompagnare le famiglie&nbsp;<\/strong>che vivono nelle nostre comunit\u00e0. Raggiungere le famiglie che vivono in condizioni di emarginazione e povert\u00e0; essere attenti alle famiglie di immigrati; non trascurare le famiglie che hanno subito separazioni e divorzi.<\/li>\n<\/ul>\n\n\n\n<hr class=\"wp-block-separator has-alpha-channel-opacity\"\/>\n\n\n\n<p><strong>Bibliografia<\/strong>:<\/p>\n\n\n\n<p>- Sinodo dei Vescovi, 2001.<br>- Conferenza Episcopale Spagnola 2022.<br>- Udienza di Papa Francesco, 2019.<br>- Esortazione apostolica post-sinodale <a href=\"https:\/\/www.vatican.va\/content\/francesco\/es\/apost_exhortations\/documents\/papa-francesco_esortazione-ap_20190325_christus-vivit.html\" target=\"_blank\" rel=\"noopener\">Christus Vivit<\/a>Papa Francesco, 2019.<\/p>\n\n\n\n<hr class=\"wp-block-separator has-alpha-channel-opacity\"\/>\n\n\n\n<div class=\"wp-block-rank-math-toc-block\" id=\"rank-math-toc\"><p><strong>Indice dei contenuti<\/strong><\/p><nav><ul><li class=\"\"><a href=\"#las-ensenanzas\">Gli insegnamenti<\/a><ul><li class=\"\"><a href=\"#fuente-de-vocaciones-sacerdotales\">Fonte di vocazioni sacerdotali<\/a><\/li><li class=\"\"><a href=\"#cuna-de-la-vocacion-al-amor\">Culla della vocazione all'amore<\/a><\/li><li class=\"\"><a href=\"#discernimiento-de-la-vocacion-en-el-hogar-cristiano\">Discernimento della vocazione nella casa cristiana<\/a><\/li><li class=\"\"><a href=\"#forjar-en-la-caridad\">Forgiare nella carit\u00e0<\/a><\/li><\/ul><\/li><\/ul><\/nav><\/div>","protected":false},"excerpt":{"rendered":"<p>La domenica successiva al Natale si celebra la Festa della Sacra Famiglia, che quest'anno coincide con il 28 dicembre, festa dei Santi Innocenti. La Sacra Famiglia \u00e8 il riflesso della Trinit\u00e0 e il modello perfetto di famiglia cristiana. La Chiesa ci invita a guardare a Giuseppe, Maria e Ges\u00f9 Bambino per approfondire l'amore familiare ed esaminare la situazione della nostra famiglia.<\/p>","protected":false},"author":4,"featured_media":227220,"comment_status":"closed","ping_status":"closed","sticky":false,"template":"","format":"standard","meta":{"_acf_changed":false,"give_campaign_id":0,"footnotes":""},"categories":[13],"tags":[218,318,6],"class_list":["post-167809","post","type-post","status-publish","format-standard","has-post-thumbnail","hentry","category-blog","tag-navidad","tag-sagrada-familia","tag-vida-cristiana"],"acf":[],"_links":{"self":[{"href":"https:\/\/fundacioncarf.org\/it\/wp-json\/wp\/v2\/posts\/167809","targetHints":{"allow":["GET"]}}],"collection":[{"href":"https:\/\/fundacioncarf.org\/it\/wp-json\/wp\/v2\/posts"}],"about":[{"href":"https:\/\/fundacioncarf.org\/it\/wp-json\/wp\/v2\/types\/post"}],"author":[{"embeddable":true,"href":"https:\/\/fundacioncarf.org\/it\/wp-json\/wp\/v2\/users\/4"}],"replies":[{"embeddable":true,"href":"https:\/\/fundacioncarf.org\/it\/wp-json\/wp\/v2\/comments?post=167809"}],"version-history":[{"count":16,"href":"https:\/\/fundacioncarf.org\/it\/wp-json\/wp\/v2\/posts\/167809\/revisions"}],"predecessor-version":[{"id":228522,"href":"https:\/\/fundacioncarf.org\/it\/wp-json\/wp\/v2\/posts\/167809\/revisions\/228522"}],"wp:featuredmedia":[{"embeddable":true,"href":"https:\/\/fundacioncarf.org\/it\/wp-json\/wp\/v2\/media\/227220"}],"wp:attachment":[{"href":"https:\/\/fundacioncarf.org\/it\/wp-json\/wp\/v2\/media?parent=167809"}],"wp:term":[{"taxonomy":"category","embeddable":true,"href":"https:\/\/fundacioncarf.org\/it\/wp-json\/wp\/v2\/categories?post=167809"},{"taxonomy":"post_tag","embeddable":true,"href":"https:\/\/fundacioncarf.org\/it\/wp-json\/wp\/v2\/tags?post=167809"}],"curies":[{"name":"wp","href":"https:\/\/api.w.org\/{rel}","templated":true}]}}