{"id":167745,"date":"2022-07-21T06:00:00","date_gmt":"2022-07-21T04:00:00","guid":{"rendered":"https:\/\/carfundacion.roymo.info\/blog\/como-recitar-la-coronilla-de-la-divina-misericordia\/"},"modified":"2025-03-19T18:41:32","modified_gmt":"2025-03-19T17:41:32","slug":"como-recitar-la-coronilla-de-la-divina-misericordia","status":"publish","type":"post","link":"https:\/\/fundacioncarf.org\/it\/como-recitar-la-coronilla-de-la-divina-misericordia\/","title":{"rendered":"Come recitare la Coroncina della Divina Misericordia?"},"content":{"rendered":"<div class=\"et_pb_section et_pb_section_38 et_section_regular\">\n<div class=\"et_pb_row et_pb_row_301\">\n<p class=\"et_pb_column et_pb_column_1_5 et_pb_column_790  et_pb_css_mix_blend_mode_passthrough et_pb_column_empty\"><span style=\"font-size: revert; color: initial;\">La devozione alla Divina Misericordia consiste in un insieme di preghiere generalmente recitate con l'aiuto di un rosario, anche se, per la loro semplicit\u00e0, possono facilmente essere fatte senza.<\/span><\/p>\n<\/div>\n<div class=\"et_pb_row et_pb_row_302\">\n<div class=\"et_pb_column et_pb_column_3_5 et_pb_column_794  et_pb_css_mix_blend_mode_passthrough\">\n<div class=\"et_pb_module et_pb_text et_pb_text_280  et_pb_text_align_left et_pb_bg_layout_light\">\n<div class=\"et_pb_text_inner\">\n<p>Ges\u00f9 appare a Santa Faustina il 14 settembre, festa dell'Esaltazione della Santa Croce, per insegnarle la Coroncina della Divina Misericordia.<\/p>\n<h2>Che cos'\u00e8 la Coroncina della Divina Misericordia?<\/h2>\n<p>Sorella <a href=\"https:\/\/es.wikipedia.org\/wiki\/Mar%C3%ADa_Faustina_Kowalska\" target=\"_blank\" rel=\"noopener\">Faustina Kowalska<\/a>Ricevette il messaggio della misericordia di Dio da una visione che ebbe nel 1935. La santa registr\u00f2 la visione nel suo diario. E a poco a poco inizi\u00f2 a diffondere la <a href=\"https:\/\/fundacioncarf.org\/expertos\/la-oracion-escuela-de-misericordia\/\" target=\"_blank\" rel=\"noopener noreferrer\">preghiera<\/a> che Ges\u00f9 stesso gli ha insegnato.<\/p>\n<p>Chiede la fiducia in Dio e un atteggiamento di misericordia verso il prossimo. La preghiera invita a proclamare e pregare la Divina Misericordia per il mondo.<\/p>\n<p>\"Quando pregherete questo Tertius con i moribondi, io mi metter\u00f2 tra il Padre e l'anima morente, non come giudice giusto, ma come salvatore misericordioso\". <em>Diario di Santa Faustina<\/em><\/p>\n<p>Con queste parole vediamo, ancora una volta, come Ges\u00f9 ci incontra sempre di nuovo. Nel suo amore infinito vediamo, nel corso della storia, come egli adempia a questa promessa di rimanere con noi fino alla fine.<\/p>\n<p>La devozione alla Divina Misericordia \u00e8 cresciuta molto rapidamente dopo la beatificazione (18 aprile 1993) e la canonizzazione (30 aprile 2000) di Suor Faustina e anche grazie ai pellegrinaggi di Papa Giovanni Paolo II a Lagiewniki (1997 e 2002).<\/p>\n<p>Quando Papa Giovanni Paolo II canonizz\u00f2 Santa Faustina nel 2000, durante la cerimonia dichiar\u00f2: \"\u00c8 quindi importante che accogliamo pienamente il messaggio della parola di Dio in questa seconda domenica di Pasqua, che d'ora in poi sar\u00e0 conosciuta in tutta la Chiesa come \"Domenica della Divina Misericordia\". <em>Omelia, 30 aprile 2000<\/em>.<\/p>\n<p>Sia Benedetto XVI che Papa Francesco hanno raccomandato questa devozione.<\/p>\n<h2>Il messaggio\u00a0<\/h2>\n<p style=\"text-align: center;\">\"Incoraggiate le persone a recitare la Coroncina che vi ho dato (...) Chi la recita ricever\u00e0 una grande misericordia nell'ora della morte\". I sacerdoti la raccomandano ai peccatori come ultimo rifugio di salvezza. Anche se il peccatore pi\u00f9 incallito ha recitato almeno una volta questa Coroncina, ricever\u00e0 la grazia della Mia infinita Misericordia. Desidero concedere grazie inimmaginabili a coloro che confidano nella mia Misericordia\".<br \/><em>Diario di Santa Faustina<\/em><\/p>\n<\/div>\n<\/div>\n<\/div>\n<\/div>\n<div class=\"et_pb_row et_pb_row_303\">\n<div class=\"et_pb_column et_pb_column_3_5 et_pb_column_797  et_pb_css_mix_blend_mode_passthrough\">\n<div class=\"et_pb_module et_pb_image et_pb_image_37\">\n<p><span class=\"et_pb_image_wrap\"><img decoding=\"async\" class=\"alignnone wp-image-136309\" title=\"divino-mercy-coronilla\" src=\"https:\/\/fundacioncarf.org\/wp-content\/uploads\/2023\/02\/divina-misericordia-coronilla.png\" sizes=\"(max-width: 750px) 100vw, 750px\" srcset=\"https:\/\/fundacioncarf.org\/wp-content\/uploads\/2023\/02\/divina-misericordia-coronilla.png 750w, https:\/\/fundacioncarf.org\/wp-content\/uploads\/2023\/02\/divina-misericordia-coronilla-225x300.png 225w, https:\/\/fundacioncarf.org\/wp-content\/uploads\/2023\/02\/divina-misericordia-coronilla.png 480w\" alt=\"Divina misericordia coronilla\" width=\"750\" height=\"1000\" \/><\/span><\/p>\n<\/div>\n<div class=\"et_pb_with_border et_pb_module et_pb_text et_pb_text_281 leyenda  et_pb_text_align_left et_pb_bg_layout_light\">\n<div class=\"et_pb_text_inner\">\n<p>Guida alla recita della Coroncina.\u00a0<\/p>\n<\/div>\n<\/div>\n<\/div>\n<\/div>\n<div class=\"et_pb_row et_pb_row_304\">\n<div class=\"et_pb_column et_pb_column_3_5 et_pb_column_800  et_pb_css_mix_blend_mode_passthrough\">\n<div class=\"et_pb_module et_pb_text et_pb_text_282  et_pb_text_align_left et_pb_bg_layout_light\">\n<div class=\"et_pb_text_inner\">\n<h3>Come recitare la Coroncina della Divina Misericordia?<\/h3>\n<p>La recita della Coroncina alla Divina Misericordia \u00e8 preceduta da due preghiere tratte dal Diario di Santa Faustina e seguita da una preghiera finale.<\/p>\n<p>Per recitare la Coroncina della Divina Misericordia, utilizzi un normale Rosario e segua questa sequenza<\/p>\n<h3>Rosario in mano<\/h3>\n<p>Con un comune rosario a 5 decadi in mano, iniziamo questa coroncina:<\/p>\n<p>Il segno della croce<\/p>\n<p>Padre nostro<\/p>\n<p>Ave Maria<\/p>\n<p>Credo<\/p>\n<p>Per questa parte si possono utilizzare i primi tre grani del Rosario.<\/p>\n<h3>Grandi clienti<\/h3>\n<p>Ad ogni grano maggiore del Rosario, dove di solito preghiamo il Padre Nostro, reciteremo la seguente preghiera:<\/p>\n<p style=\"text-align: center;\">Padre eterno,<br \/>Vi offro<br \/>il Corpo, il Sangue,<br \/>Anima e Divinit\u00e0<br \/>del Suo amatissimo Figlio,<br \/>Nostro Signore Ges\u00f9 Cristo,<br \/>come propiziazione<br \/>dei nostri peccati<br \/>e quelli di tutto il mondo.<\/p>\n<h3>Piccoli conti<\/h3>\n<p>Ad ogni grano minore del Rosario, dove di solito preghiamo l'Ave Maria, diremo la seguente preghiera:<\/p>\n<p style=\"text-align: center;\">Per la Sua dolorosa Passione,<br \/>abbi piet\u00e0 di noi<br \/>e il mondo intero.<br \/>Lo ripeteremo durante le 5 decadi del rosario.<\/p>\n<h3>Invocazione<\/h3>\n<p>Al termine delle 5 decadi del rosario, con le preghiere sopra citate, reciteremo per tre volte di seguito la seguente preghiera finale<\/p>\n<p style=\"text-align: center;\">Buon Dio,<br \/>Santo Fuerte,<br \/>Santo Immortale,<br \/>abbi piet\u00e0 di noi<br \/>e il mondo intero.<\/p>\n<h3>Preghiera conclusiva (facoltativa)<\/h3>\n<p style=\"text-align: center;\">O Dio eterno, in cui la misericordia \u00e8 infinita e il tesoro della compassione inesauribile, rivolgi a noi il Tuo sguardo benevolo e aumenta la Tua misericordia su di noi, affinch\u00e9 nei momenti difficili non disperiamo e non ci scoraggiamo, ma con grande fiducia ci sottomettiamo alla Tua santa volont\u00e0, che \u00e8 l'Amore e la Misericordia stessa.<br \/>Amen.<\/p>\n<p>Concludiamo con il segno della croce: Nel nome del Padre, del Figlio e dello Spirito Santo, Amen.<\/p>\n<\/div>\n<\/div>\n<\/div>\n<\/div>\n<div class=\"et_pb_row et_pb_row_305\">\n<div class=\"et_pb_column et_pb_column_3_5 et_pb_column_803  et_pb_css_mix_blend_mode_passthrough\">\n<div class=\"et_pb_with_border et_pb_module et_pb_text et_pb_text_283 leyenda  et_pb_text_align_left et_pb_bg_layout_light\">\n<div class=\"et_pb_text_inner\">\n<p>Santa Faustina Kowalska con l'immagine della Divina Misericordia. Si tratta di un'immagine straordinaria, non solo perch\u00e9 \u00e8 molto conosciuta in tanti Paesi. Ges\u00f9 apparve a Santa Faustina mostrandosi nell'immagine quando lei si trovava nella sua cella nel convento della Congregazione delle Suore della Madre di Dio della Misericordia a Plock, il 22 febbraio 1931. Fu l\u00ec che Ges\u00f9 le chiese di dipingere questa immagine.<\/p>\n<\/div>\n<\/div>\n<\/div>\n<\/div>\n<div class=\"et_pb_row et_pb_row_306\">\n<div class=\"et_pb_column et_pb_column_3_5 et_pb_column_806  et_pb_css_mix_blend_mode_passthrough\">\n<div class=\"et_pb_module et_pb_text et_pb_text_284  et_pb_text_align_left et_pb_bg_layout_light\">\n<div class=\"et_pb_text_inner\">\n<h3>Risorse<\/h3>\n<ol>\n<li>Santuario della Divina Misericordia e Congregazione delle Suore della Madre di Dio della Misericordia: entrambi i siti contengono numerose risorse su questa devozione, testi di Santa Faustina e di San Giovanni Paolo II, ecc.<\/li>\n<li>Vangelo della domenica della Divina Misericordia.<\/li>\n<li>\u00a0Papa Francesco al Santuario della Divina Misericordia (30 luglio 2016), durante la Giornata Mondiale della Giovent\u00f9 (eBook)<\/li>\n<li>Lettera apostolica di Papa Francesco \"Misericordia et Misera\" a conclusione del Giubileo straordinario della Misericordia.<\/li>\n<\/ol>\n<h3>Come recitare la novena?<\/h3>\n<p>Questa Coroncina pu\u00f2 essere recitata in qualsiasi momento, ma Nostro Signore ha chiesto specificamente che venga recitata come novena, in modo speciale, durante i nove giorni che precedono la Festa della Misericordia.<\/p>\n<p>Durante questa novena, il Signore disse a Santa Faustina: Durante questa novena conceder\u00f2 alle anime ogni tipo di grazia. <em>Diario di Santa Faustina<\/em><\/p>\n<p>Possiamo pregare questa novena per le nostre intenzioni particolari oppure possiamo offrirla insieme alla Novena per le intenzioni quotidiane dettata da Nostro Signore a Santa Faustina.<\/p>\n<p>Se preghiamo con fiducia la novena che Ges\u00f9 ha chiesto a Suor Faustina, possiamo, in virt\u00f9 della fiducia che abbiamo, ottenere le grazie, poich\u00e9 c'\u00e8 una promessa concreta legata alla preghiera della novena.<\/p>\n<\/div>\n<\/div>\n<\/div>\n<\/div>\n<\/div>\n\n\n<hr class=\"wp-block-separator has-alpha-channel-opacity\"\/>\n\n\n\n<p><strong>Bibliografia:<\/strong><\/p>\n\n\n\n<p>Opusdei.org<br>santafaustina.es<\/p>","protected":false},"excerpt":{"rendered":"<p>La Coroncina della Divina Misericordia \u00e8 una devozione della Chiesa cattolica legata soprattutto alla Misericordia di Dio. Questa festa della Divina Misericordia si celebra la domenica successiva alla Pasqua ed \u00e8 stata proposta da San Giovanni Paolo II nel 2000.<\/p>","protected":false},"author":4,"featured_media":163483,"comment_status":"closed","ping_status":"closed","sticky":false,"template":"","format":"standard","meta":{"_acf_changed":false,"give_campaign_id":0,"footnotes":""},"categories":[13],"tags":[7,10],"class_list":["post-167745","post","type-post","status-publish","format-standard","has-post-thumbnail","hentry","category-blog","tag-oracion","tag-vida-de-santos"],"acf":[],"_links":{"self":[{"href":"https:\/\/fundacioncarf.org\/it\/wp-json\/wp\/v2\/posts\/167745","targetHints":{"allow":["GET"]}}],"collection":[{"href":"https:\/\/fundacioncarf.org\/it\/wp-json\/wp\/v2\/posts"}],"about":[{"href":"https:\/\/fundacioncarf.org\/it\/wp-json\/wp\/v2\/types\/post"}],"author":[{"embeddable":true,"href":"https:\/\/fundacioncarf.org\/it\/wp-json\/wp\/v2\/users\/4"}],"replies":[{"embeddable":true,"href":"https:\/\/fundacioncarf.org\/it\/wp-json\/wp\/v2\/comments?post=167745"}],"version-history":[{"count":7,"href":"https:\/\/fundacioncarf.org\/it\/wp-json\/wp\/v2\/posts\/167745\/revisions"}],"predecessor-version":[{"id":214558,"href":"https:\/\/fundacioncarf.org\/it\/wp-json\/wp\/v2\/posts\/167745\/revisions\/214558"}],"wp:featuredmedia":[{"embeddable":true,"href":"https:\/\/fundacioncarf.org\/it\/wp-json\/wp\/v2\/media\/163483"}],"wp:attachment":[{"href":"https:\/\/fundacioncarf.org\/it\/wp-json\/wp\/v2\/media?parent=167745"}],"wp:term":[{"taxonomy":"category","embeddable":true,"href":"https:\/\/fundacioncarf.org\/it\/wp-json\/wp\/v2\/categories?post=167745"},{"taxonomy":"post_tag","embeddable":true,"href":"https:\/\/fundacioncarf.org\/it\/wp-json\/wp\/v2\/tags?post=167745"}],"curies":[{"name":"wp","href":"https:\/\/api.w.org\/{rel}","templated":true}]}}