{"id":27982,"date":"2026-04-28T02:00:03","date_gmt":"2026-04-28T00:00:03","guid":{"rendered":"https:\/\/carfundacion.roymo.info\/?p=27982"},"modified":"2026-04-21T16:23:18","modified_gmt":"2026-04-21T14:23:18","slug":"gabon-iglesia-sacerdotes-formados-comunicacion","status":"publish","type":"post","link":"https:\/\/fundacioncarf.org\/id\/gabon-iglesia-sacerdotes-formados-comunicacion\/","title":{"rendered":"\u00abGereja Katolik di Gabon membutuhkan imam-imam yang terlatih dalam komunikasi\u00bb.\u00bb"},"content":{"rendered":"<p>Wenceslas Herman Lengoma adalah seorang imam dari Keuskupan Franceville, di <a href=\"https:\/\/es.wikipedia.org\/wiki\/Gab%C3%B3n\" target=\"_blank\" rel=\"noreferrer noopener\">Gabon<\/a> (Afrika Tengah). Dia berusia 46 tahun dan menempuh pendidikan di bidang Komunikasi Sosial Institusional di Universitas Kepausan Salib Suci di Roma dari tahun 2019 hingga 2021. Ini adalah pengalamannya selama masa pelatihannya. <\/p>\n\n\n\n<p>Tujuannya adalah kembali ke Gabon untuk mengelola institusi media keuskupannya secara profesional, dengan pemahaman bahwa pesan Injil saat ini membutuhkan perangkat teknis dan naratif yang modern.<\/p>\n\n\n\n<h2 class=\"wp-block-heading\" id=\"gabon-necesita-pastores-formados\">\u00abKita membutuhkan imam-imam yang terlatih untuk Gereja Katolik\u00bb.\u00bb<\/h2>\n\n\n\n<p>Gabon saat ini memiliki enam keuskupan dan satu prefektur apostolik. Negara ini menerima misionaris pertamanya pada tahun 1944, pada tanggal 29 September, ketika Gereja Katolik didirikan di Gabon oleh para misionaris Kongregasi Hati Kudus Maria, yang kemudian menjadi Kongregasi Roh Kudus atau Rohaniwan.<\/p>\n\n\n\n<p>Keuskupan di mana saya ditahbiskan, Keuskupan Franceville, menggabungkan dua provinsi besar: Provinsi Haut Ogoou\u00e9 dan Provinsi Ogoou\u00e9 Lolo. Perluasan ini menimbulkan masalah serius bagi karya pastoral karena jumlah imam yang sedikit yang tidak dapat menjangkau semua umat. Kami membutuhkan lebih banyak imam di keuskupan saya, yang terlatih dengan baik, untuk menjangkau semua umat beriman.<\/p>\n\n\n\n<p>Masalah ini menyebabkan apa yang disebut \u201cgereja-gereja kebangunan rohani Protestan\u201d mendirikan diri mereka di daerah tersebut. Gereja-gereja ini <a href=\"https:\/\/fundacioncarf.org\/servir-a-la-iglesia\/\" data-type=\"page\" data-id=\"169919\" target=\"_blank\" rel=\"noreferrer noopener\">gereja<\/a> Mereka datang kepada kami dari negara-negara perbatasan seperti Kongo Brazzaville, Kamerun, dan bahkan lebih jauh lagi, dari negara-negara seperti Nigeria, Togo, Benin, Chad, dan lain-lain. <\/p>\n\n\n\n<p>Oleh karena itu, inilah alasan utama mengapa uskup saya mengirim saya ke Roma untuk belajar Komunikasi Sosial Institusional, untuk kemudian mendirikan sebuah stasiun radio Katolik di keuskupan, yang akan mempromosikan kedekatan dengan umat melalui program-program religius seperti misa, penyembahan, pembacaan firman Tuhan, dan lain-lain.<\/p>\n\n\n\n<h3 class=\"wp-block-heading\" id=\"necesidades-concretas-de-mi-diocesis\">Kebutuhan konkret keuskupan saya<\/h3>\n\n\n\n<p>Saya mulai belajar Komunikasi Sosial di sebuah universitas di Roma di mana saya dilatih dalam mata pelajaran seperti Doktrin Sosial Gereja, Sejarah Sosiologi, Ekonomi, Psikologi, Sejarah media, dll. Semua mata pelajaran ini, meskipun penting, tidak memenuhi kebutuhan konkret keuskupan saya. Jadi saya memutuskan untuk pindah universitas.<\/p>\n\n\n\n<blockquote class=\"wp-block-quote is-layout-flow wp-block-quote-is-layout-flow\">\n<p><strong><em>\"Kami membutuhkan lebih banyak imam yang terlatih di keuskupan saya, Franceville (Gabon, Afrika Tengah), untuk menjangkau semua umat.<\/em><\/strong><\/p>\n<\/blockquote>\n\n\n\n<p>Uskupnya ingin mempromosikan stasiun radio Katolik di keuskupan dan membina kedekatan dengan umat melalui program-program religius.<\/p>\n\n\n\n<p><strong>\"Saya memulai petualangan yang luar biasa\".<\/strong><\/p>\n\n\n\n<p>Pada tanggal 8 Oktober 2018, hari pertama tahun ajaran baru, saya memulai petualangan yang luar biasa: mencari universitas yang dapat memberikan pendidikan yang saya butuhkan untuk menjadi berguna dan efektif bagi umat Allah di negara saya, dan karena penyelenggaraan adalah ibu dari segala kebajikan, pada pukul 10:30 - saya masih ingat hari dan jam yang tepat - saya menemukan sebuah bangunan besar di mana saya dapat membaca plakat \u201cUniversitas Kepausan Salib Suci\u201d.<\/p>\n\n\n\n<figure class=\"wp-block-image size-full is-resized\"><img decoding=\"async\" width=\"960\" height=\"720\" src=\"https:\/\/fundacioncarf.org\/wp-content\/uploads\/2020\/09\/Cathedral_of_Saint-Marie_Libreville.jpg\" alt=\"gab\u00f3n iglesia cat\u00f3lica sacerdote comunicaci\u00f3n \" class=\"wp-image-228916\" style=\"aspect-ratio:1.3333421912784673;width:788px;height:auto\" srcset=\"https:\/\/fundacioncarf.org\/wp-content\/uploads\/2020\/09\/Cathedral_of_Saint-Marie_Libreville.jpg 960w, https:\/\/fundacioncarf.org\/wp-content\/uploads\/2020\/09\/Cathedral_of_Saint-Marie_Libreville-300x225.jpg 300w, https:\/\/fundacioncarf.org\/wp-content\/uploads\/2020\/09\/Cathedral_of_Saint-Marie_Libreville-150x113.jpg 150w, https:\/\/fundacioncarf.org\/wp-content\/uploads\/2020\/09\/Cathedral_of_Saint-Marie_Libreville-768x576.jpg 768w, https:\/\/fundacioncarf.org\/wp-content\/uploads\/2020\/09\/Cathedral_of_Saint-Marie_Libreville-16x12.jpg 16w\" sizes=\"(max-width: 960px) 100vw, 960px\" \/><\/figure>\n\n\n\n<p>Hati saya penuh dengan sukacita, bahkan tanpa mengetahui alasannya. Jadi saya bersorak dan, tanpa tahu persis ke mana saya akan pergi, saya masuk dan berjalan dengan tekad yang kuat. Saya berjalan-jalan di koridor, membaca materi tentang fakultas dan kelas-kelas dan pada akhirnya saya bertemu dengan Profesor Daniel Arasa, Wakil Dekan Fakultas Komunikasi, dan kemudian Dekan Fakultas Komunikasi.<\/p>\n\n\n\n<p><strong>Imam yang terlatih dengan baik di bidang komunikasi<\/strong><\/p>\n\n\n\n<p>Saya menjelaskan kepada mereka apa yang telah terjadi pada saya dan kebutuhan mendesak keuskupan saya dan saya akan imam-imam yang terlatih di bidang komunikasi. Lebih dari satu tahun telah berlalu sejak saat itu dan saya dapat mengatakan bahwa di Salib Suci, saya menemukan hubungan langsung dengan tujuan keuskupan saya yang telah lama ditunggu-tunggu, dan hari ini saya merasa bahagia dan saya belajar banyak, dan untuk itu saya sangat berterima kasih kepada mereka yang bertanggung jawab atas lembaga ini.<\/p>\n\n\n\n<blockquote class=\"wp-block-quote is-layout-flow wp-block-quote-is-layout-flow\">\n<p><em><strong>\"Di Universitas Kepausan Salib Suci, saya telah menemukan hubungan langsung dengan tujuan-tujuan yang telah lama ditunggu-tunggu oleh keuskupan saya\".<\/strong><\/em><\/p>\n<\/blockquote>\n\n\n\n<p>Wenceslas belajar banyak di Universitas Kepausan Salib Suci di Roma. Berkat gelarnya di bidang Komunikasi Sosial Kelembagaan, ketika ia tiba di keuskupannya di Gabon, ia akan dapat mempromosikan stasiun radio Katolik yang diminta oleh uskupnya untuk didirikan, yang telah ditangguhkan karena kurangnya dana. Ia berterima kasih kepada para mitra, donatur dan teman-teman Yayasan CARF atas bantuan mereka dalam menyelesaikan studinya.<\/p>\n\n\n\n<p><strong>Berkat dukungan dari Yayasan CARF<\/strong><\/p>\n\n\n\n<p>Apa yang membuat perubahan besar dalam kehidupan akademis dan imamat saya menjadi mungkin - karena dengan cara ini saya dapat mendedikasikan diri saya untuk kebutuhan umat Allah di keuskupan saya - adalah dukungan dari Yayasan CARF (Yayasan Centro Academico Romano). <\/p>\n\n\n\n<p>Bahkan, ketika saya mendaftar, perwakilan dari Yayasan ini berbicara kepada saya tentang kemungkinan untuk dibantu - dan bukan hanya saya, tetapi juga keuskupan saya - untuk dilatih di Fakultas Komunikasi dan menggunakan pengetahuan saya untuk melayani uskup dan umat beriman di Gabon, menyelesaikan stasiun radio, yang pekerjaan konstruksinya ditangguhkan karena kurangnya dana.<\/p>\n\n\n\n<p>\u00abPengalaman ini adalah petualangan yang telah membawa saya pada hal ini <a href=\"https:\/\/es.pusc.it\/\" target=\"_blank\" rel=\"noreferrer noopener\"><strong>Universitas Kepausan Salib Suci<\/strong><\/a>. Saya tetap berterima kasih kepada semua staf administrasi, para guru, dan para dermawan Yayasan CARF: semoga Tuhan menganugerahkan kepada Anda semua rahmat yang diperlukan, dan semoga St. Josemar\u00eda Escriv\u00e1, pendiri Opus Dei, selalu menjaga keluarga Anda dan Anda semua!<\/p>\n\n\n\n<figure class=\"wp-block-embed is-type-video is-provider-youtube wp-block-embed-youtube wp-embed-aspect-16-9 wp-has-aspect-ratio\"><div class=\"wp-block-embed__wrapper\">\n<iframe loading=\"lazy\" title=\"Saksi | Pedro Pablo, kisah seorang pendeta Venezuela\" width=\"500\" height=\"281\" src=\"https:\/\/www.youtube.com\/embed\/74MBV0i3nJg?feature=oembed\" frameborder=\"0\" allow=\"accelerometer; autoplay; clipboard-write; encrypted-media; gyroscope; picture-in-picture; web-share\" referrerpolicy=\"strict-origin-when-cross-origin\" allowfullscreen><\/iframe>\n<\/div><\/figure>\n\n\n\n<hr class=\"wp-block-separator has-alpha-channel-opacity\"\/>\n\n\n\n<p><strong><a href=\"https:\/\/www.amazon.es\/stores\/author\/B0C8ZNHJ95\" target=\"_blank\" rel=\"noreferrer noopener\">Gerardo Ferrara<\/a><\/strong><br>Lulusan Sejarah dan Ilmu Politik, dengan spesialisasi Timur Tengah.<br>Bertanggung jawab atas para mahasiswa di Universitas Kepausan Salib Suci di Roma.<\/p>\n\n\n\n<hr class=\"wp-block-separator has-alpha-channel-opacity\"\/>\n\n\n\n<div class=\"wp-block-rank-math-toc-block\" id=\"rank-math-toc\"><h2>Daftar isi<\/h2><nav><ul><li><a href=\"#gabon-necesita-pastores-formados\">\u00abKita membutuhkan imam-imam yang terlatih untuk Gereja Katolik\u00bb.\u00bb<\/a><ul><li><a href=\"#necesidades-concretas-de-mi-diocesis\">Kebutuhan konkret keuskupan saya<\/a><\/li><\/ul><\/li><\/ul><\/nav><\/div>\n\n\n\n<hr class=\"wp-block-separator has-alpha-channel-opacity\"\/>","protected":false},"excerpt":{"rendered":"<p>Wenceslas Lengoma adalah seorang imam dari Gabon (Afrika Tengah). Ia belajar Komunikasi Sosial Institusional di Universitas Kepausan Salib Suci di Roma untuk membuat stasiun radio keuskupan sekembalinya dari sana.<\/p>","protected":false},"author":4,"featured_media":229442,"comment_status":"closed","ping_status":"closed","sticky":false,"template":"","format":"standard","meta":{"_acf_changed":false,"give_campaign_id":0,"footnotes":""},"categories":[109],"tags":[172,120,121],"class_list":["post-27982","post","type-post","status-publish","format-standard","has-post-thumbnail","hentry","category-historias","tag-congregaciones-religiosas","tag-sacerdote","tag-seminarista"],"acf":[],"_links":{"self":[{"href":"https:\/\/fundacioncarf.org\/id\/wp-json\/wp\/v2\/posts\/27982","targetHints":{"allow":["GET"]}}],"collection":[{"href":"https:\/\/fundacioncarf.org\/id\/wp-json\/wp\/v2\/posts"}],"about":[{"href":"https:\/\/fundacioncarf.org\/id\/wp-json\/wp\/v2\/types\/post"}],"author":[{"embeddable":true,"href":"https:\/\/fundacioncarf.org\/id\/wp-json\/wp\/v2\/users\/4"}],"replies":[{"embeddable":true,"href":"https:\/\/fundacioncarf.org\/id\/wp-json\/wp\/v2\/comments?post=27982"}],"version-history":[{"count":19,"href":"https:\/\/fundacioncarf.org\/id\/wp-json\/wp\/v2\/posts\/27982\/revisions"}],"predecessor-version":[{"id":229445,"href":"https:\/\/fundacioncarf.org\/id\/wp-json\/wp\/v2\/posts\/27982\/revisions\/229445"}],"wp:featuredmedia":[{"embeddable":true,"href":"https:\/\/fundacioncarf.org\/id\/wp-json\/wp\/v2\/media\/229442"}],"wp:attachment":[{"href":"https:\/\/fundacioncarf.org\/id\/wp-json\/wp\/v2\/media?parent=27982"}],"wp:term":[{"taxonomy":"category","embeddable":true,"href":"https:\/\/fundacioncarf.org\/id\/wp-json\/wp\/v2\/categories?post=27982"},{"taxonomy":"post_tag","embeddable":true,"href":"https:\/\/fundacioncarf.org\/id\/wp-json\/wp\/v2\/tags?post=27982"}],"curies":[{"name":"wp","href":"https:\/\/api.w.org\/{rel}","templated":true}]}}