{"id":226003,"date":"2025-10-31T06:00:00","date_gmt":"2025-10-31T05:00:00","guid":{"rendered":"https:\/\/fundacioncarf.org\/?p=226003"},"modified":"2025-10-30T17:26:45","modified_gmt":"2025-10-30T16:26:45","slug":"un-canto-a-maria-ernesto-julia-fundacion-carf","status":"publish","type":"post","link":"https:\/\/fundacioncarf.org\/id\/un-canto-a-maria-ernesto-julia-fundacion-carf\/","title":{"rendered":"Nyanyian pujian untuk Maria"},"content":{"rendered":"<p><a href=\"https:\/\/www.linkedin.com\/sharing\/share-offsite\/?url=https%3A%2F%2Fwww.elconfidencialdigital.com%2Freligion%2Fopinion%2Fernesto-julia%2Fun-canto-a-maria%2F20251013023648054014.html%3Futm_medium%3Dsocial%26utm_source%3Dlinkedin%26utm_campaign%3Dshare_button\" target=\"_blank\" rel=\"noopener\"><\/a>Gambar kecil Perawan Maria dari <a href=\"https:\/\/fundacioncarf.org\/la-virgen-de-fatima-luz-de-esperanza\/\" target=\"_blank\" data-type=\"post\" data-id=\"215536\" rel=\"noreferrer noopener\">Fatima<\/a> menutupi area kecil di sebelah kiri altar di Lapangan Santo Petrus pada hari Sabtu, 11 Oktober, dalam sebuah nyanyian cinta yang jelas untuk Maria.<\/p>\n\n\n\n<p>Maria, mungkin dari kubah Basilika Santo Petrus, menatap ke seluruh alun-alun, memenuhi hati semua orang yang berkumpul untuk menemani Perawan Maria. <a href=\"https:\/\/fundacioncarf.org\/el-dia-que-leon-xiv-estuvo-en-pamplona\/\" data-type=\"post\" data-id=\"216016\">Leo XIV<\/a> dalam permohonannya kepada Bunda Maria untuk perdamaian di dunia.<\/p>\n\n\n\n<h2 class=\"wp-block-heading\" id=\"todos-junto-a-maria\">Semua bersama dengan Mary<\/h2>\n\n\n\n<p>\u00abMalam ini kita berkumpul dalam doa bersama Maria, Bunda Yesus Kristus, untuk mendoakan <a href=\"https:\/\/fundacioncarf.org\/la-figura-historica-de-jesus-de-nazaret\/\" target=\"_blank\" data-type=\"post\" data-id=\"183072\" rel=\"noreferrer noopener\">Yesus<\/a>, seperti yang dilakukan oleh jemaat pertama di Yerusalem (Kisah Para Rasul 1, 14). Kita semua bersatu, tekun dan sehati. Kita tidak pernah lelah untuk menjadi perantara bagi perdamaian, sebuah anugerah Tuhan yang harus menjadi tujuan dan komitmen kita,\u00bb kata Paus Leo XIV.<\/p>\n\n\n\n<p>Keheningan memenuhi seluruh alun-alun; keheningan dan ketertiban dalam langkah-langkah upacara. Ini adalah perayaan Yubileum Spiritualitas Maria, yang <a href=\"https:\/\/fundacioncarf.org\/jesucristo-esperanza-catequesis-papa-leon-xiv\/\" target=\"_blank\" data-type=\"post\" data-id=\"224012\" rel=\"noreferrer noopener\">Paus<\/a> ingin merayakannya secara terbuka untuk seluruh dunia, baik secara spiritual maupun geografis.<\/p>\n\n\n\n<h3 class=\"wp-block-heading\" id=\"una-oracion-universal\">Doa yang universal<\/h3>\n\n\n\n<p>Media dari segala jenis memungkinkan Gereja yang tersebar di seluruh dunia pada malam itu untuk menjadi \u201csatu hati dan satu jiwa\u201d, dengan <a href=\"https:\/\/fundacioncarf.org\/servir-a-la-iglesia\/\" target=\"_blank\" data-type=\"page\" data-id=\"169919\" rel=\"noreferrer noopener\">Uskup<\/a> Roma, dan membuka hati semua orang beriman kepada kesatuan Iman, Harapan, Cinta Kasih, yang telah didoakan oleh Paus, dan yang telah diingatkan kepada kita untuk didoakan, sejak hari pertama kepausannya.<\/p>\n\n\n\n<figure class=\"wp-block-image size-full is-resized\"><img decoding=\"async\" width=\"750\" height=\"422\" src=\"https:\/\/fundacioncarf.org\/wp-content\/uploads\/2025\/10\/canto-a-maria-virgen-de-fatima-roma-papa-leon.jpeg\" alt=\"canto a mar\u00eda virgen de f\u00e1tima roma papa le\u00f3n\" class=\"wp-image-226009\" style=\"width:787px;height:auto\" srcset=\"https:\/\/fundacioncarf.org\/wp-content\/uploads\/2025\/10\/canto-a-maria-virgen-de-fatima-roma-papa-leon.jpeg 750w, https:\/\/fundacioncarf.org\/wp-content\/uploads\/2025\/10\/canto-a-maria-virgen-de-fatima-roma-papa-leon-300x169.jpeg 300w, https:\/\/fundacioncarf.org\/wp-content\/uploads\/2025\/10\/canto-a-maria-virgen-de-fatima-roma-papa-leon-150x84.jpeg 150w, https:\/\/fundacioncarf.org\/wp-content\/uploads\/2025\/10\/canto-a-maria-virgen-de-fatima-roma-papa-leon-18x10.jpeg 18w\" sizes=\"(max-width: 750px) 100vw, 750px\" \/><\/figure>\n\n\n\n<p>\u00abMarilah kita merenungkan Bunda Yesus dan sekelompok kecil wanita pemberani di kaki Salib, sehingga kita juga dapat belajar untuk berdiri, seperti yang mereka lakukan, di samping salib-salib dunia yang tak terbatas, di mana <a href=\"https:\/\/fundacioncarf.org\/santa-misa-se-habran-encontrado-con-cristo\/\" target=\"_blank\" data-type=\"post\" data-id=\"224077\" rel=\"noreferrer noopener\">Kristus<\/a> terus disalibkan dalam diri saudara-saudari-Nya, untuk memberikan penghiburan, hati dan pertolongan kepada mereka\u00bb, Bapa Suci merefleksikan.<\/p>\n\n\n\n<p>Apakah Surga telah turun ke Lapangan Santo Petrus?<\/p>\n\n\n\n<p>Paduan suara mendapatkan musik yang tepat untuk acara seperti itu, dan hal yang sama berlaku untuk teks-teks dari Konsili Vatikan II yang dibacakan sebelum pembacaan setiap misteri.<\/p>\n\n\n\n<h3 class=\"wp-block-heading\" id=\"leon-xiv-arrodillado-ante-maria\">Leo XIV, berlutut di hadapan Maria<\/h3>\n\n\n\n<p>Belum lagi contoh iman dan ketakwaan yang diberikan oleh semua orang yang memenuhi alun-alun dengan pengabdian mereka. Apakah setiap wanita, setiap pria, disertai dengan <a href=\"https:\/\/fundacioncarf.org\/fiesta-arcangeles-miguel-gabriel-y-rafael-29-sep\/\" target=\"_blank\" data-type=\"post\" data-id=\"167793\" rel=\"noreferrer noopener\">Malaikat Pelindung<\/a>? Tanggapannya dalam bahasa Italia terhadap kata-kata Bapa Kami, Salam Maria dan Kemuliaan, yang diucapkan dalam bahasa Inggris, Italia, Spanyol, Prancis dan Portugis, menunjukkan kenangan akan semangat dan kesalehan yang membuka jiwa untuk terus berdialog dengan Tritunggal Mahakudus, Bapa, Putra dan Roh Kudus. <a href=\"https:\/\/fundacioncarf.org\/misterios-gloriosos-del-santo-rosario\/\" target=\"_blank\" data-type=\"post\" data-id=\"167751\" rel=\"noreferrer noopener\">Roh Kudus<\/a>.<\/p>\n\n\n\n<p>Leo XIV tetap berlutut di depan gambar Perawan selama seluruh durasi pembacaan Litani Maria. Dia membuat sendiri kata-kata yang diucapkannya dalam meditasi sebelum Eksposisi Sakramen Mahakudus:<\/p>\n\n\n\n<p>\u00abPandangan kita sebagai orang beriman melihat kepada Perawan Maria untuk membimbing kita dalam ziarah pengharapan, merenungkan \u201ckebajikan-kebajikan manusiawi dan injili, yang meneladaninya merupakan devosi Maria yang paling otentik\u00bb.\u00bb<em>\u00a0<\/em>(Lumen Gentium, 65, 67).<\/p>\n\n\n\n<p>Paus membaca seluruh meditasi sambil berdiri, dan dia melakukannya dengan penuh ketenangan dan kedamaian. Tidak diragukan lagi, ia ingin agar hati semua orang yang mendengarkannya di berbagai penjuru dunia dipenuhi dengan kedamaian dan ketenangan. <a href=\"https:\/\/fundacioncarf.org\/aprender-roma-universidad-pontificia-santa-cruz\/\" target=\"_blank\" data-type=\"page\" data-id=\"196147\" rel=\"noreferrer noopener\">Roma<\/a>, Uni Eropa, Italia, Eropa, Asia, Afrika, Amerika dan Oseania harus membuka diri mereka untuk berbakti kepada Perawan Maria, dan menjadikan kata-kata \u201cwasiat\u201d yang ditinggalkan Maria untuk semua umat manusia:<\/p>\n\n\n\n<blockquote class=\"wp-block-quote is-layout-flow wp-block-quote-is-layout-flow\"><\/blockquote>\n\n\n\n<p><em><strong>\"<\/strong><\/em>Pengharapan kita diterangi oleh cahaya yang lembut dan tekun dari kata-kata Maria dalam Injil. Dari semuanya, kata-kata terakhir yang diucapkan pada pesta pernikahan di Kana adalah yang paling berharga, ketika, sambil menunjuk kepada Yesus, dia berkata kepada para pelayan: \u201cLakukanlah segala sesuatu yang diperintahkan-Nya kepadamu\u201d (Yoh. 2:5). <\/p>\n\n\n\n<p>Setelah itu ia tidak akan berbicara lagi. Oleh karena itu, kata-kata ini, yang hampir merupakan sebuah wasiat, haruslah sangat disayangi oleh anak-anak, sama seperti wasiat seorang ibu.\u201d (...) \u201cLakukanlah segala sesuatu yang diperintahkan-Nya kepadamu\u201d: seluruh <a href=\"https:\/\/fundacioncarf.org\/donar\/que-ninguna-vocacion-se-pierda\/\" target=\"_blank\" data-type=\"page\" data-id=\"179904\" rel=\"noreferrer noopener\">Injil<\/a>, Kata-kata yang menuntut, belaian yang menghibur, celaan dan pelukan. Apa yang Anda pahami dan juga apa yang tidak Anda pahami. Maria menasihati kita untuk menjadi seperti para nabi: tidak membiarkan satu pun dari perkataan mereka jatuh ke dalam kehampaan.<\/p>\n\n\n\n<figure class=\"wp-block-embed is-type-video is-provider-youtube wp-block-embed-youtube wp-embed-aspect-16-9 wp-has-aspect-ratio\"><div class=\"wp-block-embed__wrapper\">\n<iframe loading=\"lazy\" title=\"Malam Doa dan Rosario untuk Perdamaian yang dipimpin oleh Paus Leo XIV, 11 Oktober 2025\" width=\"500\" height=\"281\" src=\"https:\/\/www.youtube.com\/embed\/CuJ_5ab40Cs?feature=oembed\" frameborder=\"0\" allow=\"accelerometer; autoplay; clipboard-write; encrypted-media; gyroscope; picture-in-picture; web-share\" referrerpolicy=\"strict-origin-when-cross-origin\" allowfullscreen><\/iframe>\n<\/div><\/figure>\n\n\n\n<h3 class=\"wp-block-heading\" id=\"sembradores-de-paz\">Penabur kedamaian<\/h3>\n\n\n\n<p>Dan dia mengakhiri meditasinya dengan mengingatkan kita bahwa <a href=\"https:\/\/fundacioncarf.org\/conoce-fundacion-carf\/\" target=\"_blank\" data-type=\"page\" data-id=\"167416\" rel=\"noreferrer noopener\">Mr.<\/a> mengandalkan kita masing-masing untuk menabur perdamaian di dunia:<\/p>\n\n\n\n<p>\u00abKeberanian, teruslah maju. Kalian yang sedang membangun kondisi untuk masa depan yang damai, dalam keadilan dan pengampunan; jadilah lemah lembut dan teguh, jangan patah semangat. The. <a href=\"https:\/\/fundacioncarf.org\/cultura-del-cuidado-y-promocion-de-la-paz\/\" data-type=\"post\" data-id=\"183037\">perdamaian <\/a>adalah jalan dan Tuhan berjalan bersama Anda. <\/p>\n\n\n\n<p>Tuhan menciptakan dan menyebarkan perdamaian melalui sahabat-sahabatNya yang membawa damai, yang pada gilirannya menjadi pembawa damai, alat perdamaianNya\u00bb.<\/p>\n\n\n\n<p>Upacara diakhiri dengan penyembahan Sakramen Mahakudus. <a href=\"https:\/\/fundacioncarf.org\/benefactores-carf-sin-sacerdotes-no-hay-eucaristia\/\" target=\"_blank\" data-type=\"post\" data-id=\"114344\" rel=\"noreferrer noopener\">Sacramento<\/a>. Sebuah tindakan utama dari kesalehan Kristiani. Dan di sanalah Maria mengajar kita untuk menyambut Putranya dalam sumbangan penuh dari semua Cinta yang membawanya ke dunia: Ekaristi. Dan dialah, Maria, yang mempersiapkan jiwa kita, tubuh kita, untuk menerima Tuhan, sebagaimana ia menerima-Nya:<\/p>\n\n\n\n<p>\u00abBerdoalah bersama kami, hai perempuan yang setia, tabernakel Firman. Kudus <a href=\"https:\/\/fundacioncarf.org\/donar\/vasos-sagrados\/\" target=\"_blank\" data-type=\"page\" data-id=\"170009\" rel=\"noreferrer noopener\">Maria<\/a>, Bunda yang hidup, kuat, penuh kesedihan, wanita yang setia, pengantin Perawan di dekat Salib, di mana cinta disempurnakan dan kehidupan muncul, jadilah pemandu komitmen kami untuk melayani (...) Perawan perdamaian, pintu gerbang pengharapan yang pasti, terimalah doa-doa anak-anakmu!.<\/p>\n\n\n\n<hr class=\"wp-block-separator has-alpha-channel-opacity\"\/>\n\n\n\n<p><strong>Ernesto Juli\u00e1<\/strong>,&nbsp;<a href=\"mailto:ernesto.julia@gmail.com\" target=\"_blank\" rel=\"noreferrer noopener\">ernesto.julia@gmail.com<\/a><\/p>\n\n\n\n<p>Pertama kali diterbitkan di&nbsp;<a href=\"https:\/\/www.elconfidencialdigital.com\/religion\/opinion\/ernesto-julia\/un-canto-a-maria\/20251013023648054014.html\" target=\"_blank\" rel=\"noreferrer noopener\">Rahasia Agama<\/a>.<\/p>\n\n\n\n<hr class=\"wp-block-separator has-alpha-channel-opacity\"\/>\n\n\n\n<div class=\"wp-block-rank-math-toc-block\" id=\"rank-math-toc\"><h2>Daftar isi<\/h2><nav><div><div class=\"\"><a href=\"#todos-junto-a-maria\">Semua bersama dengan Mary<\/a><div><div class=\"\"><a href=\"#una-oracion-universal\">Doa yang universal<\/a><\/div><div class=\"\"><a href=\"#leon-xiv-arrodillado-ante-maria\">Leo XIV, berlutut di hadapan Maria<\/a><\/div><div class=\"\"><a href=\"#sembradores-de-paz\">Penabur kedamaian<\/a><\/div><\/div><\/div><\/div><\/nav><\/div>","protected":false},"excerpt":{"rendered":"<p>Keheningan memenuhi seluruh alun-alun; keheningan dan ketertiban dalam langkah-langkah upacara. Ini adalah perayaan Yubileum Spiritualitas Maria, yang ingin dirayakan oleh Paus secara terbuka untuk seluruh dunia, baik secara spiritual maupun geografis. <\/p>","protected":false},"author":4,"featured_media":226007,"comment_status":"closed","ping_status":"closed","sticky":false,"template":"","format":"standard","meta":{"_acf_changed":false,"give_campaign_id":0,"footnotes":""},"categories":[13],"tags":[9],"class_list":["post-226003","post","type-post","status-publish","format-standard","has-post-thumbnail","hentry","category-blog","tag-virgen-maria"],"acf":[],"_links":{"self":[{"href":"https:\/\/fundacioncarf.org\/id\/wp-json\/wp\/v2\/posts\/226003","targetHints":{"allow":["GET"]}}],"collection":[{"href":"https:\/\/fundacioncarf.org\/id\/wp-json\/wp\/v2\/posts"}],"about":[{"href":"https:\/\/fundacioncarf.org\/id\/wp-json\/wp\/v2\/types\/post"}],"author":[{"embeddable":true,"href":"https:\/\/fundacioncarf.org\/id\/wp-json\/wp\/v2\/users\/4"}],"replies":[{"embeddable":true,"href":"https:\/\/fundacioncarf.org\/id\/wp-json\/wp\/v2\/comments?post=226003"}],"version-history":[{"count":10,"href":"https:\/\/fundacioncarf.org\/id\/wp-json\/wp\/v2\/posts\/226003\/revisions"}],"predecessor-version":[{"id":226023,"href":"https:\/\/fundacioncarf.org\/id\/wp-json\/wp\/v2\/posts\/226003\/revisions\/226023"}],"wp:featuredmedia":[{"embeddable":true,"href":"https:\/\/fundacioncarf.org\/id\/wp-json\/wp\/v2\/media\/226007"}],"wp:attachment":[{"href":"https:\/\/fundacioncarf.org\/id\/wp-json\/wp\/v2\/media?parent=226003"}],"wp:term":[{"taxonomy":"category","embeddable":true,"href":"https:\/\/fundacioncarf.org\/id\/wp-json\/wp\/v2\/categories?post=226003"},{"taxonomy":"post_tag","embeddable":true,"href":"https:\/\/fundacioncarf.org\/id\/wp-json\/wp\/v2\/tags?post=226003"}],"curies":[{"name":"wp","href":"https:\/\/api.w.org\/{rel}","templated":true}]}}