{"id":27982,"date":"2026-04-28T02:00:03","date_gmt":"2026-04-28T00:00:03","guid":{"rendered":"https:\/\/carfundacion.roymo.info\/?p=27982"},"modified":"2026-04-21T16:23:18","modified_gmt":"2026-04-21T14:23:18","slug":"gabon-iglesia-sacerdotes-formados-comunicacion","status":"publish","type":"post","link":"https:\/\/fundacioncarf.org\/fr\/gabon-iglesia-sacerdotes-formados-comunicacion\/","title":{"rendered":"\u00abL'\u00c9glise catholique du Gabon a besoin de pr\u00eatres form\u00e9s \u00e0 la communication.\u00bb"},"content":{"rendered":"<p>Wenceslas Herman Lengoma est un pr\u00eatre du dioc\u00e8se de Franceville, en France. <a href=\"https:\/\/es.wikipedia.org\/wiki\/Gab%C3%B3n\" target=\"_blank\" rel=\"noreferrer noopener\">Gabon<\/a> (Afrique centrale). \u00c2g\u00e9 de 46 ans, il a obtenu un dipl\u00f4me en communication sociale institutionnelle \u00e0 l'Universit\u00e9 pontificale de la Sainte-Croix \u00e0 Rome de 2019 \u00e0 2021. Voici l'exp\u00e9rience qu'il a v\u00e9cue au cours de sa formation. <\/p>\n\n\n\n<p>Son objectif est de retourner au Gabon pour g\u00e9rer de mani\u00e8re professionnelle les institutions m\u00e9diatiques de son dioc\u00e8se, comprenant que le message de l'\u00c9vangile n\u00e9cessite aujourd'hui des outils techniques et narratifs modernes.<\/p>\n\n\n\n<h2 class=\"wp-block-heading\" id=\"gabon-necesita-pastores-formados\">\u00abNous avons besoin de pr\u00eatres bien form\u00e9s pour l'\u00c9glise catholique\u00bb.\u00bb<\/h2>\n\n\n\n<p>Le Gabon compte aujourd'hui six dioc\u00e8ses et une pr\u00e9fecture apostolique. Le pays a re\u00e7u ses premiers missionnaires en 1944, le 29 septembre, lorsque l'\u00c9glise catholique a \u00e9t\u00e9 \u00e9tablie au Gabon par les missionnaires de la Congr\u00e9gation du Sacr\u00e9-C\u0153ur de Marie, qui est devenue plus tard la Congr\u00e9gation du Saint-Esprit ou les Spiritains.<\/p>\n\n\n\n<p>Le dioc\u00e8se o\u00f9 je suis incardin\u00e9, celui de Franceville, regroupe deux grandes provinces : la province du Haut Ogoou\u00e9 et celle de l'Ogoou\u00e9 Lolo. Cette extension pose un s\u00e9rieux probl\u00e8me de pastorale \u00e0 cause du petit nombre de pr\u00eatres qui ne touchent pas tous les fid\u00e8les. Nous avons besoin de plus de pr\u00eatres dans mon dioc\u00e8se, bien form\u00e9s, pour atteindre tous les fid\u00e8les.<\/p>\n\n\n\n<p>Ce probl\u00e8me est \u00e0 l'origine de l'implantation dans la r\u00e9gion de ce que l'on appelle les \u201c\u00e9glises de r\u00e9veil protestantes\u201d. Ces <a href=\"https:\/\/fundacioncarf.org\/servir-a-la-iglesia\/\" data-type=\"page\" data-id=\"169919\" target=\"_blank\" rel=\"noreferrer noopener\">\u00e9glises<\/a> Ils nous viennent de pays frontaliers comme le Congo Brazzaville, le Cameroun, et plus loin encore, de pays comme le Nigeria, le Togo, le B\u00e9nin, le Tchad, etc. <\/p>\n\n\n\n<p>C'est donc la raison principale pour laquelle mon \u00e9v\u00eaque m'a envoy\u00e9 \u00e0 Rome pour \u00e9tudier la communication sociale institutionnelle, afin de cr\u00e9er plus tard une station de radio catholique dans le dioc\u00e8se, qui favoriserait la proximit\u00e9 avec nos fid\u00e8les par le biais de programmes religieux tels que la messe, le culte, la lecture de la parole de Dieu, etc.<\/p>\n\n\n\n<h3 class=\"wp-block-heading\" id=\"necesidades-concretas-de-mi-diocesis\">Besoins concrets de mon dioc\u00e8se<\/h3>\n\n\n\n<p>J'ai commenc\u00e9 \u00e0 \u00e9tudier la communication sociale dans une universit\u00e9 de Rome o\u00f9 j'ai \u00e9t\u00e9 form\u00e9 \u00e0 des sujets tels que la doctrine sociale de l'\u00c9glise, l'histoire de la sociologie, l'\u00e9conomie, la psychologie, l'histoire des m\u00e9dias, etc. Tous ces sujets, malgr\u00e9 leur importance, ne r\u00e9pondaient pas aux besoins concrets de mon dioc\u00e8se. J'ai donc d\u00e9cid\u00e9 de changer d'universit\u00e9.<\/p>\n\n\n\n<blockquote class=\"wp-block-quote is-layout-flow wp-block-quote-is-layout-flow\">\n<p><strong><em>\"Nous avons besoin de plus de pr\u00eatres bien form\u00e9s dans mon dioc\u00e8se de Franceville (Gabon, Afrique centrale) pour atteindre tous les fid\u00e8les.<\/em><\/strong><\/p>\n<\/blockquote>\n\n\n\n<p>Son \u00e9v\u00eaque souhaite promouvoir une radio catholique dans le dioc\u00e8se et favoriser la proximit\u00e9 avec les fid\u00e8les par le biais de programmes religieux.<\/p>\n\n\n\n<p><strong>\"Je me suis embarqu\u00e9 dans une aventure incroyable\".<\/strong><\/p>\n\n\n\n<p>Le 8 octobre 2018, jour de la rentr\u00e9e scolaire, je me suis lanc\u00e9 dans une aventure incroyable : celle de chercher l'universit\u00e9 qui pourrait me donner la formation n\u00e9cessaire pour \u00eatre utile et efficace pour le peuple de Dieu dans mon pays, et comme la providence est la m\u00e8re de toutes les vertus, \u00e0 10h30 - je me souviens encore du jour et de l'heure exacts - je suis tomb\u00e9 sur un grand b\u00e2timent o\u00f9 j'ai pu lire la plaque \u201c Universit\u00e9 pontificale de la Sainte-Croix \u201d.<\/p>\n\n\n\n<figure class=\"wp-block-image size-full is-resized\"><img decoding=\"async\" width=\"960\" height=\"720\" src=\"https:\/\/fundacioncarf.org\/wp-content\/uploads\/2020\/09\/Cathedral_of_Saint-Marie_Libreville.jpg\" alt=\"gab\u00f3n iglesia cat\u00f3lica sacerdote comunicaci\u00f3n \" class=\"wp-image-228916\" style=\"aspect-ratio:1.3333421912784673;width:788px;height:auto\" srcset=\"https:\/\/fundacioncarf.org\/wp-content\/uploads\/2020\/09\/Cathedral_of_Saint-Marie_Libreville.jpg 960w, https:\/\/fundacioncarf.org\/wp-content\/uploads\/2020\/09\/Cathedral_of_Saint-Marie_Libreville-300x225.jpg 300w, https:\/\/fundacioncarf.org\/wp-content\/uploads\/2020\/09\/Cathedral_of_Saint-Marie_Libreville-150x113.jpg 150w, https:\/\/fundacioncarf.org\/wp-content\/uploads\/2020\/09\/Cathedral_of_Saint-Marie_Libreville-768x576.jpg 768w, https:\/\/fundacioncarf.org\/wp-content\/uploads\/2020\/09\/Cathedral_of_Saint-Marie_Libreville-16x12.jpg 16w\" sizes=\"(max-width: 960px) 100vw, 960px\" \/><\/figure>\n\n\n\n<p>Mon c\u0153ur \u00e9tait plein de joie, m\u00eame sans savoir pourquoi. Alors je me suis remont\u00e9 le moral et, sans savoir exactement o\u00f9 j'allais, je suis entr\u00e9 et j'ai march\u00e9 avec une grande d\u00e9termination. Je me suis promen\u00e9 dans les couloirs, j'ai lu des documents sur les facult\u00e9s et les cours et j'ai fini par rencontrer le professeur Daniel Arasa, vice-doyen de la facult\u00e9 de communication, puis le doyen de la facult\u00e9 de communication.<\/p>\n\n\n\n<p><strong>Des pr\u00eatres bien form\u00e9s dans le domaine de la communication<\/strong><\/p>\n\n\n\n<p>Je leur ai expliqu\u00e9 ce qui m'\u00e9tait arriv\u00e9 et le besoin urgent que mon dioc\u00e8se et moi-m\u00eame avions de pr\u00eatres bien form\u00e9s dans le domaine de la communication. Plus d'un an s'est \u00e9coul\u00e9 depuis ce moment et je peux dire qu'\u00e0 Sainte-Croix, j'ai trouv\u00e9 un lien direct avec les objectifs tant attendus de mon dioc\u00e8se, et aujourd'hui je me sens heureux et j'apprends beaucoup, ce dont je suis tr\u00e8s reconnaissant aux responsables de cette institution.<\/p>\n\n\n\n<blockquote class=\"wp-block-quote is-layout-flow wp-block-quote-is-layout-flow\">\n<p><em><strong>\"\u00c0 l'Universit\u00e9 pontificale de la Sainte-Croix, j'ai trouv\u00e9 un lien direct avec les objectifs tant attendus de mon dioc\u00e8se\".<\/strong><\/em><\/p>\n<\/blockquote>\n\n\n\n<p>Wenceslas a beaucoup appris \u00e0 l'Universit\u00e9 pontificale de la Sainte-Croix \u00e0 Rome. Gr\u00e2ce \u00e0 son dipl\u00f4me en communication sociale institutionnelle, il pourra, \u00e0 son arriv\u00e9e dans son dioc\u00e8se au Gabon, promouvoir la radio catholique que son \u00e9v\u00eaque lui a demand\u00e9 de mettre en place et dont les activit\u00e9s ont \u00e9t\u00e9 suspendues faute de moyens. Il remercie les partenaires, bienfaiteurs et amis de la Fondation CARF pour l'aide qu'ils lui ont apport\u00e9e dans l'accomplissement de ses \u00e9tudes.<\/p>\n\n\n\n<p><strong>Gr\u00e2ce au soutien de la Fondation CARF<\/strong><\/p>\n\n\n\n<p>Ce qui a rendu possible ce grand changement dans ma vie acad\u00e9mique et sacerdotale - car je peux ainsi me consacrer aux besoins du peuple de Dieu dans mon dioc\u00e8se - c'est le soutien de la Fondation CARF (Centro Academico Romano Foundation). <\/p>\n\n\n\n<p>En effet, lors de mon inscription, le repr\u00e9sentant de cette Fondation m'a parl\u00e9 de la possibilit\u00e9 d'\u00eatre aid\u00e9 - et pas seulement moi, mais aussi mon dioc\u00e8se - \u00e0 me former \u00e0 la Facult\u00e9 de Communication et \u00e0 mettre mes connaissances au service de mon \u00e9v\u00eaque et des fid\u00e8les du Gabon, en achevant la station de radio, dont les travaux de construction ont \u00e9t\u00e9 suspendus par manque de fonds.<\/p>\n\n\n\n<p>\u00abCette exp\u00e9rience est une aventure providentielle qui m'a conduit jusqu'ici. <a href=\"https:\/\/es.pusc.it\/\" target=\"_blank\" rel=\"noreferrer noopener\"><strong>Universit\u00e9 pontificale de la Sainte-Croix<\/strong><\/a>. Je reste reconnaissant \u00e0 tout le personnel administratif, aux enseignants et aux bienfaiteurs de la Fondation CARF : que le Seigneur accorde \u00e0 chacun d'entre vous les gr\u00e2ces n\u00e9cessaires et que saint Jos\u00e9maria Escriva, fondateur de l'Opus Dei, prenne toujours soin de chacune de vos familles et de vous !<\/p>\n\n\n\n<figure class=\"wp-block-embed is-type-video is-provider-youtube wp-block-embed-youtube wp-embed-aspect-16-9 wp-has-aspect-ratio\"><div class=\"wp-block-embed__wrapper\">\n<iframe loading=\"lazy\" title=\"T\u00e9moins | Pedro Pablo, l&#039;histoire d&#039;un pr\u00eatre v\u00e9n\u00e9zu\u00e9lien\" width=\"500\" height=\"281\" src=\"https:\/\/www.youtube.com\/embed\/74MBV0i3nJg?feature=oembed\" frameborder=\"0\" allow=\"accelerometer; autoplay; clipboard-write; encrypted-media; gyroscope; picture-in-picture; web-share\" referrerpolicy=\"strict-origin-when-cross-origin\" allowfullscreen><\/iframe>\n<\/div><\/figure>\n\n\n\n<hr class=\"wp-block-separator has-alpha-channel-opacity\"\/>\n\n\n\n<p><strong><a href=\"https:\/\/www.amazon.es\/stores\/author\/B0C8ZNHJ95\" target=\"_blank\" rel=\"noreferrer noopener\">Gerardo Ferrara<\/a><\/strong><br>Dipl\u00f4m\u00e9 en histoire et en sciences politiques, sp\u00e9cialis\u00e9 dans le Moyen-Orient.<br>Responsable des \u00e9tudiants de l'Universit\u00e9 pontificale de la Sainte-Croix \u00e0 Rome.<\/p>\n\n\n\n<hr class=\"wp-block-separator has-alpha-channel-opacity\"\/>\n\n\n\n<div class=\"wp-block-rank-math-toc-block\" id=\"rank-math-toc\"><h2>Table des mati\u00e8res<\/h2><nav><ul><li><a href=\"#gabon-necesita-pastores-formados\">\u00abNous avons besoin de pr\u00eatres bien form\u00e9s pour l'\u00c9glise catholique\u00bb.\u00bb<\/a><ul><li><a href=\"#necesidades-concretas-de-mi-diocesis\">Besoins concrets de mon dioc\u00e8se<\/a><\/li><\/ul><\/li><\/ul><\/nav><\/div>\n\n\n\n<hr class=\"wp-block-separator has-alpha-channel-opacity\"\/>","protected":false},"excerpt":{"rendered":"<p>Wenceslas Lengoma est un pr\u00eatre gabonais (Afrique centrale). Il a \u00e9tudi\u00e9 la communication sociale institutionnelle \u00e0 l'Universit\u00e9 pontificale de la Sainte-Croix \u00e0 Rome afin de cr\u00e9er la radio dioc\u00e9saine \u00e0 son retour.<\/p>","protected":false},"author":4,"featured_media":229442,"comment_status":"closed","ping_status":"closed","sticky":false,"template":"","format":"standard","meta":{"_acf_changed":false,"give_campaign_id":0,"footnotes":""},"categories":[109],"tags":[172,120,121],"class_list":["post-27982","post","type-post","status-publish","format-standard","has-post-thumbnail","hentry","category-historias","tag-congregaciones-religiosas","tag-sacerdote","tag-seminarista"],"acf":[],"_links":{"self":[{"href":"https:\/\/fundacioncarf.org\/fr\/wp-json\/wp\/v2\/posts\/27982","targetHints":{"allow":["GET"]}}],"collection":[{"href":"https:\/\/fundacioncarf.org\/fr\/wp-json\/wp\/v2\/posts"}],"about":[{"href":"https:\/\/fundacioncarf.org\/fr\/wp-json\/wp\/v2\/types\/post"}],"author":[{"embeddable":true,"href":"https:\/\/fundacioncarf.org\/fr\/wp-json\/wp\/v2\/users\/4"}],"replies":[{"embeddable":true,"href":"https:\/\/fundacioncarf.org\/fr\/wp-json\/wp\/v2\/comments?post=27982"}],"version-history":[{"count":19,"href":"https:\/\/fundacioncarf.org\/fr\/wp-json\/wp\/v2\/posts\/27982\/revisions"}],"predecessor-version":[{"id":229445,"href":"https:\/\/fundacioncarf.org\/fr\/wp-json\/wp\/v2\/posts\/27982\/revisions\/229445"}],"wp:featuredmedia":[{"embeddable":true,"href":"https:\/\/fundacioncarf.org\/fr\/wp-json\/wp\/v2\/media\/229442"}],"wp:attachment":[{"href":"https:\/\/fundacioncarf.org\/fr\/wp-json\/wp\/v2\/media?parent=27982"}],"wp:term":[{"taxonomy":"category","embeddable":true,"href":"https:\/\/fundacioncarf.org\/fr\/wp-json\/wp\/v2\/categories?post=27982"},{"taxonomy":"post_tag","embeddable":true,"href":"https:\/\/fundacioncarf.org\/fr\/wp-json\/wp\/v2\/tags?post=27982"}],"curies":[{"name":"wp","href":"https:\/\/api.w.org\/{rel}","templated":true}]}}