{"id":214872,"date":"2025-04-10T06:00:00","date_gmt":"2025-04-10T04:00:00","guid":{"rendered":"https:\/\/staging.fundacioncarf.org\/?p=214872"},"modified":"2025-11-24T13:28:15","modified_gmt":"2025-11-24T12:28:15","slug":"sacerdote-catolico-tanzania-un-orgullo-jovenes","status":"publish","type":"post","link":"https:\/\/fundacioncarf.org\/fr\/sacerdote-catolico-tanzania-un-orgullo-jovenes\/","title":{"rendered":"\"\u00catre catholique en Tanzanie est une source de fiert\u00e9."},"content":{"rendered":"<p>Vedastus \u00e9tait s\u00e9minariste \u00e0 l'Institut de formation de l'Union europ\u00e9enne. <a href=\"https:\/\/seminariobidasoa.org\/\" data-type=\"link\" data-id=\"https:\/\/seminariobidasoa.org\/\" target=\"_blank\" rel=\"noreferrer noopener\">S\u00e9minaire international de la Bidassoa<\/a> (Pampelune) et a \u00e9t\u00e9 ordonn\u00e9 pr\u00eatre en ao\u00fbt 2024 dans son pays. Il nous dit que les jeunes Tanzaniens sont fiers d'\u00eatre catholiques. \"<strong>Lorsque l'on assiste \u00e0 la messe du dimanche en Tanzanie, plus de 60 % sont des jeunes.<\/strong>\". <\/p>\n\n\n\n<h3 class=\"wp-block-heading\">La formation catholique re\u00e7ue \u00e0 la maison, cl\u00e9 de sa vocation sacerdotale<\/h3>\n\n\n\n<p>Vedastus est n\u00e9 en 1994 dans une famille nombreuse. Il est le fils d'une m\u00e8re catholique et d'un p\u00e8re non chr\u00e9tien, <a href=\"https:\/\/www.omnesmag.com\/foco\/vocaciones\/vedastus-machibula-siempre-mantengo-el-deseo-de-servir-a-dios\/\" target=\"_blank\" rel=\"noopener\">sa vocation est n\u00e9e d'une question pos\u00e9e \u00e0 sa m\u00e8re<\/a>. Ses efforts pour lui transmettre sa foi, ainsi qu'\u00e0 ses fr\u00e8res et s\u0153urs, ont \u00e9t\u00e9 r\u00e9compens\u00e9s.<\/p>\n\n\n\n<p>Un moment d\u00e9cisif dans la vie de ce jeune pr\u00eatre a \u00e9t\u00e9 celui o\u00f9 il a d\u00e9couvert l'importance r\u00e9elle de la <a href=\"https:\/\/fundacioncarf.org\/sacerdotes-formacion-filipinas-formacion-coraje\/\" data-type=\"post\" data-id=\"200951\">pr\u00eatres<\/a>. Leur village \u00e9tait situ\u00e9 \u00e0 sept kilom\u00e8tres de l'\u00e9glise la plus proche et tous les dimanches, ils parcouraient cette distance pour assister \u00e0 la c\u00e9l\u00e9bration de la Parole par les cat\u00e9chistes. La messe n'\u00e9tait c\u00e9l\u00e9br\u00e9e qu'une fois par an en raison du manque de pr\u00eatres.<\/p>\n\n\n\n<figure class=\"wp-block-image size-full is-resized\"><img decoding=\"async\" width=\"800\" height=\"530\" src=\"https:\/\/fundacioncarf.org\/wp-content\/uploads\/2025\/04\/vedastus-martine-sacerdote-catolico-de-tanzania.webp\" alt=\"\" class=\"wp-image-214891\" style=\"width:840px;height:auto\" srcset=\"https:\/\/fundacioncarf.org\/wp-content\/uploads\/2025\/04\/vedastus-martine-sacerdote-catolico-de-tanzania.webp 800w, https:\/\/fundacioncarf.org\/wp-content\/uploads\/2025\/04\/vedastus-martine-sacerdote-catolico-de-tanzania-300x199.webp 300w, https:\/\/fundacioncarf.org\/wp-content\/uploads\/2025\/04\/vedastus-martine-sacerdote-catolico-de-tanzania-150x99.webp 150w, https:\/\/fundacioncarf.org\/wp-content\/uploads\/2025\/04\/vedastus-martine-sacerdote-catolico-de-tanzania-768x509.webp 768w, https:\/\/fundacioncarf.org\/wp-content\/uploads\/2025\/04\/vedastus-martine-sacerdote-catolico-de-tanzania-18x12.webp 18w\" sizes=\"(max-width: 800px) 100vw, 800px\" \/><figcaption class=\"wp-element-caption\">Vedastus Martine donne la communion \u00e0 sa m\u00e8re lors de sa premi\u00e8re messe en Tanzanie.<\/figcaption><\/figure>\n\n\n\n<h3 class=\"wp-block-heading\">Le jour o\u00f9 un pr\u00eatre est venu dans son village<\/h3>\n\n\n\n<p>Il y a trente ans, le manque de pr\u00eatres en Tanzanie \u00e9tait bien plus criant qu'aujourd'hui : il n'y en avait que deux pour desservir plus de trente paroisses. Aujourd'hui, leur dioc\u00e8se compte 155 religieux et pr\u00eatres dioc\u00e9sains au service de 56 paroisses.<\/p>\n\n\n\n<p>Le jour o\u00f9 un pr\u00eatre est venu dans son village et a c\u00e9l\u00e9br\u00e9 la Sainte Messe, Vedastus a \u00e9t\u00e9 impressionn\u00e9. \"J'\u00e9tais tr\u00e8s jeune, mais je me suis rendu compte que c'\u00e9tait diff\u00e9rent de ce que faisaient les cat\u00e9chistes. J'\u00e9tais tr\u00e8s int\u00e9ress\u00e9. De retour \u00e0 la maison, j'ai demand\u00e9 \u00e0 ma m\u00e8re :&nbsp;<strong><em>Maman, pourquoi cette journ\u00e9e a-t-elle \u00e9t\u00e9 diff\u00e9rente, qui est cet homme qui l'a c\u00e9l\u00e9br\u00e9e ?<\/em> <\/strong>Ma m\u00e8re m'a expliqu\u00e9 que cet homme \u00e9tait un pr\u00eatre et quelle \u00e9tait la diff\u00e9rence entre les pr\u00eatres et les cat\u00e9chistes\", raconte Vedastus.<\/p>\n\n\n\n<h3 class=\"wp-block-heading\">\"Quand je serai grand, je veux \u00eatre pr\u00eatre\".<\/h3>\n\n\n\n<p>Sa m\u00e8re lui a \u00e9galement parl\u00e9 de l'importance des pr\u00eatres pour le salut, pour la transmission des sacrements, pour nous apporter le <a href=\"https:\/\/fundacioncarf.org\/es\/la-eucaristia-memorial-del-corazon\/\" data-type=\"link\" data-id=\"https:\/\/fundacioncarf.org\/es\/la-eucaristia-memorial-del-corazon\/\">Eucharistie<\/a> et le pardon des p\u00e9ch\u00e9s, et l'importance d'apporter le Christ au monde entier.<\/p>\n\n\n\n<p>\"J'ai demand\u00e9 \u00e0 ma m\u00e8re pourquoi nous n'avions pas de pr\u00eatres tous les dimanches et elle m'a r\u00e9pondu que c'\u00e9tait impossible, parce qu'\u00e0 l'\u00e9poque, les deux pr\u00eatres pr\u00e9sents fr\u00e9quentaient 33 \u00e9glises. Je lui ai donc dit :&nbsp;<em>Quand je serai grand, je veux \u00eatre pr\u00eatre pour aider l'\u00c9glise dans mon village, afin qu'il y ait toujours des pr\u00eatres pour leur enseigner la foi et c\u00e9l\u00e9brer les sacrements.<\/em> Ma m\u00e8re m'a expliqu\u00e9 que je devais \u00e9tudier dur et \u00eatre tr\u00e8s disciplin\u00e9e. Elle m'a encourag\u00e9, si c'\u00e9tait ma voie, \u00e0 parler \u00e0 mon p\u00e8re pour voir s'ils pouvaient payer mes \u00e9tudes.<\/p>\n\n\n\n<p>D\u00e8s lors, V\u00e9dastus demanda chaque jour \u00e0 Dieu de faire de lui un bon pr\u00eatre, s'il le souhaitait, afin qu'il puisse servir le peuple.<\/p>\n\n\n\n<figure class=\"wp-block-image size-full is-resized\"><img decoding=\"async\" width=\"800\" height=\"433\" src=\"https:\/\/fundacioncarf.org\/wp-content\/uploads\/2025\/04\/clase-de-teologia-seminario-internacional-bidasoa-fundacion-carf.webp\" alt=\"\" class=\"wp-image-214929\" style=\"width:840px;height:auto\" srcset=\"https:\/\/fundacioncarf.org\/wp-content\/uploads\/2025\/04\/clase-de-teologia-seminario-internacional-bidasoa-fundacion-carf.webp 800w, https:\/\/fundacioncarf.org\/wp-content\/uploads\/2025\/04\/clase-de-teologia-seminario-internacional-bidasoa-fundacion-carf-300x162.webp 300w, https:\/\/fundacioncarf.org\/wp-content\/uploads\/2025\/04\/clase-de-teologia-seminario-internacional-bidasoa-fundacion-carf-150x81.webp 150w, https:\/\/fundacioncarf.org\/wp-content\/uploads\/2025\/04\/clase-de-teologia-seminario-internacional-bidasoa-fundacion-carf-768x416.webp 768w, https:\/\/fundacioncarf.org\/wp-content\/uploads\/2025\/04\/clase-de-teologia-seminario-internacional-bidasoa-fundacion-carf-18x10.webp 18w\" sizes=\"(max-width: 800px) 100vw, 800px\" \/><figcaption class=\"wp-element-caption\">S\u00e9minaristes du s\u00e9minaire international de la Bidassoa lors d'une session de formation.<\/figcaption><\/figure>\n\n\n\n<h3 class=\"wp-block-heading\">Entr\u00e9e au s\u00e9minaire \u00e0 l'\u00e2ge de 14 ans<\/h3>\n\n\n\n<p>C'est ainsi qu'\u00e0 l'\u00e2ge de 14 ans, il d\u00e9cide d'entrer au petit s\u00e9minaire, non sans avoir relev\u00e9 quelques d\u00e9fis. Son p\u00e8re, tout en lui laissant la libert\u00e9 de culte, ne l'a baptis\u00e9 qu'en 2016. De plus, son p\u00e8re souhaitait que son fils \u00e9tudie la m\u00e9decine, ce qui \u00e9tait \u00e9galement dans les projets de Vedastus.<\/p>\n\n\n\n<p>\"Je pensais que si mon p\u00e8re n'\u00e9tait pas baptis\u00e9, je ne pourrais pas \u00eatre pr\u00eatre.  Mais mon p\u00e8re m'a dit : <em>Je paierai tout ce dont vous avez besoin pour r\u00e9aliser vos r\u00eaves. Bien que je ne sois pas riche, je sais combien il est important d'\u00e9tudier. Nous pouvons manquer de tout ce dont nous avons besoin pour vivre, mais vous ne manquerez pas de ce dont vous avez besoin pour vos \u00e9tudes.&nbsp;<\/em><strong>Cette d\u00e9termination de mon p\u00e8re a provoqu\u00e9 en moi une immense gratitude. <\/strong>qui m'a guid\u00e9e pour que je fasse toujours des efforts dans mes \u00e9tudes, car je sais le sacrifice que cela a repr\u00e9sent\u00e9 pour ma famille\", explique-t-elle.<\/p>\n\n\n\n<h3 class=\"wp-block-heading\">Au service de son dioc\u00e8se<\/h3>\n\n\n\n<p>Cependant, il n'a pas abandonn\u00e9 la carri\u00e8re de m\u00e9decin de son esprit. Il raconte qu'en 2023, alors qu'il se trouvait \u00e0 Fatima et qu'il effectuait un travail pastoral tout en vivant dans la Bidassoa en tant que s\u00e9minariste, il a re\u00e7u une lettre de son archev\u00eaque l'informant qu'apr\u00e8s avoir obtenu son baccalaur\u00e9at en th\u00e9ologie, il pourrait faire des \u00e9tudes de m\u00e9decine, <strong>pourrait entamer une carri\u00e8re de m\u00e9decin dans son dioc\u00e8se.<\/strong><\/p>\n\n\n\n<p>\"Cela m'a fait penser \u00e0 ce qui s'est pass\u00e9 il y a huit ans, lorsque j'ai dit \u00e0 mon p\u00e8re, apr\u00e8s avoir termin\u00e9 mes \u00e9tudes secondaires, que je voulais entrer au grand s\u00e9minaire pour suivre une formation de pr\u00eatre. C'est alors que mon p\u00e8re m'a dit que son r\u00eave \u00e9tait que j'\u00e9tudie la m\u00e9decine. Apr\u00e8s un dialogue affectueux avec mon p\u00e8re, nous sommes parvenus \u00e0 un accord pour que j'entre au s\u00e9minaire. Ce message de mon \u00e9v\u00eaque \u00e9tait donc comme un rappel de ma premi\u00e8re \u00e9tape et de mon oui \u00e0 la voix du Seigneur.<\/p>\n\n\n\n<p>Apr\u00e8s avoir \u00e9tudi\u00e9 la demande de son \u00e9v\u00eaque, il s'est entretenu avec lui et lui a dit qu'\u00e0 l'heure actuelle, la carri\u00e8re m\u00e9dicale \u00e9tait \"une montagne difficile \u00e0 gravir\". Toutefois, si les besoins de son dioc\u00e8se l'exigeaient, il serait heureux de l'\u00e9tudier.<\/p>\n\n\n\n<figure class=\"wp-block-embed is-type-video is-provider-youtube wp-block-embed-youtube wp-embed-aspect-16-9 wp-has-aspect-ratio\"><div class=\"wp-block-embed__wrapper\">\n<iframe loading=\"lazy\" title=\"???????????? VEDASTUS MARTINE, DE TANZANIE : &quot;D\u00c8S MON ENFANCE, IL \u00c9TAIT CLAIR POUR MOI QUE JE VOULAIS DEVENIR PR\u00caTRE&quot;.\" width=\"500\" height=\"281\" src=\"https:\/\/www.youtube.com\/embed\/O_SQuEKl3mE?feature=oembed\" frameborder=\"0\" allow=\"accelerometer; autoplay; clipboard-write; encrypted-media; gyroscope; picture-in-picture; web-share\" referrerpolicy=\"strict-origin-when-cross-origin\" allowfullscreen><\/iframe>\n<\/div><\/figure>\n\n\n\n<h3 class=\"wp-block-heading\">Le nombre de catholiques augmente en Tanzanie<\/h3>\n\n\n\n<p>Votre formation th\u00e9ologique est vitale pour la formation de vos fr\u00e8res tanzaniens. Malgr\u00e9 la p\u00e9nurie de vocations sacerdotales, le nombre de catholiques augmente en Tanzanie. Quelle est la raison de cette explosion du nombre de catholiques ?<\/p>\n\n\n\n<p>\"A mon avis, <strong>la raison fondamentale et la base de tout est que l'homme est religieux par nature, il est toujours en relation avec le divin.<\/strong>. C'est un fait qui est tr\u00e8s fort en Tanzanie : nous avons beaucoup de respect pour le divin. Mais nous devons aussi remercier les missionnaires qui nous ont \u00e9vang\u00e9lis\u00e9s, en particulier les P\u00e8res Blancs. Ils ont laiss\u00e9 une marque ind\u00e9l\u00e9bile, non seulement sur les catholiques, mais sur l'ensemble de la population\", d\u00e9clare Vedastus.<\/p>\n\n\n\n<h3 class=\"wp-block-heading\">L'\u00c9glise, toujours \u00e0 l'avant-garde<\/h3>\n\n\n\n<p>Cette \u00e9vang\u00e9lisation des premiers missionnaires a contribu\u00e9 \u00e0 renforcer la r\u00e9putation de l'\u00c9glise catholique en Afrique, non seulement pour sa fonction spirituelle et salvatrice, mais aussi pour ses nombreuses \u0153uvres sociales : h\u00f4pitaux, \u00e9coles, associations caritatives, etc.<\/p>\n\n\n\n<p>\"De nombreuses personnes viennent \u00e0 Dieu par le biais de services caritatifs et sociaux, car l'\u00c9glise catholique est toujours au premier plan. Mais aussi, gr\u00e2ce au travail des \u00e9v\u00eaques, des pr\u00eatres, des religieux, des cat\u00e9chistes et de tous les agents pastoraux, de plus en plus de gens connaissent l'\u00c9vangile\", d\u00e9clare M. Vedastus.<\/p>\n\n\n\n<figure class=\"wp-block-image size-full\"><img decoding=\"async\" width=\"800\" height=\"434\" src=\"https:\/\/fundacioncarf.org\/wp-content\/uploads\/2025\/04\/vedastus-martine-deporte-fundacion-carf.webp\" alt=\"\" class=\"wp-image-214945\" srcset=\"https:\/\/fundacioncarf.org\/wp-content\/uploads\/2025\/04\/vedastus-martine-deporte-fundacion-carf.webp 800w, https:\/\/fundacioncarf.org\/wp-content\/uploads\/2025\/04\/vedastus-martine-deporte-fundacion-carf-300x163.webp 300w, https:\/\/fundacioncarf.org\/wp-content\/uploads\/2025\/04\/vedastus-martine-deporte-fundacion-carf-150x81.webp 150w, https:\/\/fundacioncarf.org\/wp-content\/uploads\/2025\/04\/vedastus-martine-deporte-fundacion-carf-768x417.webp 768w, https:\/\/fundacioncarf.org\/wp-content\/uploads\/2025\/04\/vedastus-martine-deporte-fundacion-carf-18x10.webp 18w\" sizes=\"(max-width: 800px) 100vw, 800px\" \/><figcaption class=\"wp-element-caption\">Vedastus, lors de son s\u00e9jour au s\u00e9minaire international de la Bidassoa, lors d'un match de football.<\/figcaption><\/figure>\n\n\n\n<h4 class=\"wp-block-heading\">Les jeunes sont fiers d'\u00eatre catholiques<\/h4>\n\n\n\n<p><strong>Le nombre de jeunes pratiquant la foi catholique est stup\u00e9fiant.<\/strong>. Ce jeune pr\u00eatre s'admire lui-m\u00eame : <strong>\"<\/strong>La jeunesse est l'espoir de l'\u00c9glise en Tanzanie. <strong>Les jeunes sont fiers d'\u00eatre catholiques et s'attirent ainsi de nombreux amis<\/strong>. Non seulement l'\u00c9glise est consid\u00e9r\u00e9e comme le premier lieu de rencontre avec Dieu, mais les jeunes viennent aussi dans les paroisses pour trouver un mari ou une femme, pour grandir dans la vertu et pour vivre la v\u00e9rit\u00e9.<\/p>\n\n\n\n<h4 class=\"wp-block-heading\"><strong>Merci aux bienfaiteurs<\/strong><\/h4>\n\n\n\n<p>Pour conclure, Vedastus s'exclame joyeusement \u00e0 propos de son s\u00e9jour dans notre pays : \"Cela a \u00e9t\u00e9 merveilleux. Je quitte Pampelune en \u00e9tant diff\u00e9rent de ce que j'\u00e9tais \u00e0 mon arriv\u00e9e.<strong>. <\/strong>J'ai \u00e9t\u00e9 impressionn\u00e9 par la formation humaine et acad\u00e9mique. Cela a \u00e9t\u00e9 un cadeau de go\u00fbter \u00e0 la catholicit\u00e9 de l'\u00c9glise.<\/p>\n\n\n\n<p>Il tient donc \u00e0 remercier tous les bienfaiteurs de la Fondation CARF qui lui ont permis de faire ses \u00e9tudes \u00e0 Pampelune, de vivre dans la Bidassoa et d'\u00e9tudier dans les Facult\u00e9s eccl\u00e9siastiques de l'Universit\u00e9 de Navarre.<\/p>\n\n\n\n<p>Soyez assur\u00e9 de mes pri\u00e8res quotidiennes. Ensemble, nous faisons partie du plan de Dieu pour que tous les peuples re\u00e7oivent la bonne nouvelle.<\/p>\n\n\n\n<hr class=\"wp-block-separator has-alpha-channel-opacity\"\/>\n\n\n\n<p><strong>Marta Sant\u00edn<\/strong>journaliste sp\u00e9cialis\u00e9 dans la religion.<\/p>","protected":false},"excerpt":{"rendered":"<p>Vedastus Martine Machibula est un pr\u00eatre catholique de 30 ans de l'archidioc\u00e8se de Mwanza, en Tanzanie. Il a v\u00e9cu et s'est form\u00e9 \u00e0 Pampelune. Il est pr\u00eatre depuis moins d'un an.<\/p>","protected":false},"author":719,"featured_media":214897,"comment_status":"closed","ping_status":"closed","sticky":false,"template":"","format":"standard","meta":{"_acf_changed":false,"give_campaign_id":0,"footnotes":""},"categories":[109],"tags":[249,160,250],"class_list":["post-214872","post","type-post","status-publish","format-standard","has-post-thumbnail","hentry","category-historias","tag-tanzania","tag-testimonios","tag-vedastus"],"acf":[],"_links":{"self":[{"href":"https:\/\/fundacioncarf.org\/fr\/wp-json\/wp\/v2\/posts\/214872","targetHints":{"allow":["GET"]}}],"collection":[{"href":"https:\/\/fundacioncarf.org\/fr\/wp-json\/wp\/v2\/posts"}],"about":[{"href":"https:\/\/fundacioncarf.org\/fr\/wp-json\/wp\/v2\/types\/post"}],"author":[{"embeddable":true,"href":"https:\/\/fundacioncarf.org\/fr\/wp-json\/wp\/v2\/users\/719"}],"replies":[{"embeddable":true,"href":"https:\/\/fundacioncarf.org\/fr\/wp-json\/wp\/v2\/comments?post=214872"}],"version-history":[{"count":13,"href":"https:\/\/fundacioncarf.org\/fr\/wp-json\/wp\/v2\/posts\/214872\/revisions"}],"predecessor-version":[{"id":226735,"href":"https:\/\/fundacioncarf.org\/fr\/wp-json\/wp\/v2\/posts\/214872\/revisions\/226735"}],"wp:featuredmedia":[{"embeddable":true,"href":"https:\/\/fundacioncarf.org\/fr\/wp-json\/wp\/v2\/media\/214897"}],"wp:attachment":[{"href":"https:\/\/fundacioncarf.org\/fr\/wp-json\/wp\/v2\/media?parent=214872"}],"wp:term":[{"taxonomy":"category","embeddable":true,"href":"https:\/\/fundacioncarf.org\/fr\/wp-json\/wp\/v2\/categories?post=214872"},{"taxonomy":"post_tag","embeddable":true,"href":"https:\/\/fundacioncarf.org\/fr\/wp-json\/wp\/v2\/tags?post=214872"}],"curies":[{"name":"wp","href":"https:\/\/api.w.org\/{rel}","templated":true}]}}