{"id":214586,"date":"2026-03-22T02:00:00","date_gmt":"2026-03-22T01:00:00","guid":{"rendered":"https:\/\/staging.fundacioncarf.org\/?p=214586"},"modified":"2026-03-19T17:07:37","modified_gmt":"2026-03-19T16:07:37","slug":"25-de-marzo-fiesta-anunciacion-del-senor","status":"publish","type":"post","link":"https:\/\/fundacioncarf.org\/fr\/25-de-marzo-fiesta-anunciacion-del-senor\/","title":{"rendered":"25 mars, Annonciation du Seigneur"},"content":{"rendered":"<p>L'\u00c9glise c\u00e9l\u00e8bre la solennit\u00e9 de la <strong>Annonciation du Seigneur <\/strong>sur <strong>25 mars<\/strong>, La f\u00eate de l'Incarnation, tournant dans l'histoire du salut, est \u00e9galement connue sous le nom d'Incarnation du Seigneur. Connue \u00e9galement sous le nom d'Incarnation du Seigneur, cette f\u00eate comm\u00e9more le moment o\u00f9 l'archange <a href=\"https:\/\/fundacioncarf.org\/fiesta-arcangeles-miguel-gabriel-y-rafael-29-sep\/\" data-type=\"post\" data-id=\"167793\" target=\"_blank\" rel=\"noreferrer noopener\">Gabriel<\/a> annonce \u00e0 la Vierge Marie qu'elle sera la m\u00e8re du Fils de Dieu. Son \u00abqu'il me soit fait selon ta parole\u00bb (Lc 1,38) repr\u00e9sente un mod\u00e8le de foi et d'abandon total \u00e0 la volont\u00e9 divine.<\/p>\n\n\n\n<figure class=\"wp-block-image size-full is-resized\"><img decoding=\"async\" width=\"800\" height=\"600\" src=\"https:\/\/fundacioncarf.org\/wp-content\/uploads\/2025\/03\/jesus-de-nazaret-de-nino.webp\" alt=\"Anunciaci\u00f3n  25 de marzo Virgen Mar\u00eda Jornada por la Vida sacerdotes\" class=\"wp-image-214588\" style=\"aspect-ratio:1.3333427434152951;width:788px;height:auto\" srcset=\"https:\/\/fundacioncarf.org\/wp-content\/uploads\/2025\/03\/jesus-de-nazaret-de-nino.webp 800w, https:\/\/fundacioncarf.org\/wp-content\/uploads\/2025\/03\/jesus-de-nazaret-de-nino-300x225.webp 300w, https:\/\/fundacioncarf.org\/wp-content\/uploads\/2025\/03\/jesus-de-nazaret-de-nino-150x113.webp 150w, https:\/\/fundacioncarf.org\/wp-content\/uploads\/2025\/03\/jesus-de-nazaret-de-nino-768x576.webp 768w, https:\/\/fundacioncarf.org\/wp-content\/uploads\/2025\/03\/jesus-de-nazaret-de-nino-16x12.webp 16w\" sizes=\"(max-width: 800px) 100vw, 800px\" \/><\/figure>\n\n\n\n<h2 class=\"wp-block-heading\" id=\"el-significado-de-la-anunciacion-y-de-la-encarnacion-del-verbo\">Le sens de l'Annonciation et de l'Incarnation du Verbe<\/h2>\n\n\n\n<p>Le myst\u00e8re de l'Annonciation est ins\u00e9parable de l'Incarnation, puisque c'est le moment o\u00f9 Dieu prend la nature humaine. Saint Jos\u00e9maria Escriva de Balaguer, fondateur de l'Opus Dei. <a href=\"https:\/\/opusdei.org\/es\/article\/vida-de-maria-v-la-anunciacion-de-nuestra-senora\/\" data-type=\"link\" data-id=\"https:\/\/opusdei.org\/es\/article\/vida-de-maria-v-la-anunciacion-de-nuestra-senora\/\" target=\"_blank\" rel=\"noreferrer noopener\">Opus Dei<\/a>Il a soulign\u00e9 la grandeur de cet \u00e9v\u00e9nement en affirmant que \"Dieu nous appelle \u00e0 nous sanctifier dans la vie ordinaire, comme Marie a accept\u00e9 sa mission avec humilit\u00e9\".<\/p>\n\n\n\n<h3 class=\"wp-block-heading\" id=\"maria-modelo-de-vocacion-y-entrega\">Marie, mod\u00e8le de vocation et de d\u00e9vouement<\/h3>\n\n\n\n<p>Notre m\u00e8re, la <a href=\"https:\/\/fundacioncarf.org\/santa-maria-reina-del-mundo-y-del-cielo\/\" target=\"_blank\" data-type=\"post\" data-id=\"217530\" rel=\"noreferrer noopener\">Vierge Marie<\/a> est un exemple pour tous les chr\u00e9tiens, en particulier ceux qui sont appel\u00e9s au sacerdoce. Sa r\u00e9ponse confiante et sans r\u00e9serve refl\u00e8te la volont\u00e9 de tous les chr\u00e9tiens d'\u00eatre appel\u00e9s au sacerdoce. <a href=\"https:\/\/fundacioncarf.org\/es\/que-es-un-sacerdote\/\" data-type=\"link\" data-id=\"https:\/\/fundacioncarf.org\/es\/que-es-un-sacerdote\/\" target=\"_blank\" rel=\"noreferrer noopener\">s\u00e9minariste et pr\u00eatre<\/a> face \u00e0 l'appel de Dieu.<\/p>\n\n\n\n<figure class=\"wp-block-image size-full\"><img decoding=\"async\" width=\"800\" height=\"600\" src=\"https:\/\/fundacioncarf.org\/wp-content\/uploads\/2025\/03\/maria-entrega-anunciacion.webp\" alt=\"Anunciaci\u00f3n  25 de marzo Virgen Mar\u00eda Jornada por la Vida sacerdotes\" class=\"wp-image-214591\" srcset=\"https:\/\/fundacioncarf.org\/wp-content\/uploads\/2025\/03\/maria-entrega-anunciacion.webp 800w, https:\/\/fundacioncarf.org\/wp-content\/uploads\/2025\/03\/maria-entrega-anunciacion-300x225.webp 300w, https:\/\/fundacioncarf.org\/wp-content\/uploads\/2025\/03\/maria-entrega-anunciacion-150x113.webp 150w, https:\/\/fundacioncarf.org\/wp-content\/uploads\/2025\/03\/maria-entrega-anunciacion-768x576.webp 768w, https:\/\/fundacioncarf.org\/wp-content\/uploads\/2025\/03\/maria-entrega-anunciacion-16x12.webp 16w\" sizes=\"(max-width: 800px) 100vw, 800px\" \/><\/figure>\n\n\n\n<h4 class=\"wp-block-heading\" id=\"la-anunciacion-y-la-defensa-de-la-vida\">L'Annonciation et la d\u00e9fense de la vie<\/h4>\n\n\n\n<p>En Espagne, la Conf\u00e9rence \u00e9piscopale c\u00e9l\u00e8bre, le 25 mars, la Journ\u00e9e de l'Eglise. <a href=\"https:\/\/fundacioncarf.org\/edith-stein-santa-teresa-benedicta-de-la-cruz\/\" target=\"_blank\" data-type=\"post\" data-id=\"217468\" rel=\"noreferrer noopener\">La vie<\/a>, rappelant la valeur sacr\u00e9e de la vie humaine d\u00e8s sa conception. En 2026, la devise est \u00abLa vie, un don inviolable\u00bb, un appel \u00e0 la protection de la vie \u00e0 tous ses stades. \u00abL'avortement - soulignent les pr\u00e9lats - ne peut jamais constituer un droit, car il n'y a pas de droit \u00e0 \u00e9liminer une vie humaine\u00bb.<\/p>\n\n\n\n<p>Cependant, la Conf\u00e9rence \u00e9piscopale ne se concentre pas uniquement sur le ventre de la m\u00e8re, mais s'adresse \u00e9galement aux m\u00e8res et aux p\u00e8res qui rencontrent des difficult\u00e9s lorsqu'ils sont confront\u00e9s \u00e0 une grossesse. C'est pourquoi elle indique qu'\u00e0 partir des PECO, \u00abnous voulons promouvoir une alliance sociale pour l'espoir en faveur de l'enfant et de sa famille\". <a href=\"https:\/\/fundacioncarf.org\/rosa-maria-mexico-misionera-comunicadora\/\" target=\"_blank\" data-type=\"post\" data-id=\"151457\" rel=\"noreferrer noopener\">taux de natalit\u00e9<\/a>, L'objectif est, d'une part, de r\u00e9unir les conditions n\u00e9cessaires pour que nos jeunes puissent envisager de former une association. <a href=\"https:\/\/fundacioncarf.org\/familia-cristiana-amoris-laetitia\/\" target=\"_blank\" data-type=\"post\" data-id=\"129676\" rel=\"noreferrer noopener\">famille<\/a> ouvert \u00e0 la vie et, d'autre part, pour qu'aucune femme n'ait \u00e0 recourir \u00e0 l'avortement parce qu'elle se sent seule ou sans ressources.<\/p>\n\n\n\n<figure class=\"wp-block-image size-full is-resized\"><img decoding=\"async\" width=\"702\" height=\"526\" src=\"https:\/\/fundacioncarf.org\/wp-content\/uploads\/2026\/03\/cartel-jornada-vida-2026-702x526-1.jpg\" alt=\"anunciaci\u00f3n 25 de marzo jornada por la vida sacerdotes\" class=\"wp-image-228895\" style=\"aspect-ratio:1.3346107001752665;width:790px;height:auto\" srcset=\"https:\/\/fundacioncarf.org\/wp-content\/uploads\/2026\/03\/cartel-jornada-vida-2026-702x526-1.jpg 702w, https:\/\/fundacioncarf.org\/wp-content\/uploads\/2026\/03\/cartel-jornada-vida-2026-702x526-1-300x225.jpg 300w, https:\/\/fundacioncarf.org\/wp-content\/uploads\/2026\/03\/cartel-jornada-vida-2026-702x526-1-150x112.jpg 150w, https:\/\/fundacioncarf.org\/wp-content\/uploads\/2026\/03\/cartel-jornada-vida-2026-702x526-1-16x12.jpg 16w\" sizes=\"(max-width: 702px) 100vw, 702px\" \/><\/figure>\n\n\n\n<h4 class=\"wp-block-heading\" id=\"el-compromiso-de-los-sacerdotes-y-seminaristas\">L'engagement des pr\u00eatres et des s\u00e9minaristes<\/h4>\n\n\n\n<p>Pour les <a href=\"https:\/\/fundacioncarf.org\/congregaciones-catolicas-apoyadas-fundacion-carf\/\" target=\"_blank\" data-type=\"post\" data-id=\"190197\" rel=\"noreferrer noopener\">pr\u00eatres<\/a> dioc\u00e9sains et pour les futurs pasteurs soutenus par les <a href=\"https:\/\/fundacioncarf.org\/conoce-fundacion-carf\/\" target=\"_blank\" data-type=\"page\" data-id=\"167416\" rel=\"noreferrer noopener\">Fondation CARF<\/a>, Cette f\u00eate rev\u00eat une signification particuli\u00e8re. D\u00e9fendre la vie fait partie de leur mission, t\u00e9moigner de l'\u00c9vangile dans une soci\u00e9t\u00e9 qui relativise souvent la valeur de l'existence humaine.<\/p>\n\n\n\n<p>L'engagement des pr\u00eatres et des s\u00e9minaristes ne se fonde pas seulement sur la d\u00e9fense de la vie d\u00e8s la conception, mais aussi sur leur travail pastoral d'accompagnement des personnes \u00e0 chaque \u00e9tape de leur vie. <\/p>\n\n\n\n<p>Votre <a href=\"https:\/\/fundacioncarf.org\/formacion-sacerdotal-seminarista-vocacion\/\" target=\"_blank\" data-type=\"post\" data-id=\"215528\" rel=\"noreferrer noopener\">formation<\/a> les pr\u00e9pare, sur le plan th\u00e9ologique et spirituel, \u00e0 \u00eatre <a href=\"https:\/\/fundacioncarf.org\/testigos-video-documental-carf-sacerdotes\/\" target=\"_blank\" data-type=\"page\" data-id=\"217496\" rel=\"noreferrer noopener\">guides dans la foi<\/a> et des guides dans les moments difficiles. Inspir\u00e9s par le oui de Marie, ils sont appel\u00e9s \u00e0 \u00eatre des h\u00e9rauts de l'espoir, en promouvant une culture de la vie et de l'amour chr\u00e9tien.<\/p>\n\n\n\n<p>En outre, ce jour f\u00e9ri\u00e9 vous invite \u00e0 approfondir votre <a href=\"https:\/\/fundacioncarf.org\/donar\/que-ninguna-vocacion-se-pierda\/\" target=\"_blank\" data-type=\"page\" data-id=\"179904\" rel=\"noreferrer noopener\">vocation<\/a>, r\u00e9affirmant son engagement en faveur de l'\u00e9vang\u00e9lisation et de l'enseignement de la doctrine chr\u00e9tienne.<\/p>\n\n\n\n<p>\u00c0 une \u00e9poque o\u00f9 la dignit\u00e9 humaine est confront\u00e9e \u00e0 de multiples d\u00e9fis, leur t\u00e9moignage est particuli\u00e8rement pertinent. L'Annonciation leur rappelle leur mission : \u00eatre la pr\u00e9sence vivante du Christ dans le monde, en transmettant le message du salut en paroles et en actes.<\/p>\n\n\n\n<figure class=\"wp-block-image size-full is-resized\"><img decoding=\"async\" width=\"720\" height=\"400\" src=\"https:\/\/fundacioncarf.org\/wp-content\/uploads\/2022\/08\/intercesion-de-la-virgen-maria.png\" alt=\"anunciaci\u00f3n 25 de marzo jornada por la vida sacerdotes\" class=\"wp-image-168840\" style=\"width:788px;height:auto\" srcset=\"https:\/\/fundacioncarf.org\/wp-content\/uploads\/2022\/08\/intercesion-de-la-virgen-maria.png 720w, https:\/\/fundacioncarf.org\/wp-content\/uploads\/2022\/08\/intercesion-de-la-virgen-maria-600x333.png 600w, https:\/\/fundacioncarf.org\/wp-content\/uploads\/2022\/08\/intercesion-de-la-virgen-maria-300x167.png 300w\" sizes=\"(max-width: 720px) 100vw, 720px\" \/><\/figure>\n\n\n\n<h5 class=\"wp-block-heading\" id=\"vivir-el-si-de-maria-un-compromiso-para-todo-cristiano\">Vivre le oui de Marie : un engagement pour tous les chr\u00e9tiens<\/h5>\n\n\n\n<p>Le site <a href=\"https:\/\/fundacioncarf.org\/fiesta-de-la-sagrada-familia-cuna-del-amor\/\" target=\"_blank\" data-type=\"post\" data-id=\"167809\" rel=\"noreferrer noopener\">parti<\/a> de l'Annonciation ne nous invite pas seulement \u00e0 m\u00e9diter sur le oui de l'Annonciation. <a href=\"https:\/\/fundacioncarf.org\/novena-a-la-virgen-maria\/\" target=\"_blank\" data-type=\"post\" data-id=\"167789\" rel=\"noreferrer noopener\">Maria<\/a>, Nous renouvelons \u00e9galement notre engagement envers Dieu avec confiance et joie.<\/p>\n\n\n\n<p>Marie, par son acceptation humble et courageuse, nous enseigne que chaque chr\u00e9tien, quel que soit son \u00e9tat de vie, est appel\u00e9 \u00e0 donner son propre oui \u00e0 Dieu dans la quotidiennet\u00e9 de la vie de tous les jours. <\/p>\n\n\n\n<p>Pour les s\u00e9minaristes et <a href=\"https:\/\/fundacioncarf.org\/fiesta-jesucristo-sumo-y-eterno-sacerdote\/\" target=\"_blank\" data-type=\"post\" data-id=\"216459\" rel=\"noreferrer noopener\">pr\u00eatres<\/a> La journ\u00e9e des dioc\u00e9sains est une journ\u00e9e de r\u00e9flexion sp\u00e9ciale sur leur vocation et sur leur engagement \u00e0 \u00eatre des d\u00e9fenseurs de la vie et de la foi.<\/p>\n\n\n\n<p>Cependant, cet appel ne leur est pas exclusif. Chaque fid\u00e8le, \u00e0 partir de sa propre r\u00e9alit\u00e9, peut rendre pr\u00e9sent \u00e0 l'esprit de l'\u00c9glise le message du Christ. <a href=\"https:\/\/fundacioncarf.org\/cristo-rey-del-universo-solemnidad-de-noviembre\/\" target=\"_blank\" data-type=\"post\" data-id=\"226155\" rel=\"noreferrer noopener\">Christ<\/a> dans le monde par leurs actes de charit\u00e9, leur t\u00e9moignage chr\u00e9tien et leur confiance en la providence de Dieu.<\/p>\n\n\n\n<p>L'Annonciation nous rappelle que chacun d'entre nous, en tant que partie de la <a href=\"https:\/\/fundacioncarf.org\/dios-cumpliendo-su-sueno-xiaolong-wang-felipe\/\" target=\"_blank\" data-type=\"post\" data-id=\"194573\" rel=\"noreferrer noopener\">le peuple de Dieu<\/a>, peut \u00eatre un instrument entre ses mains, apportant l'espoir, l'amour et la foi \u00e0 ceux qui nous entourent.<\/p>\n\n\n\n<figure class=\"wp-block-embed is-type-video is-provider-youtube wp-block-embed-youtube wp-embed-aspect-16-9 wp-has-aspect-ratio\"><div class=\"wp-block-embed__wrapper\">\n<iframe loading=\"lazy\" title=\"Nazareth : L&#039;Annonciation\" width=\"500\" height=\"281\" src=\"https:\/\/www.youtube.com\/embed\/m7sN1OPXJnY?feature=oembed\" frameborder=\"0\" allow=\"accelerometer; autoplay; clipboard-write; encrypted-media; gyroscope; picture-in-picture; web-share\" referrerpolicy=\"strict-origin-when-cross-origin\" allowfullscreen><\/iframe>\n<\/div><\/figure>\n\n\n\n<hr class=\"wp-block-separator has-alpha-channel-opacity\"\/>\n\n\n\n<div class=\"wp-block-rank-math-toc-block\" id=\"rank-math-toc\"><p><strong>Table des mati\u00e8res<\/strong><\/p><nav><ul><li class=\"\"><a href=\"#el-significado-de-la-anunciacion-y-de-la-encarnacion-del-verbo\">Le sens de l'Annonciation et de l'Incarnation du Verbe<\/a><ul><li class=\"\"><a href=\"#maria-modelo-de-vocacion-y-entrega\">Marie, mod\u00e8le de vocation et de d\u00e9vouement<\/a><\/li><\/ul><\/li><\/ul><\/nav><\/div>","protected":false},"excerpt":{"rendered":"<p>\u00c0 l'Annonciation du Seigneur, le oui de Notre M\u00e8re, la Vierge Marie, est le moment culminant de l'abandon et de l'acceptation de la mission de salut, qui a une signification particuli\u00e8re pour la vie et la vocation du pr\u00eatre.<\/p>","protected":false},"author":4,"featured_media":214587,"comment_status":"closed","ping_status":"closed","sticky":false,"template":"","format":"standard","meta":{"_acf_changed":false,"give_campaign_id":0,"footnotes":""},"categories":[13],"tags":[255,256],"class_list":["post-214586","post","type-post","status-publish","format-standard","has-post-thumbnail","hentry","category-blog","tag-anunciacion-del-senor","tag-blog-de-religion"],"acf":[],"_links":{"self":[{"href":"https:\/\/fundacioncarf.org\/fr\/wp-json\/wp\/v2\/posts\/214586","targetHints":{"allow":["GET"]}}],"collection":[{"href":"https:\/\/fundacioncarf.org\/fr\/wp-json\/wp\/v2\/posts"}],"about":[{"href":"https:\/\/fundacioncarf.org\/fr\/wp-json\/wp\/v2\/types\/post"}],"author":[{"embeddable":true,"href":"https:\/\/fundacioncarf.org\/fr\/wp-json\/wp\/v2\/users\/4"}],"replies":[{"embeddable":true,"href":"https:\/\/fundacioncarf.org\/fr\/wp-json\/wp\/v2\/comments?post=214586"}],"version-history":[{"count":11,"href":"https:\/\/fundacioncarf.org\/fr\/wp-json\/wp\/v2\/posts\/214586\/revisions"}],"predecessor-version":[{"id":228907,"href":"https:\/\/fundacioncarf.org\/fr\/wp-json\/wp\/v2\/posts\/214586\/revisions\/228907"}],"wp:featuredmedia":[{"embeddable":true,"href":"https:\/\/fundacioncarf.org\/fr\/wp-json\/wp\/v2\/media\/214587"}],"wp:attachment":[{"href":"https:\/\/fundacioncarf.org\/fr\/wp-json\/wp\/v2\/media?parent=214586"}],"wp:term":[{"taxonomy":"category","embeddable":true,"href":"https:\/\/fundacioncarf.org\/fr\/wp-json\/wp\/v2\/categories?post=214586"},{"taxonomy":"post_tag","embeddable":true,"href":"https:\/\/fundacioncarf.org\/fr\/wp-json\/wp\/v2\/tags?post=214586"}],"curies":[{"name":"wp","href":"https:\/\/api.w.org\/{rel}","templated":true}]}}