{"id":201215,"date":"2024-12-21T06:00:00","date_gmt":"2024-12-21T05:00:00","guid":{"rendered":"https:\/\/staging.fundacioncarf.org\/?p=201215"},"modified":"2025-11-27T16:48:31","modified_gmt":"2025-11-27T15:48:31","slug":"navidad-en-paises-devastados-por-guerra-y-paz","status":"publish","type":"post","link":"https:\/\/fundacioncarf.org\/fr\/navidad-en-paises-devastados-por-guerra-y-paz\/","title":{"rendered":"No\u00ebl dans 4 pays d\u00e9chir\u00e9s par la guerre"},"content":{"rendered":"<p>No\u00ebl est une p\u00e9riode d'amour, de renouveau et de paix. Cependant, pour des millions de personnes vivant dans des pays d\u00e9vast\u00e9s par la guerre et les conflits arm\u00e9s, c'est un d\u00e9fi suppl\u00e9mentaire que de croire en la paix.<\/p>\n\n\n\n<p>Dans des pays comme l'Ukraine, Isra\u00ebl, le Liban ou le Nigeria, les traditions de No\u00ebl coexistent avec la douleur, l'incertitude et la recherche de r\u00e9confort. Le travail des pr\u00eatres dioc\u00e9sains ou missionnaires devient crucial dans ces contextes, offrant une lumi\u00e8re d'espoir.<\/p>\n\n\n\n<p>La Fondation CARF soutient la formation int\u00e9grale de ces pr\u00eatres, en leur fournissant les ressources n\u00e9cessaires pour servir \u00e0 l'avenir, m\u00eame dans les conditions les plus d\u00e9favorables.<\/p>\n\n\n\n<figure class=\"wp-block-image size-large\"><img decoding=\"async\" src=\"https:\/\/cloudfront-eu-central-1.images.arcpublishing.com\/prisa\/LXXSNLDL4YESVC7HDTFMVCQX5Y.jpg\" alt=\"\"\/><\/figure>\n\n\n\n<h2 class=\"wp-block-heading\">No\u00ebl en Ukraine : un appel \u00e0 la foi dans le froid<\/h2>\n\n\n\n<p>En Ukraine, No\u00ebl arrive au milieu d'une guerre qui a d\u00e9plac\u00e9 des millions de personnes. Les familles, marqu\u00e9es par le conflit, se rassemblent dans des abris souterrains ou dans des \u00e9glises partiellement d\u00e9truites pour c\u00e9l\u00e9brer la naissance du Christ. En d\u00e9pit de cette situation de paix, la foi reste une source de force et d'espoir.<\/p>\n\n\n\n<p>Le site <strong>P\u00e8re Roman Ostrovskyy, vice-recteur du s\u00e9minaire gr\u00e9co-catholique de Kiev<\/strong>Il a d\u00e9clar\u00e9 avec fermet\u00e9 : \"La foi nous aide \u00e0 continuer dans les pires jours\", soulignant comment la spiritualit\u00e9 soutient les chr\u00e9tiens ukrainiens en ces temps d'adversit\u00e9 (<a href=\"https:\/\/www.vaticannews.va\/es\/iglesia\/news\/2024-06\/ucrania-sacerdotes-cansados-guerra-pisotea-nuestra-dignidad.html\" target=\"_blank\" rel=\"noopener\">Nouvelles du Vatican<\/a>).<\/p>\n\n\n\n<p>L'\u00c9glise d'Ukraine a \u00e9t\u00e9 un refuge non seulement physique, mais aussi spirituel. Dans les paroisses, les pr\u00eatres ne se contentent pas de distribuer de la nourriture et des v\u00eatements aux personnes touch\u00e9es, mais ils offrent surtout des paroles de r\u00e9confort et c\u00e9l\u00e8brent des messes qui redonnent espoir \u00e0 leurs communaut\u00e9s. Leur travail soutient non seulement les corps \u00e9puis\u00e9s, mais aussi les \u00e2mes abattues.<\/p>\n\n\n\n<figure class=\"wp-block-image size-large\"><img decoding=\"async\" src=\"https:\/\/www.humanitas.cl\/images\/revistas\/h90\/alepo-01.jpg\" alt=\"\"\/><\/figure>\n\n\n\n<h2 class=\"wp-block-heading\">Les traditions de No\u00ebl sous le feu des critiques en Isra\u00ebl et en Syrie<\/h2>\n\n\n\n<p><a href=\"https:\/\/fundacioncarf.org\/peregrinaciones-fundacion-carf\/tierra-santa-peregrina\/\" type=\"link\" id=\"https:\/\/fundacioncarf.org\/peregrinaciones\/tierra-santa-el-viaje-de-tu-vida\/\">Terre Sainte<\/a>Le berceau du christianisme est confront\u00e9 \u00e0 un No\u00ebl marqu\u00e9 par les tensions de la guerre. <strong>\u00c0 Gaza, les chr\u00e9tiens sont une minorit\u00e9 qui lutte pour maintenir ses traditions.<\/strong> Les \u00e9glises organisent des veill\u00e9es avec des ressources limit\u00e9es, et les cr\u00e8ches sont souvent fabriqu\u00e9es \u00e0 partir de mat\u00e9riaux recycl\u00e9s en raison de leur raret\u00e9.<\/p>\n\n\n\n<p>\"Malgr\u00e9 cette grande violence, nous ne devons pas oublier que le message de No\u00ebl demeure, peut-\u00eatre en ce moment plus important que jamais. Dieu se fait chair par amour et nous communique une nouvelle mani\u00e8re d'\u00eatre au monde, qui est de donner sa vie par amour, pour les autres\". (Cardinal Pizzaballa, Message de No\u00ebl 2023).<\/p>\n\n\n\n<p>En Isra\u00ebl, les p\u00e8lerins sont de moins en moins nombreux en raison des conflits. Cependant, les c\u00e9l\u00e9brations \u00e0 Bethl\u00e9em, telles que le <a href=\"https:\/\/fundacioncarf.org\/misa-del-gallo-historia-significado\/\" data-type=\"link\" data-id=\"https:\/\/fundacioncarf.org\/misa-del-gallo-historia-significado\/\">Messe de minuit<\/a>restent un symbole d'unit\u00e9 et de pers\u00e9v\u00e9rance. Former des pr\u00eatres capables de conduire ces c\u00e9l\u00e9brations dans l'adversit\u00e9 est une mission dans laquelle la Fondation CARF joue un r\u00f4le cl\u00e9. <\/p>\n\n\n\n<p>\u00c0 Gaza, les familles chr\u00e9tiennes d\u00e9corent de petits arbres et assistent \u00e0 la messe dans des \u00e9glises entour\u00e9es de soldats. Comme le disait saint Jos\u00e9maria, \"tant qu'il me restera du souffle, je ne cesserai de pr\u00eacher la n\u00e9cessit\u00e9 primordiale d'\u00eatre une \u00e2me de pri\u00e8re, toujours, en toute occasion et de toutes les mani\u00e8res\". <strong>dans les circonstances les plus disparates, car Dieu ne nous abandonne jamais.<\/strong> Il n'est pas chr\u00e9tien de consid\u00e9rer l'amiti\u00e9 divine exclusivement comme une ressource extr\u00eame\". (Amis de Dieu, 242).<\/p>\n\n\n\n<figure class=\"wp-block-image size-large\"><img decoding=\"async\" src=\"https:\/\/www.manosunidas.org\/sites\/default\/files\/imce\/noticias\/manos-unidas-nigeria-situacion-2024-violencia-proyectos-dbvtc-koko_3.jpg\" alt=\"\"\/><figcaption class=\"wp-element-caption\">Nigeria : Centre de formation professionnelle Don Bosco : Source : Manos Unidas.<\/figcaption><\/figure>\n\n\n\n<h2 class=\"wp-block-heading\">La lutte pour la paix au Nigeria<\/h2>\n\n\n\n<p>Le Nigeria, pays d\u00e9chir\u00e9 par les conflits religieux, vit toujours un No\u00ebl plein de contrastes et de r\u00e9silience. Dans le nord du pays, o\u00f9 les attaques de groupes extr\u00e9mistes tels que Boko Haram ont forc\u00e9 le d\u00e9placement de communaut\u00e9s enti\u00e8res, <strong>les \u00e9glises deviennent des forteresses de la foi<\/strong>. Malgr\u00e9 les menaces et les mesures de s\u00e9curit\u00e9 strictes, les chr\u00e9tiens assistent \u00e0 la messe avec un esprit in\u00e9branlable et maintiennent leurs traditions de No\u00ebl.<\/p>\n\n\n\n<p>Le pardon et la pri\u00e8re sont leurs armes contre la haine. Dans les zones de conflit les plus graves, les pr\u00eatres organisent des veill\u00e9es nocturnes pour que les familles se r\u00e9unissent et prient les unes pour les autres. <a href=\"https:\/\/fundacioncarf.org\/oracion-en-tiempos-inciertos\/\" data-type=\"link\" data-id=\"https:\/\/fundacioncarf.org\/oracion-en-tiempos-inciertos\/\">pri\u00e8re<\/a> dans une atmosph\u00e8re de relative s\u00e9curit\u00e9. Ces rassemblements offrent non seulement un espace de culte, mais aussi un moment de r\u00e9confort et d'espoir au milieu de l'adversit\u00e9.<\/p>\n\n\n\n<p>Au Nigeria, No\u00ebl n'est pas seulement une p\u00e9riode de c\u00e9l\u00e9bration, mais aussi une p\u00e9riode de r\u00e9affirmation de la foi et de l'unit\u00e9 dans une soci\u00e9t\u00e9 profond\u00e9ment bless\u00e9e par la guerre. Les communaut\u00e9s chr\u00e9tiennes d\u00e9montrent que <strong>la lumi\u00e8re de la naissance du Christ peut briller m\u00eame dans les endroits les plus sombres<\/strong>apporter r\u00e9confort et force \u00e0 ceux qui ont le plus besoin de paix.<\/p>\n\n\n\n<figure class=\"wp-block-image size-large\"><img decoding=\"async\" width=\"1024\" height=\"683\" src=\"https:\/\/fundacioncarf.org\/wp-content\/uploads\/2024\/12\/chico-joven-edificio-ruinas-esperanza-1024x683.jpg\" alt=\"\" class=\"wp-image-201217\" srcset=\"https:\/\/fundacioncarf.org\/wp-content\/uploads\/2024\/12\/chico-joven-edificio-ruinas-esperanza-1024x683.jpg 1024w, https:\/\/fundacioncarf.org\/wp-content\/uploads\/2024\/12\/chico-joven-edificio-ruinas-esperanza-300x200.jpg 300w, https:\/\/fundacioncarf.org\/wp-content\/uploads\/2024\/12\/chico-joven-edificio-ruinas-esperanza-150x100.jpg 150w, https:\/\/fundacioncarf.org\/wp-content\/uploads\/2024\/12\/chico-joven-edificio-ruinas-esperanza-768x512.jpg 768w, https:\/\/fundacioncarf.org\/wp-content\/uploads\/2024\/12\/chico-joven-edificio-ruinas-esperanza-18x12.jpg 18w, https:\/\/fundacioncarf.org\/wp-content\/uploads\/2024\/12\/chico-joven-edificio-ruinas-esperanza.jpg 1200w\" sizes=\"(max-width: 1024px) 100vw, 1024px\" \/><figcaption class=\"wp-element-caption\">Photographi\u00e9 par <a href=\"https:\/\/unsplash.com\/es\/@khalidkwaik?utm_content=creditCopyText&amp;utm_medium=referral&amp;utm_source=unsplash\" target=\"_blank\" rel=\"noopener\">khalid kwaik<\/a> \u00e0 <a href=\"https:\/\/unsplash.com\/es\/fotos\/un-hombre-de-pie-frente-a-un-monton-de-escombros-t7RtOKho3u8?utm_content=creditCopyText&amp;utm_medium=referral&amp;utm_source=unsplash\" target=\"_blank\" rel=\"noopener\">Unsplash<\/a>.<\/figcaption><\/figure>\n\n\n\n<h2 class=\"wp-block-heading\">No\u00ebl au Liban : l'espoir au milieu des d\u00e9combres<\/h2>\n\n\n\n<p>Le Liban, pays profond\u00e9ment touch\u00e9 par la crise \u00e9conomique et les cons\u00e9quences d'explosions tragiques, c\u00e9l\u00e8bre No\u00ebl avec humilit\u00e9 et patience. De nombreuses familles d\u00e9corent des arbres de fortune avec des mat\u00e9riaux recycl\u00e9s et pr\u00e9parent des d\u00eeners avec le peu dont elles disposent, d\u00e9montrant ainsi que le v\u00e9ritable esprit de No\u00ebl transcende l'adversit\u00e9 mat\u00e9rielle.<\/p>\n\n\n\n<p>\u00c0 Beyrouth, les \u00e9glises jouent un r\u00f4le crucial en organisant des concerts, des veill\u00e9es et des activit\u00e9s communautaires qui rappellent le sens profond de cette p\u00e9riode. \"Au milieu de la souffrance, No\u00ebl nous invite \u00e0 \u00eatre une lumi\u00e8re pour les autres\", a d\u00e9clar\u00e9 le pape Fran\u00e7ois dans son message du 25 d\u00e9cembre 2020 dans la basilique Saint-Pierre, faisant r\u00e9f\u00e9rence \u00e0 l'appel \u00e0 ouvrir nos c\u0153urs \u00e0 ceux qui sont le plus dans le besoin.<\/p>\n\n\n\n<p>Les pr\u00eatres dioc\u00e9sains du Liban en sont les t\u00e9moins actifs <a href=\"https:\/\/fundacioncarf.org\/discurso-papa-francisco-la-valentia-esperanza\/\" data-type=\"link\" data-id=\"https:\/\/fundacioncarf.org\/discurso-papa-francisco-la-valentia-esperanza\/\">espoir<\/a>. Par leurs actions quotidiennes, ils offrent un soutien spirituel et mat\u00e9riel, apportant un message de r\u00e9confort et de foi aux communaut\u00e9s confront\u00e9es \u00e0 l'incertitude et au besoin. Leur travail renforce l'importance de voir le Christ dans les autres.<\/p>\n\n\n\n<figure class=\"wp-block-image size-large\"><img decoding=\"async\" width=\"1024\" height=\"683\" src=\"https:\/\/fundacioncarf.org\/wp-content\/uploads\/2024\/11\/orar-por-los-sacerdotes-1024x683.jpg\" alt=\"C\u00f3mo y qu\u00e9 orar por los sacerdotes\" class=\"wp-image-200185\" srcset=\"https:\/\/fundacioncarf.org\/wp-content\/uploads\/2024\/11\/orar-por-los-sacerdotes-1024x683.jpg 1024w, https:\/\/fundacioncarf.org\/wp-content\/uploads\/2024\/11\/orar-por-los-sacerdotes-300x200.jpg 300w, https:\/\/fundacioncarf.org\/wp-content\/uploads\/2024\/11\/orar-por-los-sacerdotes-150x100.jpg 150w, https:\/\/fundacioncarf.org\/wp-content\/uploads\/2024\/11\/orar-por-los-sacerdotes-768x512.jpg 768w, https:\/\/fundacioncarf.org\/wp-content\/uploads\/2024\/11\/orar-por-los-sacerdotes-18x12.jpg 18w, https:\/\/fundacioncarf.org\/wp-content\/uploads\/2024\/11\/orar-por-los-sacerdotes.jpg 1200w\" sizes=\"(max-width: 1024px) 100vw, 1024px\" \/><\/figure>\n\n\n\n<h3 class=\"wp-block-heading\">Le r\u00f4le int\u00e9grateur de la Fondation CARF<\/h3>\n\n\n\n<p>Dans de tels contextes, le r\u00f4le des pr\u00eatres est crucial. Ils ne se contentent pas de pr\u00e9sider les c\u00e9l\u00e9brations liturgiques, ils apportent \u00e9galement un soutien \u00e9motionnel et spirituel. <strong>La Fondation CARF a pour mission la formation int\u00e9grale des s\u00e9minaristes et des pr\u00eatres dioc\u00e9sains.<\/strong>en veillant \u00e0 ce qu'ils soient pr\u00eats \u00e0 servir dans les conditions les plus d\u00e9favorables.<\/p>\n\n\n\n<p>Chaque don \u00e0 la Fondation CARF contribue directement aux co\u00fbts de cette formation compl\u00e8te des pr\u00eatres dioc\u00e9sains pauvres dans le monde entier. Gr\u00e2ce \u00e0 ce travail, il est possible d'apporter le message de paix et d'espoir de J\u00e9sus, m\u00eame dans les r\u00e9gions les plus d\u00e9chir\u00e9es par la guerre.<\/p>\n\n\n\n<h3 class=\"wp-block-heading\">Comment pouvons-nous aider les pays en guerre ?<\/h3>\n\n\n\n<ul class=\"wp-block-list\">\n<li>En faisant une <a href=\"https:\/\/fundacioncarf.org\/donar\/\" data-type=\"link\" data-id=\"https:\/\/fundacioncarf.org\/donar\/\">don<\/a>Votre contribution permet \u00e0 davantage de pr\u00eatres d'\u00eatre form\u00e9s et d'apporter un r\u00e9confort spirituel l\u00e0 o\u00f9 il y a des conflits.<\/li>\n\n\n\n<li>Partagez ce message : aidez \u00e0 faire conna\u00eetre le travail de la Fondation CARF \u00e0 un plus grand nombre de personnes.<\/li>\n\n\n\n<li>Priez pour eux : votre pri\u00e8re est un soutien irrempla\u00e7able pour ceux qui vivent au milieu des conflits.<\/li>\n<\/ul>\n\n\n\n<p>No\u00ebl, m\u00eame dans les r\u00e9gions les plus d\u00e9chir\u00e9es par la guerre, reste une lueur d'espoir. Dans les pays d\u00e9chir\u00e9s par la guerre, les communaut\u00e9s chr\u00e9tiennes trouvent du r\u00e9confort dans leur foi, sous la conduite de pr\u00eatres engag\u00e9s qui font face \u00e0 des d\u00e9fis inimaginables. <\/p>\n\n\n\n<p>La Fondation CARF vous invite \u00e0 participer \u00e0 cette mission en aidant \u00e0 former ceux qui apportent la paix du Christ au monde. Votre soutien peut faire la diff\u00e9rence. La joie de l'homme est de donner, pas de recevoir, et c'est l'esprit de No\u00ebl, un esprit qui nous permet de partager avec ceux qui en ont le plus besoin.<\/p>","protected":false},"excerpt":{"rendered":"<p>No\u00ebl et la guerre s'opposent. Face \u00e0 l'espoir et \u00e0 l'amour, nous pleurons et souffrons lorsque nous voyons des pays d\u00e9vast\u00e9s par l'horreur de l'absence de paix.<\/p>","protected":false},"author":719,"featured_media":201217,"comment_status":"closed","ping_status":"closed","sticky":false,"template":"","format":"standard","meta":{"_acf_changed":false,"give_campaign_id":0,"footnotes":""},"categories":[13],"tags":[218,221,220,219,223,222],"class_list":["post-201215","post","type-post","status-publish","format-standard","has-post-thumbnail","hentry","category-blog","tag-navidad","tag-nigeria","tag-paises-en-guerra","tag-paz","tag-siria","tag-ucrania"],"acf":[],"_links":{"self":[{"href":"https:\/\/fundacioncarf.org\/fr\/wp-json\/wp\/v2\/posts\/201215","targetHints":{"allow":["GET"]}}],"collection":[{"href":"https:\/\/fundacioncarf.org\/fr\/wp-json\/wp\/v2\/posts"}],"about":[{"href":"https:\/\/fundacioncarf.org\/fr\/wp-json\/wp\/v2\/types\/post"}],"author":[{"embeddable":true,"href":"https:\/\/fundacioncarf.org\/fr\/wp-json\/wp\/v2\/users\/719"}],"replies":[{"embeddable":true,"href":"https:\/\/fundacioncarf.org\/fr\/wp-json\/wp\/v2\/comments?post=201215"}],"version-history":[{"count":11,"href":"https:\/\/fundacioncarf.org\/fr\/wp-json\/wp\/v2\/posts\/201215\/revisions"}],"predecessor-version":[{"id":226838,"href":"https:\/\/fundacioncarf.org\/fr\/wp-json\/wp\/v2\/posts\/201215\/revisions\/226838"}],"wp:featuredmedia":[{"embeddable":true,"href":"https:\/\/fundacioncarf.org\/fr\/wp-json\/wp\/v2\/media\/201217"}],"wp:attachment":[{"href":"https:\/\/fundacioncarf.org\/fr\/wp-json\/wp\/v2\/media?parent=201215"}],"wp:term":[{"taxonomy":"category","embeddable":true,"href":"https:\/\/fundacioncarf.org\/fr\/wp-json\/wp\/v2\/categories?post=201215"},{"taxonomy":"post_tag","embeddable":true,"href":"https:\/\/fundacioncarf.org\/fr\/wp-json\/wp\/v2\/tags?post=201215"}],"curies":[{"name":"wp","href":"https:\/\/api.w.org\/{rel}","templated":true}]}}