{"id":200984,"date":"2024-12-12T03:00:00","date_gmt":"2024-12-12T02:00:00","guid":{"rendered":"https:\/\/staging.fundacioncarf.org\/?p=200984"},"modified":"2025-12-04T17:01:31","modified_gmt":"2025-12-04T16:01:31","slug":"virgen-de-guadalupe-y-los-misterios-de-su-tilma","status":"publish","type":"post","link":"https:\/\/fundacioncarf.org\/fr\/virgen-de-guadalupe-y-los-misterios-de-su-tilma\/","title":{"rendered":"Notre Dame de Guadalupe et saint Jos\u00e9maria : l'amour filial"},"content":{"rendered":"<p>Le site <strong>Vierge de Guadalupe<\/strong> est l'un des plus grands tr\u00e9sors de notre foi catholique en Am\u00e9rique hispanique. Sa figure transcende le temps comme un symbole de r\u00e9confort, d'espoir et d'union culturelle. Son image, miraculeusement imprim\u00e9e sur la tilma de saint Juan Diego en 1531, rec\u00e8le des myst\u00e8res qui continuent de fasciner les fid\u00e8les et les scientifiques.<\/p>\n\n\n\n<figure class=\"wp-block-image size-large\"><img decoding=\"async\" width=\"1024\" height=\"538\" src=\"https:\/\/fundacioncarf.org\/wp-content\/uploads\/2024\/12\/juan-diego-tilma-virgen-de-guadalupe-1024x538.jpg\" alt=\"virgen-de-guadalupe-san-josemar\u00eda-tilma\" class=\"wp-image-200995\" srcset=\"https:\/\/fundacioncarf.org\/wp-content\/uploads\/2024\/12\/juan-diego-tilma-virgen-de-guadalupe-1024x538.jpg 1024w, https:\/\/fundacioncarf.org\/wp-content\/uploads\/2024\/12\/juan-diego-tilma-virgen-de-guadalupe-300x158.jpg 300w, https:\/\/fundacioncarf.org\/wp-content\/uploads\/2024\/12\/juan-diego-tilma-virgen-de-guadalupe-150x79.jpg 150w, https:\/\/fundacioncarf.org\/wp-content\/uploads\/2024\/12\/juan-diego-tilma-virgen-de-guadalupe-768x403.jpg 768w, https:\/\/fundacioncarf.org\/wp-content\/uploads\/2024\/12\/juan-diego-tilma-virgen-de-guadalupe-18x9.jpg 18w, https:\/\/fundacioncarf.org\/wp-content\/uploads\/2024\/12\/juan-diego-tilma-virgen-de-guadalupe.jpg 1200w\" sizes=\"(max-width: 1024px) 100vw, 1024px\" \/><\/figure>\n\n\n\n<p>Cependant, avant de d\u00e9couvrir les myst\u00e8res que renferme la <strong>tilma de Juan Diego<\/strong>, nous revenons au XXe si\u00e8cle pour nous rappeler qu'en mai 1970, <a href=\"https:\/\/opusdei.org\/es\/article\/virgen-guadalupe-josemaria-escriva-mexico\/\" data-type=\"link\" data-id=\"https:\/\/opusdei.org\/es\/article\/virgen-guadalupe-josemaria-escriva-mexico\/\" target=\"_blank\" rel=\"noreferrer noopener\">saint Jos\u00e9maria Escriva s'est rendu au Mexique<\/a> avec un d\u00e9sir fervent : <strong>priant devant la Vierge de Guadalupe dans l'ancienne basilique.<\/strong><\/p>\n\n\n\n<p>\u00ab Je suis venue voir la Vierge de Guadalupe, et par la m\u00eame occasion, vous rendre visite \u00bb, a-t-elle annonc\u00e9 \u00e0 ses enfants lors des premi\u00e8res salutations. La profonde d\u00e9votion de <a href=\"https:\/\/fundacioncarf.org\/san-josemaria-escriva-fiesta-liturgica\/\" data-type=\"link\" data-id=\"https:\/\/fundacioncarf.org\/san-josemaria-escriva-fiesta-liturgica\/\">Saint Jos\u00e9maria<\/a> Cela l'amenait \u00e0 passer des heures en pri\u00e8re devant \" la Morenita del Tepeyac \", \u00e0 qui il adressait des paroles pleines d'amour :<\/p>\n\n\n\n<blockquote class=\"wp-block-quote is-layout-flow wp-block-quote-is-layout-flow\">\n<p><em><strong>\"Je vous offre un avenir d'amour, avec beaucoup d'\u00e2mes.... Des vagues d'\u00e2mes, dans le monde entier et \u00e0 toutes les \u00e9poques, d\u00e9termin\u00e9es \u00e0 se donner \u00e0 votre Fils et au service des autres\".<\/strong><\/em><\/p>\n<\/blockquote>\n\n\n\n<h2 class=\"wp-block-heading\" id=\"san-josemaria-y-la-virgen-de-guadalupe-un-anhelo-filial\">Saint Jos\u00e9maria et Notre-Dame de Guadalupe : un d\u00e9sir filial<\/h2>\n\n\n\n<p>Au cours de sa visite, il a pri\u00e9 pour l'\u00c9glise, le pape et l'Opus Dei avec une grande et filiale confiance. Lors d'une conversation avec le cardinal Miguel Dar\u00edo Miranda, il avait m\u00eame exprim\u00e9 avec humour son souhait : \" quand je serai devant elle, on ne me sortira m\u00eame pas du sanctuaire avec une grue \". <\/p>\n\n\n\n<p>Rappelant les circonstances de cet \u00e9lan d'affection filiale pour la Vierge, Mgr. <a href=\"https:\/\/opusdei.org\/es\/article\/biografia-y-fotos-de-mons-javier-echevarria\/\" target=\"_blank\" rel=\"noopener\">Javier Echevarr\u00eda<\/a> -Le pr\u00eatre qui l'accompagnait dans ce voyage \u00e9crivait vingt-cinq ans plus tard : \" J'ose dire - je l'ai entendu le dire \u00e0 plusieurs reprises - que la Sainte Vierge l'a forc\u00e9 \u00e0 entreprendre ce p\u00e8lerinage p\u00e9nitentiel, parce qu'elle voulait qu'il demande son intercession l\u00e0, aux pieds de cette image brune, en faveur du monde, de l'\u00c9glise, et de cette petite partie de l'\u00c9glise, qu'est l'Opus Dei \".<\/p>\n\n\n\n<p>Escriv\u00e1 de Balaguer avait une profonde affection pour la Guadalupana, qui se refl\u00e9tait jusque dans les d\u00e9tails de sa vie quotidienne. Dans son bureau de <a href=\"https:\/\/fundacioncarf.org\/peregrinaciones-roma-tierra-santa-fundacion-carf\/peregrina-carf-roma\/\" type=\"link\" id=\"https:\/\/fundacioncarf.org\/peregrinaciones\/peregrina-con-carf-descubre-roma\/\">Roma<\/a> Il avait toujours une photo d'elle, t\u00e9moin de ses innombrables pri\u00e8res.<\/p>\n\n\n\n<figure class=\"wp-block-embed is-type-video is-provider-youtube wp-block-embed-youtube wp-embed-aspect-4-3 wp-has-aspect-ratio\"><div class=\"wp-block-embed__wrapper\">\n<iframe loading=\"lazy\" title=\"Saint Jos\u00e9maria, fondateur de l&#039;Opus Dei et amoureux de la Vierge Marie\" width=\"500\" height=\"375\" src=\"https:\/\/www.youtube.com\/embed\/MdvlTYpbMvE?feature=oembed\" frameborder=\"0\" allow=\"accelerometer; autoplay; clipboard-write; encrypted-media; gyroscope; picture-in-picture; web-share\" referrerpolicy=\"strict-origin-when-cross-origin\" allowfullscreen><\/iframe>\n<\/div><\/figure>\n\n\n\n<p>L'impact de sa d\u00e9votion \u00e0 la Vierge de Guadalupe s'est \u00e9galement refl\u00e9t\u00e9 dans les rencontres qu'il a eues avec des milliers de personnes pendant son s\u00e9jour au Mexique. Dans ses cat\u00e9ch\u00e8ses, il transmettait son amour pour la Sainte Vierge et encourageait tous ses fils et filles et les fid\u00e8les \u00e0 s'approcher d'elle avec confiance et g\u00e9n\u00e9rosit\u00e9. Cet enseignement continue d'inspirer les membres de l'Opus Dei et tous ceux qui cherchent \u00e0 suivre le chemin de la saintet\u00e9 dans la vie quotidienne. <a href=\"https:\/\/fundacioncarf.org\/ateismo-practico-inesperada-vocacion-sacerdote\/\" data-type=\"link\" data-id=\"https:\/\/fundacioncarf.org\/ateismo-practico-inesperada-vocacion-sacerdote\/\">vie quotidienne<\/a>.<\/p>\n\n\n\n<p>Saint Jos\u00e9maria n'a pas encourag\u00e9 une d\u00e9votion mariale exclusive, mais il a reconnu en Notre-Dame de Guadalupe un mod\u00e8le particulier de tendresse et de proximit\u00e9 divine. <strong>Il l'a appel\u00e9 le si\u00e8ge de la sagesse et de l'esp\u00e9rance.<\/strong>Nous l'invoquons avec confiance pour demander son intercession en faveur de tous les enfants de Dieu.<\/p>\n\n\n\n<p>La relation de saint Jos\u00e9maria avec Notre-Dame de Guadalupe continue d'\u00eatre une source d'inspiration. Sa confiance filiale et son amour pour la M\u00e8re de Dieu nous rappellent que Marie est toujours pr\u00eate \u00e0 recevoir nos demandes et \u00e0 nous accompagner sur notre chemin vers le Christ. <\/p>\n\n\n\n<p>Aujourd'hui, son exemple nous encourage \u00e0 prier avec foi et \u00e0 faire pleinement confiance \u00e0 la protection maternelle de la Vierge. ? ??????? Mais entrons maintenant dans les myst\u00e8res d'une tilma miraculeuse.<\/p>\n\n\n\n<h2 class=\"wp-block-heading\" id=\"que-es-una-tilma\">Qu'est-ce qu'un tilma ?<\/h2>\n\n\n\n<p>Pour comprendre l'ampleur du miracle de Guadalupe, il est important de savoir ce qu'est une tilma. Il s'agit d'une <strong>cape utilis\u00e9e par les Indiens m\u00e9soam\u00e9ricains, fabriqu\u00e9e \u00e0 partir de fibres de maguey<\/strong>. Ce mat\u00e9riau, bien que durable pour un usage quotidien, a une dur\u00e9e de vie limit\u00e9e, ne d\u00e9passant g\u00e9n\u00e9ralement pas 20 ans.<\/p>\n\n\n\n<p>Les tilmas \u00e9taient de simples v\u00eatements, utilis\u00e9s pour s'abriter ou transporter de la nourriture. C'est dans ce contexte que commence l'histoire de la Vierge de Guadalupe, car c'est dans la tilma d'un humble indig\u00e8ne, Juan Diego, qu'a \u00e9t\u00e9 cr\u00e9\u00e9e une image qui d\u00e9fie toute explication humaine.<\/p>\n\n\n<div class=\"wp-block-image\">\n<figure class=\"aligncenter size-full\"><img decoding=\"async\" width=\"688\" height=\"851\" src=\"https:\/\/fundacioncarf.org\/wp-content\/uploads\/2024\/12\/san-josemaria-devocion-virgen-de-guadalupe.jpg\" alt=\"\" class=\"wp-image-200999\" srcset=\"https:\/\/fundacioncarf.org\/wp-content\/uploads\/2024\/12\/san-josemaria-devocion-virgen-de-guadalupe.jpg 688w, https:\/\/fundacioncarf.org\/wp-content\/uploads\/2024\/12\/san-josemaria-devocion-virgen-de-guadalupe-243x300.jpg 243w, https:\/\/fundacioncarf.org\/wp-content\/uploads\/2024\/12\/san-josemaria-devocion-virgen-de-guadalupe-121x150.jpg 121w, https:\/\/fundacioncarf.org\/wp-content\/uploads\/2024\/12\/san-josemaria-devocion-virgen-de-guadalupe-10x12.jpg 10w\" sizes=\"(max-width: 688px) 100vw, 688px\" \/><\/figure>\n<\/div>\n\n\n<h3 class=\"wp-block-heading\" id=\"la-historia-de-la-virgen-de-guadalupe\">L'histoire de la Vierge de Guadalupe<\/h3>\n\n\n\n<p>En d\u00e9cembre 1531, dix ans \u00e0 peine apr\u00e8s la conqu\u00eate du Mexique, un indig\u00e8ne converti au christianisme, Juan Diego, se rend \u00e0 Tepeyac pour assister \u00e0 l'inauguration de l'\u00e9glise. <a href=\"https:\/\/fundacioncarf.org\/partes-de-la-misa-catolica-explicada\/\" data-type=\"link\" data-id=\"https:\/\/fundacioncarf.org\/partes-de-la-misa-catolica-explicada\/\">Masse<\/a>. C'est sur cette colline que la Vierge Marie lui est apparue pour la premi\u00e8re fois, lui demandant d'aller voir l'\u00e9v\u00eaque Zum\u00e1rraga et de lui demander de construire un temple \u00e0 cet endroit. <\/p>\n\n\n\n<p>Comme on pouvait s'y attendre, l'\u00e9v\u00eaque demanda des preuves des apparitions. En r\u00e9ponse, lors de sa derni\u00e8re apparition, le 12 d\u00e9cembre, au sommet de la colline, o\u00f9 ne poussent que des plantes particuli\u00e8rement r\u00e9sistantes aux intemp\u00e9ries, la Vierge demande \u00e0 Juan Diego de cueillir les roses en fleurs qu'elle a trouv\u00e9es l\u00e0, en plein hiver. <\/p>\n\n\n\n<p>Juan Diego ob\u00e9it, et lorsqu'il d\u00e9plia sa tilma devant l'\u00e9v\u00eaque, non seulement les fleurs tomb\u00e8rent, mais une image de la Vierge Marie apparut dessin\u00e9e sur le tissu de maguey. Ce miracle marque le d\u00e9but de la d\u00e9votion \u00e0 la Guadalupana.<\/p>\n\n\n\n<h3 class=\"wp-block-heading\" id=\"siete-misterios-de-la-tilma\">Les sept myst\u00e8res du tilma<\/h3>\n\n\n\n<p>La tilma de Juan Diego n'est pas seulement une toile miraculeuse, c'est une \u00e9nigme qui a fait l'objet de nombreuses \u00e9tudes scientifiques. Voici quelques-uns des myst\u00e8res qui l'entourent :<\/p>\n\n\n\n<p><strong>1.<\/strong> <strong>Durabilit\u00e9 inexplicable<\/strong>Bien qu'elle soit faite de fibres de maguey, qui auraient d\u00fb se d\u00e9sint\u00e9grer il y a des si\u00e8cles, la tilma est rest\u00e9e intacte apr\u00e8s presque 500 ans. Cela d\u00e9fie les lois naturelles et a \u00e9t\u00e9 consid\u00e9r\u00e9 comme un miracle par les fid\u00e8les, et comme un fait inexplicable par la communaut\u00e9 scientifique qui a \u00e9tudi\u00e9 la toile.<\/p>\n\n\n\n<p><strong>2. L'origine inconnue des couleurs<\/strong>Les pigments de l'image ne correspondent \u00e0 aucune technique de peinture connue. Les scientifiques ont confirm\u00e9 qu'ils ne sont pas d'origine v\u00e9g\u00e9tale, animale ou min\u00e9rale, et qu'aucun coup de pinceau n'a \u00e9t\u00e9 relev\u00e9.<\/p>\n\n\n\n<p><strong>3. Reflets dans les yeux<\/strong>Les yeux de la Vierge, lorsqu'ils sont agrandis, montrent de minuscules reflets correspondant \u00e0 des figures humaines, dont Juan Diego et l'\u00e9v\u00eaque Zumarraga. <\/p>\n\n\n\n<p>Ce d\u00e9tail, d\u00e9couvert gr\u00e2ce \u00e0 la technologie moderne, est \u00e9tonnant par sa pr\u00e9cision dans l'espace restreint des corn\u00e9es. Gr\u00e2ce au processus de num\u00e9risation des images informatiques, le reflet de treize personnes dans les yeux de la Vierge Marie a \u00e9t\u00e9 d\u00e9couvert selon les lois de Purkinje-Samson.<\/p>\n\n\n\n<p>Le tr\u00e8s petit diam\u00e8tre des corn\u00e9es (7 et 8 mm) exclut la possibilit\u00e9 de peindre les figures sur leurs yeux, surtout si l'on consid\u00e8re le mat\u00e9riau brut sur lequel l'image est imprim\u00e9e.<\/p>\n\n\n\n<p><strong>4.<\/strong> <strong>\u00c9toiles sur le manteau<\/strong>Le manteau de la Vierge pr\u00e9sente un motif d'\u00e9toiles qui co\u00efncide avec les constellations visibles dans le ciel mexicain le 12 d\u00e9cembre 1531, jour de la derni\u00e8re apparition.<\/p>\n\n\n\n<p><strong>5.<\/strong> <strong>Temp\u00e9rature constante<\/strong>Le tilma maintient une temp\u00e9rature constante de 36,6 degr\u00e9s Celsius, semblable \u00e0 celle d'un corps humain vivant.<\/p>\n\n\n\n<p><strong>6. R\u00e9sistance aux dommages<\/strong>En 1921, un attentat \u00e0 la dynamite pr\u00e8s de la tilma a d\u00e9truit l'autel, mais l'image est rest\u00e9e compl\u00e8tement intacte et n'a pas \u00e9t\u00e9 endommag\u00e9e.<\/p>\n\n\n\n<p>7. <strong>Symbolique culturelle<\/strong>La Vierge combine des \u00e9l\u00e9ments indig\u00e8nes et chr\u00e9tiens. Par exemple, sa robe est orn\u00e9e de motifs floraux repr\u00e9sentant des montagnes sacr\u00e9es pour les Mexica, et sa posture indique l'humilit\u00e9 et la pri\u00e8re, caract\u00e9ristiques de l'iconographie catholique. Les traits de son visage sont indig\u00e8nes et elle parle \u00e0 Juan Diego dans son dialecte natal.<\/p>\n\n\n<div class=\"wp-block-image\">\n<figure class=\"aligncenter size-large\"><img decoding=\"async\" width=\"683\" height=\"1024\" src=\"https:\/\/fundacioncarf.org\/wp-content\/uploads\/2024\/12\/Nuestra_Senora_de_Guadalupe_anagoria-683x1024.jpg\" alt=\"Tilma Virgen de Guadalupe\" class=\"wp-image-200987\" srcset=\"https:\/\/fundacioncarf.org\/wp-content\/uploads\/2024\/12\/Nuestra_Senora_de_Guadalupe_anagoria-683x1024.jpg 683w, https:\/\/fundacioncarf.org\/wp-content\/uploads\/2024\/12\/Nuestra_Senora_de_Guadalupe_anagoria-200x300.jpg 200w, https:\/\/fundacioncarf.org\/wp-content\/uploads\/2024\/12\/Nuestra_Senora_de_Guadalupe_anagoria-100x150.jpg 100w, https:\/\/fundacioncarf.org\/wp-content\/uploads\/2024\/12\/Nuestra_Senora_de_Guadalupe_anagoria-768x1152.jpg 768w, https:\/\/fundacioncarf.org\/wp-content\/uploads\/2024\/12\/Nuestra_Senora_de_Guadalupe_anagoria-8x12.jpg 8w, https:\/\/fundacioncarf.org\/wp-content\/uploads\/2024\/12\/Nuestra_Senora_de_Guadalupe_anagoria.jpg 800w\" sizes=\"(max-width: 683px) 100vw, 683px\" \/><figcaption class=\"wp-element-caption\">Tilma Virgen de Guadalupe.<\/figcaption><\/figure>\n<\/div>\n\n\n<p>Aujourd'hui, cette tilma miraculeuse se trouve dans la basilique de Guadalupe \u00e0 Mexico, expos\u00e9e aux millions de p\u00e8lerins qui viennent la contempler chaque ann\u00e9e, en particulier lors de sa f\u00eate, le 12 d\u00e9cembre.<\/p>\n\n\n\n<h3 class=\"wp-block-heading\" id=\"la-virgen-de-guadalupe-madre-de-america\">La Vierge de Guadalupe, m\u00e8re de l'Am\u00e9rique<\/h3>\n\n\n\n<p>Dans son hom\u00e9lie du 12 d\u00e9cembre 1981, Saint Jean-Paul II a soulign\u00e9 l'importance de la Vierge de Guadalupe dans l'identit\u00e9 culturelle et religieuse du Mexique et de l'Am\u00e9rique latine, en la pr\u00e9sentant comme un symbole d'unit\u00e9 et d'\u00e9vang\u00e9lisation, mais aussi comme un terreau fertile pour l'histoire de l'humanit\u00e9. <a href=\"https:\/\/fundacioncarf.org\/vocaciones-sacerdotales-anuario-pontificio-2022\/\" data-type=\"link\" data-id=\"https:\/\/fundacioncarf.org\/vocaciones-sacerdotales-anuario-pontificio-2022\/\">vocations sacerdotales<\/a>.<\/p>\n\n\n\n<p>La Vierge de Guadalupe, en tant que patronne de l'Am\u00e9rique, continue d'encourager les jeunes \u00e0 r\u00e9pondre avec courage \u00e0 Son appel. <a href=\"https:\/\/fundacioncarf.org\/sacerdocio\/vocacion-sacerdotal\/\" data-type=\"link\" data-id=\"https:\/\/fundacioncarf.org\/sacerdocio\/vocacion-sacerdotal\/\">appel<\/a>, leur offrant sa protection maternelle et son intercession constante. Saint Juan Diego, canonis\u00e9 en 2002 et choisi comme messager de ce miracle, est un exemple d'humilit\u00e9 et de service. Sa vie simple nous rappelle que Dieu accomplit des merveilles \u00e0 travers les c\u0153urs dispos\u00e9s.<\/p>\n\n\n\n<p>Comme nous l'enseigne saint Jos\u00e9maria, <em>\"On va toujours \u00e0 J\u00e9sus et on revient par Marie. <\/em><a href=\"https:\/\/fundacioncarf.org\/inmaculado-corazon-virgen-maria-su-intercesion\/\" data-type=\"link\" data-id=\"https:\/\/fundacioncarf.org\/a-jesus-por-maria-la-intercesion-de-la-virgen\/\" target=\"_blank\" rel=\"noreferrer noopener\">La Vierge Marie interc\u00e8de pour chacun d'entre nous<\/a>. Son amour et ses conseils renforcent les pr\u00eatres dans leur mission d'\u00e9vang\u00e9lisation et de service. <a href=\"https:\/\/fundacioncarf.org\/servir-a-la-iglesia\/\" data-type=\"link\" data-id=\"https:\/\/fundacioncarf.org\/servir-a-la-iglesia\/\">servir<\/a>.<\/p>\n\n\n\n<p>Marie guide toujours ses enfants vers J\u00e9sus, et en particulier ceux qu'il appelle \u00e0 la pri\u00e8re. <a href=\"https:\/\/fundacioncarf.org\/sacerdocio\/\" data-type=\"link\" data-id=\"https:\/\/fundacioncarf.org\/sacerdocio\/\">pr\u00eatrise<\/a>. Son message d'amour et de service, qui a transform\u00e9 l'histoire en 1531, continue d'\u00eatre une source de force pour ceux qui discernent leur vocation. La Vierge invite ces jeunes \u00e0 \u00eatre un pont entre Dieu et son peuple, comme l'a \u00e9t\u00e9 saint Juan Diego.<\/p>\n\n\n\n<figure class=\"wp-block-image size-large\"><img decoding=\"async\" src=\"https:\/\/angelusenespanol.com\/wp-content\/uploads\/2024\/04\/Brennan_Intelligence-1024x585.jpg\" alt=\"\"\/><\/figure>\n\n\n\n<h3 class=\"wp-block-heading\" id=\"una-devocion-que-trasciende-los-siglos\">Une d\u00e9votion qui transcende les si\u00e8cles<\/h3>\n\n\n\n<p><strong>Chaque 12 d\u00e9cembre, jour de sa f\u00eate, des millions de p\u00e8lerins affluent \u00e0 la basilique de Guadalupe, <\/strong>est consid\u00e9r\u00e9 comme l'un des sanctuaires les plus visit\u00e9s au monde. Mais au-del\u00e0 des chiffres, la d\u00e9votion \u00e0 la Vierge de Guadalupe est un t\u00e9moignage de l'amour de Dieu. Son image n'\u00e9tait pas seulement un cadeau pour les populations indig\u00e8nes nouvellement \u00e9vang\u00e9lis\u00e9es, mais aussi un appel universel \u00e0 la foi et \u00e0 la r\u00e9conciliation.<\/p>\n\n\n\n<p>Et nous terminons par l'une des demandes de saint Jos\u00e9maria, le dernier jour de sa neuvaine : \" Dame, je m'abandonne, je m'abandonne totalement : je ne demande plus ! J'aime la volont\u00e9 de votre Fils ! Nous nous abandonnons, nous nous reposons, nous aimons et nous acceptons ses desseins, en acceptant pleinement la Volont\u00e9 de Dieu.<\/p>\n\n\n\n<p>Nous sommes conscients que, <a href=\"https:\/\/fundacioncarf.org\/un-canto-a-maria-ernesto-julia-fundacion-carf\/\" data-type=\"link\" data-id=\"https:\/\/fundacioncarf.org\/un-canto-a-maria-ernesto-julia-fundacion-carf\/\">Notre M\u00e8re<\/a>, que vous nous donnerez les moyens de poursuivre sur cette voie de charit\u00e9 et d'amour, et de l'\u00e9tendre \u00e0 travers le monde. (...) \u00bb.<\/p>\n\n\n\n<hr class=\"wp-block-separator has-alpha-channel-opacity\"\/>\n\n\n\n<div class=\"wp-block-rank-math-toc-block\" id=\"rank-math-toc\"><h4><strong>Table des mati\u00e8res<\/strong><\/h4><nav><ul><li class=\"\"><a href=\"#san-josemaria-y-la-virgen-de-guadalupe-un-anhelo-filial\">Saint Jos\u00e9maria et Notre-Dame de Guadalupe : un d\u00e9sir filial<\/a><\/li><li class=\"\"><a href=\"#que-es-una-tilma\">Qu'est-ce qu'un tilma ?<\/a><ul><li class=\"\"><a href=\"#la-historia-de-la-virgen-de-guadalupe\">L'histoire de la Vierge de Guadalupe<\/a><\/li><li class=\"\"><a href=\"#siete-misterios-de-la-tilma\">Les sept myst\u00e8res du tilma<\/a><\/li><li class=\"\"><a href=\"#la-virgen-de-guadalupe-madre-de-america\">La Vierge de Guadalupe, m\u00e8re de l'Am\u00e9rique<\/a><\/li><li class=\"\"><a href=\"#una-devocion-que-trasciende-los-siglos\">Une d\u00e9votion qui transcende les si\u00e8cles<\/a><\/li><\/ul><\/li><\/ul><\/nav><\/div>","protected":false},"excerpt":{"rendered":"<p>La Vierge de Guadalupe est un miracle vivant, riche de sens et de myst\u00e8res qui d\u00e9fient la science, mais pas la foi. La tilma, que Notre M\u00e8re a offerte avec son image \u00e0 l'Indien saint Juan Diego, continue de fasciner et de recevoir des millions de visiteurs, croyants ou non, qui d\u00e9clarent leur amour et leur int\u00e9r\u00eat pour Guadalupe.<\/p>","protected":false},"author":4,"featured_media":200988,"comment_status":"closed","ping_status":"closed","sticky":false,"template":"","format":"standard","meta":{"_acf_changed":false,"give_campaign_id":0,"footnotes":""},"categories":[13],"tags":[215,216],"class_list":["post-200984","post","type-post","status-publish","format-standard","has-post-thumbnail","hentry","category-blog","tag-devocion-mariana","tag-virgen-de-guadalupe"],"acf":[],"_links":{"self":[{"href":"https:\/\/fundacioncarf.org\/fr\/wp-json\/wp\/v2\/posts\/200984","targetHints":{"allow":["GET"]}}],"collection":[{"href":"https:\/\/fundacioncarf.org\/fr\/wp-json\/wp\/v2\/posts"}],"about":[{"href":"https:\/\/fundacioncarf.org\/fr\/wp-json\/wp\/v2\/types\/post"}],"author":[{"embeddable":true,"href":"https:\/\/fundacioncarf.org\/fr\/wp-json\/wp\/v2\/users\/4"}],"replies":[{"embeddable":true,"href":"https:\/\/fundacioncarf.org\/fr\/wp-json\/wp\/v2\/comments?post=200984"}],"version-history":[{"count":23,"href":"https:\/\/fundacioncarf.org\/fr\/wp-json\/wp\/v2\/posts\/200984\/revisions"}],"predecessor-version":[{"id":226991,"href":"https:\/\/fundacioncarf.org\/fr\/wp-json\/wp\/v2\/posts\/200984\/revisions\/226991"}],"wp:featuredmedia":[{"embeddable":true,"href":"https:\/\/fundacioncarf.org\/fr\/wp-json\/wp\/v2\/media\/200988"}],"wp:attachment":[{"href":"https:\/\/fundacioncarf.org\/fr\/wp-json\/wp\/v2\/media?parent=200984"}],"wp:term":[{"taxonomy":"category","embeddable":true,"href":"https:\/\/fundacioncarf.org\/fr\/wp-json\/wp\/v2\/categories?post=200984"},{"taxonomy":"post_tag","embeddable":true,"href":"https:\/\/fundacioncarf.org\/fr\/wp-json\/wp\/v2\/tags?post=200984"}],"curies":[{"name":"wp","href":"https:\/\/api.w.org\/{rel}","templated":true}]}}