{"id":200907,"date":"2024-12-05T16:26:21","date_gmt":"2024-12-05T15:26:21","guid":{"rendered":"https:\/\/staging.fundacioncarf.org\/?p=200907"},"modified":"2025-04-09T17:51:41","modified_gmt":"2025-04-09T15:51:41","slug":"mi-vocacion-sacerdotal-una-obra-de-dios","status":"publish","type":"post","link":"https:\/\/fundacioncarf.org\/fr\/mi-vocacion-sacerdotal-una-obra-de-dios\/","title":{"rendered":"\"Ma vocation au sacerdoce a \u00e9t\u00e9 une v\u00e9ritable \u0153uvre de Dieu\"."},"content":{"rendered":"<p>La vocation de Nataniel \u00e0 la pr\u00eatrise est n\u00e9e d'une situation des plus inattendues, puisque son p\u00e8re appartenait \u00e0 la religion kimbanguiste, un courant religieux africain originaire d'Angola, fond\u00e9 en 1921 par <em>Sim\u00e3o Toco<\/em>connu sous le nom de proph\u00e8te <em>Kimbangu<\/em>.<\/p>\n\n\n\n<p>Cette foi combine des \u00e9l\u00e9ments du christianisme, en particulier du protestantisme, avec des pratiques et des croyances africaines traditionnelles. Les Kimbanguistes croient en un Dieu supr\u00eame, \u00e0 l'importance des proph\u00e8tes et \u00e0 la gu\u00e9rison spirituelle. Ils pr\u00f4nent l'unit\u00e9, la paix et la justice sociale et se distinguent par l'importance qu'ils accordent \u00e0 la lutte contre l'oppression et la discrimination raciale. La religion exerce une forte influence en Angola et dans d'autres r\u00e9gions d'Afrique. Cependant, un chemin providentiel a conduit Nataniel \u00e0 embrasser la foi catholique et, au fil des ans, \u00e0 ressentir un appel \u00e0 la pr\u00eatrise.<\/p>\n\n\n\n<p>Aujourd'hui, il se trouve \u00e0 Rome, o\u00f9 il pr\u00e9pare une licence en th\u00e9ologie et vit dans le centre d'accueil des r\u00e9fugi\u00e9s. <a href=\"https:\/\/fundacioncarf.org\/seminaristas-del-mundo-cantan-al-senor-somos-el-pueblo-que-te-ama\/\" data-type=\"link\" data-id=\"https:\/\/fundacioncarf.org\/seminaristas-del-mundo-cantan-al-senor-somos-el-pueblo-que-te-ama\/\">S\u00e9minaire international Sedes Sapientiae<\/a>gr\u00e2ce \u00e9galement \u00e0 une subvention de la Fondation CARF.<\/p>\n\n\n\n<figure class=\"wp-block-embed is-type-video is-provider-youtube wp-block-embed-youtube wp-embed-aspect-16-9 wp-has-aspect-ratio\"><div class=\"wp-block-embed__wrapper\">\n<iframe loading=\"lazy\" title=\"???????? NATANIEL DE JES\u00daS : &quot;MA VOCATION EST N\u00c9E DANS UN CONTEXTE FAMILIAL DIVERSIFI\u00c9, C&#039;EST UNE \u0152UVRE DE DIEU&quot; ????\u271d\u271d\" width=\"500\" height=\"281\" src=\"https:\/\/www.youtube.com\/embed\/j3RHEzgDKfE?feature=oembed\" frameborder=\"0\" allow=\"accelerometer; autoplay; clipboard-write; encrypted-media; gyroscope; picture-in-picture; web-share\" referrerpolicy=\"strict-origin-when-cross-origin\" allowfullscreen><\/iframe>\n<\/div><\/figure>\n\n\n\n<h3 class=\"wp-block-heading\">La religion dans la famille<\/h3>\n\n\n\n<p>Nataniel est le deuxi\u00e8me d'une famille de cinq fr\u00e8res et s\u0153urs. Il est issu d'une famille qui n'est pas strictement catholique, mais qui a v\u00e9cu une exp\u00e9rience religieuse qui a marqu\u00e9 sa vie. Son p\u00e8re est militaire et, bien qu'il ne pratique pas beaucoup, la religion pratiqu\u00e9e dans sa famille \u00e9tait le kimbanguista. En revanche, sa m\u00e8re, Isabel, qui \u00e9tait coiffeuse, a \u00e9t\u00e9 baptis\u00e9e dans l'\u00c9glise catholique, mais a fini par se convertir au protestantisme. Telle a \u00e9t\u00e9 la r\u00e9alit\u00e9 de Nataniel jusqu'en 2012.<\/p>\n\n\n\n<figure class=\"wp-block-image size-full\"><img decoding=\"async\" width=\"1000\" height=\"650\" src=\"https:\/\/fundacioncarf.org\/wp-content\/uploads\/2024\/12\/nataniel-hermanas-madre.jpg\" alt=\"Nataniel con sus hermanas y su madre\" class=\"wp-image-200942\" srcset=\"https:\/\/fundacioncarf.org\/wp-content\/uploads\/2024\/12\/nataniel-hermanas-madre.jpg 1000w, https:\/\/fundacioncarf.org\/wp-content\/uploads\/2024\/12\/nataniel-hermanas-madre-300x195.jpg 300w, https:\/\/fundacioncarf.org\/wp-content\/uploads\/2024\/12\/nataniel-hermanas-madre-150x98.jpg 150w, https:\/\/fundacioncarf.org\/wp-content\/uploads\/2024\/12\/nataniel-hermanas-madre-768x499.jpg 768w, https:\/\/fundacioncarf.org\/wp-content\/uploads\/2024\/12\/nataniel-hermanas-madre-18x12.jpg 18w\" sizes=\"(max-width: 1000px) 100vw, 1000px\" \/><\/figure>\n\n\n\n<h3 class=\"wp-block-heading\">La reconversion de la m\u00e8re<\/h3>\n\n\n\n<p>Le changement a commenc\u00e9 lorsque la m\u00e8re de Nataniel a d\u00e9cid\u00e9 de revenir \u00e0 l'\u00c9glise catholique. \"Elle nous a donn\u00e9 l'ordre de ne plus fr\u00e9quenter d'autres \u00e9glises et nous avons commenc\u00e9 \u00e0 aller \u00e0 l'\u00e9glise tous les dimanches. Pour Nataniel, c'\u00e9tait un d\u00e9fi. Il avait grandi en participant \u00e0 l'\u00e9cole du dimanche de l'\u00e9glise protestante, o\u00f9 des quiz bibliques \u00e9taient organis\u00e9s, et ce qui le motivait le plus \u00e0 y aller, c'\u00e9tait la possibilit\u00e9 de gagner des prix. Aujourd'hui, lorsqu'il se rend \u00e0 l'\u00e9glise, tout lui semble \u00e9trange et diff\u00e9rent. Mais il n'a pas d'autre choix que d'accompagner sa m\u00e8re.<\/p>\n\n\n\n<h3 class=\"wp-block-heading\">La d\u00e9couverte de la foi catholique<\/h3>\n\n\n\n<p>En suivant la cat\u00e9ch\u00e8se, Nataniel a commenc\u00e9 \u00e0 d\u00e9couvrir les enseignements de l'Eglise. Il a approfondi la Bible et l'histoire de l'\u00c9glise, ce qui a renforc\u00e9 sa foi et donn\u00e9 un nouveau sens \u00e0 sa vie. En 2015, il rejoint le groupe des acolytes, se rapprochant ainsi de la liturgie et du pr\u00eatre, et se fait baptiser la m\u00eame ann\u00e9e. \"Nous pouvons perdre la c\u00e9l\u00e9brit\u00e9, la jeunesse, l'argent, mais la seule chose que nous ne pouvons pas vraiment perdre, c'est le Christ.<\/p>\n\n\n\n<figure class=\"wp-block-image size-large\"><img decoding=\"async\" width=\"1024\" height=\"683\" src=\"https:\/\/fundacioncarf.org\/wp-content\/uploads\/2024\/12\/Vocacion-Sacerdotal-Nataniel-1024x683.jpg\" alt=\"\" class=\"wp-image-200910\" srcset=\"https:\/\/fundacioncarf.org\/wp-content\/uploads\/2024\/12\/Vocacion-Sacerdotal-Nataniel-1024x683.jpg 1024w, https:\/\/fundacioncarf.org\/wp-content\/uploads\/2024\/12\/Vocacion-Sacerdotal-Nataniel-300x200.jpg 300w, https:\/\/fundacioncarf.org\/wp-content\/uploads\/2024\/12\/Vocacion-Sacerdotal-Nataniel-150x100.jpg 150w, https:\/\/fundacioncarf.org\/wp-content\/uploads\/2024\/12\/Vocacion-Sacerdotal-Nataniel-768x512.jpg 768w, https:\/\/fundacioncarf.org\/wp-content\/uploads\/2024\/12\/Vocacion-Sacerdotal-Nataniel-18x12.jpg 18w, https:\/\/fundacioncarf.org\/wp-content\/uploads\/2024\/12\/Vocacion-Sacerdotal-Nataniel.jpg 1200w\" sizes=\"(max-width: 1024px) 100vw, 1024px\" \/><\/figure>\n\n\n\n<h3 class=\"wp-block-heading\">La vocation sacerdotale<\/h3>\n\n\n\n<p>L'ann\u00e9e 2015 a \u00e9t\u00e9 une ann\u00e9e charni\u00e8re, non seulement \u00e0 cause de son bapt\u00eame, mais aussi parce qu'il est entr\u00e9 au lyc\u00e9e. Durant cette p\u00e9riode, l'id\u00e9e d'entrer au s\u00e9minaire a commenc\u00e9 \u00e0 prendre forme dans son c\u0153ur. \"Voir le cur\u00e9 exercer son minist\u00e8re m'a motiv\u00e9 \u00e0 suivre ses pas. Je sentais au plus profond de moi que ma vocation \u00e9tait d'\u00eatre pr\u00eatre, de donner ma vie au service de Dieu et pour le salut des \u00e2mes. Je voulais \u00eatre un instrument de Dieu au milieu de son peuple\", raconte-t-il joyeusement.<\/p>\n\n\n\n<h3 class=\"wp-block-heading\">Le d\u00e9fi du oui \u00e0 J\u00e9sus<\/h3>\n\n\n\n<p>Nataniel \u00e9tait un gar\u00e7on brillant dans ses \u00e9tudes, il avait re\u00e7u des bourses pour \u00e9tudier l'ing\u00e9nierie informatique \u00e0 Londres ou aux \u00c9tats-Unis, mais en 2017, il a pris la d\u00e9cision de partager avec ses parents son d\u00e9sir d'entrer au s\u00e9minaire. \"C'\u00e9tait une p\u00e9riode difficile, surtout pour ma m\u00e8re. Elle ne comprenait pas pourquoi je voulais franchir une \u00e9tape aussi radicale dans ma vie. Elle avait du mal \u00e0 comprendre que son fils unique prenne ce chemin.<\/p>\n\n\n\n<p>Au fil du temps, ses parents, qui \u00e9taient revenus \u00e0 la foi catholique, ont commenc\u00e9 \u00e0 ouvrir leur c\u0153ur et \u00e0 comprendre le d\u00e9sir de leur fils. Finalement, en f\u00e9vrier 2018, les parents de Nataniel ont accept\u00e9 la d\u00e9cision de leur fils de devenir pr\u00eatre et, le 25 f\u00e9vrier, il est entr\u00e9 au s\u00e9minaire archidioc\u00e9sain de Luanda, un pas d\u00e9cisif vers le r\u00eave de sa vocation. \"Ce fut un moment de grande joie et de gratitude envers Dieu pour m'avoir permis de suivre le chemin que je sentais qu'Il avait pr\u00e9par\u00e9 pour moi.<\/p>\n\n\n\n<figure class=\"wp-block-image size-full\"><img decoding=\"async\" width=\"1000\" height=\"670\" src=\"https:\/\/fundacioncarf.org\/wp-content\/uploads\/2024\/12\/nataniel-bendicion.jpg\" alt=\"Nataniel recibiendo la bendici\u00f3n\" class=\"wp-image-200946\" srcset=\"https:\/\/fundacioncarf.org\/wp-content\/uploads\/2024\/12\/nataniel-bendicion.jpg 1000w, https:\/\/fundacioncarf.org\/wp-content\/uploads\/2024\/12\/nataniel-bendicion-300x201.jpg 300w, https:\/\/fundacioncarf.org\/wp-content\/uploads\/2024\/12\/nataniel-bendicion-150x101.jpg 150w, https:\/\/fundacioncarf.org\/wp-content\/uploads\/2024\/12\/nataniel-bendicion-768x515.jpg 768w, https:\/\/fundacioncarf.org\/wp-content\/uploads\/2024\/12\/nataniel-bendicion-18x12.jpg 18w\" sizes=\"(max-width: 1000px) 100vw, 1000px\" \/><\/figure>\n\n\n\n<h3 class=\"wp-block-heading\">Un voyage de foi<\/h3>\n\n\n\n<p>Aujourd'hui, il voit comment chaque \u00e9tape l'a conduit l\u00e0 o\u00f9 il est, \u00e0 cet appel au sacerdoce qui a commenc\u00e9 dans son c\u0153ur d'une mani\u00e8re inattendue, mais qui s'est confirm\u00e9 et renforc\u00e9 au fil des ans. \"Ma vocation est n\u00e9e dans un contexte familial diversifi\u00e9, elle a \u00e9t\u00e9 une v\u00e9ritable \u0153uvre de Dieu.<\/p>\n\n\n\n<p>Il est profond\u00e9ment reconnaissant \u00e0 ses parents pour leur compr\u00e9hension et pour l'avoir soutenu dans cette voie. \"Mon d\u00e9sir est d'aller de l'avant, avec foi et espoir, en consacrant ma vie au service de Dieu et de son peuple.<\/p>\n\n\n\n<h3 class=\"wp-block-heading\">Remerciements aux bienfaiteurs<\/h3>\n\n\n\n<p>Par ce t\u00e9moignage, Nataniel souhaite exprimer sa profonde gratitude \u00e0 tous les bienfaiteurs de la Fondation CARF pour lui avoir donn\u00e9 l'opportunit\u00e9 de poursuivre ses \u00e9tudes \u00e0 Rome.<\/p>\n\n\n\n<p>Il est actuellement en troisi\u00e8me ann\u00e9e d'\u00e9tudes de th\u00e9ologie \u00e0 l'Universit\u00e9 d'Oxford. <a href=\"https:\/\/es.pusc.it\/\" target=\"_blank\" rel=\"noreferrer noopener\">Universit\u00e9 pontificale de la Sainte-Croix<\/a>. \"Gr\u00e2ce \u00e0 votre soutien, je peux m'engager dans la mission de notre Sainte M\u00e8re l'\u00c9glise, qui est d'apporter l'\u00c9vangile de Notre Seigneur J\u00e9sus-Christ \u00e0 toutes les nations\", a-t-il d\u00e9clar\u00e9.<\/p>\n\n\n\n<p>\"Je prie chaque jour pour vous afin que le Seigneur, le Bien supr\u00eame et \u00e9ternel, d'o\u00f9 viennent toutes les b\u00e9n\u00e9dictions, continue \u00e0 vous b\u00e9nir et \u00e0 guider vos pas vers la vocation \u00e0 laquelle nous sommes tous appel\u00e9s, Saintet\u00e9. Merci beaucoup\", dit-il en souriant.<\/p>\n\n\n\n<hr class=\"wp-block-separator has-alpha-channel-opacity\"\/>\n\n\n\n<p><strong><a href=\"https:\/\/gerardo-ferrara.com\/\" data-type=\"link\" data-id=\"https:\/\/gerardo-ferrara.com\/\" target=\"_blank\" rel=\"noreferrer noopener\">Gerardo Ferrara<\/a><\/strong>Dipl\u00f4m\u00e9 en histoire et en sciences politiques, sp\u00e9cialis\u00e9 dans le Moyen-Orient.<br>Responsable des \u00e9tudiants de l'Universit\u00e9 pontificale de la Sainte-Croix \u00e0 Rome.<\/p>","protected":false},"excerpt":{"rendered":"<p>Nataniel de Jesus Louren\u00e7o Diogo est un jeune s\u00e9minariste du dioc\u00e8se de Luanda, en Angola. Il est n\u00e9 dans la capitale de son pays le 7 avril 2000 et son histoire est tr\u00e8s particuli\u00e8re, puisqu'il est issu d'un milieu non catholique. <\/p>","protected":false},"author":719,"featured_media":200909,"comment_status":"closed","ping_status":"closed","sticky":false,"template":"","format":"standard","meta":{"_acf_changed":false,"give_campaign_id":0,"footnotes":""},"categories":[109],"tags":[214,145,121,182],"class_list":["post-200907","post","type-post","status-publish","format-standard","has-post-thumbnail","hentry","category-historias","tag-africa","tag-angola","tag-seminarista","tag-testimonio"],"acf":[],"_links":{"self":[{"href":"https:\/\/fundacioncarf.org\/fr\/wp-json\/wp\/v2\/posts\/200907","targetHints":{"allow":["GET"]}}],"collection":[{"href":"https:\/\/fundacioncarf.org\/fr\/wp-json\/wp\/v2\/posts"}],"about":[{"href":"https:\/\/fundacioncarf.org\/fr\/wp-json\/wp\/v2\/types\/post"}],"author":[{"embeddable":true,"href":"https:\/\/fundacioncarf.org\/fr\/wp-json\/wp\/v2\/users\/719"}],"replies":[{"embeddable":true,"href":"https:\/\/fundacioncarf.org\/fr\/wp-json\/wp\/v2\/comments?post=200907"}],"version-history":[{"count":10,"href":"https:\/\/fundacioncarf.org\/fr\/wp-json\/wp\/v2\/posts\/200907\/revisions"}],"predecessor-version":[{"id":215014,"href":"https:\/\/fundacioncarf.org\/fr\/wp-json\/wp\/v2\/posts\/200907\/revisions\/215014"}],"wp:featuredmedia":[{"embeddable":true,"href":"https:\/\/fundacioncarf.org\/fr\/wp-json\/wp\/v2\/media\/200909"}],"wp:attachment":[{"href":"https:\/\/fundacioncarf.org\/fr\/wp-json\/wp\/v2\/media?parent=200907"}],"wp:term":[{"taxonomy":"category","embeddable":true,"href":"https:\/\/fundacioncarf.org\/fr\/wp-json\/wp\/v2\/categories?post=200907"},{"taxonomy":"post_tag","embeddable":true,"href":"https:\/\/fundacioncarf.org\/fr\/wp-json\/wp\/v2\/tags?post=200907"}],"curies":[{"name":"wp","href":"https:\/\/api.w.org\/{rel}","templated":true}]}}