{"id":200628,"date":"2024-11-30T10:00:00","date_gmt":"2024-11-30T09:00:00","guid":{"rendered":"https:\/\/staging.fundacioncarf.org\/?p=200628"},"modified":"2024-12-04T16:04:32","modified_gmt":"2024-12-04T15:04:32","slug":"la-vocacion-sacerdotal-de-benedikt-aicher","status":"publish","type":"post","link":"https:\/\/fundacioncarf.org\/fr\/la-vocacion-sacerdotal-de-benedikt-aicher\/","title":{"rendered":"La vocation de Benedikt : du charpentier au s\u00e9minariste"},"content":{"rendered":"<p>Le r\u00eave de sa vocation l'a conduit \u00e0 Rome pour \u00eatre form\u00e9 \u00e0 la pr\u00eatrise \u00e0 l'Universit\u00e9 de Rome. <a href=\"https:\/\/es.pusc.it\/\" data-type=\"link\" data-id=\"https:\/\/es.pusc.it\/\" target=\"_blank\" rel=\"noopener\">Universit\u00e9 pontificale de la Sainte-Croix<\/a> et se trouve en premi\u00e8re ann\u00e9e du premier cycle de th\u00e9ologie.<\/p>\n\n\n\n<p>Benedikt Aicher est n\u00e9 le 26 avril 1999 \u00e0 Rosenheim, en Bavi\u00e8re (Allemagne), \u00e0 environ 90 kilom\u00e8tres de Marktl am Inn, o\u00f9 Josef Ratzinger, futur pape Beno\u00eet (Benedikt en allemand) XVI, est n\u00e9.<\/p>\n\n\n\n<p>Ce jeune Allemand est bas\u00e9 \u00e0 Rome et fait partie de l'institut <em>L'\u0153uvre de J\u00e9sus le Grand Pr\u00eatre<\/em>La communaut\u00e9 catholique se consacre principalement \u00e0 la sanctification des pr\u00eatres et \u00e0 la promotion d'une vie de service, de pri\u00e8re et d'apostolat. Son charisme est centr\u00e9 sur la cons\u00e9cration au C\u0153ur Immacul\u00e9 de Marie et la recherche de la perfection chr\u00e9tienne \u00e0 travers les conseils \u00e9vang\u00e9liques de pauvret\u00e9, de chastet\u00e9 et d'ob\u00e9issance.<\/p>\n\n\n\n<figure class=\"wp-block-embed is-type-video is-provider-youtube wp-block-embed-youtube wp-embed-aspect-16-9 wp-has-aspect-ratio\"><div class=\"wp-block-embed__wrapper\">\n<iframe loading=\"lazy\" title=\"????\u271d LA VOCATION DE BENEDIKT ET SON OUI A JESUS ? ???????\" width=\"500\" height=\"281\" src=\"https:\/\/www.youtube.com\/embed\/ZYiTB9lgPw0?feature=oembed\" frameborder=\"0\" allow=\"accelerometer; autoplay; clipboard-write; encrypted-media; gyroscope; picture-in-picture; web-share\" referrerpolicy=\"strict-origin-when-cross-origin\" allowfullscreen><\/iframe>\n<\/div><\/figure>\n\n\n\n<h3 class=\"wp-block-heading\">Une enfance marqu\u00e9e par la foi et la famille<\/h3>\n\n\n\n<p>Benedikt Aicher a grandi avec ses deux fr\u00e8res dans un petit village des Alpes bavaroises, o\u00f9 le travail en famille, la pri\u00e8re et les valeurs chr\u00e9tiennes \u00e9taient fondamentaux. D\u00e8s son enfance, ses parents lui ont enseign\u00e9 l'importance du sacrifice et du d\u00e9vouement aux autres, jetant les bases d'une vocation qui l'am\u00e8nera plus tard \u00e0 vouloir devenir pr\u00eatre.<\/p>\n\n\n\n<p>\"Nos parents nous ont appris une chose en particulier : faire des sacrifices par amour pour les autres. Il y avait toujours beaucoup de travail et nous devions rapidement mettre la main \u00e0 la p\u00e2te. Comme nous n'avions pas de s\u0153urs, les t\u00e2ches m\u00e9nag\u00e8res allaient de soi pour nous\", dit-elle. <\/p>\n\n\n<div class=\"wp-block-image\">\n<figure class=\"aligncenter size-large\"><img decoding=\"async\" width=\"1024\" height=\"768\" src=\"https:\/\/fundacioncarf.org\/wp-content\/uploads\/2024\/11\/seminariasta-benedikt-aicher-vocacion-sacerdotal-1024x768.jpg\" alt=\"\" class=\"wp-image-200633\" srcset=\"https:\/\/fundacioncarf.org\/wp-content\/uploads\/2024\/11\/seminariasta-benedikt-aicher-vocacion-sacerdotal-1024x768.jpg 1024w, https:\/\/fundacioncarf.org\/wp-content\/uploads\/2024\/11\/seminariasta-benedikt-aicher-vocacion-sacerdotal-300x225.jpg 300w, https:\/\/fundacioncarf.org\/wp-content\/uploads\/2024\/11\/seminariasta-benedikt-aicher-vocacion-sacerdotal-150x113.jpg 150w, https:\/\/fundacioncarf.org\/wp-content\/uploads\/2024\/11\/seminariasta-benedikt-aicher-vocacion-sacerdotal-768x576.jpg 768w, https:\/\/fundacioncarf.org\/wp-content\/uploads\/2024\/11\/seminariasta-benedikt-aicher-vocacion-sacerdotal-16x12.jpg 16w, https:\/\/fundacioncarf.org\/wp-content\/uploads\/2024\/11\/seminariasta-benedikt-aicher-vocacion-sacerdotal.jpg 1200w\" sizes=\"(max-width: 1024px) 100vw, 1024px\" \/><\/figure>\n<\/div>\n\n\n<h3 class=\"wp-block-heading\">L'influence de son grand-p\u00e8re et de Beno\u00eet XVI<\/h3>\n\n\n\n<p>L'h\u00e9ritage catholique de Benedikt remonte \u00e0 son grand-p\u00e8re, qui a \u00e9tudi\u00e9 aux c\u00f4t\u00e9s du successeur de saint Jean-Paul II, le pape Beno\u00eet XVI. Cet h\u00e9ritage familial, associ\u00e9 aux traditions de l'\u00c9glise, a cr\u00e9\u00e9 un environnement propice \u00e0 ce que Benedikt cultive sa foi d\u00e8s son plus jeune \u00e2ge.<\/p>\n\n\n\n<p>\"Mes parents ont re\u00e7u une profonde influence catholique de leurs propres parents et de l'\u00c9glise. Mon p\u00e8re a pass\u00e9 de nombreuses ann\u00e9es dans un petit s\u00e9minaire. Mon grand-p\u00e8re a \u00e9galement fr\u00e9quent\u00e9 le s\u00e9minaire, avec Joseph Ratzinger, avec le d\u00e9sir sinc\u00e8re de devenir pr\u00eatre, mais la Seconde Guerre mondiale a interrompu sa formation. \u00c0 son retour de prison en France, il a voulu poursuivre ses \u00e9tudes, mais \u00e0 cause de ce qu'il avait v\u00e9cu, il ne trouvait plus la paix n\u00e9cessaire pour \u00e9tudier\", raconte Benedikt.<\/p>\n\n\n\n<p>D\u00e8s leur plus jeune \u00e2ge, lui et ses fr\u00e8res et s\u0153urs ont assist\u00e9 \u00e0 la messe tous les dimanches et ont \u00e9t\u00e9 initi\u00e9s aux traditions catholiques par leurs parents. C'est ainsi qu'\u00e0 la maison, un environnement a \u00e9t\u00e9 cr\u00e9\u00e9 pour que Dieu puisse faire son travail.<\/p>\n\n\n\n<p>Apr\u00e8s ma premi\u00e8re communion, j'ai dit \u00e0 ma m\u00e8re : \"Maintenant, je vais commencer \u00e0 \u00eatre enfant de ch\u0153ur et ensuite j'entrerai dans un monast\u00e8re\", dit-il en souriant.<\/p>\n\n\n\n<h3 class=\"wp-block-heading\">D\u00e9couvrir sa vocation entre doutes et r\u00eaves<\/h3>\n\n\n\n<p>Bien que Benedikt ait r\u00eav\u00e9 de devenir charpentier, son c\u0153ur a \u00e9t\u00e9 conquis par l'appel de Dieu \u00e0 la pr\u00eatrise. Pendant sa jeunesse, la Vierge Marie a jou\u00e9 un r\u00f4le central en le guidant vers une vie de pri\u00e8re et de d\u00e9vouement. \u00c0 l'\u00e2ge de quinze ans, apr\u00e8s une certaine r\u00e9sistance, il a finalement accept\u00e9 sa vocation, prenant des mesures concr\u00e8tes pour entrer au s\u00e9minaire.<\/p>\n\n\n\n<p>\"Ma vocation pour la pr\u00eatrise est venue d\u00e8s l'enfance, mais je r\u00eavais aussi de devenir charpentier. Mon oncle, qui est malheureusement aujourd'hui au ciel, \u00e9tait un fr\u00e8re b\u00e9n\u00e9dictin et travaillait comme charpentier au monast\u00e8re. Quand j'\u00e9tais enfant, je voulais suivre une formation avec lui, mais avec le temps, ce d\u00e9sir a disparu.<\/p>\n\n\n\n<figure class=\"wp-block-image size-large\"><img decoding=\"async\" width=\"1024\" height=\"768\" src=\"https:\/\/fundacioncarf.org\/wp-content\/uploads\/2024\/11\/vocacion-benedikt-carpintero-1024x768.jpg\" alt=\"\" class=\"wp-image-200630\" srcset=\"https:\/\/fundacioncarf.org\/wp-content\/uploads\/2024\/11\/vocacion-benedikt-carpintero-1024x768.jpg 1024w, https:\/\/fundacioncarf.org\/wp-content\/uploads\/2024\/11\/vocacion-benedikt-carpintero-300x225.jpg 300w, https:\/\/fundacioncarf.org\/wp-content\/uploads\/2024\/11\/vocacion-benedikt-carpintero-150x113.jpg 150w, https:\/\/fundacioncarf.org\/wp-content\/uploads\/2024\/11\/vocacion-benedikt-carpintero-768x576.jpg 768w, https:\/\/fundacioncarf.org\/wp-content\/uploads\/2024\/11\/vocacion-benedikt-carpintero-16x12.jpg 16w, https:\/\/fundacioncarf.org\/wp-content\/uploads\/2024\/11\/vocacion-benedikt-carpintero.jpg 1200w\" sizes=\"(max-width: 1024px) 100vw, 1024px\" \/><\/figure>\n\n\n\n<p>\u00c0 l'\u00e9cole, c'\u00e9tait un gar\u00e7on tr\u00e8s timide. \u00c0 la maison, en revanche, il faisait beaucoup de bruit. Le lyc\u00e9e l'a fait quitter le village pour la ville. \"Mon \u00e9cole avait encore des valeurs chr\u00e9tiennes. Cela, ajout\u00e9 \u00e0 la protection de la Vierge Marie, m'a sauv\u00e9 de beaucoup de choses. En effet, nous ne quittions jamais la maison sans avoir pri\u00e9 avec notre m\u00e8re devant la statue de la Vierge et fait le signe de croix avec de l'eau b\u00e9nite.<\/p>\n\n\n\n<p>Bien que la menuiserie ait attir\u00e9 Benedikt, une autre voie s'offrait \u00e0 lui. \"J'ai toujours aim\u00e9 participer au groupe des enfants de ch\u0153ur. C'\u00e9tait ma pr\u00e9f\u00e9rence jusqu'\u00e0 la fin. Apr\u00e8s quelques ann\u00e9es, mes fr\u00e8res et moi sommes devenus servants d'autel principaux et avons dirig\u00e9 le groupe selon nos capacit\u00e9s. Nous avons \u00e9galement particip\u00e9 \u00e0 d'autres activit\u00e9s paroissiales, comme la pr\u00e9paration \u00e0 la confirmation. Pendant de nombreuses ann\u00e9es, j'ai jou\u00e9 du cor t\u00e9nor dans la fanfare. <em>Le domaine skiable d'Halfinger<\/em>\".<\/p>\n\n\n\n<h3 class=\"wp-block-heading\">Discernement de la vocation<\/h3>\n\n\n\n<p>La Vierge Marie a toujours voulu lui apporter J\u00e9sus. \"\u00c0 l'\u00e2ge de douze ans, nous avons commenc\u00e9 \u00e0 assister aux conf\u00e9rences mensuelles des L\u00e9gionnaires du Christ, o\u00f9 nous avons trouv\u00e9 une nourriture spirituelle. \u00c0 l'\u00e2ge de quatorze ans, mes fr\u00e8res et moi avons commenc\u00e9 \u00e0 participer \u00e0 un camp de jeunes tous les deux mois, \u00e9galement accompagn\u00e9s spirituellement par les L\u00e9gionnaires du Christ. J'ai fini par faire partie de l'\u00e9quipe organisatrice, o\u00f9 je m'occupais principalement des t\u00e2ches financi\u00e8res avec mon fr\u00e8re a\u00een\u00e9.<\/p>\n\n\n\n<p>Cette p\u00e9riode a eu un grand impact sur sa vie de foi, car il a \u00e9t\u00e9 conduit \u00e0 l'Eucharistie et \u00e0 la confession. \u00c0 l'\u00e2ge de quinze ans, il a de nouveau ressenti l'appel \u00e0 la pr\u00eatrise. \"Ce fut bref et je l'ai rejet\u00e9 fermement. Au cours des ann\u00e9es suivantes, les intervalles dans lesquels j'ai ressenti cet appel sont devenus de plus en plus courts et de plus en plus intenses\".<\/p>\n\n\n\n<p>Les groupes de pri\u00e8re qu'il fr\u00e9quentait lui demandaient de prier pour sa future \u00e9pouse. Benedikt n'avait pas encore accept\u00e9 sa vocation, mais il ne pouvait pas prier sans ajouter : \"Et si vous avez une autre voie pour moi, accordez \u00e0 quelqu'un d'autre une bonne \u00e9pouse\", dit-il joyeusement. <\/p>\n\n\n\n<p>J\u00e9sus a gagn\u00e9 son c\u0153ur, et Benedikt a progressivement accept\u00e9 l'appel \u00e0 la pr\u00eatrise.<\/p>\n\n\n\n<h3 class=\"wp-block-heading\">Le r\u00f4le cl\u00e9 de la Fondation CARF dans sa formation de s\u00e9minariste<\/h3>\n\n\n\n<p>Aujourd'hui, Benedikt est s\u00e9minariste et \u00e9tudie la th\u00e9ologie \u00e0 l'Universit\u00e9 pontificale de la Sainte-Croix gr\u00e2ce au soutien de la <strong><a href=\"https:\/\/fundacioncarf.org\/donar\/\" data-type=\"link\" data-id=\"https:\/\/fundacioncarf.org\/donar\/\">Fondation CARF.<\/a> <\/strong>Gr\u00e2ce \u00e0 l'aide des bienfaiteurs, Benedikt a non seulement pu recevoir une \u00e9ducation de qualit\u00e9, mais il a \u00e9galement ressenti le soutien spirituel et mat\u00e9riel n\u00e9cessaire pour poursuivre sa mission au service de l'\u00c9glise.<\/p>\n\n\n<div class=\"wp-block-image\">\n<figure class=\"aligncenter size-large\"><img decoding=\"async\" width=\"1024\" height=\"768\" src=\"https:\/\/fundacioncarf.org\/wp-content\/uploads\/2024\/11\/benedikt-aicher-vocacion-sacerdotal-barco-1024x768.jpg\" alt=\"\" class=\"wp-image-200632\" srcset=\"https:\/\/fundacioncarf.org\/wp-content\/uploads\/2024\/11\/benedikt-aicher-vocacion-sacerdotal-barco-1024x768.jpg 1024w, https:\/\/fundacioncarf.org\/wp-content\/uploads\/2024\/11\/benedikt-aicher-vocacion-sacerdotal-barco-300x225.jpg 300w, https:\/\/fundacioncarf.org\/wp-content\/uploads\/2024\/11\/benedikt-aicher-vocacion-sacerdotal-barco-150x113.jpg 150w, https:\/\/fundacioncarf.org\/wp-content\/uploads\/2024\/11\/benedikt-aicher-vocacion-sacerdotal-barco-768x576.jpg 768w, https:\/\/fundacioncarf.org\/wp-content\/uploads\/2024\/11\/benedikt-aicher-vocacion-sacerdotal-barco-16x12.jpg 16w, https:\/\/fundacioncarf.org\/wp-content\/uploads\/2024\/11\/benedikt-aicher-vocacion-sacerdotal-barco.jpg 1200w\" sizes=\"(max-width: 1024px) 100vw, 1024px\" \/><\/figure>\n<\/div>\n\n\n<p>L'histoire de Benedikt Aicher est un exemple vivant de la fa\u00e7on dont la foi, le travail et la g\u00e9n\u00e9rosit\u00e9 des bienfaiteurs de la Fondation CARF peuvent transformer des vies et renforcer l'\u00c9glise. <\/p>\n\n\n\n<hr class=\"wp-block-separator has-alpha-channel-opacity\"\/>\n\n\n\n<p><a href=\"https:\/\/gerardo-ferrara.com\/\" data-type=\"link\" data-id=\"https:\/\/gerardo-ferrara.com\/\" target=\"_blank\" rel=\"noopener\"><strong>Gerardo Ferrara<\/strong><\/a><br>Dipl\u00f4m\u00e9 en histoire et en sciences politiques, sp\u00e9cialis\u00e9 dans le Moyen-Orient.<br>Responsable des \u00e9tudiants de l'Universit\u00e9 pontificale de la Sainte-Croix \u00e0 Rome.<\/p>","protected":false},"excerpt":{"rendered":"<p>Benedikt Aicher, un jeune Bavarois qui, avec le soutien de la Fondation CARF, \u00e9tudie \u00e0 Rome pour suivre son chemin vers la pr\u00eatrise.<\/p>","protected":false},"author":719,"featured_media":200629,"comment_status":"closed","ping_status":"closed","sticky":false,"template":"","format":"standard","meta":{"_acf_changed":false,"give_campaign_id":0,"footnotes":""},"categories":[109],"tags":[213,154,126,121,212],"class_list":["post-200628","post","type-post","status-publish","format-standard","has-post-thumbnail","hentry","category-historias","tag-aleman","tag-pusc","tag-roma","tag-seminarista","tag-vocacion-sacerdotal"],"acf":[],"_links":{"self":[{"href":"https:\/\/fundacioncarf.org\/fr\/wp-json\/wp\/v2\/posts\/200628","targetHints":{"allow":["GET"]}}],"collection":[{"href":"https:\/\/fundacioncarf.org\/fr\/wp-json\/wp\/v2\/posts"}],"about":[{"href":"https:\/\/fundacioncarf.org\/fr\/wp-json\/wp\/v2\/types\/post"}],"author":[{"embeddable":true,"href":"https:\/\/fundacioncarf.org\/fr\/wp-json\/wp\/v2\/users\/719"}],"replies":[{"embeddable":true,"href":"https:\/\/fundacioncarf.org\/fr\/wp-json\/wp\/v2\/comments?post=200628"}],"version-history":[{"count":10,"href":"https:\/\/fundacioncarf.org\/fr\/wp-json\/wp\/v2\/posts\/200628\/revisions"}],"predecessor-version":[{"id":200854,"href":"https:\/\/fundacioncarf.org\/fr\/wp-json\/wp\/v2\/posts\/200628\/revisions\/200854"}],"wp:featuredmedia":[{"embeddable":true,"href":"https:\/\/fundacioncarf.org\/fr\/wp-json\/wp\/v2\/media\/200629"}],"wp:attachment":[{"href":"https:\/\/fundacioncarf.org\/fr\/wp-json\/wp\/v2\/media?parent=200628"}],"wp:term":[{"taxonomy":"category","embeddable":true,"href":"https:\/\/fundacioncarf.org\/fr\/wp-json\/wp\/v2\/categories?post=200628"},{"taxonomy":"post_tag","embeddable":true,"href":"https:\/\/fundacioncarf.org\/fr\/wp-json\/wp\/v2\/tags?post=200628"}],"curies":[{"name":"wp","href":"https:\/\/api.w.org\/{rel}","templated":true}]}}