{"id":194703,"date":"2024-03-26T13:08:19","date_gmt":"2024-03-26T12:08:19","guid":{"rendered":"https:\/\/staging.fundacioncarf.org\/?p=194703"},"modified":"2024-06-06T10:24:27","modified_gmt":"2024-06-06T08:24:27","slug":"jovenes-se-acercaran-a-dios-si-reconocen-heridas","status":"publish","type":"post","link":"https:\/\/fundacioncarf.org\/fr\/jovenes-se-acercaran-a-dios-si-reconocen-heridas\/","title":{"rendered":"\"Les jeunes se rapprocheront de Dieu si nous les aidons \u00e0 reconna\u00eetre leurs blessures."},"content":{"rendered":"<p>Car les Philippines, qui ont toujours \u00e9t\u00e9 le pays d'Asie comptant le plus grand nombre de catholiques, traversent une p\u00e9riode difficile : \"Aujourd'hui, l'augmentation dramatique du nombre d'adeptes de sectes, dont la franc-ma\u00e7onnerie, est remarquable\", dit-il avec une pointe de tristesse.&nbsp;<\/p>\n\n\n\n<h2 class=\"wp-block-heading\"><strong>Les Philippines, le pays le plus catholique d'Asie<\/strong><\/h2>\n\n\n\n<p>Carlo Emmanuel, l'a\u00een\u00e9 d'une fratrie de trois enfants (une fille et un gar\u00e7on), rappelle que l'\u00e9vang\u00e9lisation aux Philippines n'a jamais \u00e9t\u00e9 facile depuis les premiers jours du christianisme. En fait, les premiers chr\u00e9tiens philippins ont \u00e9t\u00e9 pers\u00e9cut\u00e9s et ont sacrifi\u00e9 leur vie pour leur foi. Cependant, il n'en reste pas moins que l'\u00e9vang\u00e9lisation aux Philippines n'a jamais \u00e9t\u00e9 facile, <strong>malgr\u00e9 les d\u00e9fis et les difficult\u00e9s de l'\u00e9vang\u00e9lisation, \"une lueur d'espoir brille subtilement gr\u00e2ce au travail discret de pasteurs d\u00e9vou\u00e9s dans chaque paroisse, du moins dans mon dioc\u00e8se\".<\/strong>\"il s'exprime avec \u00e9motion.<\/p>\n\n\n\n<p>Pour ce jeune s\u00e9minariste, il est possible de t\u00e9moigner de la foi et d'\u00e9vang\u00e9liser <strong>par le bon exemple dans l'exercice et la profession de notre foi.<\/strong> \"Le Seigneur nous permet de faire le bien et de collaborer avec Lui, en faisant du bien aux autres. Il nous donne la gr\u00e2ce de nous relever de chaque chute caus\u00e9e par le p\u00e9ch\u00e9. <strong>Il est temps d'\u00eatre une \u00c9glise inclusive, car le Seigneur a sauv\u00e9 toute l'humanit\u00e9\".&nbsp;<\/strong><\/p>\n\n\n\n<h2 class=\"wp-block-heading\"><strong>L'importance du bon exemple pour voir Dieu <\/strong><\/h2>\n\n\n\n<p>Le bon exemple et le bon t\u00e9moignage, voil\u00e0 ce que recherchent les jeunes du 21e si\u00e8cle, et en particulier ceux des Philippines. Pour Carlo, \"la jeunesse philippine est toujours \u00e0 la recherche d'int\u00e9grit\u00e9. Ils ont soif d'exemples de foi in\u00e9branlable. Ils sont persuad\u00e9s par de belles paroles qui se manifestent par des actes. <strong>Si les adultes perdent cette int\u00e9grit\u00e9 et s'appuient uniquement sur des mots vides ou enrob\u00e9s de sucre, les jeunes ne les croiront pas.<\/strong>. De plus, ils ont besoin de compagnie. Accompagner les jeunes a toujours \u00e9t\u00e9 le bon moyen de les comprendre vraiment.<\/p>\n\n\n\n<h2 class=\"wp-block-heading\"><strong>\u00c0 l'\u00e9coute des blessures des jeunes<\/strong><\/h2>\n\n\n\n<p>Carlo Emmanuel conna\u00eet bien la jeunesse des Philippines. C'est pourquoi il donne de tr\u00e8s belles cl\u00e9s pour rapprocher les jeunes de Dieu, valables pour tous :<\/p>\n\n\n\n<ul class=\"wp-block-list\">\n<li>Accompagnez-les dans leur voyage.&nbsp;<\/li>\n\n\n\n<li>\u00c9coutez leurs histoires.&nbsp;<\/li>\n\n\n\n<li>Reconna\u00eetre leurs blessures.&nbsp;<\/li>\n\n\n\n<li>Appr\u00e9ciez leurs efforts dans le travail et les \u00e9tudes.&nbsp;<\/li>\n\n\n\n<li>Montrez-leur de la compassion.<\/li>\n<\/ul>\n\n\n\n<p>\"Je parle en tant que membre de la jeunesse, car j'ai \u00e9t\u00e9 t\u00e9moin des nombreuses blessures que les jeunes portent \u00e0 cause de probl\u00e8mes familiaux, de l'\u00e9cole ou de l'incompr\u00e9hension de leurs amis.  Il ne s'agit pas d'un probl\u00e8me propre \u00e0 la jeunesse philippine, mais d'un probl\u00e8me qui touche la jeunesse en g\u00e9n\u00e9ral, partout dans le monde.<\/p>\n\n\n\n<h2 class=\"wp-block-heading\"><strong>La vocation, un don de Dieu<\/strong><\/h2>\n\n\n\n<p>De son exp\u00e9rience, Carlo dit que sa vocation sacerdotale a m\u00fbri gr\u00e2ce \u00e0 un bon berger qui l'a accompagn\u00e9 sur son chemin. \"Pour moi, c'est un don de Dieu. Chaque jour est une occasion de bien faire les choses, d'\u00eatre fid\u00e8le dans la pri\u00e8re, l'\u00e9tude et la vie avec les autres.<\/p>\n\n\n\n<p>Mais dans ses jeunes ann\u00e9es, il n'avait m\u00eame pas imagin\u00e9 cette option dans sa vie. Bien qu'il consid\u00e8re sa famille comme religieuse, aller \u00e0 l'\u00e9glise tous les dimanches \u00e9tait pour lui un combat hebdomadaire. Son r\u00eave d'enfant \u00e9tait de devenir enseignant, car il a toujours admir\u00e9 ses professeurs depuis l'\u00e9poque o\u00f9 il \u00e9tait \u00e0 l'\u00e9cole primaire. <em>maternelle<\/em>. \"Ils avaient quelque chose de sp\u00e9cial qui rendait l'apprentissage int\u00e9ressant, une sorte d'art qui nous incitait \u00e0 les \u00e9couter. <strong>Pour moi, l'\u00e9ducation est la profession la plus noble qui soit.<\/strong><\/p>\n\n\n\n<h2 class=\"wp-block-heading\"><strong>Un message sur Facebook<\/strong><\/h2>\n\n\n\n<p>\u00c0 l'\u00e9t\u00e9 2014, son meilleur ami du lyc\u00e9e l'a invit\u00e9 \u00e0 rejoindre le groupe des enfants de ch\u0153ur. \"Une ann\u00e9e en tant que servant d'autel a \u00e9t\u00e9 une exp\u00e9rience int\u00e9ressante. J'ai beaucoup appris sur la liturgie, la discipline, la d\u00e9votion, l'amiti\u00e9, l'humilit\u00e9 et l'ob\u00e9issance\".<\/p>\n\n\n\n<p>Plus tard dans l'ann\u00e9e, il a vu un post Facebook publi\u00e9 par le s\u00e9minaire dioc\u00e9sain annon\u00e7ant un programme de recherche permettant aux jeunes de voir et d'exp\u00e9rimenter la vie au s\u00e9minaire. Il n'en a pas tenu compte, mais une lumi\u00e8re s'est allum\u00e9e chez son pasteur. \"Il m'a demand\u00e9 si j'\u00e9tais int\u00e9ress\u00e9 par ce programme. J'ai r\u00e9pondu par la n\u00e9gative. Mais il m'a r\u00e9p\u00e9t\u00e9 et encourag\u00e9 en me disant que je ne serais pas seul car quatre autres paroissiens s'inscriraient \u00e9galement. Les trois autres \u00e9taient mes coll\u00e8gues du minist\u00e8re. Il m'a donc convaincu et j'ai commenc\u00e9 le programme\".<\/p>\n\n\n\n<h2 class=\"wp-block-heading\">\"<strong>Le plus beau jour de ma vie<\/strong>\"<\/h2>\n\n\n\n<p>Cette ann\u00e9e-l\u00e0, il \u00e9tait en classe de seconde et ses parents lui ont demand\u00e9 s'il voulait faire des \u00e9tudes universitaires. Mais il pensait d\u00e9j\u00e0 au s\u00e9minaire. Au moment de s'inscrire au coll\u00e8ge, il dit \u00e0 ses parents qu'il veut entrer au s\u00e9minaire.<\/p>\n\n\n\n<p>\"Ils ont refus\u00e9 mon souhait. J'ai donc racont\u00e9 mon combat au pr\u00eatre de ma paroisse. Il m'a dit de prier et de ne pas m'inqui\u00e9ter. Finalement, j'ai \u00e9t\u00e9 autoris\u00e9 \u00e0 entrer au s\u00e9minaire pour un an. Nous avions un accord. Apr\u00e8s un an au s\u00e9minaire, on m'a dit de partir et de suivre un autre cours.<strong>. Mais ma premi\u00e8re ann\u00e9e au s\u00e9minaire a \u00e9t\u00e9 le plus beau jour de ma vie.<\/strong>. C'\u00e9tait en 2016, j'avais 16 ans\", se souvient-il.<\/p>\n\n\n\n<h2 class=\"wp-block-heading\"><strong>Le retour de sa famille \u00e0 Dieu<\/strong><\/h2>\n\n\n\n<p>Finalement, ses parents ont accept\u00e9 la vocation \u00e0 laquelle il avait \u00e9t\u00e9 appel\u00e9. Aujourd'hui, il est heureux de constater que sa vocation sacerdotale purifie la vocation de ses parents \u00e0 la vie conjugale et que la famille est devenue beaucoup plus unie.<\/p>\n\n\n\n<p>\"Petit \u00e0 petit, j'ai remarqu\u00e9 la conversion de la famille. Chaque fois que je rentrais \u00e0 la maison pour le week-end familial, nous priions le rosaire apr\u00e8s le d\u00eener. Je crois que, par la gr\u00e2ce de Dieu, les bonnes \u0153uvres dans chaque vocation aident \u00e0 am\u00e9liorer la personne et \u00e0 gu\u00e9rir toutes les blessures du pass\u00e9\".<\/p>\n\n\n\n<h2 class=\"wp-block-heading\"><strong>Pri\u00e8re et accompagnement<\/strong><\/h2>\n\n\n\n<p>La conversion de sa famille<strong> <\/strong>avec la maturation de leur vocation, ils n'ont pas<strong> <\/strong>n'aurait \u00e9t\u00e9 possible sans la pri\u00e8re et l'accompagnement.&nbsp;<\/p>\n\n\n\n<p>Carlo Emmanuel dy Cabristante souhaite terminer son t\u00e9moignage par une demande : prier pour la paix dans le monde. \"Nous vivons dans un monde contemporain o\u00f9 la foi semble souvent d\u00e9nu\u00e9e de sens, o\u00f9 les actes de sacrifice paraissent insignifiants. Cependant, avec l'aide de Dieu, par sa mis\u00e9ricorde et sa gr\u00e2ce infinies, nous cheminons aux c\u00f4t\u00e9s de ceux qui souffrent beaucoup \u00e0 cause de la guerre, par des pri\u00e8res et des actes de charit\u00e9. Nous pourrions nous retrouver dans leur situation, mais ce n'est que par la foi en J\u00e9sus-Christ que nous pouvons supporter toutes les circonstances et \u00eatre sauv\u00e9s par Lui\".<\/p>\n\n\n\n<hr class=\"wp-block-separator has-alpha-channel-opacity\"\/>\n\n\n\n<p><strong>Marta Sant\u00edn<\/strong>Journaliste sp\u00e9cialis\u00e9 dans l'information religieuse.<\/p>","protected":false},"excerpt":{"rendered":"<p>Carlo Emmanuel dy Cabristante est un s\u00e9minariste de 24 ans du dioc\u00e8se d'Imus aux Philippines. Son \u00e9v\u00eaque l'a envoy\u00e9 au S\u00e9minaire international de la Bidassoa pour se former et s'impr\u00e9gner de la doctrine catholique afin de devenir un pr\u00eatre du 21e si\u00e8cle, solidement pr\u00e9par\u00e9 \u00e0 affronter les d\u00e9fis du monde d'aujourd'hui.<\/p>","protected":false},"author":4,"featured_media":194704,"comment_status":"closed","ping_status":"closed","sticky":false,"template":"","format":"standard","meta":{"_acf_changed":false,"give_campaign_id":0,"footnotes":""},"categories":[109],"tags":[172,120,121,178],"class_list":["post-194703","post","type-post","status-publish","format-standard","has-post-thumbnail","hentry","category-historias","tag-congregaciones-religiosas","tag-sacerdote","tag-seminarista","tag-voluntarios"],"acf":[],"_links":{"self":[{"href":"https:\/\/fundacioncarf.org\/fr\/wp-json\/wp\/v2\/posts\/194703","targetHints":{"allow":["GET"]}}],"collection":[{"href":"https:\/\/fundacioncarf.org\/fr\/wp-json\/wp\/v2\/posts"}],"about":[{"href":"https:\/\/fundacioncarf.org\/fr\/wp-json\/wp\/v2\/types\/post"}],"author":[{"embeddable":true,"href":"https:\/\/fundacioncarf.org\/fr\/wp-json\/wp\/v2\/users\/4"}],"replies":[{"embeddable":true,"href":"https:\/\/fundacioncarf.org\/fr\/wp-json\/wp\/v2\/comments?post=194703"}],"version-history":[{"count":7,"href":"https:\/\/fundacioncarf.org\/fr\/wp-json\/wp\/v2\/posts\/194703\/revisions"}],"predecessor-version":[{"id":195093,"href":"https:\/\/fundacioncarf.org\/fr\/wp-json\/wp\/v2\/posts\/194703\/revisions\/195093"}],"wp:featuredmedia":[{"embeddable":true,"href":"https:\/\/fundacioncarf.org\/fr\/wp-json\/wp\/v2\/media\/194704"}],"wp:attachment":[{"href":"https:\/\/fundacioncarf.org\/fr\/wp-json\/wp\/v2\/media?parent=194703"}],"wp:term":[{"taxonomy":"category","embeddable":true,"href":"https:\/\/fundacioncarf.org\/fr\/wp-json\/wp\/v2\/categories?post=194703"},{"taxonomy":"post_tag","embeddable":true,"href":"https:\/\/fundacioncarf.org\/fr\/wp-json\/wp\/v2\/tags?post=194703"}],"curies":[{"name":"wp","href":"https:\/\/api.w.org\/{rel}","templated":true}]}}