{"id":192298,"date":"2024-11-17T06:00:00","date_gmt":"2024-11-17T05:00:00","guid":{"rendered":"https:\/\/staging.fundacioncarf.org\/?p=192298"},"modified":"2024-11-18T13:48:31","modified_gmt":"2024-11-18T12:48:31","slug":"mercadillo-solidario-fundacion-carf-pas","status":"publish","type":"post","link":"https:\/\/fundacioncarf.org\/fr\/mercadillo-solidario-fundacion-carf-pas\/","title":{"rendered":"Le 28e march\u00e9 de charit\u00e9 de la Fondation CARF est de retour !"},"content":{"rendered":"<p>Le site <a href=\"https:\/\/fundacioncarf.org\/voluntariado-patronato-accion-social\/\">b\u00e9n\u00e9voles du Conseil d'administration de la Fondation CARF pour l'action sociale<\/a> (PAS) organise son traditionnel march\u00e9 de charit\u00e9 afin de collecter des fonds pour la formation des s\u00e9minaristes, des pr\u00eatres dioc\u00e9sains et des religieux et religieuses du monde entier.&nbsp;<\/p>\n\n\n\n<p>Le march\u00e9 aux puces, qui en est \u00e0 sa 28e \u00e9dition, se tiendra du 26 au 30 novembre dans les locaux de l'\u00e9glise paroissiale de Saint Louis des Fran\u00e7ais, dans le quartier de l'\u00e9glise. <a href=\"https:\/\/maps.app.goo.gl\/WQaZphr2NrBuJWHD9\" data-type=\"link\" data-id=\"https:\/\/maps.app.goo.gl\/WQaZphr2NrBuJWHD9\" target=\"_blank\" rel=\"noreferrer noopener\">9 rue Padilla<\/a>Madrid, tous les jours de 11 heures \u00e0 21 heures.&nbsp;<\/p>\n\n\n\n<p>Les b\u00e9n\u00e9voles du PAS organisent depuis de nombreuses ann\u00e9es ce march\u00e9, dont l'objectif principal est de coop\u00e9rer avec l'\u00c9glise dioc\u00e9saine dans le monde entier.&nbsp;<\/p>\n\n\n\n<p>Gr\u00e2ce \u00e0 la vente de meubles <a href=\"https:\/\/www.eldebate.com\/espana\/madrid\/20241112\/fundacion-catolica-carf-convoca-mercadillo-solidario-madrid-apoyar-sacerdotes-diocesanos_243823.html\" target=\"_blank\" rel=\"noopener\">restaur\u00e9<\/a>antiquit\u00e9s, antiquit\u00e9s, quelques \u0153uvres d'art, v\u00eatements, etc. <em>mill\u00e9sime<\/em>Le projet, qui comprend des v\u00eatements pour b\u00e9b\u00e9s, des articles m\u00e9nagers et des objets d\u00e9coratifs faits \u00e0 la main, sert \u00e0 financer des aides \u00e0 l'\u00e9tude, mais surtout \u00e0 contribuer au co\u00fbt des sacs \u00e0 dos contenant des vases sacr\u00e9s que re\u00e7oivent les s\u00e9minaristes qui obtiennent leur dipl\u00f4me et retournent dans leur pays.<\/p>\n\n\n\n<h3 class=\"wp-block-heading\">O\u00f9 et quand ?<\/h3>\n\n\n\n<ul class=\"wp-block-list\">\n<li>? ??? Dates : 26-30 novembre<\/li>\n\n\n\n<li>? ??? Lieu : Padilla, 9 - Madrid<\/li>\n\n\n\n<li>\u23f0 Heures d'ouverture : de 11h00 \u00e0 21h00<\/li>\n<\/ul>\n\n\n\n<p>Venez contribuer \u00e0 une grande cause ! Aidez la Fondation CARF \u00e0 continuer de former des pr\u00eatres engag\u00e9s, tout en trouvant des cadeaux pour vos proches, nous vous attendons !<\/p>\n\n\n\n<h3 class=\"wp-block-heading\">Le march\u00e9 de charit\u00e9 le plus traditionnel du quartier de Salamanca<\/h3>\n\n\n\n<p>Le march\u00e9 de charit\u00e9, l'un des plus traditionnels de la capitale espagnole, se tient \u00e0 nouveau dans les salles de la paroisse de San Luis de los Franceses, dans le quartier de Salamanca. \"Cette ann\u00e9e, nous en sommes \u00e0 la 28e \u00e9dition, un grand succ\u00e8s\", affirment Carmen et Rosana, coordinatrices du PAS.<\/p>\n\n\n\n<p>Gr\u00e2ce au travail des b\u00e9n\u00e9voles du PAS, le march\u00e9 aux puces propose une grande vari\u00e9t\u00e9 de meubles, de robes et de v\u00eatements pour b\u00e9b\u00e9s faits \u00e0 la main par les b\u00e9n\u00e9voles eux-m\u00eames. Vous pouvez \u00e9galement y trouver des \u0153uvres d'art, des couverts anciens, entre autres choses.<\/p>\n\n\n\n<figure class=\"wp-block-image size-large\"><img decoding=\"async\" width=\"1024\" height=\"682\" src=\"https:\/\/fundacioncarf.org\/wp-content\/uploads\/2023\/11\/mercadillo-solidario-fundacion-carf-vajillas-1024x682.jpg\" alt=\"\" class=\"wp-image-200285\" srcset=\"https:\/\/fundacioncarf.org\/wp-content\/uploads\/2023\/11\/mercadillo-solidario-fundacion-carf-vajillas-1024x682.jpg 1024w, https:\/\/fundacioncarf.org\/wp-content\/uploads\/2023\/11\/mercadillo-solidario-fundacion-carf-vajillas-300x200.jpg 300w, https:\/\/fundacioncarf.org\/wp-content\/uploads\/2023\/11\/mercadillo-solidario-fundacion-carf-vajillas-150x100.jpg 150w, https:\/\/fundacioncarf.org\/wp-content\/uploads\/2023\/11\/mercadillo-solidario-fundacion-carf-vajillas-768x511.jpg 768w, https:\/\/fundacioncarf.org\/wp-content\/uploads\/2023\/11\/mercadillo-solidario-fundacion-carf-vajillas-1536x1023.jpg 1536w, https:\/\/fundacioncarf.org\/wp-content\/uploads\/2023\/11\/mercadillo-solidario-fundacion-carf-vajillas-18x12.jpg 18w, https:\/\/fundacioncarf.org\/wp-content\/uploads\/2023\/11\/mercadillo-solidario-fundacion-carf-vajillas.jpg 2000w\" sizes=\"(max-width: 1024px) 100vw, 1024px\" \/><\/figure>\n\n\n\n<p>Les recettes servent \u00e0 couvrir les frais de formation des s\u00e9minaristes, des pr\u00eatres dioc\u00e9sains et des religieux et religieuses dans le monde entier. En outre, il nous aide \u00e9galement \u00e0 couvrir les d\u00e9penses de l'Institut d'\u00e9tudes et de recherches de l'Union europ\u00e9enne. <a href=\"https:\/\/fundacioncarf.org\/dona-albas-a-medida-seminaristas-y-sacerdotes\/\" data-type=\"link\" data-id=\"https:\/\/fundacioncarf.org\/dona-albas-a-medida-seminaristas-y-sacerdotes\/\">sac \u00e0 dos vases sacr\u00e9s<\/a> que chaque s\u00e9minariste re\u00e7oit \u00e0 la fin de ses \u00e9tudes \u00e0 Rome et \u00e0 Pampelune (s\u00e9minaires Sedes Sapientiae et Bidassoa).<\/p>\n\n\n\n<p>D\u00e8s le matin, de nombreux antiquaires, fid\u00e8les \u00e0 leur rendez-vous annuel et conscients de la valeur et de la qualit\u00e9 des objets mis en vente, afflueront dans les locaux de la Calle Padilla, 9.<\/p>\n\n\n\n<h3 class=\"wp-block-heading\">L'\u00e9quipe \u00e0 l'origine du march\u00e9 caritatif<\/h3>\n\n\n\n<p>Rosana Diez-Canseco et Carmen Ortega, en tant que pr\u00e9sidentes du conseil d'administration, ont dirig\u00e9 une \u00e9quipe, essentiellement f\u00e9minine, dont le travail atteint son apog\u00e9e lors du march\u00e9 aux puces, mais qui se poursuit tout au long de l'ann\u00e9e. Mois apr\u00e8s mois, les b\u00e9n\u00e9voles r\u00e9ceptionnent et cataloguent les objets \u00e0 mettre en vente, restaurent les meubles, tricotent les v\u00eatements pour b\u00e9b\u00e9s et brodent les aubes qui seront \u00e9galement remises aux s\u00e9minaristes.<\/p>\n\n\n\n<figure class=\"wp-block-image size-large\"><img decoding=\"async\" width=\"1024\" height=\"768\" src=\"https:\/\/fundacioncarf.org\/wp-content\/uploads\/2024\/04\/mercadillo-solidario-ropa-mujer-1024x768.jpeg\" alt=\"Rosana y Carmen, de izquierda a derecha, sonr\u00eden en un local lleno de ropa.\" class=\"wp-image-194961\" srcset=\"https:\/\/fundacioncarf.org\/wp-content\/uploads\/2024\/04\/mercadillo-solidario-ropa-mujer-1024x768.jpeg 1024w, https:\/\/fundacioncarf.org\/wp-content\/uploads\/2024\/04\/mercadillo-solidario-ropa-mujer-300x225.jpeg 300w, https:\/\/fundacioncarf.org\/wp-content\/uploads\/2024\/04\/mercadillo-solidario-ropa-mujer-768x576.jpeg 768w, https:\/\/fundacioncarf.org\/wp-content\/uploads\/2024\/04\/mercadillo-solidario-ropa-mujer-1536x1152.jpeg 1536w, https:\/\/fundacioncarf.org\/wp-content\/uploads\/2024\/04\/mercadillo-solidario-ropa-mujer-16x12.jpeg 16w, https:\/\/fundacioncarf.org\/wp-content\/uploads\/2024\/04\/mercadillo-solidario-ropa-mujer.jpeg 2000w\" sizes=\"(max-width: 1024px) 100vw, 1024px\" \/><figcaption class=\"wp-element-caption\">bazar caritatif de v\u00eatements pour femmes<\/figcaption><\/figure>\n\n\n\n<blockquote class=\"instagram-media\" data-instgrm-captioned data-instgrm-permalink=\"https:\/\/www.instagram.com\/p\/DCEIuSPMa6c\/?utm_source=ig_embed&amp;utm_campaign=loading\" data-instgrm-version=\"14\" style=\" background:#FFF; border:0; border-radius:3px; box-shadow:0 0 1px 0 rgba(0,0,0,0.5),0 1px 10px 0 rgba(0,0,0,0.15); margin: 1px; max-width:540px; min-width:326px; padding:0; width:99.375%; width:-webkit-calc(100% - 2px); width:calc(100% - 2px);\"><div style=\"padding:16px;\"> <a href=\"https:\/\/www.instagram.com\/p\/DCEIuSPMa6c\/?utm_source=ig_embed&amp;utm_campaign=loading\" style=\" background:#FFFFFF; line-height:0; padding:0 0; text-align:center; text-decoration:none; width:100%;\" target=\"_blank\" rel=\"noopener\"> <div style=\" display: flex; flex-direction: row; align-items: center;\"> <div style=\"background-color: #F4F4F4; border-radius: 50%; flex-grow: 0; height: 40px; margin-right: 14px; width: 40px;\"><\/div> <div style=\"display: flex; flex-direction: column; flex-grow: 1; justify-content: center;\"> <div style=\" background-color: #F4F4F4; border-radius: 4px; flex-grow: 0; height: 14px; margin-bottom: 6px; width: 100px;\"><\/div> <div style=\" background-color: #F4F4F4; border-radius: 4px; flex-grow: 0; height: 14px; width: 60px;\"><\/div><\/div><\/div><div style=\"padding: 19% 0;\"><\/div> <div style=\"display:block; height:50px; margin:0 auto 12px; width:50px;\"><svg width=\"50px\" height=\"50px\" viewbox=\"0 0 60 60\" version=\"1.1\" xmlns=\"https:\/\/www.w3.org\/2000\/svg\" xmlns:xlink=\"https:\/\/www.w3.org\/1999\/xlink\"><g stroke=\"none\" stroke-width=\"1\" fill=\"none\" fill-rule=\"evenodd\"><g transform=\"translate(-511.000000, -20.000000)\" fill=\"#000000\"><g><path d=\"M556.869,30.41 C554.814,30.41 553.148,32.076 553.148,34.131 C553.148,36.186 554.814,37.852 556.869,37.852 C558.924,37.852 560.59,36.186 560.59,34.131 C560.59,32.076 558.924,30.41 556.869,30.41 M541,60.657 C535.114,60.657 530.342,55.887 530.342,50 C530.342,44.114 535.114,39.342 541,39.342 C546.887,39.342 551.658,44.114 551.658,50 C551.658,55.887 546.887,60.657 541,60.657 M541,33.886 C532.1,33.886 524.886,41.1 524.886,50 C524.886,58.899 532.1,66.113 541,66.113 C549.9,66.113 557.115,58.899 557.115,50 C557.115,41.1 549.9,33.886 541,33.886 M565.378,62.101 C565.244,65.022 564.756,66.606 564.346,67.663 C563.803,69.06 563.154,70.057 562.106,71.106 C561.058,72.155 560.06,72.803 558.662,73.347 C557.607,73.757 556.021,74.244 553.102,74.378 C549.944,74.521 548.997,74.552 541,74.552 C533.003,74.552 532.056,74.521 528.898,74.378 C525.979,74.244 524.393,73.757 523.338,73.347 C521.94,72.803 520.942,72.155 519.894,71.106 C518.846,70.057 518.197,69.06 517.654,67.663 C517.244,66.606 516.755,65.022 516.623,62.101 C516.479,58.943 516.448,57.996 516.448,50 C516.448,42.003 516.479,41.056 516.623,37.899 C516.755,34.978 517.244,33.391 517.654,32.338 C518.197,30.938 518.846,29.942 519.894,28.894 C520.942,27.846 521.94,27.196 523.338,26.654 C524.393,26.244 525.979,25.756 528.898,25.623 C532.057,25.479 533.004,25.448 541,25.448 C548.997,25.448 549.943,25.479 553.102,25.623 C556.021,25.756 557.607,26.244 558.662,26.654 C560.06,27.196 561.058,27.846 562.106,28.894 C563.154,29.942 563.803,30.938 564.346,32.338 C564.756,33.391 565.244,34.978 565.378,37.899 C565.522,41.056 565.552,42.003 565.552,50 C565.552,57.996 565.522,58.943 565.378,62.101 M570.82,37.631 C570.674,34.438 570.167,32.258 569.425,30.349 C568.659,28.377 567.633,26.702 565.965,25.035 C564.297,23.368 562.623,22.342 560.652,21.575 C558.743,20.834 556.562,20.326 553.369,20.18 C550.169,20.033 549.148,20 541,20 C532.853,20 531.831,20.033 528.631,20.18 C525.438,20.326 523.257,20.834 521.349,21.575 C519.376,22.342 517.703,23.368 516.035,25.035 C514.368,26.702 513.342,28.377 512.574,30.349 C511.834,32.258 511.326,34.438 511.181,37.631 C511.035,40.831 511,41.851 511,50 C511,58.147 511.035,59.17 511.181,62.369 C511.326,65.562 511.834,67.743 512.574,69.651 C513.342,71.625 514.368,73.296 516.035,74.965 C517.703,76.634 519.376,77.658 521.349,78.425 C523.257,79.167 525.438,79.673 528.631,79.82 C531.831,79.965 532.853,80.001 541,80.001 C549.148,80.001 550.169,79.965 553.369,79.82 C556.562,79.673 558.743,79.167 560.652,78.425 C562.623,77.658 564.297,76.634 565.965,74.965 C567.633,73.296 568.659,71.625 569.425,69.651 C570.167,67.743 570.674,65.562 570.82,62.369 C570.966,59.17 571,58.147 571,50 C571,41.851 570.966,40.831 570.82,37.631\"><\/path><\/g><\/g><\/g><\/svg><\/div><div style=\"padding-top: 8px;\"> <div style=\" color:#3897f0; font-family:Arial,sans-serif; font-size:14px; font-style:normal; font-weight:550; line-height:18px;\">Voir ce message sur Instagram<\/div><\/div><div style=\"padding: 12.5% 0;\"><\/div> <div style=\"display: flex; flex-direction: row; margin-bottom: 14px; align-items: center;\"><div> <div style=\"background-color: #F4F4F4; border-radius: 50%; height: 12.5px; width: 12.5px; transform: translateX(0px) translateY(7px);\"><\/div> <div style=\"background-color: #F4F4F4; height: 12.5px; transform: rotate(-45deg) translateX(3px) translateY(1px); width: 12.5px; flex-grow: 0; margin-right: 14px; margin-left: 2px;\"><\/div> <div style=\"background-color: #F4F4F4; border-radius: 50%; height: 12.5px; width: 12.5px; transform: translateX(9px) translateY(-18px);\"><\/div><\/div><div style=\"margin-left: 8px;\"> <div style=\" background-color: #F4F4F4; border-radius: 50%; flex-grow: 0; height: 20px; width: 20px;\"><\/div> <div style=\" width: 0; height: 0; border-top: 2px solid transparent; border-left: 6px solid #f4f4f4; border-bottom: 2px solid transparent; transform: translateX(16px) translateY(-4px) rotate(30deg)\"><\/div><\/div><div style=\"margin-left: auto;\"> <div style=\" width: 0px; border-top: 8px solid #F4F4F4; border-right: 8px solid transparent; transform: translateY(16px);\"><\/div> <div style=\" background-color: #F4F4F4; flex-grow: 0; height: 12px; width: 16px; transform: translateY(-4px);\"><\/div> <div style=\" width: 0; height: 0; border-top: 8px solid #F4F4F4; border-left: 8px solid transparent; transform: translateY(-4px) translateX(8px);\"><\/div><\/div><\/div> <div style=\"display: flex; flex-direction: column; flex-grow: 1; justify-content: center; margin-bottom: 24px;\"> <div style=\" background-color: #F4F4F4; border-radius: 4px; flex-grow: 0; height: 14px; margin-bottom: 6px; width: 224px;\"><\/div> <div style=\" background-color: #F4F4F4; border-radius: 4px; flex-grow: 0; height: 14px; width: 144px;\"><\/div><\/div><\/a><p style=\" color:#c9c8cd; font-family:Arial,sans-serif; font-size:14px; line-height:17px; margin-bottom:0; margin-top:8px; overflow:hidden; padding:8px 0 7px; text-align:center; text-overflow:ellipsis; white-space:nowrap;\"><a href=\"https:\/\/www.instagram.com\/p\/DCEIuSPMa6c\/?utm_source=ig_embed&amp;utm_campaign=loading\" style=\" color:#c9c8cd; font-family:Arial,sans-serif; font-size:14px; font-style:normal; font-weight:normal; line-height:17px; text-decoration:none;\" target=\"_blank\" rel=\"noopener\">A post shared by Fundaci\u00f3n CARF (@fundacion_carf)<\/a><\/p><\/div><\/blockquote> <script async src=\"\/\/www.instagram.com\/embed.js\"><\/script>\n\n\n\n<h3 class=\"wp-block-heading\">Sacs \u00e0 dos de vases sacr\u00e9s avec aube personnalis\u00e9e<\/h3>\n\n\n\n<p>Ces sacs \u00e0 dos contiennent tout ce qui est n\u00e9cessaire pour c\u00e9l\u00e9brer la Sainte Messe partout dans le monde : une petite nappe d'autel en soie, un calice, une pat\u00e8ne, un ciboire, deux burettes, une \u00e9tole, de l'hysope, de l'huile de chr\u00eame, un cintre, une aube faite sur mesure et m\u00eame deux cierges et un crucifix.&nbsp;<\/p>\n\n\n\n<p>Emmanuel, Paul, Modeste, Halalisane, Thomas, Jean... sont quelques-uns des noms des 19 s\u00e9minaristes qui seront dipl\u00f4m\u00e9s cette ann\u00e9e du S\u00e9minaire international de la Bidassoa (Pampelune) et qui \u00e9tudient \u00e0 l'Universit\u00e9 de Navarre.<\/p>\n\n\n\n<figure class=\"wp-block-image size-large\"><img decoding=\"async\" width=\"1024\" height=\"926\" src=\"https:\/\/fundacioncarf.org\/wp-content\/uploads\/2021\/10\/mochilaabierta-1024x926.jpg\" alt=\"Mochila de vasos sagrados con todo lo necesario para celebrar la Santa Misa\" class=\"wp-image-175426\" srcset=\"https:\/\/fundacioncarf.org\/wp-content\/uploads\/2021\/10\/mochilaabierta-1024x926.jpg 1024w, https:\/\/fundacioncarf.org\/wp-content\/uploads\/2021\/10\/mochilaabierta-600x543.jpg 600w, https:\/\/fundacioncarf.org\/wp-content\/uploads\/2021\/10\/mochilaabierta-300x271.jpg 300w, https:\/\/fundacioncarf.org\/wp-content\/uploads\/2021\/10\/mochilaabierta-768x695.jpg 768w, https:\/\/fundacioncarf.org\/wp-content\/uploads\/2021\/10\/mochilaabierta.jpg 1433w\" sizes=\"(max-width: 1024px) 100vw, 1024px\" \/><figcaption class=\"wp-element-caption\">Sac \u00e0 dos pour vases sacr\u00e9s contenant tout ce qui est n\u00e9cessaire \u00e0 la c\u00e9l\u00e9bration de la Sainte Messe.<\/figcaption><\/figure>\n\n\n\n<p>Tous recevront, des mains des responsables du PAS, leur sac \u00e0 dos avec les objets liturgiques et les aubes cousues sur mesure pour chacun des s\u00e9minaristes.&nbsp;<\/p>\n\n\n\n<p>Gr\u00e2ce \u00e0 cette aide, ils pourront c\u00e9l\u00e9brer dignement l'Eucharistie et les sacrements, que ce soit dans un village recul\u00e9 d'Am\u00e9rique latine ou en Afrique o\u00f9 la pr\u00e9sence de pr\u00eatres est rare.&nbsp;<\/p>\n\n\n\n<p>Le sac \u00e0 dos et tout son contenu, qui co\u00fbte 600 euros, sont fabriqu\u00e9s par Granda, un atelier artisanal renomm\u00e9 d'objets liturgiques situ\u00e9 \u00e0 Madrid. Le march\u00e9 de charit\u00e9 est l'un des \u00e9v\u00e9nements qui nous aide \u00e0 couvrir ce co\u00fbt.<\/p>\n\n\n\n<p>Chaque ann\u00e9e acad\u00e9mique, quelque 300 s\u00e9minaristes sont form\u00e9s entre Pampelune et Rome. Et environ 1 700 pr\u00eatres dioc\u00e9sains \u00e0 l'Universit\u00e9 pontificale de la Sainte-Croix, \u00e0 Rome, et aux Facult\u00e9s eccl\u00e9siastiques de l'Universit\u00e9 de Navarre, \u00e0 Pampelune, ainsi qu'une centaine de personnes dans la vie consacr\u00e9e.<\/p>","protected":false},"excerpt":{"rendered":"<p>Cette 28e \u00e9dition est organis\u00e9e par les b\u00e9n\u00e9voles du Patronato de Acci\u00f3n Social de la fondation afin de collecter des fonds pour la formation des s\u00e9minaristes, des pr\u00eatres dioc\u00e9sains et des religieux. <\/p>","protected":false},"author":719,"featured_media":200060,"comment_status":"closed","ping_status":"closed","sticky":false,"template":"","format":"standard","meta":{"_acf_changed":false,"give_campaign_id":0,"footnotes":""},"categories":[13],"tags":[207,208],"class_list":["post-192298","post","type-post","status-publish","format-standard","has-post-thumbnail","hentry","category-blog","tag-mercadillo-solidario","tag-voluntariado"],"acf":[],"_links":{"self":[{"href":"https:\/\/fundacioncarf.org\/fr\/wp-json\/wp\/v2\/posts\/192298","targetHints":{"allow":["GET"]}}],"collection":[{"href":"https:\/\/fundacioncarf.org\/fr\/wp-json\/wp\/v2\/posts"}],"about":[{"href":"https:\/\/fundacioncarf.org\/fr\/wp-json\/wp\/v2\/types\/post"}],"author":[{"embeddable":true,"href":"https:\/\/fundacioncarf.org\/fr\/wp-json\/wp\/v2\/users\/719"}],"replies":[{"embeddable":true,"href":"https:\/\/fundacioncarf.org\/fr\/wp-json\/wp\/v2\/comments?post=192298"}],"version-history":[{"count":10,"href":"https:\/\/fundacioncarf.org\/fr\/wp-json\/wp\/v2\/posts\/192298\/revisions"}],"predecessor-version":[{"id":200357,"href":"https:\/\/fundacioncarf.org\/fr\/wp-json\/wp\/v2\/posts\/192298\/revisions\/200357"}],"wp:featuredmedia":[{"embeddable":true,"href":"https:\/\/fundacioncarf.org\/fr\/wp-json\/wp\/v2\/media\/200060"}],"wp:attachment":[{"href":"https:\/\/fundacioncarf.org\/fr\/wp-json\/wp\/v2\/media?parent=192298"}],"wp:term":[{"taxonomy":"category","embeddable":true,"href":"https:\/\/fundacioncarf.org\/fr\/wp-json\/wp\/v2\/categories?post=192298"},{"taxonomy":"post_tag","embeddable":true,"href":"https:\/\/fundacioncarf.org\/fr\/wp-json\/wp\/v2\/tags?post=192298"}],"curies":[{"name":"wp","href":"https:\/\/api.w.org\/{rel}","templated":true}]}}