{"id":183259,"date":"2026-09-05T02:00:00","date_gmt":"2026-09-05T00:00:00","guid":{"rendered":"https:\/\/staging.fundacioncarf.org\/como-funciona-la-fe\/"},"modified":"2026-09-03T16:47:19","modified_gmt":"2026-09-03T14:47:19","slug":"como-vivir-la-fe-fundacion-carf","status":"publish","type":"post","link":"https:\/\/fundacioncarf.org\/fr\/como-vivir-la-fe-fundacion-carf\/","title":{"rendered":"Comment vivre sa foi ? Qu'est-ce que la foi et quel est son rapport avec la raison ?"},"content":{"rendered":"<p class=\"wp-block-paragraph\">Il y a des questions qui accompagnent l'\u00eatre humain depuis toujours : Dieu existe-t-il ? Pourquoi sommes-nous ici ? Quel est le sens de notre vie ? Pouvons-nous conna\u00eetre la v\u00e9rit\u00e9 ? Que se passe-t-il apr\u00e8s la mort ?<\/p>\n\n\n\n<p class=\"wp-block-paragraph\">La foi chr\u00e9tienne ne vous invite pas \u00e0 cesser de vous poser ces questions. Au contraire, <strong>La foi cherche \u00e0 comprendre<\/strong> et s'appuie \u00e9galement sur l'intelligence, la libert\u00e9 et l'exp\u00e9rience humaine.<\/p>\n\n\n\n<p class=\"wp-block-paragraph\">Pour un chr\u00e9tien, croire ne signifie pas fermer les yeux sur la r\u00e9alit\u00e9. Cela signifie les ouvrir \u00e0 une r\u00e9alit\u00e9 plus grande : la possibilit\u00e9 que Dieu existe, qu\u2019Il nous connaisse, qu\u2019Il nous aime et qu\u2019Il souhaite entrer en relation avec nous.<\/p>\n\n\n\n<h3 id=\"que-es-la-fe\" class=\"wp-block-heading\">Qu'est-ce que la foi ?<\/h3>\n\n\n\n<p class=\"wp-block-paragraph\">La foi, c'est avant tout, <strong>une r\u00e9ponse personnelle de l'\u00eatre humain \u00e0 Dieu<\/strong>. Le Cat\u00e9chisme de l\u2019\u00c9glise catholique explique que Dieu se r\u00e9v\u00e8le \u00e0 l\u2019homme et l\u2019invite \u00e0 entrer en communion avec Lui. La r\u00e9ponse \u00e0 cette invitation, c\u2019est la foi : une adh\u00e9sion personnelle \u00e0 Dieu et, en m\u00eame temps, une adh\u00e9sion libre aux v\u00e9rit\u00e9s qu\u2019Il a r\u00e9v\u00e9l\u00e9es.<\/p>\n\n\n\n<p class=\"wp-block-paragraph\">C'est pourquoi la foi ne consiste pas simplement \u00e0 accepter que \u00ab Dieu existe \u00bb. Croire, c'est lui faire confiance et orienter sa vie en fonction de cette confiance.<\/p>\n\n\n\n<p class=\"wp-block-paragraph\">Pour le chr\u00e9tien, en outre, croire en Dieu est indissociable de la foi en J\u00e9sus-Christ, le Fils de Dieu fait homme, et en le Saint-Esprit. La foi est donc, <strong>une relation vivante avec Dieu<\/strong>.<\/p>\n\n\n\n<p class=\"wp-block-paragraph\">Il ne s'agit pas seulement de conna\u00eetre une s\u00e9rie de v\u00e9rit\u00e9s religieuses, mais de conna\u00eetre une Personne et de laisser cette rencontre transformer notre fa\u00e7on de penser, de d\u00e9cider et de vivre.<\/p>\n\n\n\n<h3 id=\"la-fe-es-un-don-de-dios\" class=\"wp-block-heading\">La foi est-elle un don de Dieu ?<\/h3>\n\n\n\n<p class=\"wp-block-paragraph\">L'\u00c9glise enseigne que <strong>La foi est un don de Dieu<\/strong>, une gr\u00e2ce qu'Il offre \u00e0 l'\u00eatre humain. Mais cela ne signifie pas pour autant que nous croyions automatiquement ni que notre libert\u00e9 disparaisse.<\/p>\n\n\n\n<p class=\"wp-block-paragraph\">Le Cat\u00e9chisme explique que, pour croire, nous avons besoin de la gr\u00e2ce de Dieu et de l\u2019action int\u00e9rieure du Saint-Esprit, mais aussi que croire est un acte v\u00e9ritablement humain. L\u2019intelligence et la volont\u00e9 collaborent avec la gr\u00e2ce.<\/p>\n\n\n\n<p class=\"wp-block-paragraph\">On pourrait dire que Dieu fait le premier pas, mais qu\u2019Il attend notre r\u00e9ponse. C\u2019est pourquoi la foi ne peut s\u2019imposer. Il s\u2019agit d\u2019une r\u00e9ponse libre \u00e0 une invitation. Dieu va \u00e0 la rencontre de l\u2019homme et lui parle ; l\u2019homme peut \u00e9couter, chercher, interroger, accueillir cet appel et y r\u00e9pondre.<\/p>\n\n\n\n<figure class=\"wp-block-image size-full\"><img decoding=\"async\" width=\"1000\" height=\"667\" src=\"https:\/\/fundacioncarf.org\/wp-content\/uploads\/2026\/09\/vivir-la-fe-catolica.webp\" alt=\"Vivir la fe cat\u00f3lica\" class=\"wp-image-233030\" style=\"aspect-ratio:1.4992888417882142\" srcset=\"https:\/\/fundacioncarf.org\/wp-content\/uploads\/2026\/09\/vivir-la-fe-catolica.webp 1000w, https:\/\/fundacioncarf.org\/wp-content\/uploads\/2026\/09\/vivir-la-fe-catolica-300x200.webp 300w, https:\/\/fundacioncarf.org\/wp-content\/uploads\/2026\/09\/vivir-la-fe-catolica-150x100.webp 150w, https:\/\/fundacioncarf.org\/wp-content\/uploads\/2026\/09\/vivir-la-fe-catolica-768x512.webp 768w, https:\/\/fundacioncarf.org\/wp-content\/uploads\/2026\/09\/vivir-la-fe-catolica-18x12.webp 18w\" sizes=\"(max-width: 1000px) 100vw, 1000px\" \/><\/figure>\n\n\n\n<h3 id=\"fe-y-razon-son-compatibles\" class=\"wp-block-heading\">Foi et raison : sont-elles compatibles ?<\/h3>\n\n\n\n<p class=\"wp-block-paragraph\">L'une des questions les plus fr\u00e9quentes est justement celle-ci : <strong>Peut-on croire en Dieu tout en \u00e9tant une personne rationnelle ?<\/strong><\/p>\n\n\n\n<p class=\"wp-block-paragraph\">La r\u00e9ponse de l'\u00c9glise est oui. La foi et la raison ne sont pas ennemies. Elles portent sur des dimensions diff\u00e9rentes de la r\u00e9alit\u00e9, mais toutes deux collaborent \u00e0 la recherche de la v\u00e9rit\u00e9.<\/p>\n\n\n\n<p class=\"wp-block-paragraph\">La foi n\u2019exige pas d\u2019accepter qu\u2019une chose soit vraie simplement parce que nous ne pouvons pas la comprendre. Elle ne signifie pas non plus renoncer \u00e0 la raison. Le Cat\u00e9chisme affirme que l\u2019adh\u00e9sion de la foi n\u2019est pas un acte aveugle et qu\u2019il existe des motifs de cr\u00e9dibilit\u00e9 qui contribuent \u00e0 montrer que croire n\u2019est pas irrationnel.<\/p>\n\n\n\n<p class=\"wp-block-paragraph\">La raison peut nous amener \u00e0 nous interroger sur l\u2019existence de Dieu et \u00e0 d\u00e9couvrir que la r\u00e9alit\u00e9 ne se limite pas \u00e0 ce que nous pouvons mesurer ou exp\u00e9rimenter directement. La foi, quant \u00e0 elle, permet d\u2019accueillir une v\u00e9rit\u00e9 que Dieu lui-m\u00eame r\u00e9v\u00e8le et qui d\u00e9passe ce que la raison humaine pourrait atteindre par ses propres moyens.<\/p>\n\n\n\n<p class=\"wp-block-paragraph\">C'est pourquoi, <strong>La foi et la raison sont indispensables l\u2019une \u00e0 l\u2019autre et s\u2019enrichissent mutuellement<\/strong>. La recherche scientifique, lorsqu\u2019elle est men\u00e9e correctement, n\u2019est pas non plus n\u00e9cessairement en contradiction avec la foi. La science \u00e9tudie la r\u00e9alit\u00e9 naturelle \u00e0 l\u2019aide de ses propres m\u00e9thodes ; la foi ouvre l\u2019esprit \u00e0 des questions sur son sens ultime et sur le myst\u00e8re de Dieu.<\/p>\n\n\n\n<p class=\"wp-block-paragraph\"><strong>Croire ne signifie pas croire n'importe quoi<\/strong><\/p>\n\n\n\n<p class=\"wp-block-paragraph\">Nous utilisons parfois le mot \u00ab foi \u00bb pour d\u00e9signer simplement le fait d\u2019avoir confiance en quelque chose ou en quelqu\u2019un. Mais la foi chr\u00e9tienne a un contenu pr\u00e9cis. Dire \u00ab j\u2019ai foi en cela, tout ira bien \u00bb n\u2019est pas la m\u00eame chose qu\u2019affirmer \u00ab je crois en Dieu \u00bb.<\/p>\n\n\n\n<p class=\"wp-block-paragraph\">Dans le premier cas, nous exprimons un espoir ou une confiance personnelle. Dans le second, nous parlons d\u2019une adh\u00e9sion \u00e0 Dieu et \u00e0 la R\u00e9v\u00e9lation qu\u2019Il a communiqu\u00e9e.<\/p>\n\n\n\n<p class=\"wp-block-paragraph\">La raison ultime de la foi chr\u00e9tienne n'est pas que toutes les v\u00e9rit\u00e9s r\u00e9v\u00e9l\u00e9es puissent \u00eatre d\u00e9montr\u00e9es par notre raison naturelle, mais la confiance en <strong>Dieu qui se r\u00e9v\u00e8le et qui ne peut ni se tromper ni nous tromper<\/strong>.<\/p>\n\n\n\n<p class=\"wp-block-paragraph\"><strong>Comment la foi s'exprime-t-elle dans la vie d'une personne ?<\/strong><\/p>\n\n\n\n<p class=\"wp-block-paragraph\">La foi commence par une r\u00e9ponse, mais elle devient ensuite un chemin. Croire modifie peu \u00e0 peu la mani\u00e8re dont on per\u00e7oit la r\u00e9alit\u00e9.<\/p>\n\n\n\n<p class=\"wp-block-paragraph\">Une personne qui vit dans la foi peut continuer \u00e0 rencontrer des difficult\u00e9s, des doutes, des souffrances et des moments de t\u00e9n\u00e8bres. La diff\u00e9rence r\u00e9side dans le fait qu\u2019elle s\u2019efforce de les vivre avec une confiance renouvel\u00e9e : <strong>Elle n'est pas seule et sa vie a un sens qui d\u00e9passe les circonstances imm\u00e9diates<\/strong>.<\/p>\n\n\n\n<p class=\"wp-block-paragraph\">La foi aide \u00e0 porter un regard diff\u00e9rent sur le travail, la famille, les relations personnelles, la souffrance, les d\u00e9cisions, mais aussi les moments de joie. Elle n\u2019\u00e9limine pas les difficult\u00e9s, mais elle peut changer la mani\u00e8re de les affronter. C\u2019est pourquoi la foi chr\u00e9tienne n\u2019est pas seulement une question de r\u00e9flexion. <strong>C'est quelque chose qui se vit.<\/strong><\/p>\n\n\n\n<h4 class=\"wp-block-heading\">Comment renforcer sa foi ?<\/h4>\n\n\n\n<p class=\"wp-block-paragraph\">La foi est un don, mais elle doit \u00e9galement \u00eatre accueillie, entretenue et nourrie. Comme pour toute relation personnelle, l'amiti\u00e9 avec Dieu s'\u00e9panouit lorsque l'on y consacre du temps.<\/p>\n\n\n\n<p class=\"wp-block-paragraph\"><strong>1. Par la pri\u00e8re<\/strong><\/p>\n\n\n\n<p class=\"wp-block-paragraph\"><strong>La pri\u00e8re est un dialogue avec Dieu.<\/strong> Il n'est pas n\u00e9cessaire de commencer par de grands discours. Il suffit parfois de Lui parler en toute simplicit\u00e9 : Le remercier, Lui demander de l'aide, Lui confier nos soucis ou rester quelques minutes en silence en Sa pr\u00e9sence.<\/p>\n\n\n\n<p class=\"wp-block-paragraph\"><strong>2. Avec les Saintes \u00c9critures<\/strong><\/p>\n\n\n\n<p class=\"wp-block-paragraph\">La Bible occupe une place fondamentale dans la vie de foi car elle permet de d\u00e9couvrir l'histoire du salut et, en particulier, J\u00e9sus-Christ.<\/p>\n\n\n\n<p class=\"wp-block-paragraph\">En f\u00e9vrier 2026, L\u00e9on XIV a consacr\u00e9 l'une de ses cat\u00e9ch\u00e8ses \u00e0 la Constitution <em>Dei Verbum<\/em> et a rappel\u00e9 le lien profond qui unit la Parole de Dieu, l\u2019\u00c9glise et la foi. Il a soulign\u00e9 que l\u2019\u00c9criture trouve sa place propre au sein de la communaut\u00e9 chr\u00e9tienne et que sa lecture conduit \u00e0 la rencontre avec le Christ et au dialogue avec Dieu.<\/p>\n\n\n\n<p class=\"wp-block-paragraph\">Lire l'\u00c9vangile, le m\u00e9diter et se demander ce qu'il nous dit aujourd'hui peut ainsi devenir une v\u00e9ritable \u00e9cole de foi.<\/p>\n\n\n\n<p class=\"wp-block-paragraph\"><strong>3. Par les sacrements<\/strong><\/p>\n\n\n\n<p class=\"wp-block-paragraph\">La foi ne se vit pas uniquement au plus profond de chaque personne. <strong>Les sacrements nous aident \u00e0 rencontrer le Christ et \u00e0 approfondir notre relation avec Lui.<\/strong><\/p>\n\n\n\n<p class=\"wp-block-paragraph\">Dans ces moments-l\u00e0, Dieu nous accompagne tout au long des diff\u00e9rentes \u00e9tapes de notre vie chr\u00e9tienne. <a href=\"https:\/\/fundacioncarf.org\/bautizar-ninos-pequenos-esperar-o-no\/\" data-type=\"link\" data-id=\"https:\/\/fundacioncarf.org\/bautizar-ninos-pequenos-esperar-o-no\/\" target=\"_blank\" rel=\"noreferrer noopener\">Le bapt\u00eame<\/a> Elle nous int\u00e8gre \u00e0 l\u2019\u00c9glise et, dans l\u2019Eucharistie, nous recevons le Christ et nous nous unissons \u00e0 Lui d\u2019une mani\u00e8re particuli\u00e8re. C\u2019est pourquoi, <strong>Participer aux sacrements est \u00e9galement un moyen de nourrir et de renforcer notre foi<\/strong>.<\/p>\n\n\n\n<figure class=\"wp-block-image size-full\"><img decoding=\"async\" width=\"1000\" height=\"667\" src=\"https:\/\/fundacioncarf.org\/wp-content\/uploads\/2026\/09\/comunion-fe-catolica.webp\" alt=\"Comuni\u00f3n\" class=\"wp-image-233029\" style=\"aspect-ratio:1.4992888417882142\" srcset=\"https:\/\/fundacioncarf.org\/wp-content\/uploads\/2026\/09\/comunion-fe-catolica.webp 1000w, https:\/\/fundacioncarf.org\/wp-content\/uploads\/2026\/09\/comunion-fe-catolica-300x200.webp 300w, https:\/\/fundacioncarf.org\/wp-content\/uploads\/2026\/09\/comunion-fe-catolica-150x100.webp 150w, https:\/\/fundacioncarf.org\/wp-content\/uploads\/2026\/09\/comunion-fe-catolica-768x512.webp 768w, https:\/\/fundacioncarf.org\/wp-content\/uploads\/2026\/09\/comunion-fe-catolica-18x12.webp 18w\" sizes=\"(max-width: 1000px) 100vw, 1000px\" \/><\/figure>\n\n\n\n<p class=\"wp-block-paragraph\"><strong>4. Avec la communaut\u00e9 chr\u00e9tienne<\/strong><\/p>\n\n\n\n<p class=\"wp-block-paragraph\">La foi n'est pas non plus destin\u00e9e \u00e0 \u00eatre v\u00e9cue dans la solitude. L'\u00c9glise est une communaut\u00e9 de croyants qui cheminent ensemble, s'entraident, prient les uns pour les autres et partagent la mission d'annoncer l'\u00c9vangile.<\/p>\n\n\n\n<p class=\"wp-block-paragraph\">La communaut\u00e9 chr\u00e9tienne nous aide \u00e9galement lorsque notre propre foi faiblit. Il y a des moments o\u00f9 nous avons besoin de nous appuyer sur la foi d'autrui.<\/p>\n\n\n\n<p class=\"wp-block-paragraph\"><strong>5. Avec charit\u00e9<\/strong><\/p>\n\n\n\n<p class=\"wp-block-paragraph\">Croire en Dieu, c'est aussi apprendre \u00e0 porter un regard diff\u00e9rent sur son prochain, en particulier sur ceux qui souffrent ou qui ont besoin d'aide.<\/p>\n\n\n\n<p class=\"wp-block-paragraph\">La foi et la charit\u00e9 ne sont pas deux voies distinctes. La rencontre avec Dieu transforme notre relation avec les autres et nous pousse \u00e0 servir.<\/p>\n\n\n\n<p class=\"wp-block-paragraph\"><strong>La foi dans un monde en mutation<\/strong><\/p>\n\n\n\n<p class=\"wp-block-paragraph\">En 2026, nous vivons au c\u0153ur de progr\u00e8s scientifiques et technologiques qui transforment notre fa\u00e7on de travailler, de communiquer et m\u00eame de nous comprendre nous-m\u00eames.<\/p>\n\n\n\n<p class=\"wp-block-paragraph\">Dans son encyclique <em>Magnifica Humanitas<\/em>, publi\u00e9e le 15 mai 2026, L\u00e9on XIV r\u00e9fl\u00e9chit pr\u00e9cis\u00e9ment \u00e0 la personne humaine \u00e0 l\u2019\u00e8re de l\u2019intelligence artificielle et rappelle que la v\u00e9ritable pl\u00e9nitude de l\u2019\u00eatre humain ne consiste pas \u00e0 d\u00e9passer ses limites gr\u00e2ce \u00e0 la technologie, mais \u00e0 s\u2019ouvrir \u00e0 la gr\u00e2ce de Dieu et \u00e0 grandir dans l\u2019amour.<\/p>\n\n\n\n<p class=\"wp-block-paragraph\">Cette approche renvoie \u00e0 une question essentielle de la foi : <strong>Qu'est-ce qui rend v\u00e9ritablement l'\u00eatre humain heureux ?<\/strong><\/p>\n\n\n\n<p class=\"wp-block-paragraph\">Nous disposons peut-\u00eatre de plus d'informations, de plus de technologies et de plus de possibilit\u00e9s que jamais, et pourtant, nous continuons \u00e0 nous poser les m\u00eames questions fondamentales. Qui suis-je ? Pourquoi est-ce que je vis ? \u00c0 qui puis-je confier ma vie ? O\u00f9 se trouve le vrai bonheur ?<\/p>\n\n\n\n<h2 id=\"la-fe-se-convierte-en-una-forma-de-vivir\" class=\"wp-block-heading\">La foi devient un mode de vie<\/h2>\n\n\n\n<p class=\"wp-block-paragraph\">L\u00e9on XIV a rappel\u00e9 <a href=\"https:\/\/www.vatican.va\/content\/leo-xiv\/es\/apost_letters\/documents\/20251123-in-unitate-fidei.html\" data-type=\"link\" data-id=\"https:\/\/www.vatican.va\/content\/leo-xiv\/es\/apost_letters\/documents\/20251123-in-unitate-fidei.html\" target=\"_blank\" rel=\"noreferrer noopener\">dans sa lettre apostolique <em>Dans l'unit\u00e9 de la foi<\/em><\/a>, publi\u00e9e \u00e0 l'occasion du 1 700e anniversaire du concile de Nic\u00e9e, que la profession de foi ne peut se limiter \u00e0 de simples paroles. Comme le souligne le pape, <strong>\u00ab Ce que nous disons doit venir du c\u0153ur, afin que cela se refl\u00e8te dans notre vie \u00bb<\/strong>. C'est pourquoi il nous invite \u00e0 nous demander si nous comprenons et vivons r\u00e9ellement ce que nous professons chaque dimanche dans le Credo.<\/p>\n\n\n\n<p class=\"wp-block-paragraph\">C'est peut-\u00eatre l'une des meilleures fa\u00e7ons de comprendre comment fonctionne la foi : <strong>La foi ne se limite pas \u00e0 ce en quoi nous croyons : elle transforme notre fa\u00e7on de vivre.<\/strong><\/p>\n\n\n\n<p class=\"wp-block-paragraph\" id=\"la-fe-una-respuesta-a-la-llamada-de-dios\"><strong>La foi : une r\u00e9ponse \u00e0 l'appel de Dieu<\/strong><\/p>\n\n\n\n<p class=\"wp-block-paragraph\">Dieu vient \u00e0 notre rencontre, se r\u00e9v\u00e8le et nous invite \u00e0 entrer en relation avec Lui. Mais Il attend une r\u00e9ponse libre. C\u2019est pourquoi la question \u00ab Comment fonctionne la foi ? \u00bb peut finalement nous conduire \u00e0 une question bien plus personnelle : <strong>Que dois-je faire de l'invitation que Dieu m'adresse ?<\/strong><\/p>\n\n\n\n<p class=\"wp-block-paragraph\">La r\u00e9ponse de chacun est unique. Pour certains, elle commence par une question. Pour d\u2019autres, par une difficult\u00e9. Pour d\u2019autres encore, par le t\u00e9moignage de quelqu\u2019un, une lecture, une conversation ou un moment de pri\u00e8re.<\/p>\n\n\n\n<p class=\"wp-block-paragraph\">Le chemin peut toujours commencer. Car la foi ne consiste pas \u00e0 avoir toutes les r\u00e9ponses avant de faire le premier pas. Elle consiste \u00e0 <strong>oser chercher Dieu, lui faire confiance et laisser cette confiance transformer notre vie<\/strong>.<\/p>\n\n\n\n<hr class=\"wp-block-separator has-alpha-channel-opacity\"\/>\n\n\n\n<p class=\"wp-block-paragraph\">Article original de <strong>Francisco Varo Pineda<\/strong>, Universit\u00e9 de Navarre, Facult\u00e9 de th\u00e9ologie.<\/p>\n\n\n\n<hr class=\"wp-block-separator has-alpha-channel-opacity\"\/>\n\n\n\n<div class=\"wp-block-rank-math-toc-block\" id=\"rank-math-toc\"><h2>Table des mati\u00e8res<\/h2><nav><ul><li><a href=\"#que-es-la-fe\">Qu'est-ce que la foi ?<\/a><\/li><li><a href=\"#la-fe-es-un-don-de-dios\">La foi est-elle un don de Dieu ?<\/a><\/li><li><a href=\"#fe-y-razon-son-compatibles\">Foi et raison : sont-elles compatibles ?<\/a><\/li><\/ul><\/nav><\/div>\n\n\n\n<hr class=\"wp-block-separator has-alpha-channel-opacity\"\/>","protected":false},"excerpt":{"rendered":"<p>Est-il raisonnable de croire en Dieu ? La foi et la raison sont-elles compatibles ? La foi est-elle un sentiment, une d\u00e9cision ou un don de Dieu ? La foi chr\u00e9tienne ne consiste pas \u00e0 croire sans r\u00e9fl\u00e9chir, mais \u00e0 r\u00e9pondre librement \u00e0 Dieu qui vient \u00e0 notre rencontre. Nous d\u00e9couvrons ce qu\u2019est la foi, comment elle fonctionne et comment nous pouvons la vivre et la renforcer chaque jour.<\/p>","protected":false},"author":4,"featured_media":233025,"comment_status":"open","ping_status":"closed","sticky":false,"template":"","format":"standard","meta":{"_acf_changed":false,"footnotes":""},"categories":[13],"tags":[196,197,452,7,8,6],"class_list":["post-183259","post","type-post","status-publish","format-standard","has-post-thumbnail","hentry","category-blog","tag-dios","tag-fe","tag-fe-catolica","tag-oracion","tag-sacramentos","tag-vida-cristiana"],"acf":[],"_links":{"self":[{"href":"https:\/\/fundacioncarf.org\/fr\/wp-json\/wp\/v2\/posts\/183259","targetHints":{"allow":["GET"]}}],"collection":[{"href":"https:\/\/fundacioncarf.org\/fr\/wp-json\/wp\/v2\/posts"}],"about":[{"href":"https:\/\/fundacioncarf.org\/fr\/wp-json\/wp\/v2\/types\/post"}],"author":[{"embeddable":true,"href":"https:\/\/fundacioncarf.org\/fr\/wp-json\/wp\/v2\/users\/4"}],"replies":[{"embeddable":true,"href":"https:\/\/fundacioncarf.org\/fr\/wp-json\/wp\/v2\/comments?post=183259"}],"version-history":[{"count":7,"href":"https:\/\/fundacioncarf.org\/fr\/wp-json\/wp\/v2\/posts\/183259\/revisions"}],"predecessor-version":[{"id":233705,"href":"https:\/\/fundacioncarf.org\/fr\/wp-json\/wp\/v2\/posts\/183259\/revisions\/233705"}],"wp:featuredmedia":[{"embeddable":true,"href":"https:\/\/fundacioncarf.org\/fr\/wp-json\/wp\/v2\/media\/233025"}],"wp:attachment":[{"href":"https:\/\/fundacioncarf.org\/fr\/wp-json\/wp\/v2\/media?parent=183259"}],"wp:term":[{"taxonomy":"category","embeddable":true,"href":"https:\/\/fundacioncarf.org\/fr\/wp-json\/wp\/v2\/categories?post=183259"},{"taxonomy":"post_tag","embeddable":true,"href":"https:\/\/fundacioncarf.org\/fr\/wp-json\/wp\/v2\/tags?post=183259"}],"curies":[{"name":"wp","href":"https:\/\/api.w.org\/{rel}","templated":true}]}}