{"id":183032,"date":"2021-01-07T08:00:00","date_gmt":"2021-01-07T07:00:00","guid":{"rendered":"https:\/\/staging.fundacioncarf.org\/los-planes-de-los-cremades-la-audacia-de-los-imposibles\/"},"modified":"2026-01-12T12:37:40","modified_gmt":"2026-01-12T11:37:40","slug":"los-planes-de-los-cremades-libro","status":"publish","type":"post","link":"https:\/\/fundacioncarf.org\/fr\/los-planes-de-los-cremades-libro\/","title":{"rendered":"Les plans des Cr\u00e9mades : L'audace de l'impossible"},"content":{"rendered":"<p><mark class=\"rank-math-highlight\" style=\"background-color: #fee894\">L'histoire de la famille Cremades, et en particulier la figure de Don Javier Cremades Sanz-Pasteur (Saragosse, 27 janvier 1946-Madrid, 7 janvier 2021), offre un t\u00e9moignage singulier de foi audacieuse et de confiance filiale en Dieu.<\/mark> Votre livre <em><a href=\"https:\/\/www.amazon.es\/Los-planes-los-Cremades-Josemar%C3%ADa-ebook\/dp\/B086HP2CZK\" data-type=\"link\" data-id=\"https:\/\/www.amazon.es\/Los-planes-los-Cremades-Josemar%C3%ADa-ebook\/dp\/B086HP2CZK\" target=\"_blank\" rel=\"noopener\">Les plans des Cr\u00e9mades<\/a><\/em> est une \u0153uvre profond\u00e9ment humaine, o\u00f9 convergent souvenirs de famille et anecdotes charg\u00e9es de sens spirituel. <mark class=\"rank-math-highlight\" style=\"background-color: #fee894\">Il refl\u00e8te aussi l'exp\u00e9rience concr\u00e8te d'une m\u00e8re qui a su transmettre \u00e0 ses enfants le courage de vivre la foi avec courage.<\/mark><\/p>\n\n\n\n<p>L'\u0153uvre nous permet de d\u00e9couvrir comment, derri\u00e8re chaque geste quotidien, peut se cacher une le\u00e7on pour la vie sacerdotale et le d\u00e9vouement \u00e0 l'Eglise. <a href=\"https:\/\/fundacioncarf.org\/servir-a-la-iglesia\/\" data-type=\"link\" data-id=\"https:\/\/fundacioncarf.org\/servir-a-la-iglesia\/\">Service religieux<\/a>.<\/p>\n\n\n\n<h2 class=\"wp-block-heading\" id=\"una-familia-marcada-por-la-confianza-en-dios\">Une famille marqu\u00e9e par la confiance en Dieu<\/h2>\n\n\n\n<p>La m\u00e8re de Don Javier, Do\u00f1a Pilar, appara\u00eet dans le livre comme un personnage cl\u00e9. <mark class=\"rank-math-highlight\" style=\"background-color: #fee894\">Femme au caract\u00e8re bien tremp\u00e9 et \u00e0 la d\u00e9votion profonde, elle a \u00e9lev\u00e9 ses enfants dans un environnement o\u00f9 la confiance en Dieu n'\u00e9tait pas abstraite, mais bien r\u00e9elle.<\/mark> L'un des \u00e9pisodes les plus marquants s'est d\u00e9roul\u00e9 en 1958, lorsqu'il a vu la voiture d'un homme d'affaires. <a href=\"https:\/\/fundacioncarf.org\/san-josemaria-escriva-de-balaguer\/\" data-type=\"link\" data-id=\"https:\/\/fundacioncarf.org\/san-josemaria-escriva-de-balaguer\/\">Saint Jos\u00e9maria Escriva<\/a> dans les rues de Saragosse. Sans h\u00e9siter, elle d\u00e9cide de le suivre, convaincue qu'elle doit lui demander de la b\u00e9nir, elle et ses enfants.<\/p>\n\n\n\n<p><mark class=\"rank-math-highlight\" style=\"background-color: #fee894\">Cette sc\u00e8ne, d\u00e9crite par Don Javier avec humour et \u00e9tonnement, est un exemple de l'audace qui peut na\u00eetre de la foi la plus simple :<\/mark> <mark class=\"rank-math-highlight\" style=\"background-color: #fee894\">une foi pleine de tendresse et l'intuition spirituelle d'une m\u00e8re.<\/mark><\/p>\n\n\n\n<figure class=\"wp-block-image size-full\"><img decoding=\"async\" width=\"600\" height=\"672\" src=\"https:\/\/fundacioncarf.org\/wp-content\/uploads\/2023\/05\/familia-cremades-con-san-jose-maria-escriva-de-balaguer-1.jpg\" alt=\"La familia Cremades con san Josemar\u00eda Escriv\u00e1 de Balaguer\" class=\"wp-image-183555\" srcset=\"https:\/\/fundacioncarf.org\/wp-content\/uploads\/2023\/05\/familia-cremades-con-san-jose-maria-escriva-de-balaguer-1.jpg 600w, https:\/\/fundacioncarf.org\/wp-content\/uploads\/2023\/05\/familia-cremades-con-san-jose-maria-escriva-de-balaguer-1-268x300.jpg 268w\" sizes=\"(max-width: 600px) 100vw, 600px\" \/><\/figure>\n\n\n\n<h3 class=\"wp-block-heading\" id=\"la-bendicion-de-san-josemaria-un-gesto-que-marco-a-toda-la-familia\">La b\u00e9n\u00e9diction de saint Jos\u00e9maria : un geste qui a marqu\u00e9 toute la famille<\/h3>\n\n\n\n<p>Cet \u00e9pisode, maintes fois racont\u00e9 par la famille, r\u00e9sume l'essence des \u201cplans\u201d qui donnent son titre au livre. <mark class=\"rank-math-highlight\" style=\"background-color: #fee894\">Pour les Cremade, faire confiance \u00e0 Dieu signifiait agir de mani\u00e8re d\u00e9cisive et ouvrir des voies.<\/mark> <mark class=\"rank-math-highlight\" style=\"background-color: #fee894\">Il s'agissait de tenter ce qui semblait difficile et de supposer que la Providence se manifeste aussi par de petits gestes.<\/mark><\/p>\n\n\n\n<p><mark class=\"rank-math-highlight\" style=\"background-color: #fee894\">L'attitude de Do\u00f1a Pilar a profond\u00e9ment marqu\u00e9 ses enfants, en particulier Javier, qui a d\u00e9couvert que l'amour de Dieu s'exprime dans des initiatives concr\u00e8tes et dans la capacit\u00e9 \u00e0 se lancer sans crainte.<\/mark> <mark class=\"rank-math-highlight\" style=\"background-color: #fee894\">C'est ainsi qu'est n\u00e9 l'un des traits distinctifs de sa vie sacerdotale.<\/mark><\/p>\n\n\n\n<figure class=\"wp-block-image size-full\"><img decoding=\"async\" width=\"600\" height=\"767\" src=\"https:\/\/fundacioncarf.org\/wp-content\/uploads\/2021\/01\/opus-dei-javier-cremades-sanz-pastor.jpg\" alt=\"Sacerdote mayor con gafas y alzacuellos, mirando a c\u00e1mara con expresi\u00f3n serena.\" class=\"wp-image-175023\" srcset=\"https:\/\/fundacioncarf.org\/wp-content\/uploads\/2021\/01\/opus-dei-javier-cremades-sanz-pastor.jpg 600w, https:\/\/fundacioncarf.org\/wp-content\/uploads\/2021\/01\/opus-dei-javier-cremades-sanz-pastor-235x300.jpg 235w\" sizes=\"(max-width: 600px) 100vw, 600px\" \/><figcaption class=\"wp-element-caption\">Portrait de Don Javier Cremades qui traduit la proximit\u00e9 et la s\u00e9r\u00e9nit\u00e9 dans son travail pastoral.<\/figcaption><\/figure>\n\n\n\n<h2 class=\"wp-block-heading\" id=\"un-estilo-sacerdotal-alegre-y-profundamente-humano\">Un style sacerdotal joyeux et profond\u00e9ment humain<\/h2>\n\n\n\n<p>Au fil des pages, les histoires se succ\u00e8dent et montrent la personnalit\u00e9 joyeuse, amicale et profond\u00e9ment spirituelle de Don Javier. Son style direct et sa capacit\u00e9 \u00e0 raconter des anecdotes avec humour r\u00e9v\u00e8lent une mani\u00e8re de vivre la foi qui ne s\u00e9pare pas le sacr\u00e9 du quotidien.<\/p>\n\n\n\n<p>De son adolescence \u00e0 son travail pastoral, il appara\u00eet comme un <a href=\"https:\/\/fundacioncarf.org\/sacerdocio\/que-es-un-sacerdote\/\" data-type=\"link\" data-id=\"https:\/\/fundacioncarf.org\/sacerdocio\/que-es-un-sacerdote\/\">pr\u00eatre<\/a> qui concevait le minist\u00e8re comme un service constant. <mark class=\"rank-math-highlight\" style=\"background-color: #fee894\">Il ne s'agit pas seulement de transmettre une doctrine, mais aussi d'accompagner les gens avec patience et de les consoler avec douceur.<\/mark><\/p>\n\n\n\n<p><mark class=\"rank-math-highlight\" style=\"background-color: #fee894\">De nombreux \u00e9pisodes du livre montrent comment Don Javier a surmont\u00e9 les revers et les surprises.<\/mark> <mark class=\"rank-math-highlight\" style=\"background-color: #fee894\">Il a transform\u00e9 ces situations en opportunit\u00e9s \u00e0 saisir.<\/mark> <mark class=\"rank-math-highlight\" style=\"background-color: #fee894\">Sa m\u00e8re lui a appris que rien n'\u00e9chappe au plan de Dieu, et il a appliqu\u00e9 cette conviction \u00e0 son minist\u00e8re.<\/mark><\/p>\n\n\n\n<p>L'audace qu'il a apprise \u00e0 la maison est devenue un style pastoral : <mark class=\"rank-math-highlight\" style=\"background-color: #fee894\">ne pas avoir peur des d\u00e9fis et donner confiance \u00e0 son entourage.<\/mark> <mark class=\"rank-math-highlight\" style=\"background-color: #fee894\">C'est pourquoi le sous-titre du livre, \u201cl'audace de l'impossible\u201d, d\u00e9crit une mani\u00e8re concr\u00e8te de vivre sa foi.<\/mark><\/p>\n\n\n\n<p><mark class=\"rank-math-highlight\" style=\"background-color: #fee894\">L'importance que Don Javier accordait \u00e0 l'amiti\u00e9 transpara\u00eet dans ses pages.<\/mark> <mark class=\"rank-math-highlight\" style=\"background-color: #fee894\">Il concevait le travail sacerdotal comme un accompagnement personnel.<\/mark> <mark class=\"rank-math-highlight\" style=\"background-color: #fee894\">Chaque \u00e2me m\u00e9rite du temps, de l'attention et un traitement bienveillant.<\/mark><\/p>\n\n\n\n<p><mark class=\"rank-math-highlight\" style=\"background-color: #fee894\">Dans ses \u00e9crits, on trouve des histoires de jeunes qu'il a encourag\u00e9s \u00e0 d\u00e9couvrir leur vocation, de couples qu'il a aid\u00e9s \u00e0 renforcer leur foi et de personnes qui ont trouv\u00e9 en lui un guide spirituel sage et joyeux.<\/mark><\/p>\n\n\n\n<h3 class=\"wp-block-heading\" id=\"un-testimonio-que-ilumina-la-mision-formativa-de-la-fundacion-carf\"><em>Les plans des Cr\u00e9mades<\/em>, un t\u00e9moignage qui met en lumi\u00e8re la mission formatrice de la Fondation CARF.<\/h3>\n\n\n\n<p>La lecture de ce livre est pr\u00e9cieuse pour comprendre la relation entre l'audace et la mission. <mark class=\"rank-math-highlight\" style=\"background-color: #fee894\">La confiance de la famille Cremades en la Providence n'\u00e9tait pas de la na\u00efvet\u00e9, mais une conviction profonde que la foi exige de l'initiative.<\/mark> Don Javier a appliqu\u00e9 cette vision tout au long de sa vie.<\/p>\n\n\n\n<p><mark class=\"rank-math-highlight\" style=\"background-color: #fee894\">Son minist\u00e8re a toujours eu un ton constructif et encourageant, capable d'inciter les autres \u00e0 relever la t\u00eate.<\/mark> Cette attitude est essentielle pour <strong>comprendre l'importance de la formation des pr\u00eatres<\/strong> que nous affrontions les d\u00e9fis d'aujourd'hui avec s\u00e9r\u00e9nit\u00e9 et discernement.<\/p>\n\n\n\n<p>Dans ce sens, <em>Les plans des Cr\u00e9mades<\/em> a une valeur sp\u00e9ciale pour <strong><a href=\"https:\/\/fundacioncarf.org\/conoce-fundacion-carf\/\" data-type=\"link\" data-id=\"https:\/\/fundacioncarf.org\/conoce-fundacion-carf\/\">la mission de la Fondation CARF<\/a><\/strong>. Son contenu rappelle que la <strong><a href=\"https:\/\/fundacioncarf.org\/sacerdocio\/formacion-de-sacerdotes\/\" data-type=\"link\" data-id=\"https:\/\/fundacioncarf.org\/sacerdocio\/formacion-de-sacerdotes\/\">formation sacerdotale<\/a><\/strong> doivent \u00eatre \u00e9tay\u00e9es par des exemples concrets.<\/p>\n\n\n\n<p><mark class=\"rank-math-highlight\" style=\"background-color: #fee894\">Le t\u00e9moignage de familles chr\u00e9tiennes comme les Cremade permet d'illustrer l'importance d'\u00e9lever les futurs pr\u00eatres avec un esprit de service et une foi solide.<\/mark><\/p>\n\n\n\n<p>En outre, le livre invite \u00e0 la r\u00e9flexion sur <strong>le r\u00f4le de la famille dans l'\u00e9mergence des vocations<\/strong>. <mark class=\"rank-math-highlight\" style=\"background-color: #fee894\">L'histoire de Do\u00f1a Pilar est un exemple de l'influence d\u00e9cisive que peut avoir une m\u00e8re sur le cheminement spirituel de ses enfants.<\/mark> <mark class=\"rank-math-highlight\" style=\"background-color: #fee894\">Sa fa\u00e7on de vivre sa foi et sa confiance en la Providence ont cr\u00e9\u00e9 un environnement favorable \u00e0 l'\u00e9coute de la voix de Dieu par Xavier.<\/mark><\/p>\n\n\n\n<p>Le site <strong><a href=\"https:\/\/fundacioncarf.org\/sacerdocio\/\" data-type=\"link\" data-id=\"https:\/\/fundacioncarf.org\/sacerdocio\/\">s\u00e9minaristes et pr\u00eatres<\/a><\/strong> qui se pr\u00e9parent aujourd'hui \u00e0 <strong>servir l'\u00c9glise<\/strong> trouvent dans leur t\u00e9moignage un appel \u00e0 valoriser leurs racines et \u00e0 cultiver une gratitude qui renforce leur engagement.<\/p>\n\n\n\n<p>Enfin, le livre laisse un enseignement clair : <mark class=\"rank-math-highlight\" style=\"background-color: #fee894\">La foi, lorsqu'elle est v\u00e9cue profond\u00e9ment, \u00e9largit l'horizon.<\/mark> <mark class=\"rank-math-highlight\" style=\"background-color: #fee894\">Elle invite \u00e0 l'action et fait de la vie quotidienne une rencontre avec Dieu.<\/mark><\/p>\n\n\n\n<p><mark class=\"rank-math-highlight\" style=\"background-color: #fee894\">L'audace chr\u00e9tienne n'est pas un trait de caract\u00e8re exceptionnel, mais une attitude que chacun peut cultiver.<\/mark> <mark class=\"rank-math-highlight\" style=\"background-color: #fee894\">C'est un courage calme, humble et pers\u00e9v\u00e9rant, n\u00e9 de la certitude que Dieu n'abandonne pas ceux qui lui font confiance.<\/mark><\/p>\n\n\n\n<p><mark class=\"rank-math-highlight\" style=\"background-color: #fee894\">La famille Cremades et la figure de Don Javier offrent un t\u00e9moignage contemporain.<\/mark> <mark class=\"rank-math-highlight\" style=\"background-color: #fee894\">Son histoire nous inspire et nous rappelle que les \u201cimpossibilit\u00e9s\u201d sont des occasions de laisser Dieu agir.<\/mark><\/p>\n\n\n\n<p><mark class=\"rank-math-highlight\" style=\"background-color: #fee894\">Pour ceux qui travaillent \u00e0 la formation des pr\u00eatres et des s\u00e9minaristes, ce livre est une invitation \u00e0 renouveler la confiance dans la mission et \u00e0 transmettre la joie d'une foi v\u00e9cue de mani\u00e8re responsable.<\/mark><\/p>\n\n\n\n<hr class=\"wp-block-separator has-alpha-channel-opacity\"\/>\n\n\n\n<p><strong>Antonio R. Rubio Plo<\/strong>Dipl\u00f4m\u00e9e en histoire et en droit.  R\u00e9dactrice et analyste internationale @blogculturayfe \/ @arubioplo<\/p>\n\n\n\n<hr class=\"wp-block-separator has-alpha-channel-opacity\"\/>\n\n\n\n<div class=\"wp-block-rank-math-toc-block\" id=\"rank-math-toc\"><p><strong>Table des mati\u00e8res<\/strong><\/p><nav><ul><li class=\"\"><a href=\"#una-familia-marcada-por-la-confianza-en-dios\">Une famille marqu\u00e9e par la confiance en Dieu<\/a><ul><li class=\"\"><a href=\"#la-bendicion-de-san-josemaria-un-gesto-que-marco-a-toda-la-familia\">La b\u00e9n\u00e9diction de saint Jos\u00e9maria : un geste qui a marqu\u00e9 toute la famille<\/a><\/li><\/ul><\/li><li class=\"\"><a href=\"#un-estilo-sacerdotal-alegre-y-profundamente-humano\">Un style sacerdotal joyeux et profond\u00e9ment humain<\/a><ul><li class=\"\"><a href=\"#un-testimonio-que-ilumina-la-mision-formativa-de-la-fundacion-carf\">Le projet des Cr\u00e9mades, un t\u00e9moignage qui \u00e9claire la mission formatrice de la Fondation CARF.<\/a><\/li><\/ul><\/li><\/ul><\/nav><\/div>","protected":false},"excerpt":{"rendered":"<p>J'ai rencontr\u00e9 Don Javier Cremades lorsqu'il \u00e9tait aum\u00f4nier de la facult\u00e9 de journalisme de l'universit\u00e9 Complutense. C'\u00e9tait il y a environ vingt ans.<\/p>","protected":false},"author":4,"featured_media":227569,"comment_status":"closed","ping_status":"closed","sticky":false,"template":"","format":"standard","meta":{"_acf_changed":false,"give_campaign_id":0,"footnotes":""},"categories":[13],"tags":[330,6],"class_list":["post-183032","post","type-post","status-publish","format-standard","has-post-thumbnail","hentry","category-blog","tag-formacion-sacerdotal","tag-vida-cristiana"],"acf":[],"_links":{"self":[{"href":"https:\/\/fundacioncarf.org\/fr\/wp-json\/wp\/v2\/posts\/183032","targetHints":{"allow":["GET"]}}],"collection":[{"href":"https:\/\/fundacioncarf.org\/fr\/wp-json\/wp\/v2\/posts"}],"about":[{"href":"https:\/\/fundacioncarf.org\/fr\/wp-json\/wp\/v2\/types\/post"}],"author":[{"embeddable":true,"href":"https:\/\/fundacioncarf.org\/fr\/wp-json\/wp\/v2\/users\/4"}],"replies":[{"embeddable":true,"href":"https:\/\/fundacioncarf.org\/fr\/wp-json\/wp\/v2\/comments?post=183032"}],"version-history":[{"count":10,"href":"https:\/\/fundacioncarf.org\/fr\/wp-json\/wp\/v2\/posts\/183032\/revisions"}],"predecessor-version":[{"id":227596,"href":"https:\/\/fundacioncarf.org\/fr\/wp-json\/wp\/v2\/posts\/183032\/revisions\/227596"}],"wp:featuredmedia":[{"embeddable":true,"href":"https:\/\/fundacioncarf.org\/fr\/wp-json\/wp\/v2\/media\/227569"}],"wp:attachment":[{"href":"https:\/\/fundacioncarf.org\/fr\/wp-json\/wp\/v2\/media?parent=183032"}],"wp:term":[{"taxonomy":"category","embeddable":true,"href":"https:\/\/fundacioncarf.org\/fr\/wp-json\/wp\/v2\/categories?post=183032"},{"taxonomy":"post_tag","embeddable":true,"href":"https:\/\/fundacioncarf.org\/fr\/wp-json\/wp\/v2\/tags?post=183032"}],"curies":[{"name":"wp","href":"https:\/\/api.w.org\/{rel}","templated":true}]}}