{"id":167731,"date":"2026-04-30T02:00:00","date_gmt":"2026-04-30T00:00:00","guid":{"rendered":"https:\/\/carfundacion.roymo.info\/blog\/mayo-es-el-mes-de-la-virgen-maria-conoce-el-por-que\/"},"modified":"2026-04-22T12:09:27","modified_gmt":"2026-04-22T10:09:27","slug":"mayo-mes-de-la-virgen-maria-nuestra-madre","status":"publish","type":"post","link":"https:\/\/fundacioncarf.org\/fr\/mayo-mes-de-la-virgen-maria-nuestra-madre\/","title":{"rendered":"Pourquoi 30 jours de mai pour la Vierge Marie ?"},"content":{"rendered":"<p>L'Eglise accorde ce mois \u00e0 Marie pour mieux la conna\u00eetre et l'aimer. En Europe, le mois de mai est le mois des fleurs, du printemps.  C'est un mois id\u00e9al pour \u00eatre \u00e0 l'ext\u00e9rieur, entour\u00e9 de la beaut\u00e9 de la nature. C'est pr\u00e9cis\u00e9ment parce que tout ce qui nous entoure doit nous rappeler notre Cr\u00e9ateur que nous d\u00e9dions ce mois \u00e0 la Bienheureuse Vierge Marie, une \u00e2me d\u00e9licate qui a offert sa vie aux soins et au service de J\u00e9sus-Christ, notre R\u00e9dempteur.<\/p>\n\n\n\n<blockquote class=\"wp-block-quote is-layout-flow wp-block-quote-is-layout-flow\">\n<p class=\"has-text-align-left\"><em><strong>\u00abDe fa\u00e7on spontan\u00e9e et naturelle, le d\u00e9sir na\u00eet en nous de traiter la M\u00e8re de Dieu, qui est aussi notre M\u00e8re. La traiter comme on traite une personne vivante : parce que la mort n'a pas triomph\u00e9 d'elle, mais qu'elle est corps et \u00e2me avec Dieu le P\u00e8re, avec son Fils, avec l'Esprit Saint. Pour comprendre le r\u00f4le que Marie joue dans la vie chr\u00e9tienne, pour se sentir attir\u00e9 par elle, pour rechercher sa bienveillante compagnie avec une affection filiale, il n'est pas n\u00e9cessaire de faire de grandes dissertations, bien que le myst\u00e8re de la Maternit\u00e9 divine soit d'une richesse de contenu sur laquelle on ne r\u00e9fl\u00e9chira jamais assez\u00bb.\u00bb <\/strong><\/em><a href=\"https:\/\/escriva.org\/es\/es-cristo-que-pasa\/142\/\" data-type=\"link\" data-id=\"https:\/\/escriva.org\/es\/es-cristo-que-pasa\/142\/\" target=\"_blank\" rel=\"noreferrer noopener\">(Saint Jos\u00e9maria, Le Christ passe, 142<\/a>).<\/p>\n<\/blockquote>\n\n\n\n<p><strong>Mai, mois de la Vierge Marie<\/strong>. Le fondateur de l'Opus Dei explique ce que peut \u00eatre notre amour pour la Sainte Vierge.<\/p>\n\n\n\n<h2 class=\"wp-block-heading\" id=\"por-que-mayo-es-el-mes-de-la-virgen-maria\">Pourquoi le mois de mai est-il le mois de la Vierge Marie ?<\/h2>\n\n\n\n<p>Cette coutume chr\u00e9tienne, en vigueur depuis deux si\u00e8cles, co\u00efncide avec le d\u00e9but du printemps et la fin de l'hiver. Le \"triomphe de la vie\" symbolis\u00e9 par le printemps est l'une des raisons pour lesquelles le mois de mai est le mois de la Vierge Marie, M\u00e8re de la Vie, de J\u00e9sus. Cette beaut\u00e9 de la nature nous parle aussi de Marie, de sa beaut\u00e9 int\u00e9rieure et de sa vertu.<\/p>\n\n\n\n<p>Dans la Gr\u00e8ce antique, le mois de mai \u00e9tait d\u00e9di\u00e9 \u00e0 Art\u00e9mis, la d\u00e9esse de la fertilit\u00e9. Dans la Rome antique, le mois de mai \u00e9tait d\u00e9di\u00e9 \u00e0 Flora, la d\u00e9esse de la v\u00e9g\u00e9tation. \u00c0 cette \u00e9poque, on c\u00e9l\u00e9brait la <em>ludi florals<\/em> ou les jeux floraux \u00e0 la fin du mois d'avril et a demand\u00e9 son intercession.<\/p>\n\n\n\n<p>Plus tard, \u00e0 l'\u00e9poque m\u00e9di\u00e9vale, des coutumes similaires abondaient, toutes centr\u00e9es sur l'arriv\u00e9e du beau temps et la fin de l'hiver. Le 1er mai \u00e9tait consid\u00e9r\u00e9 comme l'apog\u00e9e du printemps.<\/p>\n\n\n\n<p>Avant le XIIe si\u00e8cle, on c\u00e9l\u00e9brait la f\u00eate des \"Trente jours de d\u00e9votion \u00e0 Marie\" ou des \"Trente jours de d\u00e9votion \u00e0 Marie\". <em>Tricesimum<\/em>, qui s'est d\u00e9roul\u00e9e entre la seconde moiti\u00e9 du mois d'ao\u00fbt et les 14 premiers jours du mois de septembre.<\/p>\n\n\n\n<p>L'id\u00e9e du mois de mai, le mois de Marie, remonte \u00e0 l'\u00e9poque baroque ou au XVIIe si\u00e8cle. Elle comprenait trente exercices spirituels quotidiens en l'honneur de la M\u00e8re de Dieu. Cette coutume s'est surtout r\u00e9pandue au cours du XIXe si\u00e8cle et est encore pratiqu\u00e9e aujourd'hui, faisant de cette c\u00e9l\u00e9bration des d\u00e9votions sp\u00e9ciales organis\u00e9es chaque jour tout au long du mois.<\/p>\n\n\n\n<p>C\u00e9l\u00e9brer&nbsp;<strong>Ce mois de mai est plus qu'une tradition chr\u00e9tienne, c'est un hommage et une action de gr\u00e2ce \u00e0 celle qui est notre M\u00e8re.<\/strong>. Des d\u00e9tails nombreux et vari\u00e9s peuvent vous \u00eatre propos\u00e9s. Parmi les plus courants, on peut citer&nbsp;<a href=\"https:\/\/fundacioncarf.org\/oracion-en-familia-como-aprender-a-orar\/\" target=\"_blank\" rel=\"noreferrer noopener\">pri\u00e8re en famille<\/a>La pri\u00e8re du Rosaire, l'offrande de fleurs et la m\u00e9ditation de ses dogmes.<\/p>\n\n\n\n<h2 class=\"wp-block-heading\" id=\"la-devocion-a-la-virgen-maria-en-el-mes-de-mayo\">D\u00e9votion \u00e0 la Vierge Marie en mai<\/h2>\n\n\n\n<p>Les fa\u00e7ons dont Marie est honor\u00e9e en mai sont aussi vari\u00e9es que les personnes et les coutumes de ceux qui l'honorent. Il est courant que les paroisses r\u00e9citent chaque jour le Saint Rosaire en mai et beaucoup \u00e9rigent un autel sp\u00e9cial avec une statue ou une image de Marie.<\/p>\n\n\n\n<p>En outre, la tradition veut que l'on couronne sa statue, une coutume connue sous le nom de Couronnement de mai. La couronne est souvent compos\u00e9e de fleurs magnifiques qui repr\u00e9sentent la beaut\u00e9 et la vertu de Marie et rappellent aux fid\u00e8les qu'ils doivent s'efforcer d'imiter ses vertus. Dans certaines r\u00e9gions, ce couronnement donne lieu \u00e0 une grande c\u00e9l\u00e9bration et se d\u00e9roule g\u00e9n\u00e9ralement en dehors de la messe.<\/p>\n\n\n\n<p><strong>Les autels et les couronnements de ce mois ne sont pas seulement le privil\u00e8ge de la paroisse. \u00c0 la maison aussi, il est possible de participer pleinement \u00e0 la vie de l'\u00c9glise.&nbsp;<\/strong>Nous devrions accorder une place sp\u00e9ciale \u00e0 Marie, non pas parce que c'est une tradition ou en raison des gr\u00e2ces sp\u00e9ciales qui peuvent \u00eatre obtenues, mais parce que Marie est notre m\u00e8re, la m\u00e8re du monde entier et parce qu'elle prend soin de nous tous, interc\u00e9dant m\u00eame dans les plus petites choses.<\/p>\n\n\n\n<h3 class=\"wp-block-heading\" id=\"como-se-comportan-un-hijo-con-su-madre\">Comment un fils se comporte-t-il envers sa m\u00e8re ?<\/h3>\n\n\n\n<p>\"Comment un fils ou une fille normal(e) se comporte-t-il(elle) \u00e0 l'\u00e9gard de sa m\u00e8re ? De mille fa\u00e7ons, mais toujours avec affection et confiance. Une affection qui, dans chaque cas, passe par des canaux sp\u00e9cifiques, n\u00e9s de la vie elle-m\u00eame, qui ne sont jamais quelque chose de froid, mais plut\u00f4t des coutumes familiales attachantes, des petits d\u00e9tails quotidiens que le fils a besoin d'avoir avec sa m\u00e8re et qui manquent \u00e0 la m\u00e8re si le fils les oublie : un baiser ou une caresse en sortant ou en rentrant, un petit cadeau, quelques mots expressifs...\".<\/p>\n\n\n\n<figure class=\"wp-block-embed is-type-video is-provider-youtube wp-block-embed-youtube wp-embed-aspect-4-3 wp-has-aspect-ratio\"><div class=\"wp-block-embed__wrapper\">\n<iframe loading=\"lazy\" title=\"Saint Jos\u00e9maria, fondateur de l&#039;Opus Dei et amoureux de la Vierge Marie\" width=\"500\" height=\"375\" src=\"https:\/\/www.youtube.com\/embed\/MdvlTYpbMvE?feature=oembed\" frameborder=\"0\" allow=\"accelerometer; autoplay; clipboard-write; encrypted-media; gyroscope; picture-in-picture; web-share\" referrerpolicy=\"strict-origin-when-cross-origin\" allowfullscreen><\/iframe>\n<\/div><\/figure>\n\n\n\n<p>\"Dans nos relations avec notre M\u00e8re du Ciel, il y a aussi ces r\u00e8gles de pi\u00e9t\u00e9 filiale, qui sont le canal de notre comportement habituel envers elle. Beaucoup de chr\u00e9tiens font leur l'ancienne coutume de&nbsp;<a href=\"https:\/\/fundacioncarf.org\/blog\/escapulario-virgen-del-carmen\/\" target=\"_blank\" rel=\"noreferrer noopener\">scapulaire<\/a>ou ont pris l'habitude de dire bonjour - aucun mot n'est n\u00e9cessaire, une simple pens\u00e9e suffit.&nbsp;<strong>les images de Marie qui se trouvent dans chaque foyer chr\u00e9tien ou qui ornent les rues de tant de villes<\/strong>.<\/p>\n\n\n\n<p><em><strong>Ou bien ils vivent cette merveilleuse pri\u00e8re qu'est le saint rosaire, dans laquelle l'\u00e2me ne se lasse pas de dire toujours les m\u00eames choses, comme les amoureux ne se lassent pas de s'aimer, et dans laquelle ils apprennent \u00e0 revivre les moments centraux de la vie du Seigneur ; ou bien ils ont l'habitude de consacrer un jour de la semaine \u00e0 la Dame - pr\u00e9cis\u00e9ment ce jour o\u00f9 nous sommes r\u00e9unis : le samedi - en lui offrant une petite friandise et en m\u00e9ditant plus particuli\u00e8rement sur sa maternit\u00e9\u00bb. <\/strong><\/em>(Saint Jos\u00e9maria, Le Christ passe, 142).<\/p>\n\n\n\n<p><strong>Manifester de l'amour pour Marie<\/strong><\/p>\n\n\n\n<p>\u00abIl y a beaucoup d'autres d\u00e9votions mariales qu'il n'est pas n\u00e9cessaire de rappeler ici. Il n'est pas n\u00e9cessaire de les int\u00e9grer toutes dans la vie de chaque chr\u00e9tien - grandir dans la vie surnaturelle est tout autre chose que d'accumuler les d\u00e9votions - mais je dois affirmer en m\u00eame temps que celui qui ne vit pas certaines d'entre elles, qui ne manifeste pas d'une certaine mani\u00e8re son amour pour Marie, ne poss\u00e8de pas la pl\u00e9nitude de la foi\u00bb.<\/p>\n\n\n\n<p>\"Ceux qui consid\u00e8rent les d\u00e9votions \u00e0 la Sainte Vierge comme d\u00e9pass\u00e9es montrent qu'ils ont perdu le sens chr\u00e9tien profond qu'elles contiennent, qu'ils ont oubli\u00e9 la source dont elles sont issues : la foi en la volont\u00e9 salvatrice de Dieu le P\u00e8re, l'amour pour Dieu le Fils qui s'est r\u00e9ellement fait homme et est n\u00e9 d'une femme, la confiance en Dieu l'Esprit Saint qui nous sanctifie par sa gr\u00e2ce.&nbsp;<strong>C'est Dieu qui nous a donn\u00e9 Marie, et nous n'avons pas le droit de la rejeter, mais nous devons aller \u00e0 elle avec l'amour et la joie des enfants\u00bb.\u00bb<\/strong>,Saint Jos\u00e9maria.&nbsp;<em>C'est le Christ qui passe, 142<\/em>.<\/p>\n\n\n\n<blockquote class=\"wp-block-quote alignleft is-layout-flow wp-block-quote-is-layout-flow\">\n<p><strong><em>-Voulez-vous aimer la Vierge ? -Et bien, traitez-la ! Comment ? - En priant bien le chapelet de la Vierge.<\/em><\/strong> <em>(Saint Jos\u00e9maria<\/em>, Saint Rosaire).<\/p>\n<\/blockquote>\n\n\n\n<h2 class=\"wp-block-heading\" id=\"para-aprovechar-el-mes-de-mayo\">Pour profiter pleinement du mois de mai<\/h2>\n\n\n\n<p>La Sainte Vierge Marie prend toujours soin de nous et nous aide dans tout ce dont nous avons besoin. Elle nous aide \u00e0 surmonter les tentations et \u00e0 conserver l'\u00e9tat de gr\u00e2ce et l'amiti\u00e9 avec Dieu pour atteindre le Ciel. Marie est la M\u00e8re de l'\u00c9glise.<\/p>\n\n\n\n<p>Marie \u00e9tait une femme \u00e0 la vie de pri\u00e8re profonde, elle a toujours v\u00e9cu pr\u00e8s de Dieu. C'\u00e9tait une femme simple ; elle \u00e9tait g\u00e9n\u00e9reuse, elle s'oubliait pour se donner aux autres ; elle avait une grande charit\u00e9, elle aimait et aidait tout le monde de la m\u00eame mani\u00e8re ; elle \u00e9tait serviable, elle s'occupait de Joseph et de J\u00e9sus avec amour ; elle vivait dans la joie ; elle \u00e9tait patiente avec sa famille ; elle savait accepter la volont\u00e9 de Dieu dans sa vie. Toutes ces vertus sont un exemple de vie pour nous chr\u00e9tiens, nous voulons vivre comme ses dignes enfants, c'est pourquoi nous suivons son exemple.<\/p>\n\n\n\n<h3 class=\"wp-block-heading\" id=\"que-se-acostumbra-hacer-este-mes\"><strong>Quelle est la coutume ce mois-ci ?<\/strong><\/h3>\n\n\n\n<p><strong>Souvenez-vous des apparitions de la Vierge.<\/strong>&nbsp;Ils sont nombreux et tous tr\u00e8s sp\u00e9ciaux. Les&nbsp;<a href=\"https:\/\/fundacioncarf.org\/blog\/virgen-del-pilar\/\" target=\"_blank\" rel=\"noreferrer noopener\">Virgin<\/a>&nbsp;Marie d\u00e9livre directement son message, tous li\u00e9s \u00e0 l'amour qu'elle a pour nous tous, ses enfants.<\/p>\n\n\n\n<p><strong>R\u00e9fl\u00e9chissez aux principales vertus de la Vierge Marie.<\/strong><\/p>\n\n\n\n<ul class=\"wp-block-list\">\n<li>Votre <strong>Immacul\u00e9e Conception :<\/strong> la Vierge Marie est n\u00e9e sans le p\u00e9ch\u00e9 originel parce qu'elle devait \u00eatre la m\u00e8re du Christ.<\/li>\n\n\n\n<li>Comment il a v\u00e9cu sa <strong>la maternit\u00e9 divine<\/strong>Marie est la m\u00e8re de J\u00e9sus-Christ sur terre. A quoi ressemblait une journ\u00e9e dans la vie de la Vierge Marie ?<\/li>\n\n\n\n<li>Sa perp\u00e9tuelle <strong>virginit\u00e9<\/strong>Marie a \u00e9t\u00e9 con\u00e7ue par l'Esprit Saint.<\/li>\n\n\n\n<li><strong>L'hypoth\u00e8se <\/strong>de la Vierge Marie au ciel : \u00e0 la fin de sa vie, elle a \u00e9t\u00e9 enlev\u00e9e corps et \u00e2me au ciel.<\/li>\n<\/ul>\n\n\n\n<p><strong>Vivre une v\u00e9ritable d\u00e9votion \u00e0 Marie.<\/strong>&nbsp;Regardez Marie comme une m\u00e8re. Lui parler de tout ce qui nous arrive : le bon comme le mauvais. Savoir se tourner vers elle \u00e0 tout moment. M\u00e9diter sur les 7 douleurs de la Vierge Marie, ces moments de la vie de la Vierge Marie o\u00f9 elle a \u00e9t\u00e9 unie \u00e0 J\u00e9sus d'une mani\u00e8re particuli\u00e8re et qui lui ont permis de partager la profondeur de la douleur de son Fils et l'amour de son sacrifice.<\/p>\n\n\n\n<p><strong>Imitez leurs vertus :<\/strong>&nbsp;C'est la meilleure fa\u00e7on de lui montrer notre amour. Montrez-lui notre affection : faites ce qu'elle attend de nous et souvenez-vous d'elle tout au long de la journ\u00e9e.<\/p>\n\n\n\n<p><strong>Avoir pleinement confiance en elle :<\/strong>&nbsp;car c'est la Vierge Marie qui interc\u00e8de aupr\u00e8s de J\u00e9sus pour nos difficult\u00e9s. Toutes les gr\u00e2ces que J\u00e9sus nous donne passent par les mains de Marie.<\/p>\n\n\n\n<h4 class=\"wp-block-heading\" id=\"varias-oraciones-marianas\">Diverses pri\u00e8res mariales<\/h4>\n\n\n\n<p>Traiter Marie est un bon moyen de se rapprocher de son Fils. Priez en famille, en particulier les pri\u00e8res d\u00e9di\u00e9es \u00e0 la Vierge Marie.<\/p>\n\n\n\n<p>Les chr\u00e9tiens ont de belles pri\u00e8res d\u00e9di\u00e9es \u00e0 la Vierge Marie, et il existe \u00e9galement de nombreux chants en son honneur, qui nous aident \u00e0 nous souvenir de l'immense amour de notre m\u00e8re pour nous, ses enfants.<\/p>\n\n\n\n<ul class=\"wp-block-list\">\n<li>Prier le Saint Rosaire avec le c\u0153ur, seul ou en compagnie. M\u00e9diter sur les myst\u00e8res qui traversent de nombreux moments importants de Marie : \n<ul class=\"wp-block-list\">\n<li>Myst\u00e8res joyeux : les lundis et samedis<\/li>\n\n\n\n<li>Myst\u00e8res douloureux : mardi et vendredi<\/li>\n\n\n\n<li>Myst\u00e8res lumineux : jeudi<\/li>\n\n\n\n<li>Myst\u00e8res glorieux : dimanche et mercredi<\/li>\n<\/ul>\n<\/li>\n<\/ul>\n\n\n\n<p>En priant l'Ang\u00e9lus (qu'il est d'usage de prier \u00e0 midi), la&nbsp;<em>Regina Coeli<\/em>&nbsp;ou la Cons\u00e9cration \u00e0 Marie. Entre autres pri\u00e8res. Vous pouvez \u00e9galement d\u00e9dier une neuvaine \u00e0 la Vierge pour lui demander une faveur particuli\u00e8re ou pour la remercier.<\/p>\n\n\n\n<figure class=\"wp-block-image size-large is-resized\"><img decoding=\"async\" width=\"821\" height=\"1024\" src=\"https:\/\/fundacioncarf.org\/wp-content\/uploads\/2024\/05\/1080x1350-angelus-e1776783674254-821x1024.jpg\" alt=\"mayo mes de mar\u00eda \u00e1ngelus\" class=\"wp-image-229341\" style=\"aspect-ratio:0.7998138370921964;width:793px;height:auto\" srcset=\"https:\/\/fundacioncarf.org\/wp-content\/uploads\/2024\/05\/1080x1350-angelus-e1776783674254-821x1024.jpg 821w, https:\/\/fundacioncarf.org\/wp-content\/uploads\/2024\/05\/1080x1350-angelus-e1776783674254-240x300.jpg 240w, https:\/\/fundacioncarf.org\/wp-content\/uploads\/2024\/05\/1080x1350-angelus-e1776783674254-120x150.jpg 120w, https:\/\/fundacioncarf.org\/wp-content\/uploads\/2024\/05\/1080x1350-angelus-e1776783674254-768x958.jpg 768w, https:\/\/fundacioncarf.org\/wp-content\/uploads\/2024\/05\/1080x1350-angelus-e1776783674254-10x12.jpg 10w, https:\/\/fundacioncarf.org\/wp-content\/uploads\/2024\/05\/1080x1350-angelus-e1776783674254.jpg 972w\" sizes=\"(max-width: 821px) 100vw, 821px\" \/><\/figure>\n\n\n\n<hr class=\"wp-block-separator has-alpha-channel-opacity\"\/>\n\n\n\n<div class=\"wp-block-rank-math-toc-block\" id=\"rank-math-toc\"><p><strong>Table des mati\u00e8res<\/strong><\/p><nav><ul><li class=\"\"><a href=\"#por-que-mayo-es-el-mes-de-la-virgen-maria\">Pourquoi le mois de mai est-il le mois de la Vierge Marie ?<\/a><\/li><li class=\"\"><a href=\"#la-devocion-a-la-virgen-maria-en-el-mes-de-mayo\">D\u00e9votion \u00e0 la Vierge Marie en mai<\/a><ul><li class=\"\"><a href=\"#como-se-comportan-un-hijo-con-su-madre\">Comment un fils se comporte-t-il envers sa m\u00e8re ?<\/a><\/li><\/ul><\/li><li class=\"\"><a href=\"#para-aprovechar-el-mes-de-mayo\">Pour profiter pleinement du mois de mai<\/a><ul><li class=\"\"><a href=\"#que-se-acostumbra-hacer-este-mes\">Quelle est la coutume ce mois-ci ?<\/a><\/li><\/ul><\/li><\/ul><\/nav><\/div>\n\n\n\n<hr class=\"wp-block-separator has-alpha-channel-opacity\"\/>","protected":false},"excerpt":{"rendered":"<p>Nous avons le mois de mai \u00e0 consacrer tout sp\u00e9cialement \u00e0 notre M\u00e8re, la Vierge Marie. Mais pourquoi le mois de mai est-il le mois de la Vierge ? Si l'\u00c9glise c\u00e9l\u00e8bre la r\u00e9surrection de J\u00e9sus, pourquoi Marie est-elle \u00e9galement honor\u00e9e au cours de ce mois ?<\/p>","protected":false},"author":4,"featured_media":229339,"comment_status":"closed","ping_status":"closed","sticky":false,"template":"","format":"standard","meta":{"_acf_changed":false,"give_campaign_id":0,"footnotes":""},"categories":[13],"tags":[172,120,121,9,178],"class_list":["post-167731","post","type-post","status-publish","format-standard","has-post-thumbnail","hentry","category-blog","tag-congregaciones-religiosas","tag-sacerdote","tag-seminarista","tag-virgen-maria","tag-voluntarios"],"acf":[],"_links":{"self":[{"href":"https:\/\/fundacioncarf.org\/fr\/wp-json\/wp\/v2\/posts\/167731","targetHints":{"allow":["GET"]}}],"collection":[{"href":"https:\/\/fundacioncarf.org\/fr\/wp-json\/wp\/v2\/posts"}],"about":[{"href":"https:\/\/fundacioncarf.org\/fr\/wp-json\/wp\/v2\/types\/post"}],"author":[{"embeddable":true,"href":"https:\/\/fundacioncarf.org\/fr\/wp-json\/wp\/v2\/users\/4"}],"replies":[{"embeddable":true,"href":"https:\/\/fundacioncarf.org\/fr\/wp-json\/wp\/v2\/comments?post=167731"}],"version-history":[{"count":14,"href":"https:\/\/fundacioncarf.org\/fr\/wp-json\/wp\/v2\/posts\/167731\/revisions"}],"predecessor-version":[{"id":229487,"href":"https:\/\/fundacioncarf.org\/fr\/wp-json\/wp\/v2\/posts\/167731\/revisions\/229487"}],"wp:featuredmedia":[{"embeddable":true,"href":"https:\/\/fundacioncarf.org\/fr\/wp-json\/wp\/v2\/media\/229339"}],"wp:attachment":[{"href":"https:\/\/fundacioncarf.org\/fr\/wp-json\/wp\/v2\/media?parent=167731"}],"wp:term":[{"taxonomy":"category","embeddable":true,"href":"https:\/\/fundacioncarf.org\/fr\/wp-json\/wp\/v2\/categories?post=167731"},{"taxonomy":"post_tag","embeddable":true,"href":"https:\/\/fundacioncarf.org\/fr\/wp-json\/wp\/v2\/tags?post=167731"}],"curies":[{"name":"wp","href":"https:\/\/api.w.org\/{rel}","templated":true}]}}