{"id":167691,"date":"2024-08-15T00:01:00","date_gmt":"2024-08-14T22:01:00","guid":{"rendered":"https:\/\/carfundacion.roymo.info\/blog\/que-se-celebra-el-dia-de-la-asuncion-de-la-virgen\/"},"modified":"2024-10-10T13:38:15","modified_gmt":"2024-10-10T11:38:15","slug":"que-se-celebra-el-dia-de-la-asuncion-virgen","status":"publish","type":"post","link":"https:\/\/fundacioncarf.org\/en\/que-se-celebra-el-dia-de-la-asuncion-virgen\/","title":{"rendered":"What is celebrated today, the 15th day of the Assumption of the Virgin Mary?"},"content":{"rendered":"<div class=\"et_pb_section et_pb_section_7 et_section_regular\">\n<div class=\"et_pb_row et_pb_row_54\">\n<div class=\"et_pb_column et_pb_column_3_5 et_pb_column_139  et_pb_css_mix_blend_mode_passthrough\">\n<div class=\"et_pb_module et_pb_text et_pb_text_51  et_pb_text_align_left et_pb_bg_layout_light\">\n<div class=\"et_pb_text_inner\">\n<p style=\"text-align: center;\">Assumption Day: \"The stupendous reality of Mary's Assumption manifests and confirms the unity of the human person and reminds us that we are called to serve and glorify God with our whole being, soul and body,\" Pope Francis.<\/p>\n<h2>Importance of the Mystery of the day of the Assumption of the Virgin Mary<\/h2>\n<p>The <a href=\"https:\/\/fundacioncarf.org\/expertos\/un-dia-en-la-vida-de-la-virgen\/\">Virgin Mary<\/a> is full of grace. The intensity and nature of her graces are different throughout her life; one is the grace at her Conception, another at the <a href=\"https:\/\/fundacioncarf.org\/blog\/misterios-gozosos-del-santo-rosario\/\">Encarnacion<\/a>another in the Assumption of Mary into heaven. In the latter, the Virgin Mary receives the fullness of holiness.<\/p>\n<\/div>\n<\/div>\n<\/div>\n<\/div>\n<div class=\"et_pb_row et_pb_row_55\">\n<div class=\"et_pb_column et_pb_column_3_5 et_pb_column_142  et_pb_css_mix_blend_mode_passthrough\">\n<div class=\"et_pb_module et_pb_image et_pb_image_7\">\n<figure id=\"attachment_26234\" aria-describedby=\"caption-attachment-26234\" style=\"width: 488px\" class=\"wp-caption alignleft\"><img decoding=\"async\" class=\"wp-image-26234\" src=\"https:\/\/fundacioncarf.org\/wp-content\/uploads\/2023\/02\/Jacopo-Palma-Assumption-of-the-Virgin.jpg\" sizes=\"(min-width: 0px) and (max-width: 480px) 480px, (min-width: 481px) 488px, 100vw\" srcset=\"https:\/\/fundacioncarf.org\/wp-content\/uploads\/2023\/02\/Jacopo-Palma-Assumption-of-the-Virgin.jpg 488w, https:\/\/fundacioncarf.org\/wp-content\/uploads\/2023\/02\/Jacopo-Palma-Assumption-of-the-Virgin.jpg 480w\" alt=\"d\u00eda de la asunci\u00f3n de la virgen mar\u00eda\" width=\"488\" height=\"700\" \/><figcaption id=\"caption-attachment-26234\" class=\"wp-caption-text\"><strong><a href=\"https:\/\/www.gallerieaccademia.it\/en\/assumption-virgin\" target=\"_blank\" rel=\"noopener\">Assumption of the Virgin<\/a><\/strong><em>\u00a0Jacopo Negretti.<\/em><\/figcaption><\/figure>\n<\/div>\n<\/div>\n<\/div>\n<div class=\"et_pb_row et_pb_row_56\">\n<div class=\"et_pb_column et_pb_column_3_5 et_pb_column_145  et_pb_css_mix_blend_mode_passthrough\">\n<div class=\"et_pb_module et_pb_text et_pb_text_53  et_pb_text_align_left et_pb_bg_layout_light\">\n<div class=\"et_pb_text_inner\">\n<h2>History of the Feast of the Assumption of Mary<\/h2>\n<p>The celebration of the Feast of the Assumption of Mary is an ancient feast celebrated in Jerusalem since the 6th century in honor of the Mother of God, probably recalling the consecration of a church in her honor.<\/p>\n<p>This feast, a century later, spread throughout the East under the name of the Dormition of St. Mary and celebrates her passing from this world and Mary's assumption into heaven.<\/p>\n<h2>The dogma of the Assumption\u00a0<\/h2>\n<p>Pope Pius XII, in 1950, declared the Assumption of Mary a dogma of faith. The Virgin Mary, by a special privilege of Almighty God, did not experience corruption: her body, glorified by the Holy Trinity, was united to the soul, and Mary was assumed into heaven, where she reigns alive and glorious, together with Jesus, to glorify God and intercede for us.<\/p>\n<p>In the Apocalypse we can read the passages that relate the Assumption of the Virgin Mary into heaven: \"A great sign appeared in heaven: a woman clothed with the sun, the moon at her feet, and on her head a crown of twelve stars (Rev 12:1).<\/p>\n<\/div>\n<\/div>\n<\/div>\n<\/div>\n<div class=\"et_pb_row et_pb_row_57\">\n<div class=\"et_pb_column et_pb_column_1_3 et_pb_column_148  et_pb_css_mix_blend_mode_passthrough\">\n<div class=\"et_pb_module et_pb_text et_pb_text_54 frase-destacada  et_pb_text_align_left et_pb_bg_layout_light\">\n<div class=\"et_pb_text_inner\">\n<p>And we, prompted by the liturgy at the vigil Mass of this feast, acclaim Our Lady with these words:\u00a0<em>Gloriosa dicta sunt de te, Maria, qu\u00e6 hodie exaltata es super choros angelorum.<\/em>Blessed are you, Mary, for today you have been raised above the choirs of angels and, together with Christ, you have attained eternal triumph.<\/p>\n<\/div>\n<\/div>\n<\/div>\n<\/div>\n<div class=\"et_pb_row et_pb_row_58\">\n<div class=\"et_pb_column et_pb_column_3_5 et_pb_column_151  et_pb_css_mix_blend_mode_passthrough\">\n<div class=\"et_pb_module et_pb_text et_pb_text_55  et_pb_text_align_left et_pb_bg_layout_light\">\n<div class=\"et_pb_text_inner\">\n<h2>The day of the Assumption of the Virgin Mary in Christian life<\/h2>\n<p>The Church looks to Mary to contemplate in her what the Church is in her mystery, in her \"pilgrimage of faith,\" and what she will be at the end of her journey, where she awaits, \"for the glory of the Most Holy and indivisible Trinity,\" \"in <a href=\"https:\/\/fundacioncarf.org\/la-eucaristia-memorial-del-corazon\/\">communion<\/a> with all the saints\" she whom she venerates as the Mother of her Lord and as her own Mother.<\/p>\n<p>The Assumption of Mary, Our Lady proposes to us the reality of this joyful hope. We are still pilgrims, but Our Mother has preceded us and is already pointing out to us the end of the path: she repeats to us that it is possible to arrive and that, if we are faithful, we will arrive. Because the Blessed Virgin is not only our example: she is the help of Christians. And at our request -<em>Monstra te esse Matrem<\/em>-She does not know how, nor does she want to refuse to care for her children with maternal solicitude. <em>It is Christ who passes, 177.<\/em><\/p>\n<p>Mary fulfilled in an exemplary way the will of God in her life and that is what led her to reach the glory of God. The <a href=\"https:\/\/fundacioncarf.org\/la-asuncion-de-la-virgen-maria\/\">Assumption of the Virgin<\/a> is an example for all Christians.<\/p>\n<p>On Earth we all want to reach God. This is our hope. The Virgin Mary has already achieved this. What she has achieved encourages us. Mary had enormous trust in God and her heart was full of God.<\/p>\n<\/div>\n<\/div>\n<\/div>\n<\/div>\n<\/div>\n\n\n<hr class=\"wp-block-separator has-alpha-channel-opacity\"\/>\n\n\n\n<p>With the collaboration of:<\/p>\n\n\n\n<p><strong>Opusdei.org<\/strong><\/p>","protected":false},"excerpt":{"rendered":"<p>The Catholic Church celebrates the Assumption of the Virgin Mary on August 15. We remember that Christ took his Mother to Heaven. The place of the Virgin Mary was in Heaven, where her Son was waiting for her. And so, on a day that remains unknown to us, Jesus took her with him to heavenly glory.<\/p>","protected":false},"author":5,"featured_media":183785,"comment_status":"open","ping_status":"closed","sticky":false,"template":"","format":"standard","meta":{"_acf_changed":false,"give_campaign_id":0,"footnotes":""},"categories":[13],"tags":[7,6,9],"class_list":["post-167691","post","type-post","status-publish","format-standard","has-post-thumbnail","hentry","category-blog","tag-oracion","tag-vida-cristiana","tag-virgen-maria"],"acf":[],"_links":{"self":[{"href":"https:\/\/fundacioncarf.org\/en\/wp-json\/wp\/v2\/posts\/167691","targetHints":{"allow":["GET"]}}],"collection":[{"href":"https:\/\/fundacioncarf.org\/en\/wp-json\/wp\/v2\/posts"}],"about":[{"href":"https:\/\/fundacioncarf.org\/en\/wp-json\/wp\/v2\/types\/post"}],"author":[{"embeddable":true,"href":"https:\/\/fundacioncarf.org\/en\/wp-json\/wp\/v2\/users\/5"}],"replies":[{"embeddable":true,"href":"https:\/\/fundacioncarf.org\/en\/wp-json\/wp\/v2\/comments?post=167691"}],"version-history":[{"count":10,"href":"https:\/\/fundacioncarf.org\/en\/wp-json\/wp\/v2\/posts\/167691\/revisions"}],"predecessor-version":[{"id":199064,"href":"https:\/\/fundacioncarf.org\/en\/wp-json\/wp\/v2\/posts\/167691\/revisions\/199064"}],"wp:featuredmedia":[{"embeddable":true,"href":"https:\/\/fundacioncarf.org\/en\/wp-json\/wp\/v2\/media\/183785"}],"wp:attachment":[{"href":"https:\/\/fundacioncarf.org\/en\/wp-json\/wp\/v2\/media?parent=167691"}],"wp:term":[{"taxonomy":"category","embeddable":true,"href":"https:\/\/fundacioncarf.org\/en\/wp-json\/wp\/v2\/categories?post=167691"},{"taxonomy":"post_tag","embeddable":true,"href":"https:\/\/fundacioncarf.org\/en\/wp-json\/wp\/v2\/tags?post=167691"}],"curies":[{"name":"wp","href":"https:\/\/api.w.org\/{rel}","templated":true}]}}