{"id":27982,"date":"2026-04-28T02:00:03","date_gmt":"2026-04-28T00:00:03","guid":{"rendered":"https:\/\/carfundacion.roymo.info\/?p=27982"},"modified":"2026-04-21T16:23:18","modified_gmt":"2026-04-21T14:23:18","slug":"gabon-iglesia-sacerdotes-formados-comunicacion","status":"publish","type":"post","link":"https:\/\/fundacioncarf.org\/de\/gabon-iglesia-sacerdotes-formados-comunicacion\/","title":{"rendered":"\u00abDie katholische Kirche in Gabun braucht Priester, die in Kommunikation geschult sind\u00bb.\u00bb"},"content":{"rendered":"<p>Wenzel Herman Lengoma ist ein Priester aus der Di\u00f6zese Franceville, in <a href=\"https:\/\/es.wikipedia.org\/wiki\/Gab%C3%B3n\" target=\"_blank\" rel=\"noreferrer noopener\">Gabun<\/a> (Zentralafrika). Er ist 46 Jahre alt und studierte von 2019 bis 2021 einen Abschluss in Institutioneller Sozialer Kommunikation an der P\u00e4pstlichen Universit\u00e4t vom Heiligen Kreuz in Rom. Dies war seine Erfahrung w\u00e4hrend seiner Ausbildung. <\/p>\n\n\n\n<p>Sein Ziel ist es, nach Gabun zur\u00fcckzukehren, um die Medieninstitutionen seiner Di\u00f6zese professionell zu leiten. Er wei\u00df, dass die Botschaft des Evangeliums heute moderne technische und erz\u00e4hlerische Mittel erfordert.<\/p>\n\n\n\n<h2 class=\"wp-block-heading\" id=\"gabon-necesita-pastores-formados\">\u00abWir brauchen gut ausgebildete Priester f\u00fcr die katholische Kirche\u00bb.\u00bb<\/h2>\n\n\n\n<p>Gabun hat heute sechs Di\u00f6zesen und eine apostolische Pr\u00e4fektur. Das Land empfing seine ersten Missionare im Jahr 1944, am 29. September, als die katholische Kirche in Gabun von den Missionaren der Kongregation vom Heiligsten Herzen Mariens gegr\u00fcndet wurde, die sp\u00e4ter zur Kongregation vom Heiligen Geist oder den Spiritanern wurde.<\/p>\n\n\n\n<p>Die Di\u00f6zese, in der ich inkardiniert bin, die von Franceville, fasst zwei gro\u00dfe Provinzen zusammen: die Provinz Haut Ogoou\u00e9 und die von Ogoou\u00e9 Lolo. Diese Ausdehnung stellt ein ernsthaftes Problem f\u00fcr die pastorale Arbeit dar, da die geringe Anzahl von Priestern nicht alle Gl\u00e4ubigen erreichen kann. Wir brauchen mehr Priester in meiner Di\u00f6zese, die gut ausgebildet sind, um alle Gl\u00e4ubigen zu erreichen.<\/p>\n\n\n\n<p>Dieses Problem veranlasst so genannte \u201cprotestantische Erweckungskirchen\u201d, sich in der Gegend niederzulassen. Diese <a href=\"https:\/\/fundacioncarf.org\/servir-a-la-iglesia\/\" data-type=\"page\" data-id=\"169919\" target=\"_blank\" rel=\"noreferrer noopener\">Kirchen<\/a> Sie kommen aus Grenzl\u00e4ndern wie Kongo Brazzaville, Kamerun und noch weiter entfernten L\u00e4ndern wie Nigeria, Togo, Benin, Tschad, etc. zu uns. <\/p>\n\n\n\n<p>Das ist also der Hauptgrund, warum mein Bischof mich nach Rom geschickt hat, um institutionelle soziale Kommunikation zu studieren und sp\u00e4ter einen katholischen Radiosender in der Di\u00f6zese zu gr\u00fcnden, der die N\u00e4he zu unseren Gl\u00e4ubigen durch religi\u00f6se Programme wie Messen, Gottesdienste, Lesungen des Wortes Gottes usw. f\u00f6rdern w\u00fcrde.<\/p>\n\n\n\n<h3 class=\"wp-block-heading\" id=\"necesidades-concretas-de-mi-diocesis\">Konkrete Bed\u00fcrfnisse in meiner Di\u00f6zese<\/h3>\n\n\n\n<p>Ich begann ein Studium der sozialen Kommunikation an einer Universit\u00e4t in Rom, wo ich in F\u00e4chern wie der Soziallehre der Kirche, Geschichte der Soziologie, Wirtschaft, Psychologie, Geschichte der Medien usw. ausgebildet wurde. All diese Themen entsprachen trotz ihrer Bedeutung nicht den konkreten Bed\u00fcrfnissen meiner Di\u00f6zese. Also beschloss ich, die Universit\u00e4t zu wechseln.<\/p>\n\n\n\n<blockquote class=\"wp-block-quote is-layout-flow wp-block-quote-is-layout-flow\">\n<p><strong><em>\"Wir brauchen mehr gut ausgebildete Priester in meiner Di\u00f6zese Franceville (Gabun, Zentralafrika), um alle Gl\u00e4ubigen zu erreichen.<\/em><\/strong><\/p>\n<\/blockquote>\n\n\n\n<p>Ihr Bischof m\u00f6chte einen katholischen Radiosender in der Di\u00f6zese f\u00f6rdern und durch religi\u00f6se Programme die N\u00e4he zu den Gl\u00e4ubigen herstellen.<\/p>\n\n\n\n<p><strong>\"Ich habe mich auf ein unglaubliches Abenteuer eingelassen\".<\/strong><\/p>\n\n\n\n<p>Am 8. Oktober 2018, dem Tag des Schuljahresbeginns, begab ich mich auf ein unglaubliches Abenteuer: die Suche nach der Universit\u00e4t, die mir die Ausbildung geben konnte, die ich brauchte, um f\u00fcr das Volk Gottes in meinem Land n\u00fctzlich und wirksam zu sein. Und da die Vorsehung die Mutter aller Tugenden ist, stie\u00df ich um 10:30 Uhr - ich erinnere mich noch genau an den Tag und die Uhrzeit - auf ein gro\u00dfes Geb\u00e4ude, auf dem ich das Schild \u201cP\u00e4pstliche Universit\u00e4t vom Heiligen Kreuz\u201d lesen konnte.<\/p>\n\n\n\n<figure class=\"wp-block-image size-full is-resized\"><img decoding=\"async\" width=\"960\" height=\"720\" src=\"https:\/\/fundacioncarf.org\/wp-content\/uploads\/2020\/09\/Cathedral_of_Saint-Marie_Libreville.jpg\" alt=\"gab\u00f3n iglesia cat\u00f3lica sacerdote comunicaci\u00f3n \" class=\"wp-image-228916\" style=\"aspect-ratio:1.3333421912784673;width:788px;height:auto\" srcset=\"https:\/\/fundacioncarf.org\/wp-content\/uploads\/2020\/09\/Cathedral_of_Saint-Marie_Libreville.jpg 960w, https:\/\/fundacioncarf.org\/wp-content\/uploads\/2020\/09\/Cathedral_of_Saint-Marie_Libreville-300x225.jpg 300w, https:\/\/fundacioncarf.org\/wp-content\/uploads\/2020\/09\/Cathedral_of_Saint-Marie_Libreville-150x113.jpg 150w, https:\/\/fundacioncarf.org\/wp-content\/uploads\/2020\/09\/Cathedral_of_Saint-Marie_Libreville-768x576.jpg 768w, https:\/\/fundacioncarf.org\/wp-content\/uploads\/2020\/09\/Cathedral_of_Saint-Marie_Libreville-16x12.jpg 16w\" sizes=\"(max-width: 960px) 100vw, 960px\" \/><\/figure>\n\n\n\n<p>Mein Herz war voller Freude, auch wenn ich nicht wusste, warum. Also munterte ich mich auf und ging, ohne genau zu wissen, wohin ich wollte, hinein und ging mit gro\u00dfer Entschlossenheit weiter. Ich wanderte durch die G\u00e4nge, las Material \u00fcber die Fakult\u00e4ten und die Kurse und traf schlie\u00dflich Professor Daniel Arasa, den Prodekan der Fakult\u00e4t f\u00fcr Kommunikation, und dann den Dekan der Fakult\u00e4t f\u00fcr Kommunikation.<\/p>\n\n\n\n<p><strong>Gut ausgebildete Priester auf dem Gebiet der Kommunikation<\/strong><\/p>\n\n\n\n<p>Ich erkl\u00e4rte ihnen, was mir passiert war und dass meine Di\u00f6zese und ich dringend gut ausgebildete Priester im Bereich der Kommunikation brauchten. Seit diesem Moment ist mehr als ein Jahr vergangen und ich kann sagen, dass ich in Holy Cross eine direkte Verbindung zu den lang ersehnten Zielen meiner Di\u00f6zese gefunden habe. Heute f\u00fchle ich mich gl\u00fccklich und lerne viel, wof\u00fcr ich den Verantwortlichen dieser Einrichtung sehr dankbar bin.<\/p>\n\n\n\n<blockquote class=\"wp-block-quote is-layout-flow wp-block-quote-is-layout-flow\">\n<p><em><strong>\"An der P\u00e4pstlichen Universit\u00e4t vom Heiligen Kreuz habe ich eine direkte Verbindung zu den lang ersehnten Zielen meiner Di\u00f6zese gefunden\".<\/strong><\/em><\/p>\n<\/blockquote>\n\n\n\n<p>Wenzel hat an der P\u00e4pstlichen Universit\u00e4t vom Heiligen Kreuz in Rom eine Menge gelernt. Dank seines Abschlusses in Institutioneller Sozialer Kommunikation wird er bei seiner Ankunft in seiner Di\u00f6zese in Gabun in der Lage sein, den katholischen Radiosender zu f\u00f6rdern, um dessen Aufbau ihn sein Bischof gebeten hat und dessen Arbeit aufgrund fehlender Mittel eingestellt wurde. Er ist den Partnern, Wohlt\u00e4tern und Freunden der Stiftung CARF dankbar f\u00fcr ihre Hilfe bei der Durchf\u00fchrung seines Studiums.<\/p>\n\n\n\n<p><strong>Dank der Unterst\u00fctzung durch die CARF Foundation<\/strong><\/p>\n\n\n\n<p>Was diese gro\u00dfe Ver\u00e4nderung in meinem akademischen und priesterlichen Leben m\u00f6glich gemacht hat - denn so kann ich mich den Bed\u00fcrfnissen des Volkes Gottes in meiner Di\u00f6zese widmen - war die Unterst\u00fctzung der CARF-Stiftung (Centro Academico Romano Foundation). <\/p>\n\n\n\n<p>Als ich mich einschrieb, sprach der Vertreter dieser Stiftung mit mir \u00fcber die M\u00f6glichkeit, mich - und nicht nur mich, sondern auch meine Di\u00f6zese - an der Fakult\u00e4t f\u00fcr Kommunikation ausbilden zu lassen und mein Wissen in den Dienst meines Bischofs und der Gl\u00e4ubigen in Gabun zu stellen, indem ich den Radiosender fertigstelle, dessen Bauarbeiten wegen Geldmangels eingestellt wurden.<\/p>\n\n\n\n<p>\u00abDiese Erfahrung ist ein Abenteuer der Vorsehung, das mich hierher gef\u00fchrt hat. <a href=\"https:\/\/es.pusc.it\/\" target=\"_blank\" rel=\"noreferrer noopener\"><strong>P\u00e4pstliche Universit\u00e4t vom Heiligen Kreuz<\/strong><\/a>. Ich bleibe dem gesamten Verwaltungspersonal, den Lehrern sowie den Wohlt\u00e4tern der Stiftung CARF dankbar: M\u00f6ge der Herr jedem von Ihnen die notwendigen Gnaden gew\u00e4hren, und m\u00f6ge der heilige Josefmaria Escriv\u00e1, der Gr\u00fcnder des Opus Dei, immer f\u00fcr jede Ihrer Familien und f\u00fcr Sie sorgen!<\/p>\n\n\n\n<figure class=\"wp-block-embed is-type-video is-provider-youtube wp-block-embed-youtube wp-embed-aspect-16-9 wp-has-aspect-ratio\"><div class=\"wp-block-embed__wrapper\">\n<iframe loading=\"lazy\" title=\"Zeugen | Pedro Pablo, Geschichte eines venezolanischen Priesters\" width=\"500\" height=\"281\" src=\"https:\/\/www.youtube.com\/embed\/74MBV0i3nJg?feature=oembed\" frameborder=\"0\" allow=\"accelerometer; autoplay; clipboard-write; encrypted-media; gyroscope; picture-in-picture; web-share\" referrerpolicy=\"strict-origin-when-cross-origin\" allowfullscreen><\/iframe>\n<\/div><\/figure>\n\n\n\n<hr class=\"wp-block-separator has-alpha-channel-opacity\"\/>\n\n\n\n<p><strong><a href=\"https:\/\/www.amazon.es\/stores\/author\/B0C8ZNHJ95\" target=\"_blank\" rel=\"noreferrer noopener\">Gerardo Ferrara<\/a><\/strong><br>Hochschulabschluss in Geschichte und Politikwissenschaft, Spezialisierung auf den Nahen Osten.<br>Verantwortlich f\u00fcr Studenten an der P\u00e4pstlichen Universit\u00e4t vom Heiligen Kreuz in Rom.<\/p>\n\n\n\n<hr class=\"wp-block-separator has-alpha-channel-opacity\"\/>\n\n\n\n<div class=\"wp-block-rank-math-toc-block\" id=\"rank-math-toc\"><h2>Inhaltsverzeichnis<\/h2><nav><ul><li><a href=\"#gabon-necesita-pastores-formados\">\u00abWir brauchen gut ausgebildete Priester f\u00fcr die katholische Kirche\u00bb.\u00bb<\/a><ul><li><a href=\"#necesidades-concretas-de-mi-diocesis\">Konkrete Bed\u00fcrfnisse in meiner Di\u00f6zese<\/a><\/li><\/ul><\/li><\/ul><\/nav><\/div>\n\n\n\n<hr class=\"wp-block-separator has-alpha-channel-opacity\"\/>","protected":false},"excerpt":{"rendered":"<p>Wenceslas Lengoma ist ein Priester aus Gabun (Zentralafrika). Er studierte institutionelle soziale Kommunikation an der P\u00e4pstlichen Universit\u00e4t vom Heiligen Kreuz in Rom, um nach seiner R\u00fcckkehr den Radiosender der Di\u00f6zese zu gr\u00fcnden.<\/p>","protected":false},"author":4,"featured_media":229442,"comment_status":"closed","ping_status":"closed","sticky":false,"template":"","format":"standard","meta":{"_acf_changed":false,"give_campaign_id":0,"footnotes":""},"categories":[109],"tags":[172,120,121],"class_list":["post-27982","post","type-post","status-publish","format-standard","has-post-thumbnail","hentry","category-historias","tag-congregaciones-religiosas","tag-sacerdote","tag-seminarista"],"acf":[],"_links":{"self":[{"href":"https:\/\/fundacioncarf.org\/de\/wp-json\/wp\/v2\/posts\/27982","targetHints":{"allow":["GET"]}}],"collection":[{"href":"https:\/\/fundacioncarf.org\/de\/wp-json\/wp\/v2\/posts"}],"about":[{"href":"https:\/\/fundacioncarf.org\/de\/wp-json\/wp\/v2\/types\/post"}],"author":[{"embeddable":true,"href":"https:\/\/fundacioncarf.org\/de\/wp-json\/wp\/v2\/users\/4"}],"replies":[{"embeddable":true,"href":"https:\/\/fundacioncarf.org\/de\/wp-json\/wp\/v2\/comments?post=27982"}],"version-history":[{"count":19,"href":"https:\/\/fundacioncarf.org\/de\/wp-json\/wp\/v2\/posts\/27982\/revisions"}],"predecessor-version":[{"id":229445,"href":"https:\/\/fundacioncarf.org\/de\/wp-json\/wp\/v2\/posts\/27982\/revisions\/229445"}],"wp:featuredmedia":[{"embeddable":true,"href":"https:\/\/fundacioncarf.org\/de\/wp-json\/wp\/v2\/media\/229442"}],"wp:attachment":[{"href":"https:\/\/fundacioncarf.org\/de\/wp-json\/wp\/v2\/media?parent=27982"}],"wp:term":[{"taxonomy":"category","embeddable":true,"href":"https:\/\/fundacioncarf.org\/de\/wp-json\/wp\/v2\/categories?post=27982"},{"taxonomy":"post_tag","embeddable":true,"href":"https:\/\/fundacioncarf.org\/de\/wp-json\/wp\/v2\/tags?post=27982"}],"curies":[{"name":"wp","href":"https:\/\/api.w.org\/{rel}","templated":true}]}}