{"id":229004,"date":"2026-04-10T02:00:00","date_gmt":"2026-04-10T00:00:00","guid":{"rendered":"https:\/\/fundacioncarf.org\/?p=229004"},"modified":"2026-03-31T13:20:12","modified_gmt":"2026-03-31T11:20:12","slug":"legado-solidario-herencia-formacion-sacerdotes","status":"publish","type":"post","link":"https:\/\/fundacioncarf.org\/de\/legado-solidario-herencia-formacion-sacerdotes\/","title":{"rendered":"Legacy of Solidarity verwandelt Ihr Erbe in eine ganzheitliche Ausbildung f\u00fcr Priester"},"content":{"rendered":"<p>Es ist nie leicht, einen Teil des Testaments zu vererben und ein solidarisches Verm\u00e4chtnis an eine Stiftung oder eine gemeinn\u00fctzige Organisation zu machen. Es konfrontiert uns mit tiefgreifenden, transzendentalen Entscheidungen, die uns auffordern, an die Zukunft zu denken, wenn wir nicht mehr da sind. Doch immer mehr gro\u00dfz\u00fcgige Menschen entdecken, dass ein solidarisches Testament ein konkreter Weg ist, um <strong>um weiterhin Gutes in dieser Welt zu tun,<\/strong> wenn das irdische Leben vorbei ist.<\/p>\n\n\n\n<figure class=\"wp-block-image size-full is-resized\"><img decoding=\"async\" width=\"800\" height=\"600\" src=\"https:\/\/fundacioncarf.org\/wp-content\/uploads\/2025\/03\/legados-y-testamenos-solidarios-fundacion-carf.webp\" alt=\"iglesia futuro legados testamentos solidarios\" class=\"wp-image-214412\" style=\"width:785px;height:auto\" srcset=\"https:\/\/fundacioncarf.org\/wp-content\/uploads\/2025\/03\/legados-y-testamenos-solidarios-fundacion-carf.webp 800w, https:\/\/fundacioncarf.org\/wp-content\/uploads\/2025\/03\/legados-y-testamenos-solidarios-fundacion-carf-300x225.webp 300w, https:\/\/fundacioncarf.org\/wp-content\/uploads\/2025\/03\/legados-y-testamenos-solidarios-fundacion-carf-150x113.webp 150w, https:\/\/fundacioncarf.org\/wp-content\/uploads\/2025\/03\/legados-y-testamenos-solidarios-fundacion-carf-768x576.webp 768w, https:\/\/fundacioncarf.org\/wp-content\/uploads\/2025\/03\/legados-y-testamenos-solidarios-fundacion-carf-16x12.webp 16w\" sizes=\"(max-width: 800px) 100vw, 800px\" \/><\/figure>\n\n\n\n<h2 class=\"wp-block-heading\" id=\"la-vida-de-una-tia-soltera\">Das gro\u00dfz\u00fcgige Leben einer jungfr\u00e4ulichen Tante<\/h2>\n\n\n\n<p>Genau das haben \u00c1lvaro und Ana vor f\u00fcnfzehn Jahren erlebt. Sie erfuhren von der Stiftung CARF durch eine Tante, die beschloss, ein solidarisches Testament zu Gunsten der Stiftung zu machen. Die Nachricht kam f\u00fcr die Familie \u00fcberraschend, aber warum hatte ihre Tante beschlossen, die Stiftung in ihr Erbe aufzunehmen? Von Interesse und Neugier getrieben, begannen sie, mehr herauszufinden.<\/p>\n\n\n\n<p>Sie entdeckten, dass die CARF Foundation <strong><a href=\"https:\/\/www.cope.es\/religion\/hoy-en-dia\/iglesia-espanola\/noticias\/formar-lideres-iglesia-futuro-carf-destina-seis-millones-euros-seminaristas-sacerdotes-84-paises-20250805_3195597.html\" target=\"_blank\" data-type=\"link\" data-id=\"https:\/\/www.cope.es\/religion\/hoy-en-dia\/iglesia-espanola\/noticias\/formar-lideres-iglesia-futuro-carf-destina-seis-millones-euros-seminaristas-sacerdotes-84-paises-20250805_3195597.html\" rel=\"noreferrer noopener\">Unterst\u00fctzung der ganzheitlichen Ausbildung von Seminaristen und Di\u00f6zesanpriestern sowie von Ordensleuten<\/a><\/strong>, Sie verstanden, dass diese Entscheidung weder improvisiert noch symbolisch war: Sie war ein konkreter und wirksamer Weg, um die Kirche in der Zukunft, \u00fcber ihr eigenes Leben hinaus, zu unterst\u00fctzen. Sie verstanden, dass diese Entscheidung weder improvisiert noch symbolisch war: Sie war ein konkreter und wirksamer Weg, um die Kirche in der Zukunft zu unterst\u00fctzen, \u00fcber ihr eigenes Leben hinaus.<\/p>\n\n\n\n<p>Diese Erfahrung hat sie beide gepr\u00e4gt. Heute erkl\u00e4ren sie es in diesem Video klar und deutlich: \u00abEin Verm\u00e4chtnis oder ein solidarisches Testament ist eine heitere und bewusste Art und Weise der <strong>einem lebenslangen Bem\u00fchen Kontinuit\u00e4t zu verleihen<\/strong>; Ein Erbe in Berufungen umwandeln; ein Erbe in eine bessere Zukunft f\u00fcr die Kirche in bed\u00fcrftigen L\u00e4ndern verwandeln. Es ist eine gro\u00dfartige Gelegenheit, ein Haus im Himmel vorzubereiten.<\/p>\n\n\n\n<figure class=\"wp-block-embed is-type-video is-provider-youtube wp-block-embed-youtube wp-embed-aspect-16-9 wp-has-aspect-ratio\"><div class=\"wp-block-embed__wrapper\">\n<iframe loading=\"lazy\" title=\"Warum wir beschlossen haben, der CARF Foundation ein Verm\u00e4chtnis der Solidarit\u00e4t zu hinterlassen\" width=\"500\" height=\"281\" src=\"https:\/\/www.youtube.com\/embed\/T_H5oqus0A4?feature=oembed\" frameborder=\"0\" allow=\"accelerometer; autoplay; clipboard-write; encrypted-media; gyroscope; picture-in-picture; web-share\" referrerpolicy=\"strict-origin-when-cross-origin\" allowfullscreen><\/iframe>\n<\/div><\/figure>\n\n\n\n<p>Seine Worte fassen die tiefere Bedeutung dieser Entscheidung zusammen: die <a href=\"https:\/\/fundacioncarf.org\/donar\/legado-testamento-solidario\/\" target=\"_blank\" data-type=\"link\" data-id=\"https:\/\/fundacioncarf.org\/donar\/legado-testamento-solidario\/\" rel=\"noreferrer noopener\">Verm\u00e4chtnis der Solidarit\u00e4t<\/a> zieht nicht von der Familie ab, sondern bereichert die Welt.<\/p>\n\n\n\n<h2 class=\"wp-block-heading\" id=\"el-mundo-necesita-sacerdotes-bien-formados\">Die Welt braucht gut ausgebildete Priester<\/h2>\n\n\n\n<p><strong>G.P.M. und M.M. sind ein Ehepaar <\/strong>die die Stiftung CARF vor 25 Jahren durch befreundete Priester kennengelernt haben. \u00abWas uns am meisten beeindruckt, ist die Fundraising-Arbeit, ihre Schwierigkeiten und ihre Ausdauer und die Wunder, die Gott vollbringt, wenn Geld ben\u00f6tigt wird, um Studienstipendien f\u00fcr so viele Seminaristen, Priester und Ordensleute abzuschlie\u00dfen\u00bb, sagen sie.<\/p>\n\n\n\n<p>F\u00fcr sie, <a href=\"https:\/\/es.pusc.it\/\" target=\"_blank\" data-type=\"link\" data-id=\"https:\/\/es.pusc.it\/\" rel=\"noreferrer noopener\">die Welt braucht gut ausgebildete Priester<\/a>. \u00ab<strong>Wir haben daher beschlossen, ein Solidarit\u00e4tstestament zugunsten der Stiftung CARF zu machen.<\/strong> weil wir den Bedarf an Priestern in der Welt sehen und damit keine Berufung aus wirtschaftlichen Gr\u00fcnden verloren geht\u00bb, sagen sie.<\/p>\n\n\n\n<p>Wir h\u00e4tten auf eigene Faust einen Notar finden k\u00f6nnen, aber durch die CARF Foundation wurde alles einfacher.<\/p>\n\n\n\n<p>Schlie\u00dflich ermutigen sie andere, ein solidarisches Testament zu machen, um \u00abmit diesem guten, von der Vorsehung und dem Glauben gepr\u00e4gten Werk einiger Menschen zum Wohle der gesamten Menschheit zusammenzuarbeiten. Jedes andere Verm\u00e4chtnis w\u00e4re sinnlos gewesen. Und beten Sie au\u00dferdem jeden Tag f\u00fcr die lebenden und verstorbenen Wohlt\u00e4ter, das ist dringend n\u00f6tig\u00bb.<\/p>\n\n\n\n<p>Die gleiche Meinung vertritt auch<strong> J.M., Ingenieur im Ruhestand. <\/strong>Er lernte die CARF Foundation 2014 w\u00e4hrend einer Reise ins Heilige Land n\u00e4her kennen. \u00abIch interessierte mich f\u00fcr ihre Arbeit, weil mich der Enthusiasmus ihrer Mitarbeiter beeindruckte\u00bb, sagt er.<\/p>\n\n\n\n<p>Er erkl\u00e4rt, dass sein Testament aus den folgenden Gr\u00fcnden zugunsten der CARF Foundation ausf\u00e4llt <strong>\u00abdie weltweite Wirkung der in Pamplona und Rom ausgebildeten Menschen\".<\/strong>. Au\u00dferdem habe ich Freunde, die armen Menschen, die zum Priestertum berufen sind, finanziell helfen, ihre Ausbildung und ihr Studium zu verbessern, weil sie finanzielle Hilfe brauchen. Andere, gro\u00dfz\u00fcgigere Menschen spenden sogar H\u00e4user an die CARF-Stiftung\u201d, sagt er.<\/p>\n\n\n\n<p>J.M. ermutigt mehr Menschen, ein solidarisches Testament oder eine finanzielle Spende an die CARF-Stiftung zu machen, da ihr Beitrag \u00abPriesterberufungen hilft, in Europa zu studieren und dann in ihre L\u00e4nder zur\u00fcckzukehren und die Ausbildung, die sie erhalten haben, zur\u00fcckzugeben\u00bb.<\/p>\n\n\n\n<figure class=\"wp-block-image size-full is-resized\"><img decoding=\"async\" width=\"1000\" height=\"667\" src=\"https:\/\/fundacioncarf.org\/wp-content\/uploads\/2026\/03\/testamento-solidario-fundacioncarf.webp\" alt=\"Testamento solidario, figuras clave para hacer un legado a favor de la Fundaci\u00f3n CARF\" class=\"wp-image-228587\" style=\"aspect-ratio:1.4992888417882142;width:780px;height:auto\" srcset=\"https:\/\/fundacioncarf.org\/wp-content\/uploads\/2026\/03\/testamento-solidario-fundacioncarf.webp 1000w, https:\/\/fundacioncarf.org\/wp-content\/uploads\/2026\/03\/testamento-solidario-fundacioncarf-300x200.webp 300w, https:\/\/fundacioncarf.org\/wp-content\/uploads\/2026\/03\/testamento-solidario-fundacioncarf-150x100.webp 150w, https:\/\/fundacioncarf.org\/wp-content\/uploads\/2026\/03\/testamento-solidario-fundacioncarf-768x512.webp 768w, https:\/\/fundacioncarf.org\/wp-content\/uploads\/2026\/03\/testamento-solidario-fundacioncarf-18x12.webp 18w\" sizes=\"(max-width: 1000px) 100vw, 1000px\" \/><\/figure>\n\n\n\n<h2 class=\"wp-block-heading\" id=\"que-es-un-legado-o-testamento-solidario\">Was ist ein Verm\u00e4chtnis oder ein gemeinschaftliches Testament?<\/h2>\n\n\n\n<p>Die Errichtung eines gemeinschaftlichen Testaments ist ein einfaches, zug\u00e4ngliches und kosteng\u00fcnstiges Verfahren, mit dem Sie entscheiden k\u00f6nnen, wie Ihr Verm\u00f6gen verteilt werden soll. Jede Person kann <strong>kann eine gemeinn\u00fctzige Einrichtung als Erbe oder Verm\u00e4chtnisnehmer eingesetzt werden, indem sie einen bestimmten Teil ihres Nachlasses f\u00fcr einen Zweck verwendet, den sie f\u00fcr wertvoll h\u00e4lt.<\/strong><\/p>\n\n\n\n<p>Im Falle der CARF-Stiftung wird dieses Verm\u00e4chtnis der Solidarit\u00e4t die Bem\u00fchungen um eine bessere Welt f\u00fcr Christen und Nichtgl\u00e4ubige gleicherma\u00dfen am Leben erhalten, denn der Priester nimmt keine R\u00fccksicht auf Personen oder Glaubensrichtungen, wenn es darum geht, einem anderen Menschen irgendwo auf der Welt zu helfen. <\/p>\n\n\n\n<p>Viele dieser Seminaristen und Priester kommen aus <strong>Di\u00f6zesen in Afrika, Asien oder Lateinamerika, die nicht \u00fcber ausreichende Mittel f\u00fcr ihr Studium verf\u00fcgen. <\/strong>Aber das Leben eines jeden Christen st\u00fctzt und baut die Kirche auf.<\/p>\n\n\n\n<p>Ein gemeinschaftliches Verm\u00e4chtnis kann verschiedene Formen annehmen: einen bestimmten Geldbetrag, einen Prozentsatz des Erbes, Immobilien, Wertpapiere oder Investmentfonds oder bewegliche Sachen. Es handelt sich um eine freie und flexible Entscheidung, die jederzeit zu Lebzeiten der Person ge\u00e4ndert werden kann. <\/p>\n\n\n\n<p>Andererseits sind Einrichtungen wie die CARF Foundation von der Erbschaftssteuer befreit, was bedeutet, dass hundert Prozent des Verm\u00e4chtnisses vollst\u00e4ndig an den gew\u00e4hlten Zweck gehen.<\/p>\n\n\n\n<figure class=\"wp-block-image size-large\"><img decoding=\"async\" width=\"1024\" height=\"586\" src=\"https:\/\/fundacioncarf.org\/wp-content\/uploads\/2023\/02\/testamento-solidario-1.jpg-1024x586.webp\" alt=\"\" class=\"wp-image-178776\" srcset=\"https:\/\/fundacioncarf.org\/wp-content\/uploads\/2023\/02\/testamento-solidario-1.jpg-1024x586.webp 1024w, https:\/\/fundacioncarf.org\/wp-content\/uploads\/2023\/02\/testamento-solidario-1.jpg-600x343.webp 600w, https:\/\/fundacioncarf.org\/wp-content\/uploads\/2023\/02\/testamento-solidario-1.jpg-300x172.webp 300w, https:\/\/fundacioncarf.org\/wp-content\/uploads\/2023\/02\/testamento-solidario-1.jpg-768x439.webp 768w, https:\/\/fundacioncarf.org\/wp-content\/uploads\/2023\/02\/testamento-solidario-1.jpg.webp 1290w\" sizes=\"(max-width: 1024px) 100vw, 1024px\" \/><\/figure>\n\n\n\n<h2 class=\"wp-block-heading\" id=\"una-herencia-que-se-convierte-en-mision\">Ein Erbe, das zur Mission wird<\/h2>\n\n\n\n<p>\u00c1lvaro und Ana dr\u00fccken es mit R\u00fchrung aus: \u00abDer Gedanke, dass man helfen kann, Priester auszubilden, die den Glauben und die Sakramente an so viele Orte bringen... das ist es wert\u00bb. <\/p>\n\n\n\n<p id=\"muchas-personas-generosas-descubren-que-esta-decision-no-compite-con-el-amor-a-los-hijos-o-familiares-al-contrario-lo-complementa\"><strong>Viele gro\u00dfz\u00fcgige Menschen finden, dass diese Entscheidung nicht mit der Liebe zu Kindern oder Verwandten konkurriert. Im Gegenteil, sie erg\u00e4nzt sie.<\/strong><\/p>\n\n\n\n<p>Jede begleitete Berufung, jeder gut ausgebildete Priester hat jahrzehntelang Auswirkungen auf Zehntausende von Menschen: l\u00e4ndliche Gemeinden, Pfarreien in armen Stadtvierteln, Missionen in abgelegenen Gebieten... Die CARF Stiftung in das solidarische Testament einzubeziehen, bedeutet, auf diese stille Kette von Wohltaten und Gutes zu setzen. Es bedeutet, darauf zu vertrauen, dass die Arbeit eines ganzen Lebens - die Ersparnisse, das Verm\u00f6gen und die M\u00fchen - weiterhin Fr\u00fcchte in Form von Sakramenten, geistlicher Begleitung, Glaubenserziehung und Hoffnung f\u00fcr ganze Gemeinschaften tragen kann.<\/p>\n\n\n\n<figure class=\"wp-block-image size-large\"><img decoding=\"async\" width=\"1024\" height=\"427\" src=\"https:\/\/fundacioncarf.org\/wp-content\/uploads\/2025\/10\/origen-historia-orden-sacerdotal-fundacion-carf-1024x427.webp\" alt=\"Origen e historia del sacerdocio\" class=\"wp-image-225481\" srcset=\"https:\/\/fundacioncarf.org\/wp-content\/uploads\/2025\/10\/origen-historia-orden-sacerdotal-fundacion-carf-1024x427.webp 1024w, https:\/\/fundacioncarf.org\/wp-content\/uploads\/2025\/10\/origen-historia-orden-sacerdotal-fundacion-carf-300x125.webp 300w, https:\/\/fundacioncarf.org\/wp-content\/uploads\/2025\/10\/origen-historia-orden-sacerdotal-fundacion-carf-150x63.webp 150w, https:\/\/fundacioncarf.org\/wp-content\/uploads\/2025\/10\/origen-historia-orden-sacerdotal-fundacion-carf-768x320.webp 768w, https:\/\/fundacioncarf.org\/wp-content\/uploads\/2025\/10\/origen-historia-orden-sacerdotal-fundacion-carf-18x8.webp 18w, https:\/\/fundacioncarf.org\/wp-content\/uploads\/2025\/10\/origen-historia-orden-sacerdotal-fundacion-carf.webp 1200w\" sizes=\"(max-width: 1024px) 100vw, 1024px\" \/><\/figure>\n\n\n\n<h3 class=\"wp-block-heading\" id=\"no-se-trata-de-grandes-fortunas\">Es geht nicht um gro\u00dfe Verm\u00f6gen<\/h3>\n\n\n\n<p>Heute laden \u00c1lvaro und Ana andere dazu ein, in Ruhe nachzudenken. \u00abEs geht nicht um gro\u00dfe Verm\u00f6gen, sondern um gro\u00dfe Entscheidungen. Es geht darum, sich zu fragen: Was will ich hinterlassen, wenn ich nicht mehr bin? <strong>Welche Spuren m\u00f6chte ich hinterlassen?\u00bb<\/strong>. <\/p>\n\n\n\n<p>Daher ist die<strong> <\/strong><a href=\"https:\/\/fundacioncarf.org\/donar\/legado-testamento-solidario\/\"><strong>CARF-Stiftung<\/strong><\/a> (klicken Sie auf den Link) bietet pers\u00f6nliche und vertrauliche Informationen f\u00fcr diejenigen, die mehr dar\u00fcber erfahren m\u00f6chten, wie diese Form der Spende und Unterst\u00fctzung funktioniert, rechtliche Fragen kl\u00e4ren oder praktische Ratschl\u00e4ge erhalten m\u00f6chten.<\/p>\n\n\n\n<h4 class=\"wp-block-heading\" id=\"transformar-una-herencia-en-esperanza-esta-al-alcance-de-cualquiera-y-como-recuerdan-ana-y-alvaro-merece-la-pena\"><strong>Ein Verm\u00e4chtnis der Solidarit\u00e4t in Hoffnung umzuwandeln, liegt in jedermanns Reichweite. Und wie Ana und \u00c1lvaro uns daran erinnern, \u00abes lohnt sich\u00bb.<\/strong><\/h4>\n\n\n\n<figure class=\"wp-block-embed is-type-video is-provider-youtube wp-block-embed-youtube wp-embed-aspect-16-9 wp-has-aspect-ratio\"><div class=\"wp-block-embed__wrapper\">\n<iframe loading=\"lazy\" title=\"SEMINARIER AUS TANSANIA WIRD IN PAMPLONA AUSGEBILDET \u271d\ufe0f\" width=\"500\" height=\"281\" src=\"https:\/\/www.youtube.com\/embed\/gs_y6d47uB8?feature=oembed\" frameborder=\"0\" allow=\"accelerometer; autoplay; clipboard-write; encrypted-media; gyroscope; picture-in-picture; web-share\" referrerpolicy=\"strict-origin-when-cross-origin\" allowfullscreen><\/iframe>\n<\/div><\/figure>\n\n\n\n<hr class=\"wp-block-separator has-alpha-channel-opacity\"\/>\n\n\n\n<div class=\"wp-block-rank-math-toc-block\" id=\"rank-math-toc\"><h4>Inhaltsverzeichnis<\/h4><nav><ul><li><a href=\"#la-vida-de-una-tia-soltera\">Das gro\u00dfz\u00fcgige Leben einer jungfr\u00e4ulichen Tante<\/a><\/li><li><a href=\"#el-mundo-necesita-sacerdotes-bien-formados\">Die Welt braucht gut ausgebildete Priester<\/a><\/li><li><a href=\"#que-es-un-legado-o-testamento-solidario\">Was ist ein Verm\u00e4chtnis oder ein gemeinschaftliches Testament?<\/a><\/li><li><a href=\"#una-herencia-que-se-convierte-en-mision\">Ein Erbe, das zur Mission wird<\/a><ul><li><a href=\"#no-se-trata-de-grandes-fortunas\">Es geht nicht um gro\u00dfe Verm\u00f6gen<\/a><\/li><\/ul><\/li><\/ul><\/nav><\/div>\n\n\n\n<hr class=\"wp-block-separator has-alpha-channel-opacity\"\/>","protected":false},"excerpt":{"rendered":"<p>Das Verm\u00e4chtnis und das solidarische Testament begeistern die Wohlt\u00e4ter und Freunde der Stiftung CARF wegen der Transzendenz, die ein Leben erh\u00e4lt. Wir sagen Ihnen, was einige von ihnen denken: \u00abDer Gedanke, dass man helfen kann, Priester auszubilden, die den Glauben und die Sakramente an so viele Orte bringen werden... das ist es wert\u00bb.<\/p>","protected":false},"author":4,"featured_media":229007,"comment_status":"closed","ping_status":"closed","sticky":false,"template":"","format":"standard","meta":{"_acf_changed":false,"give_campaign_id":0,"footnotes":""},"categories":[13],"tags":[370,301,245],"class_list":["post-229004","post","type-post","status-publish","format-standard","has-post-thumbnail","hentry","category-blog","tag-herencias","tag-iglesia","tag-legados-y-testamentos"],"acf":[],"_links":{"self":[{"href":"https:\/\/fundacioncarf.org\/de\/wp-json\/wp\/v2\/posts\/229004","targetHints":{"allow":["GET"]}}],"collection":[{"href":"https:\/\/fundacioncarf.org\/de\/wp-json\/wp\/v2\/posts"}],"about":[{"href":"https:\/\/fundacioncarf.org\/de\/wp-json\/wp\/v2\/types\/post"}],"author":[{"embeddable":true,"href":"https:\/\/fundacioncarf.org\/de\/wp-json\/wp\/v2\/users\/4"}],"replies":[{"embeddable":true,"href":"https:\/\/fundacioncarf.org\/de\/wp-json\/wp\/v2\/comments?post=229004"}],"version-history":[{"count":10,"href":"https:\/\/fundacioncarf.org\/de\/wp-json\/wp\/v2\/posts\/229004\/revisions"}],"predecessor-version":[{"id":229063,"href":"https:\/\/fundacioncarf.org\/de\/wp-json\/wp\/v2\/posts\/229004\/revisions\/229063"}],"wp:featuredmedia":[{"embeddable":true,"href":"https:\/\/fundacioncarf.org\/de\/wp-json\/wp\/v2\/media\/229007"}],"wp:attachment":[{"href":"https:\/\/fundacioncarf.org\/de\/wp-json\/wp\/v2\/media?parent=229004"}],"wp:term":[{"taxonomy":"category","embeddable":true,"href":"https:\/\/fundacioncarf.org\/de\/wp-json\/wp\/v2\/categories?post=229004"},{"taxonomy":"post_tag","embeddable":true,"href":"https:\/\/fundacioncarf.org\/de\/wp-json\/wp\/v2\/tags?post=229004"}],"curies":[{"name":"wp","href":"https:\/\/api.w.org\/{rel}","templated":true}]}}